{"id":8094,"date":"2026-01-11T12:43:46","date_gmt":"2026-01-11T16:43:46","guid":{"rendered":"https:\/\/www.manaus.am.gov.br\/seminf\/obra-emergencial-recuperacao\/"},"modified":"2026-01-11T12:43:48","modified_gmt":"2026-01-11T16:43:48","slug":"obra-emergencial-recuperacao","status":"publish","type":"post","link":"https:\/\/www.manaus.am.gov.br\/seminf\/obra-emergencial-recuperacao\/","title":{"rendered":"Prefeitura de Manaus realiza obra emergencial na drenagem profunda da avenida Constantino Nery"},"content":{"rendered":"\n<p>A Prefeitura de Manaus, por meio da Secretaria Municipal de Infraestrutura (Seminf), realizou, neste domingo, 11\/1, uma obra emergencial para a recupera\u00e7\u00e3o de mais um ponto da rede de drenagem profunda da avenida Constantino Nery, no bairro Chapada, &nbsp;zona Centro-Sul. A via \u00e9 um dos principais corredores vi\u00e1rios da capital e recebe diariamente um intenso fluxo de ve\u00edculos.<\/p>\n\n\n\n<p>A interven\u00e7\u00e3o foi necess\u00e1ria ap\u00f3s o afundamento da lateral da pista, provocado pelo tr\u00e1fego constante de ve\u00edculos pesados, o que ocasionou o desanelamento da tubula\u00e7\u00e3o existente no local e consequentemente um buraco na via.<\/p>\n\n\n\n<p>De acordo com o vice-prefeito e secret\u00e1rio municipal de Obras, Renato Junior, as equipes da Seminf atuam em regime de planejamento cont\u00ednuo e plant\u00e3o permanente, garantindo respostas r\u00e1pidas \u00e0s demandas da cidade, inclusive nos fins de semana.<br><\/p>\n\n\n\n<p>\u201cManaus n\u00e3o para, e o nosso trabalho tamb\u00e9m n\u00e3o. Mesmo com uma rotina intensa durante a semana, mantemos equipes de plant\u00e3o para agir de forma imediata quando surgem situa\u00e7\u00f5es emergenciais. Hoje \u00e9 domingo, e estamos aqui em uma das principais avenidas da cidade, porque esse \u00e9 o compromisso da gest\u00e3o do prefeito David Almeida, cuidar da cidade em qualquer dia e hor\u00e1rio, sempre priorizando a seguran\u00e7a e a mobilidade da popula\u00e7\u00e3o\u201d, destacou Renato Junior.<\/p>\n\n\n\n<p>No local, as equipes executam o envelopamento da tubula\u00e7\u00e3o com uma t\u00e9cnica que garante maior estabilidade e durabilidade \u00e0 rede de drenagem. Ap\u00f3s essa etapa, ser\u00e1 realizado o aterro da \u00e1rea e a reconstru\u00e7\u00e3o da cal\u00e7ada, que tamb\u00e9m foi danificada.<\/p>\n\n\n\n<p>A Prefeitura de Manaus refor\u00e7a que segue trabalhando de forma cont\u00ednua e simult\u00e2nea na recupera\u00e7\u00e3o de avenidas e ruas em todas as zonas da cidade, com servi\u00e7os que incluem drenagem profunda e superficial, manuten\u00e7\u00e3o asf\u00e1ltica, desobstru\u00e7\u00e3o de caixas coletoras e outras a\u00e7\u00f5es fundamentais para melhorar a mobilidade urbana e a qualidade de vida da popula\u00e7\u00e3o.<\/p>\n\n\n\n<p>\u2014- \u2014&#8211; \u2014&#8211;<br><strong>Texto &#8211; <\/strong>Rayana Coutinho\/ Seminf&nbsp;<\/p>\n\n\n\n<p><strong>Fotos &#8211; <\/strong>Divulga\u00e7\u00e3o \/ Seminf&nbsp;<\/p>\n","protected":false},"excerpt":{"rendered":"","protected":false},"author":68,"featured_media":8095,"comment_status":"closed","ping_status":"closed","sticky":false,"template":"","format":"standard","meta":{"footnotes":""},"categories":[8],"tags":[2962,43,2963,26],"acf":[],"yoast_head":"<!-- This site is optimized with the Yoast SEO plugin v23.0 - https:\/\/yoast.com\/wordpress\/plugins\/seo\/ -->\n<title>Prefeitura realiza obra emergencial na avenida Constantino Nery<\/title>\n<meta name=\"description\" content=\"A Prefeitura realizou uma obra emergencial para a recupera\u00e7\u00e3o de mais um ponto da rede de drenagem profunda da avenida Constantino Nery.\" \/>\n<meta name=\"robots\" content=\"index, follow, max-snippet:-1, max-image-preview:large, max-video-preview:-1\" \/>\n<link rel=\"canonical\" href=\"https:\/\/www.manaus.am.gov.br\/seminf\/obra-emergencial-recuperacao\/\" \/>\n<meta property=\"og:locale\" content=\"pt_BR\" \/>\n<meta property=\"og:type\" content=\"article\" \/>\n<meta property=\"og:title\" content=\"Prefeitura realiza obra emergencial na avenida Constantino Nery\" \/>\n<meta property=\"og:description\" content=\"A Prefeitura realizou uma obra emergencial para a recupera\u00e7\u00e3o de mais um ponto da rede de drenagem profunda da avenida Constantino Nery.\" \/>\n<meta property=\"og:url\" content=\"https:\/\/www.manaus.am.gov.br\/seminf\/obra-emergencial-recuperacao\/\" \/>\n<meta property=\"og:site_name\" content=\"SEMINF\" \/>\n<meta property=\"article:published_time\" content=\"2026-01-11T16:43:46+00:00\" \/>\n<meta property=\"article:modified_time\" content=\"2026-01-11T16:43:48+00:00\" \/>\n<meta property=\"og:image\" content=\"https:\/\/www.manaus.am.gov.br\/seminf\/wp-content\/uploads\/sites\/6\/2026\/01\/Prefeitura-de-Manaus-realiza-obra-emergencial-na-drenagem-profunda-da-avenida-Constantino-Nery.jpg\" \/>\n\t<meta property=\"og:image:width\" content=\"915\" \/>\n\t<meta property=\"og:image:height\" content=\"681\" \/>\n\t<meta property=\"og:image:type\" content=\"image\/jpeg\" \/>\n<meta name=\"author\" content=\"bvalente\" \/>\n<meta name=\"twitter:card\" content=\"summary_large_image\" \/>\n<meta name=\"twitter:label1\" content=\"Written by\" \/>\n\t<meta name=\"twitter:data1\" content=\"bvalente\" \/>\n\t<meta name=\"twitter:label2\" content=\"Est. reading time\" \/>\n\t<meta name=\"twitter:data2\" content=\"2 minutos\" \/>\n<script type=\"application\/ld+json\" class=\"yoast-schema-graph\">{\"@context\":\"https:\/\/schema.org\",\"@graph\":[{\"@type\":\"WebPage\",\"@id\":\"https:\/\/www.manaus.am.gov.br\/seminf\/obra-emergencial-recuperacao\/\",\"url\":\"https:\/\/www.manaus.am.gov.br\/seminf\/obra-emergencial-recuperacao\/\",\"name\":\"Prefeitura realiza obra emergencial na avenida Constantino Nery\",\"isPartOf\":{\"@id\":\"https:\/\/www.manaus.am.gov.br\/seminf\/#website\"},\"primaryImageOfPage\":{\"@id\":\"https:\/\/www.manaus.am.gov.br\/seminf\/obra-emergencial-recuperacao\/#primaryimage\"},\"image\":{\"@id\":\"https:\/\/www.manaus.am.gov.br\/seminf\/obra-emergencial-recuperacao\/#primaryimage\"},\"thumbnailUrl\":\"https:\/\/www.manaus.am.gov.br\/seminf\/wp-content\/uploads\/sites\/6\/2026\/01\/Prefeitura-de-Manaus-realiza-obra-emergencial-na-drenagem-profunda-da-avenida-Constantino-Nery.jpg\",\"datePublished\":\"2026-01-11T16:43:46+00:00\",\"dateModified\":\"2026-01-11T16:43:48+00:00\",\"author\":{\"@id\":\"https:\/\/www.manaus.am.gov.br\/seminf\/#\/schema\/person\/466a0e03ae4b6062809046bd560ac955\"},\"description\":\"A Prefeitura realizou uma obra emergencial para a recupera\u00e7\u00e3o de mais um ponto da rede de drenagem profunda da avenida Constantino Nery.\",\"inLanguage\":\"pt-BR\",\"potentialAction\":[{\"@type\":\"ReadAction\",\"target\":[\"https:\/\/www.manaus.am.gov.br\/seminf\/obra-emergencial-recuperacao\/\"]}]},{\"@type\":\"ImageObject\",\"inLanguage\":\"pt-BR\",\"@id\":\"https:\/\/www.manaus.am.gov.br\/seminf\/obra-emergencial-recuperacao\/#primaryimage\",\"url\":\"https:\/\/www.manaus.am.gov.br\/seminf\/wp-content\/uploads\/sites\/6\/2026\/01\/Prefeitura-de-Manaus-realiza-obra-emergencial-na-drenagem-profunda-da-avenida-Constantino-Nery.jpg\",\"contentUrl\":\"https:\/\/www.manaus.am.gov.br\/seminf\/wp-content\/uploads\/sites\/6\/2026\/01\/Prefeitura-de-Manaus-realiza-obra-emergencial-na-drenagem-profunda-da-avenida-Constantino-Nery.jpg\",\"width\":915,\"height\":681,\"caption\":\"#paratodosverem - Servidores da Seminf realizando a recupera\u00e7\u00e3o da rede de drenagem\"},{\"@type\":\"WebSite\",\"@id\":\"https:\/\/www.manaus.am.gov.br\/seminf\/#website\",\"url\":\"https:\/\/www.manaus.am.gov.br\/seminf\/\",\"name\":\"Secretaria de Infraestrutura\",\"description\":\"Secretaria Municipal de Infraestrutura\",\"potentialAction\":[{\"@type\":\"SearchAction\",\"target\":{\"@type\":\"EntryPoint\",\"urlTemplate\":\"https:\/\/www.manaus.am.gov.br\/seminf\/?s={search_term_string}\"},\"query-input\":\"required name=search_term_string\"}],\"inLanguage\":\"pt-BR\"},{\"@type\":\"Person\",\"@id\":\"https:\/\/www.manaus.am.gov.br\/seminf\/#\/schema\/person\/466a0e03ae4b6062809046bd560ac955\",\"name\":\"bvalente\",\"image\":{\"@type\":\"ImageObject\",\"inLanguage\":\"pt-BR\",\"@id\":\"https:\/\/www.manaus.am.gov.br\/seminf\/#\/schema\/person\/image\/\",\"url\":\"https:\/\/secure.gravatar.com\/avatar\/3e69bc2b014bdad41adfec3a39de07d2?s=96&d=mm&r=g\",\"contentUrl\":\"https:\/\/secure.gravatar.com\/avatar\/3e69bc2b014bdad41adfec3a39de07d2?s=96&d=mm&r=g\",\"caption\":\"bvalente\"}}]}<\/script>\n<!-- \/ Yoast SEO plugin. -->","yoast_head_json":{"title":"Prefeitura realiza obra emergencial na avenida Constantino Nery","description":"A Prefeitura realizou uma obra emergencial para a recupera\u00e7\u00e3o de mais um ponto da rede de drenagem profunda da avenida Constantino Nery.","robots":{"index":"index","follow":"follow","max-snippet":"max-snippet:-1","max-image-preview":"max-image-preview:large","max-video-preview":"max-video-preview:-1"},"canonical":"https:\/\/www.manaus.am.gov.br\/seminf\/obra-emergencial-recuperacao\/","og_locale":"pt_BR","og_type":"article","og_title":"Prefeitura realiza obra emergencial na avenida Constantino Nery","og_description":"A Prefeitura realizou uma obra emergencial para a recupera\u00e7\u00e3o de mais um ponto da rede de drenagem profunda da avenida Constantino Nery.","og_url":"https:\/\/www.manaus.am.gov.br\/seminf\/obra-emergencial-recuperacao\/","og_site_name":"SEMINF","article_published_time":"2026-01-11T16:43:46+00:00","article_modified_time":"2026-01-11T16:43:48+00:00","og_image":[{"width":915,"height":681,"url":"https:\/\/www.manaus.am.gov.br\/seminf\/wp-content\/uploads\/sites\/6\/2026\/01\/Prefeitura-de-Manaus-realiza-obra-emergencial-na-drenagem-profunda-da-avenida-Constantino-Nery.jpg","type":"image\/jpeg"}],"author":"bvalente","twitter_card":"summary_large_image","twitter_misc":{"Written by":"bvalente","Est. reading time":"2 minutos"},"schema":{"@context":"https:\/\/schema.org","@graph":[{"@type":"WebPage","@id":"https:\/\/www.manaus.am.gov.br\/seminf\/obra-emergencial-recuperacao\/","url":"https:\/\/www.manaus.am.gov.br\/seminf\/obra-emergencial-recuperacao\/","name":"Prefeitura realiza obra emergencial na avenida Constantino Nery","isPartOf":{"@id":"https:\/\/www.manaus.am.gov.br\/seminf\/#website"},"primaryImageOfPage":{"@id":"https:\/\/www.manaus.am.gov.br\/seminf\/obra-emergencial-recuperacao\/#primaryimage"},"image":{"@id":"https:\/\/www.manaus.am.gov.br\/seminf\/obra-emergencial-recuperacao\/#primaryimage"},"thumbnailUrl":"https:\/\/www.manaus.am.gov.br\/seminf\/wp-content\/uploads\/sites\/6\/2026\/01\/Prefeitura-de-Manaus-realiza-obra-emergencial-na-drenagem-profunda-da-avenida-Constantino-Nery.jpg","datePublished":"2026-01-11T16:43:46+00:00","dateModified":"2026-01-11T16:43:48+00:00","author":{"@id":"https:\/\/www.manaus.am.gov.br\/seminf\/#\/schema\/person\/466a0e03ae4b6062809046bd560ac955"},"description":"A Prefeitura realizou uma obra emergencial para a recupera\u00e7\u00e3o de mais um ponto da rede de drenagem profunda da avenida Constantino Nery.","inLanguage":"pt-BR","potentialAction":[{"@type":"ReadAction","target":["https:\/\/www.manaus.am.gov.br\/seminf\/obra-emergencial-recuperacao\/"]}]},{"@type":"ImageObject","inLanguage":"pt-BR","@id":"https:\/\/www.manaus.am.gov.br\/seminf\/obra-emergencial-recuperacao\/#primaryimage","url":"https:\/\/www.manaus.am.gov.br\/seminf\/wp-content\/uploads\/sites\/6\/2026\/01\/Prefeitura-de-Manaus-realiza-obra-emergencial-na-drenagem-profunda-da-avenida-Constantino-Nery.jpg","contentUrl":"https:\/\/www.manaus.am.gov.br\/seminf\/wp-content\/uploads\/sites\/6\/2026\/01\/Prefeitura-de-Manaus-realiza-obra-emergencial-na-drenagem-profunda-da-avenida-Constantino-Nery.jpg","width":915,"height":681,"caption":"#paratodosverem - Servidores da Seminf realizando a recupera\u00e7\u00e3o da rede de drenagem"},{"@type":"WebSite","@id":"https:\/\/www.manaus.am.gov.br\/seminf\/#website","url":"https:\/\/www.manaus.am.gov.br\/seminf\/","name":"Secretaria de Infraestrutura","description":"Secretaria Municipal de Infraestrutura","potentialAction":[{"@type":"SearchAction","target":{"@type":"EntryPoint","urlTemplate":"https:\/\/www.manaus.am.gov.br\/seminf\/?s={search_term_string}"},"query-input":"required name=search_term_string"}],"inLanguage":"pt-BR"},{"@type":"Person","@id":"https:\/\/www.manaus.am.gov.br\/seminf\/#\/schema\/person\/466a0e03ae4b6062809046bd560ac955","name":"bvalente","image":{"@type":"ImageObject","inLanguage":"pt-BR","@id":"https:\/\/www.manaus.am.gov.br\/seminf\/#\/schema\/person\/image\/","url":"https:\/\/secure.gravatar.com\/avatar\/3e69bc2b014bdad41adfec3a39de07d2?s=96&d=mm&r=g","contentUrl":"https:\/\/secure.gravatar.com\/avatar\/3e69bc2b014bdad41adfec3a39de07d2?s=96&d=mm&r=g","caption":"bvalente"}}]}},"_links":{"self":[{"href":"https:\/\/www.manaus.am.gov.br\/seminf\/wp-json\/wp\/v2\/posts\/8094"}],"collection":[{"href":"https:\/\/www.manaus.am.gov.br\/seminf\/wp-json\/wp\/v2\/posts"}],"about":[{"href":"https:\/\/www.manaus.am.gov.br\/seminf\/wp-json\/wp\/v2\/types\/post"}],"author":[{"embeddable":true,"href":"https:\/\/www.manaus.am.gov.br\/seminf\/wp-json\/wp\/v2\/users\/68"}],"replies":[{"embeddable":true,"href":"https:\/\/www.manaus.am.gov.br\/seminf\/wp-json\/wp\/v2\/comments?post=8094"}],"version-history":[{"count":0,"href":"https:\/\/www.manaus.am.gov.br\/seminf\/wp-json\/wp\/v2\/posts\/8094\/revisions"}],"wp:featuredmedia":[{"embeddable":true,"href":"https:\/\/www.manaus.am.gov.br\/seminf\/wp-json\/wp\/v2\/media\/8095"}],"wp:attachment":[{"href":"https:\/\/www.manaus.am.gov.br\/seminf\/wp-json\/wp\/v2\/media?parent=8094"}],"wp:term":[{"taxonomy":"category","embeddable":true,"href":"https:\/\/www.manaus.am.gov.br\/seminf\/wp-json\/wp\/v2\/categories?post=8094"},{"taxonomy":"post_tag","embeddable":true,"href":"https:\/\/www.manaus.am.gov.br\/seminf\/wp-json\/wp\/v2\/tags?post=8094"}],"curies":[{"name":"wp","href":"https:\/\/api.w.org\/{rel}","templated":true}]}}