{"id":8092,"date":"2026-01-10T16:31:01","date_gmt":"2026-01-10T20:31:01","guid":{"rendered":"https:\/\/www.manaus.am.gov.br\/seminf\/recuperacao-de-drenagem-profunda-3\/"},"modified":"2026-01-12T15:17:52","modified_gmt":"2026-01-12T19:17:52","slug":"recuperacao-de-drenagem-profunda-3","status":"publish","type":"post","link":"https:\/\/www.manaus.am.gov.br\/seminf\/recuperacao-de-drenagem-profunda-3\/","title":{"rendered":"Prefeitura de Manaus atua de forma emergencial na recupera\u00e7\u00e3o de drenagem profunda no bairro Cachoeirinha\u00a0"},"content":{"rendered":"\n<p>A <a href=\"https:\/\/www.manaus.am.gov.br\">Prefeitura de Manaus<\/a>, por meio da Secretaria Municipal de Infraestrutura (Seminf), atuou, neste s\u00e1bado, 10\/1, de forma emergencial na recupera\u00e7\u00e3o de drenagem profunda da avenida Mau\u00e9s, localizada no bairro Cachoeirinha, zona Sul. A estrutura foi danificada por liga\u00e7\u00f5es irregulares e o ac\u00famulo de lixo descartado de forma incorreta.\u00a0<\/p>\n\n\n\n<p>O vice-prefeito e secret\u00e1rio de Obras, Renato Junior, enfatiza o compromisso das equipes da Seminf. \u201cA gest\u00e3o do prefeito David Almeida trabalha com planejamento, de forma organizada e com dinamismo, em qualquer obra e em qualquer dia da semana. Seja durante o dia, \u00e0 noite, feriado e nos fins de semana, as equipes da Seminf est\u00e3o de prontid\u00e3o para atender a popula\u00e7\u00e3o e melhorar a infraestrutura da nossa cidade. Trabalhamos todos os dias na moderniza\u00e7\u00e3o da rede de drenagem profunda, mas contamos com o apoio da popula\u00e7\u00e3o para coibirmos esses atos das liga\u00e7\u00f5es irregulares e o despejo de lixo, que ajuda no desgaste da tubula\u00e7\u00e3o, sendo essas tubula\u00e7\u00f5es que recebem as \u00e1guas pluviais e evitam alagamentos\u201d, afirma.&nbsp;<\/p>\n\n\n\n<p>No local, foram identificados tubos irregulares conectados ao sistema de drenagem da prefeitura e o ac\u00famulo de res\u00edduos. Ap\u00f3s a remo\u00e7\u00e3o, a equipe implantou novos tubos de concreto armado, que possui ferro na sua estrutura, tornando a tubula\u00e7\u00e3o mais resistente e duradoura, na sequ\u00eancia foi feito o aterro e a drenagem recuperada.&nbsp;<\/p>\n\n\n\n<p>A Prefeitura de Manaus j\u00e1 implantou e recuperou aproximadamente 58 mil metros de drenagem profunda e superficial e conta com o apoio da popula\u00e7\u00e3o para sanar o ac\u00famulo de lixo e liga\u00e7\u00f5es irregulares. A prefeitura salienta ainda que as tubula\u00e7\u00f5es do sistema de drenagem profunda t\u00eam a fun\u00e7\u00e3o de receber as \u00e1guas pluviais, evitando alagamentos pela cidade.<\/p>\n\n\n\n<p>\u2014- \u2014&#8211; \u2014&#8211;<br><strong>Texto &#8211; <\/strong>Rayana Coutinho\/ Seminf&nbsp;<br><strong>Fotos &#8211; <\/strong>Divulga\u00e7\u00e3o \/ Seminf&nbsp;<\/p>\n","protected":false},"excerpt":{"rendered":"","protected":false},"author":68,"featured_media":8093,"comment_status":"closed","ping_status":"closed","sticky":false,"template":"","format":"standard","meta":{"footnotes":""},"categories":[4],"tags":[2961,43,139,26],"acf":[],"yoast_head":"<!-- This site is optimized with the Yoast SEO plugin v23.0 - https:\/\/yoast.com\/wordpress\/plugins\/seo\/ -->\n<title>Prefeitura atua de forma emergencial no bairro Cachoeirinha<\/title>\n<meta name=\"description\" content=\"A Prefeitura atuou, neste s\u00e1bado, 10\/1, de forma emergencial na recupera\u00e7\u00e3o da rede de drenagem profunda da avenida Mau\u00e9s.\" \/>\n<meta name=\"robots\" content=\"index, follow, max-snippet:-1, max-image-preview:large, max-video-preview:-1\" \/>\n<link rel=\"canonical\" href=\"https:\/\/www.manaus.am.gov.br\/seminf\/recuperacao-de-drenagem-profunda-3\/\" \/>\n<meta property=\"og:locale\" content=\"pt_BR\" \/>\n<meta property=\"og:type\" content=\"article\" \/>\n<meta property=\"og:title\" content=\"Prefeitura atua de forma emergencial no bairro Cachoeirinha\" \/>\n<meta property=\"og:description\" content=\"A Prefeitura atuou, neste s\u00e1bado, 10\/1, de forma emergencial na recupera\u00e7\u00e3o da rede de drenagem profunda da avenida Mau\u00e9s.\" \/>\n<meta property=\"og:url\" content=\"https:\/\/www.manaus.am.gov.br\/seminf\/recuperacao-de-drenagem-profunda-3\/\" \/>\n<meta property=\"og:site_name\" content=\"SEMINF\" \/>\n<meta property=\"article:published_time\" content=\"2026-01-10T20:31:01+00:00\" \/>\n<meta property=\"article:modified_time\" content=\"2026-01-12T19:17:52+00:00\" \/>\n<meta property=\"og:image\" content=\"https:\/\/www.manaus.am.gov.br\/seminf\/wp-content\/uploads\/sites\/6\/2026\/01\/Prefeitura-de-Manaus-atua-de-forma-emergencial-na-recuperacao-de-drenagem-profunda-no-bairro-Cachoeirinha-2.jpg\" \/>\n\t<meta property=\"og:image:width\" content=\"1600\" \/>\n\t<meta property=\"og:image:height\" content=\"932\" \/>\n\t<meta property=\"og:image:type\" content=\"image\/jpeg\" \/>\n<meta name=\"author\" content=\"bvalente\" \/>\n<meta name=\"twitter:card\" content=\"summary_large_image\" \/>\n<meta name=\"twitter:label1\" content=\"Written by\" \/>\n\t<meta name=\"twitter:data1\" content=\"bvalente\" \/>\n\t<meta name=\"twitter:label2\" content=\"Est. reading time\" \/>\n\t<meta name=\"twitter:data2\" content=\"2 minutos\" \/>\n<script type=\"application\/ld+json\" class=\"yoast-schema-graph\">{\"@context\":\"https:\/\/schema.org\",\"@graph\":[{\"@type\":\"WebPage\",\"@id\":\"https:\/\/www.manaus.am.gov.br\/seminf\/recuperacao-de-drenagem-profunda-3\/\",\"url\":\"https:\/\/www.manaus.am.gov.br\/seminf\/recuperacao-de-drenagem-profunda-3\/\",\"name\":\"Prefeitura atua de forma emergencial no bairro Cachoeirinha\",\"isPartOf\":{\"@id\":\"https:\/\/www.manaus.am.gov.br\/seminf\/#website\"},\"primaryImageOfPage\":{\"@id\":\"https:\/\/www.manaus.am.gov.br\/seminf\/recuperacao-de-drenagem-profunda-3\/#primaryimage\"},\"image\":{\"@id\":\"https:\/\/www.manaus.am.gov.br\/seminf\/recuperacao-de-drenagem-profunda-3\/#primaryimage\"},\"thumbnailUrl\":\"https:\/\/www.manaus.am.gov.br\/seminf\/wp-content\/uploads\/sites\/6\/2026\/01\/Prefeitura-de-Manaus-atua-de-forma-emergencial-na-recuperacao-de-drenagem-profunda-no-bairro-Cachoeirinha-2.jpg\",\"datePublished\":\"2026-01-10T20:31:01+00:00\",\"dateModified\":\"2026-01-12T19:17:52+00:00\",\"author\":{\"@id\":\"https:\/\/www.manaus.am.gov.br\/seminf\/#\/schema\/person\/466a0e03ae4b6062809046bd560ac955\"},\"description\":\"A Prefeitura atuou, neste s\u00e1bado, 10\/1, de forma emergencial na recupera\u00e7\u00e3o da rede de drenagem profunda da avenida Mau\u00e9s.\",\"inLanguage\":\"pt-BR\",\"potentialAction\":[{\"@type\":\"ReadAction\",\"target\":[\"https:\/\/www.manaus.am.gov.br\/seminf\/recuperacao-de-drenagem-profunda-3\/\"]}]},{\"@type\":\"ImageObject\",\"inLanguage\":\"pt-BR\",\"@id\":\"https:\/\/www.manaus.am.gov.br\/seminf\/recuperacao-de-drenagem-profunda-3\/#primaryimage\",\"url\":\"https:\/\/www.manaus.am.gov.br\/seminf\/wp-content\/uploads\/sites\/6\/2026\/01\/Prefeitura-de-Manaus-atua-de-forma-emergencial-na-recuperacao-de-drenagem-profunda-no-bairro-Cachoeirinha-2.jpg\",\"contentUrl\":\"https:\/\/www.manaus.am.gov.br\/seminf\/wp-content\/uploads\/sites\/6\/2026\/01\/Prefeitura-de-Manaus-atua-de-forma-emergencial-na-recuperacao-de-drenagem-profunda-no-bairro-Cachoeirinha-2.jpg\",\"width\":1600,\"height\":932,\"caption\":\"#paratodosverem - Servidores da Seminf realizando a recupera\u00e7\u00e3o de rede de drenagem profunda\"},{\"@type\":\"WebSite\",\"@id\":\"https:\/\/www.manaus.am.gov.br\/seminf\/#website\",\"url\":\"https:\/\/www.manaus.am.gov.br\/seminf\/\",\"name\":\"Secretaria de Infraestrutura\",\"description\":\"Secretaria Municipal de Infraestrutura\",\"potentialAction\":[{\"@type\":\"SearchAction\",\"target\":{\"@type\":\"EntryPoint\",\"urlTemplate\":\"https:\/\/www.manaus.am.gov.br\/seminf\/?s={search_term_string}\"},\"query-input\":\"required name=search_term_string\"}],\"inLanguage\":\"pt-BR\"},{\"@type\":\"Person\",\"@id\":\"https:\/\/www.manaus.am.gov.br\/seminf\/#\/schema\/person\/466a0e03ae4b6062809046bd560ac955\",\"name\":\"bvalente\",\"image\":{\"@type\":\"ImageObject\",\"inLanguage\":\"pt-BR\",\"@id\":\"https:\/\/www.manaus.am.gov.br\/seminf\/#\/schema\/person\/image\/\",\"url\":\"https:\/\/secure.gravatar.com\/avatar\/3e69bc2b014bdad41adfec3a39de07d2?s=96&d=mm&r=g\",\"contentUrl\":\"https:\/\/secure.gravatar.com\/avatar\/3e69bc2b014bdad41adfec3a39de07d2?s=96&d=mm&r=g\",\"caption\":\"bvalente\"}}]}<\/script>\n<!-- \/ Yoast SEO plugin. -->","yoast_head_json":{"title":"Prefeitura atua de forma emergencial no bairro Cachoeirinha","description":"A Prefeitura atuou, neste s\u00e1bado, 10\/1, de forma emergencial na recupera\u00e7\u00e3o da rede de drenagem profunda da avenida Mau\u00e9s.","robots":{"index":"index","follow":"follow","max-snippet":"max-snippet:-1","max-image-preview":"max-image-preview:large","max-video-preview":"max-video-preview:-1"},"canonical":"https:\/\/www.manaus.am.gov.br\/seminf\/recuperacao-de-drenagem-profunda-3\/","og_locale":"pt_BR","og_type":"article","og_title":"Prefeitura atua de forma emergencial no bairro Cachoeirinha","og_description":"A Prefeitura atuou, neste s\u00e1bado, 10\/1, de forma emergencial na recupera\u00e7\u00e3o da rede de drenagem profunda da avenida Mau\u00e9s.","og_url":"https:\/\/www.manaus.am.gov.br\/seminf\/recuperacao-de-drenagem-profunda-3\/","og_site_name":"SEMINF","article_published_time":"2026-01-10T20:31:01+00:00","article_modified_time":"2026-01-12T19:17:52+00:00","og_image":[{"width":1600,"height":932,"url":"https:\/\/www.manaus.am.gov.br\/seminf\/wp-content\/uploads\/sites\/6\/2026\/01\/Prefeitura-de-Manaus-atua-de-forma-emergencial-na-recuperacao-de-drenagem-profunda-no-bairro-Cachoeirinha-2.jpg","type":"image\/jpeg"}],"author":"bvalente","twitter_card":"summary_large_image","twitter_misc":{"Written by":"bvalente","Est. reading time":"2 minutos"},"schema":{"@context":"https:\/\/schema.org","@graph":[{"@type":"WebPage","@id":"https:\/\/www.manaus.am.gov.br\/seminf\/recuperacao-de-drenagem-profunda-3\/","url":"https:\/\/www.manaus.am.gov.br\/seminf\/recuperacao-de-drenagem-profunda-3\/","name":"Prefeitura atua de forma emergencial no bairro Cachoeirinha","isPartOf":{"@id":"https:\/\/www.manaus.am.gov.br\/seminf\/#website"},"primaryImageOfPage":{"@id":"https:\/\/www.manaus.am.gov.br\/seminf\/recuperacao-de-drenagem-profunda-3\/#primaryimage"},"image":{"@id":"https:\/\/www.manaus.am.gov.br\/seminf\/recuperacao-de-drenagem-profunda-3\/#primaryimage"},"thumbnailUrl":"https:\/\/www.manaus.am.gov.br\/seminf\/wp-content\/uploads\/sites\/6\/2026\/01\/Prefeitura-de-Manaus-atua-de-forma-emergencial-na-recuperacao-de-drenagem-profunda-no-bairro-Cachoeirinha-2.jpg","datePublished":"2026-01-10T20:31:01+00:00","dateModified":"2026-01-12T19:17:52+00:00","author":{"@id":"https:\/\/www.manaus.am.gov.br\/seminf\/#\/schema\/person\/466a0e03ae4b6062809046bd560ac955"},"description":"A Prefeitura atuou, neste s\u00e1bado, 10\/1, de forma emergencial na recupera\u00e7\u00e3o da rede de drenagem profunda da avenida Mau\u00e9s.","inLanguage":"pt-BR","potentialAction":[{"@type":"ReadAction","target":["https:\/\/www.manaus.am.gov.br\/seminf\/recuperacao-de-drenagem-profunda-3\/"]}]},{"@type":"ImageObject","inLanguage":"pt-BR","@id":"https:\/\/www.manaus.am.gov.br\/seminf\/recuperacao-de-drenagem-profunda-3\/#primaryimage","url":"https:\/\/www.manaus.am.gov.br\/seminf\/wp-content\/uploads\/sites\/6\/2026\/01\/Prefeitura-de-Manaus-atua-de-forma-emergencial-na-recuperacao-de-drenagem-profunda-no-bairro-Cachoeirinha-2.jpg","contentUrl":"https:\/\/www.manaus.am.gov.br\/seminf\/wp-content\/uploads\/sites\/6\/2026\/01\/Prefeitura-de-Manaus-atua-de-forma-emergencial-na-recuperacao-de-drenagem-profunda-no-bairro-Cachoeirinha-2.jpg","width":1600,"height":932,"caption":"#paratodosverem - Servidores da Seminf realizando a recupera\u00e7\u00e3o de rede de drenagem profunda"},{"@type":"WebSite","@id":"https:\/\/www.manaus.am.gov.br\/seminf\/#website","url":"https:\/\/www.manaus.am.gov.br\/seminf\/","name":"Secretaria de Infraestrutura","description":"Secretaria Municipal de Infraestrutura","potentialAction":[{"@type":"SearchAction","target":{"@type":"EntryPoint","urlTemplate":"https:\/\/www.manaus.am.gov.br\/seminf\/?s={search_term_string}"},"query-input":"required name=search_term_string"}],"inLanguage":"pt-BR"},{"@type":"Person","@id":"https:\/\/www.manaus.am.gov.br\/seminf\/#\/schema\/person\/466a0e03ae4b6062809046bd560ac955","name":"bvalente","image":{"@type":"ImageObject","inLanguage":"pt-BR","@id":"https:\/\/www.manaus.am.gov.br\/seminf\/#\/schema\/person\/image\/","url":"https:\/\/secure.gravatar.com\/avatar\/3e69bc2b014bdad41adfec3a39de07d2?s=96&d=mm&r=g","contentUrl":"https:\/\/secure.gravatar.com\/avatar\/3e69bc2b014bdad41adfec3a39de07d2?s=96&d=mm&r=g","caption":"bvalente"}}]}},"_links":{"self":[{"href":"https:\/\/www.manaus.am.gov.br\/seminf\/wp-json\/wp\/v2\/posts\/8092"}],"collection":[{"href":"https:\/\/www.manaus.am.gov.br\/seminf\/wp-json\/wp\/v2\/posts"}],"about":[{"href":"https:\/\/www.manaus.am.gov.br\/seminf\/wp-json\/wp\/v2\/types\/post"}],"author":[{"embeddable":true,"href":"https:\/\/www.manaus.am.gov.br\/seminf\/wp-json\/wp\/v2\/users\/68"}],"replies":[{"embeddable":true,"href":"https:\/\/www.manaus.am.gov.br\/seminf\/wp-json\/wp\/v2\/comments?post=8092"}],"version-history":[{"count":1,"href":"https:\/\/www.manaus.am.gov.br\/seminf\/wp-json\/wp\/v2\/posts\/8092\/revisions"}],"predecessor-version":[{"id":8099,"href":"https:\/\/www.manaus.am.gov.br\/seminf\/wp-json\/wp\/v2\/posts\/8092\/revisions\/8099"}],"wp:featuredmedia":[{"embeddable":true,"href":"https:\/\/www.manaus.am.gov.br\/seminf\/wp-json\/wp\/v2\/media\/8093"}],"wp:attachment":[{"href":"https:\/\/www.manaus.am.gov.br\/seminf\/wp-json\/wp\/v2\/media?parent=8092"}],"wp:term":[{"taxonomy":"category","embeddable":true,"href":"https:\/\/www.manaus.am.gov.br\/seminf\/wp-json\/wp\/v2\/categories?post=8092"},{"taxonomy":"post_tag","embeddable":true,"href":"https:\/\/www.manaus.am.gov.br\/seminf\/wp-json\/wp\/v2\/tags?post=8092"}],"curies":[{"name":"wp","href":"https:\/\/api.w.org\/{rel}","templated":true}]}}