{"id":8090,"date":"2026-01-09T15:57:01","date_gmt":"2026-01-09T19:57:01","guid":{"rendered":"https:\/\/www.manaus.am.gov.br\/seminf\/recuperacao-drenagem-superficial-2\/"},"modified":"2026-01-12T15:08:45","modified_gmt":"2026-01-12T19:08:45","slug":"recuperacao-drenagem-superficial-2","status":"publish","type":"post","link":"https:\/\/www.manaus.am.gov.br\/seminf\/recuperacao-drenagem-superficial-2\/","title":{"rendered":"Prefeitura de Manaus recupera drenagem superficial da avenida Laguna, no bairro L\u00edrio do Vale\u00a0"},"content":{"rendered":"\n<p>Nesta sexta-feira, 9\/1, a <a href=\"https:\/\/manaus.am.gov.br\">Prefeitura de Manaus<\/a>, por meio da Secretaria Municipal de Infraestrutura (Seminf), executou a reconstru\u00e7\u00e3o da drenagem superficial da avenida Laguna, localizada no bairro L\u00edrio do Vale, zona Oeste da cidade. Os servi\u00e7os visam melhorar a locomo\u00e7\u00e3o dos moradores, garantindo o escoamento adequado das \u00e1guas pluviais e prevenindo alagamentos na via.<\/p>\n\n\n\n<p>\u201cHoje \u00e9 sexta-feira, mas o trabalho n\u00e3o para. A Secretaria de Obras segue nesse ritmo, reconstruindo, construindo e entregando infraestrutura de qualidade para Manaus. Temos frentes de obras acontecendo em todas as zonas da cidade, como determina o prefeito David Almeida, e \u00e9 com esse trabalho \u00e1gil, respons\u00e1vel e comprometido que seguimos avan\u00e7ando\u201d, afirmou o vice-prefeito e secret\u00e1rio de Obras, Renato Junior.<\/p>\n\n\n\n<p>Os servi\u00e7os inclu\u00edram a reconstru\u00e7\u00e3o da canela, sarjeta e meio-fio, que tem a fun\u00e7\u00e3o de conduzir de forma correta as \u00e1guas das chuvas, evitando ac\u00famulo na pista, al\u00e9m de delimitar a cal\u00e7ada da via, organizando o espa\u00e7o urbano.&nbsp;<\/p>\n\n\n\n<p>O aut\u00f4nomo Almir Oliveira, 69 anos, morador da \u00e1rea, acompanhou a obra e destacou a import\u00e2ncia e diferen\u00e7a em ter o servi\u00e7o de drenagem na sua rua.&nbsp;<\/p>\n\n\n\n<p>\u201cO servi\u00e7o de drenagem superficial \u00e9 importante para n\u00f3s, essa rua estava cheia de buracos, eu passava com o meu carro e sentia a dificuldade, agora a \u00e1gua vai ser direcionada corretamente, esse servi\u00e7o \u00e9 melhoria para n\u00f3s\u201d, relata o morador.<\/p>\n\n\n\n<p>\u2014&#8211; \u2014- \u2014-<br><strong>Texto &#8211; <\/strong>Rayana Coutinho\/ Seminf<br>&nbsp;<strong>Fotos <\/strong>&#8211; M\u00e1rcio Melo\/ Seminf<\/p>\n","protected":false},"excerpt":{"rendered":"","protected":false},"author":68,"featured_media":8091,"comment_status":"closed","ping_status":"closed","sticky":false,"template":"","format":"standard","meta":{"footnotes":""},"categories":[4],"tags":[69,43,2959,2960,26],"acf":[],"yoast_head":"<!-- This site is optimized with the Yoast SEO plugin v23.0 - https:\/\/yoast.com\/wordpress\/plugins\/seo\/ -->\n<title>Prefeitura recupera drenagem superficial da avenida Laguna<\/title>\n<meta name=\"description\" content=\"A Prefeitura, por meio da Secretaria Municipal de Infraestrutura (Seminf), executou a reconstru\u00e7\u00e3o da drenagem superficial da avenida Laguna.\" \/>\n<meta name=\"robots\" content=\"index, follow, max-snippet:-1, max-image-preview:large, max-video-preview:-1\" \/>\n<link rel=\"canonical\" href=\"https:\/\/www.manaus.am.gov.br\/seminf\/recuperacao-drenagem-superficial-2\/\" \/>\n<meta property=\"og:locale\" content=\"pt_BR\" \/>\n<meta property=\"og:type\" content=\"article\" \/>\n<meta property=\"og:title\" content=\"Prefeitura recupera drenagem superficial da avenida Laguna\" \/>\n<meta property=\"og:description\" content=\"A Prefeitura, por meio da Secretaria Municipal de Infraestrutura (Seminf), executou a reconstru\u00e7\u00e3o da drenagem superficial da avenida Laguna.\" \/>\n<meta property=\"og:url\" content=\"https:\/\/www.manaus.am.gov.br\/seminf\/recuperacao-drenagem-superficial-2\/\" \/>\n<meta property=\"og:site_name\" content=\"SEMINF\" \/>\n<meta property=\"article:published_time\" content=\"2026-01-09T19:57:01+00:00\" \/>\n<meta property=\"article:modified_time\" content=\"2026-01-12T19:08:45+00:00\" \/>\n<meta property=\"og:image\" content=\"https:\/\/www.manaus.am.gov.br\/seminf\/wp-content\/uploads\/sites\/6\/2026\/01\/736A6497-1024x683.jpg\" \/>\n\t<meta property=\"og:image:width\" content=\"1024\" \/>\n\t<meta property=\"og:image:height\" content=\"683\" \/>\n\t<meta property=\"og:image:type\" content=\"image\/jpeg\" \/>\n<meta name=\"author\" content=\"bvalente\" \/>\n<meta name=\"twitter:card\" content=\"summary_large_image\" \/>\n<meta name=\"twitter:label1\" content=\"Written by\" \/>\n\t<meta name=\"twitter:data1\" content=\"bvalente\" \/>\n\t<meta name=\"twitter:label2\" content=\"Est. reading time\" \/>\n\t<meta name=\"twitter:data2\" content=\"2 minutos\" \/>\n<script type=\"application\/ld+json\" class=\"yoast-schema-graph\">{\"@context\":\"https:\/\/schema.org\",\"@graph\":[{\"@type\":\"WebPage\",\"@id\":\"https:\/\/www.manaus.am.gov.br\/seminf\/recuperacao-drenagem-superficial-2\/\",\"url\":\"https:\/\/www.manaus.am.gov.br\/seminf\/recuperacao-drenagem-superficial-2\/\",\"name\":\"Prefeitura recupera drenagem superficial da avenida Laguna\",\"isPartOf\":{\"@id\":\"https:\/\/www.manaus.am.gov.br\/seminf\/#website\"},\"primaryImageOfPage\":{\"@id\":\"https:\/\/www.manaus.am.gov.br\/seminf\/recuperacao-drenagem-superficial-2\/#primaryimage\"},\"image\":{\"@id\":\"https:\/\/www.manaus.am.gov.br\/seminf\/recuperacao-drenagem-superficial-2\/#primaryimage\"},\"thumbnailUrl\":\"https:\/\/www.manaus.am.gov.br\/seminf\/wp-content\/uploads\/sites\/6\/2026\/01\/736A6497.jpg\",\"datePublished\":\"2026-01-09T19:57:01+00:00\",\"dateModified\":\"2026-01-12T19:08:45+00:00\",\"author\":{\"@id\":\"https:\/\/www.manaus.am.gov.br\/seminf\/#\/schema\/person\/466a0e03ae4b6062809046bd560ac955\"},\"description\":\"A Prefeitura, por meio da Secretaria Municipal de Infraestrutura (Seminf), executou a reconstru\u00e7\u00e3o da drenagem superficial da avenida Laguna.\",\"inLanguage\":\"pt-BR\",\"potentialAction\":[{\"@type\":\"ReadAction\",\"target\":[\"https:\/\/www.manaus.am.gov.br\/seminf\/recuperacao-drenagem-superficial-2\/\"]}]},{\"@type\":\"ImageObject\",\"inLanguage\":\"pt-BR\",\"@id\":\"https:\/\/www.manaus.am.gov.br\/seminf\/recuperacao-drenagem-superficial-2\/#primaryimage\",\"url\":\"https:\/\/www.manaus.am.gov.br\/seminf\/wp-content\/uploads\/sites\/6\/2026\/01\/736A6497.jpg\",\"contentUrl\":\"https:\/\/www.manaus.am.gov.br\/seminf\/wp-content\/uploads\/sites\/6\/2026\/01\/736A6497.jpg\",\"width\":6720,\"height\":4480,\"caption\":\"#paratodosverem - Servidores da Seminf realizando a reconstru\u00e7\u00e3o da drenagem superficial da avenida Laguna\"},{\"@type\":\"WebSite\",\"@id\":\"https:\/\/www.manaus.am.gov.br\/seminf\/#website\",\"url\":\"https:\/\/www.manaus.am.gov.br\/seminf\/\",\"name\":\"Secretaria de Infraestrutura\",\"description\":\"Secretaria Municipal de Infraestrutura\",\"potentialAction\":[{\"@type\":\"SearchAction\",\"target\":{\"@type\":\"EntryPoint\",\"urlTemplate\":\"https:\/\/www.manaus.am.gov.br\/seminf\/?s={search_term_string}\"},\"query-input\":\"required name=search_term_string\"}],\"inLanguage\":\"pt-BR\"},{\"@type\":\"Person\",\"@id\":\"https:\/\/www.manaus.am.gov.br\/seminf\/#\/schema\/person\/466a0e03ae4b6062809046bd560ac955\",\"name\":\"bvalente\",\"image\":{\"@type\":\"ImageObject\",\"inLanguage\":\"pt-BR\",\"@id\":\"https:\/\/www.manaus.am.gov.br\/seminf\/#\/schema\/person\/image\/\",\"url\":\"https:\/\/secure.gravatar.com\/avatar\/3e69bc2b014bdad41adfec3a39de07d2?s=96&d=mm&r=g\",\"contentUrl\":\"https:\/\/secure.gravatar.com\/avatar\/3e69bc2b014bdad41adfec3a39de07d2?s=96&d=mm&r=g\",\"caption\":\"bvalente\"}}]}<\/script>\n<!-- \/ Yoast SEO plugin. -->","yoast_head_json":{"title":"Prefeitura recupera drenagem superficial da avenida Laguna","description":"A Prefeitura, por meio da Secretaria Municipal de Infraestrutura (Seminf), executou a reconstru\u00e7\u00e3o da drenagem superficial da avenida Laguna.","robots":{"index":"index","follow":"follow","max-snippet":"max-snippet:-1","max-image-preview":"max-image-preview:large","max-video-preview":"max-video-preview:-1"},"canonical":"https:\/\/www.manaus.am.gov.br\/seminf\/recuperacao-drenagem-superficial-2\/","og_locale":"pt_BR","og_type":"article","og_title":"Prefeitura recupera drenagem superficial da avenida Laguna","og_description":"A Prefeitura, por meio da Secretaria Municipal de Infraestrutura (Seminf), executou a reconstru\u00e7\u00e3o da drenagem superficial da avenida Laguna.","og_url":"https:\/\/www.manaus.am.gov.br\/seminf\/recuperacao-drenagem-superficial-2\/","og_site_name":"SEMINF","article_published_time":"2026-01-09T19:57:01+00:00","article_modified_time":"2026-01-12T19:08:45+00:00","og_image":[{"width":1024,"height":683,"url":"https:\/\/www.manaus.am.gov.br\/seminf\/wp-content\/uploads\/sites\/6\/2026\/01\/736A6497-1024x683.jpg","type":"image\/jpeg"}],"author":"bvalente","twitter_card":"summary_large_image","twitter_misc":{"Written by":"bvalente","Est. reading time":"2 minutos"},"schema":{"@context":"https:\/\/schema.org","@graph":[{"@type":"WebPage","@id":"https:\/\/www.manaus.am.gov.br\/seminf\/recuperacao-drenagem-superficial-2\/","url":"https:\/\/www.manaus.am.gov.br\/seminf\/recuperacao-drenagem-superficial-2\/","name":"Prefeitura recupera drenagem superficial da avenida Laguna","isPartOf":{"@id":"https:\/\/www.manaus.am.gov.br\/seminf\/#website"},"primaryImageOfPage":{"@id":"https:\/\/www.manaus.am.gov.br\/seminf\/recuperacao-drenagem-superficial-2\/#primaryimage"},"image":{"@id":"https:\/\/www.manaus.am.gov.br\/seminf\/recuperacao-drenagem-superficial-2\/#primaryimage"},"thumbnailUrl":"https:\/\/www.manaus.am.gov.br\/seminf\/wp-content\/uploads\/sites\/6\/2026\/01\/736A6497.jpg","datePublished":"2026-01-09T19:57:01+00:00","dateModified":"2026-01-12T19:08:45+00:00","author":{"@id":"https:\/\/www.manaus.am.gov.br\/seminf\/#\/schema\/person\/466a0e03ae4b6062809046bd560ac955"},"description":"A Prefeitura, por meio da Secretaria Municipal de Infraestrutura (Seminf), executou a reconstru\u00e7\u00e3o da drenagem superficial da avenida Laguna.","inLanguage":"pt-BR","potentialAction":[{"@type":"ReadAction","target":["https:\/\/www.manaus.am.gov.br\/seminf\/recuperacao-drenagem-superficial-2\/"]}]},{"@type":"ImageObject","inLanguage":"pt-BR","@id":"https:\/\/www.manaus.am.gov.br\/seminf\/recuperacao-drenagem-superficial-2\/#primaryimage","url":"https:\/\/www.manaus.am.gov.br\/seminf\/wp-content\/uploads\/sites\/6\/2026\/01\/736A6497.jpg","contentUrl":"https:\/\/www.manaus.am.gov.br\/seminf\/wp-content\/uploads\/sites\/6\/2026\/01\/736A6497.jpg","width":6720,"height":4480,"caption":"#paratodosverem - Servidores da Seminf realizando a reconstru\u00e7\u00e3o da drenagem superficial da avenida Laguna"},{"@type":"WebSite","@id":"https:\/\/www.manaus.am.gov.br\/seminf\/#website","url":"https:\/\/www.manaus.am.gov.br\/seminf\/","name":"Secretaria de Infraestrutura","description":"Secretaria Municipal de Infraestrutura","potentialAction":[{"@type":"SearchAction","target":{"@type":"EntryPoint","urlTemplate":"https:\/\/www.manaus.am.gov.br\/seminf\/?s={search_term_string}"},"query-input":"required name=search_term_string"}],"inLanguage":"pt-BR"},{"@type":"Person","@id":"https:\/\/www.manaus.am.gov.br\/seminf\/#\/schema\/person\/466a0e03ae4b6062809046bd560ac955","name":"bvalente","image":{"@type":"ImageObject","inLanguage":"pt-BR","@id":"https:\/\/www.manaus.am.gov.br\/seminf\/#\/schema\/person\/image\/","url":"https:\/\/secure.gravatar.com\/avatar\/3e69bc2b014bdad41adfec3a39de07d2?s=96&d=mm&r=g","contentUrl":"https:\/\/secure.gravatar.com\/avatar\/3e69bc2b014bdad41adfec3a39de07d2?s=96&d=mm&r=g","caption":"bvalente"}}]}},"_links":{"self":[{"href":"https:\/\/www.manaus.am.gov.br\/seminf\/wp-json\/wp\/v2\/posts\/8090"}],"collection":[{"href":"https:\/\/www.manaus.am.gov.br\/seminf\/wp-json\/wp\/v2\/posts"}],"about":[{"href":"https:\/\/www.manaus.am.gov.br\/seminf\/wp-json\/wp\/v2\/types\/post"}],"author":[{"embeddable":true,"href":"https:\/\/www.manaus.am.gov.br\/seminf\/wp-json\/wp\/v2\/users\/68"}],"replies":[{"embeddable":true,"href":"https:\/\/www.manaus.am.gov.br\/seminf\/wp-json\/wp\/v2\/comments?post=8090"}],"version-history":[{"count":1,"href":"https:\/\/www.manaus.am.gov.br\/seminf\/wp-json\/wp\/v2\/posts\/8090\/revisions"}],"predecessor-version":[{"id":8098,"href":"https:\/\/www.manaus.am.gov.br\/seminf\/wp-json\/wp\/v2\/posts\/8090\/revisions\/8098"}],"wp:featuredmedia":[{"embeddable":true,"href":"https:\/\/www.manaus.am.gov.br\/seminf\/wp-json\/wp\/v2\/media\/8091"}],"wp:attachment":[{"href":"https:\/\/www.manaus.am.gov.br\/seminf\/wp-json\/wp\/v2\/media?parent=8090"}],"wp:term":[{"taxonomy":"category","embeddable":true,"href":"https:\/\/www.manaus.am.gov.br\/seminf\/wp-json\/wp\/v2\/categories?post=8090"},{"taxonomy":"post_tag","embeddable":true,"href":"https:\/\/www.manaus.am.gov.br\/seminf\/wp-json\/wp\/v2\/tags?post=8090"}],"curies":[{"name":"wp","href":"https:\/\/api.w.org\/{rel}","templated":true}]}}