{"id":8080,"date":"2026-01-08T21:15:15","date_gmt":"2026-01-09T01:15:15","guid":{"rendered":"https:\/\/www.manaus.am.gov.br\/seminf\/revitalizacao-viaria\/"},"modified":"2026-01-08T21:15:17","modified_gmt":"2026-01-09T01:15:17","slug":"revitalizacao-viaria","status":"publish","type":"post","link":"https:\/\/www.manaus.am.gov.br\/seminf\/revitalizacao-viaria\/","title":{"rendered":"Prefeitura de Manaus avan\u00e7a na revitaliza\u00e7\u00e3o vi\u00e1ria da comunidade Campo Salles, na zona Oeste"},"content":{"rendered":"\n<p>A Prefeitura de Manaus, por meio da Secretaria Municipal de Infraestrutura (Seminf), intensificou, nesta quinta-feira, 8\/1, os servi\u00e7os de revitaliza\u00e7\u00e3o das ruas Surucu\u00e1 e Jacamim, na comunidade Campo Salles, bairro Tarum\u00e3, zona Oeste da capital. As frentes de obra atuaram tanto na recupera\u00e7\u00e3o asf\u00e1ltica quanto na manuten\u00e7\u00e3o da drenagem subterr\u00e2nea, garantindo mais seguran\u00e7a, mobilidade e qualidade de vida aos moradores da \u00e1rea.<\/p>\n\n\n\n<p>A a\u00e7\u00e3o d\u00e1 continuidade aos investimentos realizados anteriormente pelo munic\u00edpio na comunidade, refor\u00e7ando o compromisso da gest\u00e3o com a melhoria da infraestrutura nos bairros.<\/p>\n\n\n\n<p>\u201cVoltamos \u00e0 comunidade Campo Salles para dar sequ\u00eancia a um trabalho que j\u00e1 vinha sendo feito aqui. Essa \u00e9 uma determina\u00e7\u00e3o do prefeito David Almeida, cuidar das vias das comunidades, garantir seguran\u00e7a e assegurar que cada morador possa exercer seu direito de ir e vir com tranquilidade. Nosso trabalho \u00e9 estar presente e resolver as demandas onde a popula\u00e7\u00e3o mais precisa\u201d, destacou o vice-prefeito e secret\u00e1rio de Obras, Renato Junior.<\/p>\n\n\n\n<p>Na rua Jacamim, uma frente de servi\u00e7o realizou o anelamento de cerca de 25 metros da tubula\u00e7\u00e3o que havia se deslocado devido \u00e0 forte press\u00e3o das chuvas recentes. O problema ocasionou a fuga de material e a abertura de um buraco na via. Atendendo prontamente \u00e0 solicita\u00e7\u00e3o dos moradores, as equipes atuaram na revitaliza\u00e7\u00e3o da \u00e1rea, seguida pela aplica\u00e7\u00e3o de massa asf\u00e1ltica, garantindo a recupera\u00e7\u00e3o da via e a fluidez das \u00e1guas pluviais.<\/p>\n\n\n\n<p>Morador da regi\u00e3o, o t\u00e9cnico em refrigera\u00e7\u00e3o, Max Souza, de 26 anos, celebrou a presen\u00e7a das equipes da prefeitura e a resolu\u00e7\u00e3o do problema, que gerava inseguran\u00e7a para as fam\u00edlias da \u00e1rea. \u201c\u00c9 muito bom ver a prefeitura aqui resolvendo de vez a situa\u00e7\u00e3o. A gente mora muito perto da beira da rua e tinha medo desse buraco aumentar e acabar atingindo a casa. Agora estamos mais tranquilos e muito agradecidos, porque o servi\u00e7o trouxe seguran\u00e7a para todos n\u00f3s\u201d, afirmou.<\/p>\n\n\n\n<p>De forma simult\u00e2nea, outra equipe atuou na rua Surucu\u00e1, executando servi\u00e7os de recupera\u00e7\u00e3o asf\u00e1ltica, com limpeza, prepara\u00e7\u00e3o da base e aplica\u00e7\u00e3o de emuls\u00e3o, camada impermeabilizante que garante melhor ader\u00eancia da massa asf\u00e1ltica ao pavimento deteriorado, proporcionando mais durabilidade e seguran\u00e7a para quem trafega pelo local.<\/p>\n\n\n\n<p>A dona de casa Michele Gauldino, de 43 anos, tamb\u00e9m destacou a import\u00e2ncia das obras para a comunidade. \u201cA gente fica muito feliz quando v\u00ea a prefeitura trabalhando perto da gente. Vemos obras em outras \u00e1reas, como escolas, unidades de sa\u00fade, recupera\u00e7\u00e3o de ruas, e agora chegou a nossa vez. Ver esse cuidado aqui na nossa rua \u00e9 motivo de alegria\u201d, comemorou.<\/p>\n\n\n\n<p>Com presen\u00e7a constante nos bairros e atua\u00e7\u00e3o r\u00e1pida diante das demandas da popula\u00e7\u00e3o, a Prefeitura de Manaus segue levando infraestrutura, seguran\u00e7a e dignidade \u00e0s comunidades, fortalecendo o desenvolvimento urbano em todas as zonas da cidade.<\/p>\n\n\n\n<p>\u2014&#8211; \u2014&#8211; \u2014<br><strong>Texto &#8211; <\/strong>Eduarda Lira \/ Seminf<br><strong>Fotos &#8211;<\/strong> M\u00e1rcio Melo \/ Seminf<\/p>\n","protected":false},"excerpt":{"rendered":"","protected":false},"author":68,"featured_media":8081,"comment_status":"closed","ping_status":"closed","sticky":false,"template":"","format":"standard","meta":{"footnotes":""},"categories":[3],"tags":[43,2957,2612,26],"acf":[],"yoast_head":"<!-- This site is optimized with the Yoast SEO plugin v23.0 - https:\/\/yoast.com\/wordpress\/plugins\/seo\/ -->\n<title>Prefeitura avan\u00e7a na revitaliza\u00e7\u00e3o vi\u00e1ria do Campo Salles<\/title>\n<meta name=\"description\" content=\"A Prefeitura intensificou, nesta quinta-feira, 8\/1, os servi\u00e7os de revitaliza\u00e7\u00e3o das ruas Surucu\u00e1 e Jacamim, na comunidade Campo Salles.\" \/>\n<meta name=\"robots\" content=\"index, follow, max-snippet:-1, max-image-preview:large, max-video-preview:-1\" \/>\n<link rel=\"canonical\" href=\"https:\/\/www.manaus.am.gov.br\/seminf\/revitalizacao-viaria\/\" \/>\n<meta property=\"og:locale\" content=\"pt_BR\" \/>\n<meta property=\"og:type\" content=\"article\" \/>\n<meta property=\"og:title\" content=\"Prefeitura avan\u00e7a na revitaliza\u00e7\u00e3o vi\u00e1ria do Campo Salles\" \/>\n<meta property=\"og:description\" content=\"A Prefeitura intensificou, nesta quinta-feira, 8\/1, os servi\u00e7os de revitaliza\u00e7\u00e3o das ruas Surucu\u00e1 e Jacamim, na comunidade Campo Salles.\" \/>\n<meta property=\"og:url\" content=\"https:\/\/www.manaus.am.gov.br\/seminf\/revitalizacao-viaria\/\" \/>\n<meta property=\"og:site_name\" content=\"SEMINF\" \/>\n<meta property=\"article:published_time\" content=\"2026-01-09T01:15:15+00:00\" \/>\n<meta property=\"article:modified_time\" content=\"2026-01-09T01:15:17+00:00\" \/>\n<meta property=\"og:image\" content=\"https:\/\/www.manaus.am.gov.br\/seminf\/wp-content\/uploads\/sites\/6\/2026\/01\/Prefeitura-de-Manaus-avanca-na-revitalizacao-viaria-da-comunidade-Campo-Salles-na-zona-Oeste-3.jpg\" \/>\n\t<meta property=\"og:image:width\" content=\"1600\" \/>\n\t<meta property=\"og:image:height\" content=\"1067\" \/>\n\t<meta property=\"og:image:type\" content=\"image\/jpeg\" \/>\n<meta name=\"author\" content=\"bvalente\" \/>\n<meta name=\"twitter:card\" content=\"summary_large_image\" \/>\n<meta name=\"twitter:label1\" content=\"Written by\" \/>\n\t<meta name=\"twitter:data1\" content=\"bvalente\" \/>\n\t<meta name=\"twitter:label2\" content=\"Est. reading time\" \/>\n\t<meta name=\"twitter:data2\" content=\"3 minutos\" \/>\n<script type=\"application\/ld+json\" class=\"yoast-schema-graph\">{\"@context\":\"https:\/\/schema.org\",\"@graph\":[{\"@type\":\"WebPage\",\"@id\":\"https:\/\/www.manaus.am.gov.br\/seminf\/revitalizacao-viaria\/\",\"url\":\"https:\/\/www.manaus.am.gov.br\/seminf\/revitalizacao-viaria\/\",\"name\":\"Prefeitura avan\u00e7a na revitaliza\u00e7\u00e3o vi\u00e1ria do Campo Salles\",\"isPartOf\":{\"@id\":\"https:\/\/www.manaus.am.gov.br\/seminf\/#website\"},\"primaryImageOfPage\":{\"@id\":\"https:\/\/www.manaus.am.gov.br\/seminf\/revitalizacao-viaria\/#primaryimage\"},\"image\":{\"@id\":\"https:\/\/www.manaus.am.gov.br\/seminf\/revitalizacao-viaria\/#primaryimage\"},\"thumbnailUrl\":\"https:\/\/www.manaus.am.gov.br\/seminf\/wp-content\/uploads\/sites\/6\/2026\/01\/Prefeitura-de-Manaus-avanca-na-revitalizacao-viaria-da-comunidade-Campo-Salles-na-zona-Oeste-3.jpg\",\"datePublished\":\"2026-01-09T01:15:15+00:00\",\"dateModified\":\"2026-01-09T01:15:17+00:00\",\"author\":{\"@id\":\"https:\/\/www.manaus.am.gov.br\/seminf\/#\/schema\/person\/466a0e03ae4b6062809046bd560ac955\"},\"description\":\"A Prefeitura intensificou, nesta quinta-feira, 8\/1, os servi\u00e7os de revitaliza\u00e7\u00e3o das ruas Surucu\u00e1 e Jacamim, na comunidade Campo Salles.\",\"inLanguage\":\"pt-BR\",\"potentialAction\":[{\"@type\":\"ReadAction\",\"target\":[\"https:\/\/www.manaus.am.gov.br\/seminf\/revitalizacao-viaria\/\"]}]},{\"@type\":\"ImageObject\",\"inLanguage\":\"pt-BR\",\"@id\":\"https:\/\/www.manaus.am.gov.br\/seminf\/revitalizacao-viaria\/#primaryimage\",\"url\":\"https:\/\/www.manaus.am.gov.br\/seminf\/wp-content\/uploads\/sites\/6\/2026\/01\/Prefeitura-de-Manaus-avanca-na-revitalizacao-viaria-da-comunidade-Campo-Salles-na-zona-Oeste-3.jpg\",\"contentUrl\":\"https:\/\/www.manaus.am.gov.br\/seminf\/wp-content\/uploads\/sites\/6\/2026\/01\/Prefeitura-de-Manaus-avanca-na-revitalizacao-viaria-da-comunidade-Campo-Salles-na-zona-Oeste-3.jpg\",\"width\":1600,\"height\":1067,\"caption\":\"#paratodosverem - Servidores da Seminf aplicando asfalto novo em via\"},{\"@type\":\"WebSite\",\"@id\":\"https:\/\/www.manaus.am.gov.br\/seminf\/#website\",\"url\":\"https:\/\/www.manaus.am.gov.br\/seminf\/\",\"name\":\"Secretaria de Infraestrutura\",\"description\":\"Secretaria Municipal de Infraestrutura\",\"potentialAction\":[{\"@type\":\"SearchAction\",\"target\":{\"@type\":\"EntryPoint\",\"urlTemplate\":\"https:\/\/www.manaus.am.gov.br\/seminf\/?s={search_term_string}\"},\"query-input\":\"required name=search_term_string\"}],\"inLanguage\":\"pt-BR\"},{\"@type\":\"Person\",\"@id\":\"https:\/\/www.manaus.am.gov.br\/seminf\/#\/schema\/person\/466a0e03ae4b6062809046bd560ac955\",\"name\":\"bvalente\",\"image\":{\"@type\":\"ImageObject\",\"inLanguage\":\"pt-BR\",\"@id\":\"https:\/\/www.manaus.am.gov.br\/seminf\/#\/schema\/person\/image\/\",\"url\":\"https:\/\/secure.gravatar.com\/avatar\/3e69bc2b014bdad41adfec3a39de07d2?s=96&d=mm&r=g\",\"contentUrl\":\"https:\/\/secure.gravatar.com\/avatar\/3e69bc2b014bdad41adfec3a39de07d2?s=96&d=mm&r=g\",\"caption\":\"bvalente\"}}]}<\/script>\n<!-- \/ Yoast SEO plugin. -->","yoast_head_json":{"title":"Prefeitura avan\u00e7a na revitaliza\u00e7\u00e3o vi\u00e1ria do Campo Salles","description":"A Prefeitura intensificou, nesta quinta-feira, 8\/1, os servi\u00e7os de revitaliza\u00e7\u00e3o das ruas Surucu\u00e1 e Jacamim, na comunidade Campo Salles.","robots":{"index":"index","follow":"follow","max-snippet":"max-snippet:-1","max-image-preview":"max-image-preview:large","max-video-preview":"max-video-preview:-1"},"canonical":"https:\/\/www.manaus.am.gov.br\/seminf\/revitalizacao-viaria\/","og_locale":"pt_BR","og_type":"article","og_title":"Prefeitura avan\u00e7a na revitaliza\u00e7\u00e3o vi\u00e1ria do Campo Salles","og_description":"A Prefeitura intensificou, nesta quinta-feira, 8\/1, os servi\u00e7os de revitaliza\u00e7\u00e3o das ruas Surucu\u00e1 e Jacamim, na comunidade Campo Salles.","og_url":"https:\/\/www.manaus.am.gov.br\/seminf\/revitalizacao-viaria\/","og_site_name":"SEMINF","article_published_time":"2026-01-09T01:15:15+00:00","article_modified_time":"2026-01-09T01:15:17+00:00","og_image":[{"width":1600,"height":1067,"url":"https:\/\/www.manaus.am.gov.br\/seminf\/wp-content\/uploads\/sites\/6\/2026\/01\/Prefeitura-de-Manaus-avanca-na-revitalizacao-viaria-da-comunidade-Campo-Salles-na-zona-Oeste-3.jpg","type":"image\/jpeg"}],"author":"bvalente","twitter_card":"summary_large_image","twitter_misc":{"Written by":"bvalente","Est. reading time":"3 minutos"},"schema":{"@context":"https:\/\/schema.org","@graph":[{"@type":"WebPage","@id":"https:\/\/www.manaus.am.gov.br\/seminf\/revitalizacao-viaria\/","url":"https:\/\/www.manaus.am.gov.br\/seminf\/revitalizacao-viaria\/","name":"Prefeitura avan\u00e7a na revitaliza\u00e7\u00e3o vi\u00e1ria do Campo Salles","isPartOf":{"@id":"https:\/\/www.manaus.am.gov.br\/seminf\/#website"},"primaryImageOfPage":{"@id":"https:\/\/www.manaus.am.gov.br\/seminf\/revitalizacao-viaria\/#primaryimage"},"image":{"@id":"https:\/\/www.manaus.am.gov.br\/seminf\/revitalizacao-viaria\/#primaryimage"},"thumbnailUrl":"https:\/\/www.manaus.am.gov.br\/seminf\/wp-content\/uploads\/sites\/6\/2026\/01\/Prefeitura-de-Manaus-avanca-na-revitalizacao-viaria-da-comunidade-Campo-Salles-na-zona-Oeste-3.jpg","datePublished":"2026-01-09T01:15:15+00:00","dateModified":"2026-01-09T01:15:17+00:00","author":{"@id":"https:\/\/www.manaus.am.gov.br\/seminf\/#\/schema\/person\/466a0e03ae4b6062809046bd560ac955"},"description":"A Prefeitura intensificou, nesta quinta-feira, 8\/1, os servi\u00e7os de revitaliza\u00e7\u00e3o das ruas Surucu\u00e1 e Jacamim, na comunidade Campo Salles.","inLanguage":"pt-BR","potentialAction":[{"@type":"ReadAction","target":["https:\/\/www.manaus.am.gov.br\/seminf\/revitalizacao-viaria\/"]}]},{"@type":"ImageObject","inLanguage":"pt-BR","@id":"https:\/\/www.manaus.am.gov.br\/seminf\/revitalizacao-viaria\/#primaryimage","url":"https:\/\/www.manaus.am.gov.br\/seminf\/wp-content\/uploads\/sites\/6\/2026\/01\/Prefeitura-de-Manaus-avanca-na-revitalizacao-viaria-da-comunidade-Campo-Salles-na-zona-Oeste-3.jpg","contentUrl":"https:\/\/www.manaus.am.gov.br\/seminf\/wp-content\/uploads\/sites\/6\/2026\/01\/Prefeitura-de-Manaus-avanca-na-revitalizacao-viaria-da-comunidade-Campo-Salles-na-zona-Oeste-3.jpg","width":1600,"height":1067,"caption":"#paratodosverem - Servidores da Seminf aplicando asfalto novo em via"},{"@type":"WebSite","@id":"https:\/\/www.manaus.am.gov.br\/seminf\/#website","url":"https:\/\/www.manaus.am.gov.br\/seminf\/","name":"Secretaria de Infraestrutura","description":"Secretaria Municipal de Infraestrutura","potentialAction":[{"@type":"SearchAction","target":{"@type":"EntryPoint","urlTemplate":"https:\/\/www.manaus.am.gov.br\/seminf\/?s={search_term_string}"},"query-input":"required name=search_term_string"}],"inLanguage":"pt-BR"},{"@type":"Person","@id":"https:\/\/www.manaus.am.gov.br\/seminf\/#\/schema\/person\/466a0e03ae4b6062809046bd560ac955","name":"bvalente","image":{"@type":"ImageObject","inLanguage":"pt-BR","@id":"https:\/\/www.manaus.am.gov.br\/seminf\/#\/schema\/person\/image\/","url":"https:\/\/secure.gravatar.com\/avatar\/3e69bc2b014bdad41adfec3a39de07d2?s=96&d=mm&r=g","contentUrl":"https:\/\/secure.gravatar.com\/avatar\/3e69bc2b014bdad41adfec3a39de07d2?s=96&d=mm&r=g","caption":"bvalente"}}]}},"_links":{"self":[{"href":"https:\/\/www.manaus.am.gov.br\/seminf\/wp-json\/wp\/v2\/posts\/8080"}],"collection":[{"href":"https:\/\/www.manaus.am.gov.br\/seminf\/wp-json\/wp\/v2\/posts"}],"about":[{"href":"https:\/\/www.manaus.am.gov.br\/seminf\/wp-json\/wp\/v2\/types\/post"}],"author":[{"embeddable":true,"href":"https:\/\/www.manaus.am.gov.br\/seminf\/wp-json\/wp\/v2\/users\/68"}],"replies":[{"embeddable":true,"href":"https:\/\/www.manaus.am.gov.br\/seminf\/wp-json\/wp\/v2\/comments?post=8080"}],"version-history":[{"count":0,"href":"https:\/\/www.manaus.am.gov.br\/seminf\/wp-json\/wp\/v2\/posts\/8080\/revisions"}],"wp:featuredmedia":[{"embeddable":true,"href":"https:\/\/www.manaus.am.gov.br\/seminf\/wp-json\/wp\/v2\/media\/8081"}],"wp:attachment":[{"href":"https:\/\/www.manaus.am.gov.br\/seminf\/wp-json\/wp\/v2\/media?parent=8080"}],"wp:term":[{"taxonomy":"category","embeddable":true,"href":"https:\/\/www.manaus.am.gov.br\/seminf\/wp-json\/wp\/v2\/categories?post=8080"},{"taxonomy":"post_tag","embeddable":true,"href":"https:\/\/www.manaus.am.gov.br\/seminf\/wp-json\/wp\/v2\/tags?post=8080"}],"curies":[{"name":"wp","href":"https:\/\/api.w.org\/{rel}","templated":true}]}}