{"id":8074,"date":"2026-01-07T17:31:54","date_gmt":"2026-01-07T21:31:54","guid":{"rendered":"https:\/\/www.manaus.am.gov.br\/seminf\/avanco-obras-contencao\/"},"modified":"2026-01-07T17:31:56","modified_gmt":"2026-01-07T21:31:56","slug":"avanco-obras-contencao","status":"publish","type":"post","link":"https:\/\/www.manaus.am.gov.br\/seminf\/avanco-obras-contencao\/","title":{"rendered":"Prefeitura de Manaus avan\u00e7a com obra de jateamento de argamassa na conten\u00e7\u00e3o do talude da avenida M\u00e1rio Ypiranga Monteiro\u00a0"},"content":{"rendered":"\n<p>Nesta quarta-feira, 7\/1, a Prefeitura de Manaus, por meio da Secretaria Municipal de Infraestrutura (Seminf), avan\u00e7ou para uma etapa essencial da obra realizada na encosta da avenida M\u00e1rio Ypiranga Monteiro, no bairro Parque 10 de Novembro, na zona Centro-Sul da capital, a concretagem. \u00c9 nesta etapa que a estrutura ganha resist\u00eancia, garantindo estabilidade da encosta e mais seguran\u00e7a.&nbsp;<\/p>\n\n\n\n<p>O vice-prefeito e secret\u00e1rio de Obras, Renato Junior, destaca que a obra segue em ritmo intenso.&nbsp;<\/p>\n\n\n\n<p>\u201cCome\u00e7amos 2026 com muito trabalho e foco em melhorar a infraestrutura de Manaus. Essa obra na avenida M\u00e1rio Ypiranga \u00e9 um exemplo disso. Antes, em dias de chuva, o local sofria com deslizamentos. Agora estamos usando geomanta, que \u00e9 fixada ao solo e recebe o jateamento de argamassa, garantindo mais seguran\u00e7a e durabilidade para quem passa por aqui todos os dias\u201d, afirma Renato Junior.<\/p>\n\n\n\n<p>A geomanta \u00e9 um material t\u00e9cnico de alta performance. Ela possui duas faces, uma de PVC, que fica em contato direto com o talude, e outra de poli\u00e9ster que fica voltada para fora, preparada para receber o concreto.<\/p>\n\n\n\n<p>O servi\u00e7o de jateamento de argamassa \u00e9 a etapa que sela e compacta toda a base, garantindo a ader\u00eancia correta e uma estrutura mais resistente. A obra ir\u00e1 promover mais seguran\u00e7a para os pedestres e condutores que utilizam essa importante avenida.<\/p>\n\n\n\n<p>\u2014&#8211; \u2014&#8211; \u2014&#8211;<br><strong>Texto <\/strong>&#8211; Rayana Coutinho \/ Seminf<\/p>\n\n\n\n<p><strong>Fotos &#8211; <\/strong>&nbsp;Eduarda Lira \/ Seminf<\/p>\n","protected":false},"excerpt":{"rendered":"","protected":false},"author":68,"featured_media":8075,"comment_status":"closed","ping_status":"closed","sticky":false,"template":"","format":"standard","meta":{"footnotes":""},"categories":[3],"tags":[2955,2956,43,26],"acf":[],"yoast_head":"<!-- This site is optimized with the Yoast SEO plugin v23.0 - https:\/\/yoast.com\/wordpress\/plugins\/seo\/ -->\n<title>Prefeitura avan\u00e7a com obra na avenida M\u00e1rio Ypiranga Monteiro<\/title>\n<meta name=\"description\" content=\"A Prefeitura de Manaus avan\u00e7ou para uma etapa essencial da obra realizada na encosta da avenida M\u00e1rio Ypiranga Monteiro, no bairro Parque 10 de Novembro, na zona Centro-Sul da capital, a concretagem.\" \/>\n<meta name=\"robots\" content=\"index, follow, max-snippet:-1, max-image-preview:large, max-video-preview:-1\" \/>\n<link rel=\"canonical\" href=\"https:\/\/www.manaus.am.gov.br\/seminf\/avanco-obras-contencao\/\" \/>\n<meta property=\"og:locale\" content=\"pt_BR\" \/>\n<meta property=\"og:type\" content=\"article\" \/>\n<meta property=\"og:title\" content=\"Prefeitura avan\u00e7a com obra na avenida M\u00e1rio Ypiranga Monteiro\" \/>\n<meta property=\"og:description\" content=\"A Prefeitura de Manaus avan\u00e7ou para uma etapa essencial da obra realizada na encosta da avenida M\u00e1rio Ypiranga Monteiro, no bairro Parque 10 de Novembro, na zona Centro-Sul da capital, a concretagem.\" \/>\n<meta property=\"og:url\" content=\"https:\/\/www.manaus.am.gov.br\/seminf\/avanco-obras-contencao\/\" \/>\n<meta property=\"og:site_name\" content=\"SEMINF\" \/>\n<meta property=\"article:published_time\" content=\"2026-01-07T21:31:54+00:00\" \/>\n<meta property=\"article:modified_time\" content=\"2026-01-07T21:31:56+00:00\" \/>\n<meta property=\"og:image\" content=\"https:\/\/www.manaus.am.gov.br\/seminf\/wp-content\/uploads\/sites\/6\/2026\/01\/Prefeitura-de-Manaus-avanca-com-obra-de-jateamento-de-argamassa-na-contencao-do-talude-da-avenida-Mario-Ypiranga-Monteiro-3.jpg\" \/>\n\t<meta property=\"og:image:width\" content=\"1600\" \/>\n\t<meta property=\"og:image:height\" content=\"1200\" \/>\n\t<meta property=\"og:image:type\" content=\"image\/jpeg\" \/>\n<meta name=\"author\" content=\"bvalente\" \/>\n<meta name=\"twitter:card\" content=\"summary_large_image\" \/>\n<meta name=\"twitter:label1\" content=\"Written by\" \/>\n\t<meta name=\"twitter:data1\" content=\"bvalente\" \/>\n\t<meta name=\"twitter:label2\" content=\"Est. reading time\" \/>\n\t<meta name=\"twitter:data2\" content=\"2 minutos\" \/>\n<script type=\"application\/ld+json\" class=\"yoast-schema-graph\">{\"@context\":\"https:\/\/schema.org\",\"@graph\":[{\"@type\":\"WebPage\",\"@id\":\"https:\/\/www.manaus.am.gov.br\/seminf\/avanco-obras-contencao\/\",\"url\":\"https:\/\/www.manaus.am.gov.br\/seminf\/avanco-obras-contencao\/\",\"name\":\"Prefeitura avan\u00e7a com obra na avenida M\u00e1rio Ypiranga Monteiro\",\"isPartOf\":{\"@id\":\"https:\/\/www.manaus.am.gov.br\/seminf\/#website\"},\"primaryImageOfPage\":{\"@id\":\"https:\/\/www.manaus.am.gov.br\/seminf\/avanco-obras-contencao\/#primaryimage\"},\"image\":{\"@id\":\"https:\/\/www.manaus.am.gov.br\/seminf\/avanco-obras-contencao\/#primaryimage\"},\"thumbnailUrl\":\"https:\/\/www.manaus.am.gov.br\/seminf\/wp-content\/uploads\/sites\/6\/2026\/01\/Prefeitura-de-Manaus-avanca-com-obra-de-jateamento-de-argamassa-na-contencao-do-talude-da-avenida-Mario-Ypiranga-Monteiro-3.jpg\",\"datePublished\":\"2026-01-07T21:31:54+00:00\",\"dateModified\":\"2026-01-07T21:31:56+00:00\",\"author\":{\"@id\":\"https:\/\/www.manaus.am.gov.br\/seminf\/#\/schema\/person\/466a0e03ae4b6062809046bd560ac955\"},\"description\":\"A Prefeitura de Manaus avan\u00e7ou para uma etapa essencial da obra realizada na encosta da avenida M\u00e1rio Ypiranga Monteiro, no bairro Parque 10 de Novembro, na zona Centro-Sul da capital, a concretagem.\",\"inLanguage\":\"pt-BR\",\"potentialAction\":[{\"@type\":\"ReadAction\",\"target\":[\"https:\/\/www.manaus.am.gov.br\/seminf\/avanco-obras-contencao\/\"]}]},{\"@type\":\"ImageObject\",\"inLanguage\":\"pt-BR\",\"@id\":\"https:\/\/www.manaus.am.gov.br\/seminf\/avanco-obras-contencao\/#primaryimage\",\"url\":\"https:\/\/www.manaus.am.gov.br\/seminf\/wp-content\/uploads\/sites\/6\/2026\/01\/Prefeitura-de-Manaus-avanca-com-obra-de-jateamento-de-argamassa-na-contencao-do-talude-da-avenida-Mario-Ypiranga-Monteiro-3.jpg\",\"contentUrl\":\"https:\/\/www.manaus.am.gov.br\/seminf\/wp-content\/uploads\/sites\/6\/2026\/01\/Prefeitura-de-Manaus-avanca-com-obra-de-jateamento-de-argamassa-na-contencao-do-talude-da-avenida-Mario-Ypiranga-Monteiro-3.jpg\",\"width\":1600,\"height\":1200,\"caption\":\"#paratodosverem - Servidores da Seminf durante obras na avenida M\u00e1rio Ypiranga Monteiro\"},{\"@type\":\"WebSite\",\"@id\":\"https:\/\/www.manaus.am.gov.br\/seminf\/#website\",\"url\":\"https:\/\/www.manaus.am.gov.br\/seminf\/\",\"name\":\"Secretaria de Infraestrutura\",\"description\":\"Secretaria Municipal de Infraestrutura\",\"potentialAction\":[{\"@type\":\"SearchAction\",\"target\":{\"@type\":\"EntryPoint\",\"urlTemplate\":\"https:\/\/www.manaus.am.gov.br\/seminf\/?s={search_term_string}\"},\"query-input\":\"required name=search_term_string\"}],\"inLanguage\":\"pt-BR\"},{\"@type\":\"Person\",\"@id\":\"https:\/\/www.manaus.am.gov.br\/seminf\/#\/schema\/person\/466a0e03ae4b6062809046bd560ac955\",\"name\":\"bvalente\",\"image\":{\"@type\":\"ImageObject\",\"inLanguage\":\"pt-BR\",\"@id\":\"https:\/\/www.manaus.am.gov.br\/seminf\/#\/schema\/person\/image\/\",\"url\":\"https:\/\/secure.gravatar.com\/avatar\/3e69bc2b014bdad41adfec3a39de07d2?s=96&d=mm&r=g\",\"contentUrl\":\"https:\/\/secure.gravatar.com\/avatar\/3e69bc2b014bdad41adfec3a39de07d2?s=96&d=mm&r=g\",\"caption\":\"bvalente\"}}]}<\/script>\n<!-- \/ Yoast SEO plugin. -->","yoast_head_json":{"title":"Prefeitura avan\u00e7a com obra na avenida M\u00e1rio Ypiranga Monteiro","description":"A Prefeitura de Manaus avan\u00e7ou para uma etapa essencial da obra realizada na encosta da avenida M\u00e1rio Ypiranga Monteiro, no bairro Parque 10 de Novembro, na zona Centro-Sul da capital, a concretagem.","robots":{"index":"index","follow":"follow","max-snippet":"max-snippet:-1","max-image-preview":"max-image-preview:large","max-video-preview":"max-video-preview:-1"},"canonical":"https:\/\/www.manaus.am.gov.br\/seminf\/avanco-obras-contencao\/","og_locale":"pt_BR","og_type":"article","og_title":"Prefeitura avan\u00e7a com obra na avenida M\u00e1rio Ypiranga Monteiro","og_description":"A Prefeitura de Manaus avan\u00e7ou para uma etapa essencial da obra realizada na encosta da avenida M\u00e1rio Ypiranga Monteiro, no bairro Parque 10 de Novembro, na zona Centro-Sul da capital, a concretagem.","og_url":"https:\/\/www.manaus.am.gov.br\/seminf\/avanco-obras-contencao\/","og_site_name":"SEMINF","article_published_time":"2026-01-07T21:31:54+00:00","article_modified_time":"2026-01-07T21:31:56+00:00","og_image":[{"width":1600,"height":1200,"url":"https:\/\/www.manaus.am.gov.br\/seminf\/wp-content\/uploads\/sites\/6\/2026\/01\/Prefeitura-de-Manaus-avanca-com-obra-de-jateamento-de-argamassa-na-contencao-do-talude-da-avenida-Mario-Ypiranga-Monteiro-3.jpg","type":"image\/jpeg"}],"author":"bvalente","twitter_card":"summary_large_image","twitter_misc":{"Written by":"bvalente","Est. reading time":"2 minutos"},"schema":{"@context":"https:\/\/schema.org","@graph":[{"@type":"WebPage","@id":"https:\/\/www.manaus.am.gov.br\/seminf\/avanco-obras-contencao\/","url":"https:\/\/www.manaus.am.gov.br\/seminf\/avanco-obras-contencao\/","name":"Prefeitura avan\u00e7a com obra na avenida M\u00e1rio Ypiranga Monteiro","isPartOf":{"@id":"https:\/\/www.manaus.am.gov.br\/seminf\/#website"},"primaryImageOfPage":{"@id":"https:\/\/www.manaus.am.gov.br\/seminf\/avanco-obras-contencao\/#primaryimage"},"image":{"@id":"https:\/\/www.manaus.am.gov.br\/seminf\/avanco-obras-contencao\/#primaryimage"},"thumbnailUrl":"https:\/\/www.manaus.am.gov.br\/seminf\/wp-content\/uploads\/sites\/6\/2026\/01\/Prefeitura-de-Manaus-avanca-com-obra-de-jateamento-de-argamassa-na-contencao-do-talude-da-avenida-Mario-Ypiranga-Monteiro-3.jpg","datePublished":"2026-01-07T21:31:54+00:00","dateModified":"2026-01-07T21:31:56+00:00","author":{"@id":"https:\/\/www.manaus.am.gov.br\/seminf\/#\/schema\/person\/466a0e03ae4b6062809046bd560ac955"},"description":"A Prefeitura de Manaus avan\u00e7ou para uma etapa essencial da obra realizada na encosta da avenida M\u00e1rio Ypiranga Monteiro, no bairro Parque 10 de Novembro, na zona Centro-Sul da capital, a concretagem.","inLanguage":"pt-BR","potentialAction":[{"@type":"ReadAction","target":["https:\/\/www.manaus.am.gov.br\/seminf\/avanco-obras-contencao\/"]}]},{"@type":"ImageObject","inLanguage":"pt-BR","@id":"https:\/\/www.manaus.am.gov.br\/seminf\/avanco-obras-contencao\/#primaryimage","url":"https:\/\/www.manaus.am.gov.br\/seminf\/wp-content\/uploads\/sites\/6\/2026\/01\/Prefeitura-de-Manaus-avanca-com-obra-de-jateamento-de-argamassa-na-contencao-do-talude-da-avenida-Mario-Ypiranga-Monteiro-3.jpg","contentUrl":"https:\/\/www.manaus.am.gov.br\/seminf\/wp-content\/uploads\/sites\/6\/2026\/01\/Prefeitura-de-Manaus-avanca-com-obra-de-jateamento-de-argamassa-na-contencao-do-talude-da-avenida-Mario-Ypiranga-Monteiro-3.jpg","width":1600,"height":1200,"caption":"#paratodosverem - Servidores da Seminf durante obras na avenida M\u00e1rio Ypiranga Monteiro"},{"@type":"WebSite","@id":"https:\/\/www.manaus.am.gov.br\/seminf\/#website","url":"https:\/\/www.manaus.am.gov.br\/seminf\/","name":"Secretaria de Infraestrutura","description":"Secretaria Municipal de Infraestrutura","potentialAction":[{"@type":"SearchAction","target":{"@type":"EntryPoint","urlTemplate":"https:\/\/www.manaus.am.gov.br\/seminf\/?s={search_term_string}"},"query-input":"required name=search_term_string"}],"inLanguage":"pt-BR"},{"@type":"Person","@id":"https:\/\/www.manaus.am.gov.br\/seminf\/#\/schema\/person\/466a0e03ae4b6062809046bd560ac955","name":"bvalente","image":{"@type":"ImageObject","inLanguage":"pt-BR","@id":"https:\/\/www.manaus.am.gov.br\/seminf\/#\/schema\/person\/image\/","url":"https:\/\/secure.gravatar.com\/avatar\/3e69bc2b014bdad41adfec3a39de07d2?s=96&d=mm&r=g","contentUrl":"https:\/\/secure.gravatar.com\/avatar\/3e69bc2b014bdad41adfec3a39de07d2?s=96&d=mm&r=g","caption":"bvalente"}}]}},"_links":{"self":[{"href":"https:\/\/www.manaus.am.gov.br\/seminf\/wp-json\/wp\/v2\/posts\/8074"}],"collection":[{"href":"https:\/\/www.manaus.am.gov.br\/seminf\/wp-json\/wp\/v2\/posts"}],"about":[{"href":"https:\/\/www.manaus.am.gov.br\/seminf\/wp-json\/wp\/v2\/types\/post"}],"author":[{"embeddable":true,"href":"https:\/\/www.manaus.am.gov.br\/seminf\/wp-json\/wp\/v2\/users\/68"}],"replies":[{"embeddable":true,"href":"https:\/\/www.manaus.am.gov.br\/seminf\/wp-json\/wp\/v2\/comments?post=8074"}],"version-history":[{"count":0,"href":"https:\/\/www.manaus.am.gov.br\/seminf\/wp-json\/wp\/v2\/posts\/8074\/revisions"}],"wp:featuredmedia":[{"embeddable":true,"href":"https:\/\/www.manaus.am.gov.br\/seminf\/wp-json\/wp\/v2\/media\/8075"}],"wp:attachment":[{"href":"https:\/\/www.manaus.am.gov.br\/seminf\/wp-json\/wp\/v2\/media?parent=8074"}],"wp:term":[{"taxonomy":"category","embeddable":true,"href":"https:\/\/www.manaus.am.gov.br\/seminf\/wp-json\/wp\/v2\/categories?post=8074"},{"taxonomy":"post_tag","embeddable":true,"href":"https:\/\/www.manaus.am.gov.br\/seminf\/wp-json\/wp\/v2\/tags?post=8074"}],"curies":[{"name":"wp","href":"https:\/\/api.w.org\/{rel}","templated":true}]}}