{"id":8071,"date":"2026-01-07T15:46:45","date_gmt":"2026-01-07T19:46:45","guid":{"rendered":"https:\/\/www.manaus.am.gov.br\/seminf\/fiscalizacao-servicos-recuperacao\/"},"modified":"2026-01-07T15:46:46","modified_gmt":"2026-01-07T19:46:46","slug":"fiscalizacao-servicos-recuperacao","status":"publish","type":"post","link":"https:\/\/www.manaus.am.gov.br\/seminf\/fiscalizacao-servicos-recuperacao\/","title":{"rendered":"Prefeitura de Manaus fiscaliza servi\u00e7o de concession\u00e1ria de \u00e1gua ap\u00f3s vazamento no bairro Parque 10 de Novembro\u00a0"},"content":{"rendered":"\n<p>A Prefeitura de Manaus, por meio da Secretaria Municipal de Infraestrutura (Seminf) e da Unidade Gestora de Abastecimento de \u00c1gua e Esgotamento Sanit\u00e1rio (UGPM-\u00c1gua), acompanha de forma rigorosa os servi\u00e7os executados pelas concession\u00e1rias no munic\u00edpio. Durante fiscaliza\u00e7\u00f5es de rotina, a equipe t\u00e9cnica da Seminf identificou que um buraco na avenida Ivanete Machado, no bairro Parque 10 de Novembro, foi provocado por um vazamento na rede de \u00e1gua da concession\u00e1ria respons\u00e1vel pelo servi\u00e7o.<\/p>\n\n\n\n<p>Ap\u00f3s a constata\u00e7\u00e3o, a UGPM-\u00c1gua notificou a empresa e acompanhou, nesta quarta-feira, 7\/1, a execu\u00e7\u00e3o dos trabalhos de corre\u00e7\u00e3o no local, garantindo que o servi\u00e7o seja realizado dentro dos padr\u00f5es t\u00e9cnicos e com seguran\u00e7a para a popula\u00e7\u00e3o.<\/p>\n\n\n\n<p>O vice-prefeito e secret\u00e1rio municipal de Obras, Renato Junior, destacou que a gest\u00e3o municipal atua de forma integrada para atender as demandas da cidade.<\/p>\n\n\n\n<p>\u201cNem todo buraco que surge nas ruas de Manaus est\u00e1 relacionado \u00e0 rede de drenagem da prefeitura. Ainda assim, a gest\u00e3o do prefeito David Almeida mant\u00e9m equipes t\u00e9cnicas espalhadas por todas as zonas da cidade, atuando de forma preventiva, executando os servi\u00e7os que s\u00e3o de nossa responsabilidade e notificando prontamente outros \u00f3rg\u00e3os e empresas quando necess\u00e1rio. \u00c9 assim que seguimos avan\u00e7ando pelo bem de Manaus\u201d, afirmou Renato Junior.<\/p>\n\n\n\n<p>O subsecret\u00e1rio de Servi\u00e7os B\u00e1sicos da Seminf, Efrain Arag\u00e3o, esteve no local e explicou a origem do problema.<\/p>\n\n\n\n<p>\u201cEsse buraco foi provocado por um vazamento de \u00e1gua. Nossa equipe t\u00e9cnica identificou a situa\u00e7\u00e3o e acionou a UGPM-\u00c1gua, que imediatamente notificou a concession\u00e1ria. A \u00e1gua, associada a produtos qu\u00edmicos, acelera o processo de deteriora\u00e7\u00e3o do pavimento, especialmente em vias de grande fluxo e com intensa atividade comercial. A empresa foi acionada para solucionar o vazamento e restabelecer a normalidade do pavimento, e observamos que, ao longo da via, n\u00e3o h\u00e1 outros pontos cr\u00edticos\u201d, explicou Efrain Arag\u00e3o.<\/p>\n\n\n\n<p>O superintendente da UGPM-\u00c1gua, Robson Goiabeira, refor\u00e7ou o papel da unidade na fiscaliza\u00e7\u00e3o dos servi\u00e7os. \u201cA compet\u00eancia da UGPM-\u00c1gua \u00e9 fiscalizar e acompanhar os servi\u00e7os prestados pela concession\u00e1ria \u00c1guas de Manaus. Estamos aqui na avenida Ivanete Machado cumprindo esse papel, garantindo que a empresa execute corretamente os reparos. A UGPM-\u00c1gua integra a Seminf, que permanece atenta \u00e0s demandas da cidade\u201d, esclareceu Robson Goiabeira.<\/p>\n\n\n\n<p>A Prefeitura de Manaus segue atuando de forma cont\u00ednua pelas ruas da capital, fiscalizando, identificando demandas e buscando solu\u00e7\u00f5es r\u00e1pidas para assegurar mais seguran\u00e7a, mobilidade e qualidade de vida \u00e0 popula\u00e7\u00e3o. Mesmo quando a responsabilidade diz respeito \u00e0s concession\u00e1rias p\u00fablicas, as ocorr\u00eancias s\u00e3o prontamente notificadas e encaminhadas aos \u00f3rg\u00e3os e empresas competentes.<\/p>\n\n\n\n<p>\u2014&#8211; \u2014&#8211; \u2014&#8211;<br><strong>Texto <\/strong>&#8211; Rayana Coutinho \/ Seminf<br><strong>Fotos &#8211; <\/strong>\u00a0Eduarda Lira \/ Seminf<\/p>\n","protected":false},"excerpt":{"rendered":"","protected":false},"author":68,"featured_media":8072,"comment_status":"closed","ping_status":"closed","sticky":false,"template":"","format":"standard","meta":{"footnotes":""},"categories":[3],"tags":[1473,2954,43,129,26],"acf":[],"yoast_head":"<!-- This site is optimized with the Yoast SEO plugin v23.0 - https:\/\/yoast.com\/wordpress\/plugins\/seo\/ -->\n<title>Prefeitura de Manaus fiscaliza servi\u00e7o de concession\u00e1ria de \u00e1gua ap\u00f3s vazamento no bairro Parque 10 de Novembro\u00a0<\/title>\n<meta name=\"description\" content=\"A Prefeitura de Manaus, por meio da Secretaria Municipal de Infraestrutura (Seminf) e da Unidade Gestora de Abastecimento de \u00c1gua e Esgotamento Sanit\u00e1rio (UGPM-\u00c1gua), acompanha de forma rigorosa os servi\u00e7os executados pelas concession\u00e1rias no munic\u00edpio\" \/>\n<meta name=\"robots\" content=\"index, follow, max-snippet:-1, max-image-preview:large, max-video-preview:-1\" \/>\n<link rel=\"canonical\" href=\"https:\/\/www.manaus.am.gov.br\/seminf\/fiscalizacao-servicos-recuperacao\/\" \/>\n<meta property=\"og:locale\" content=\"pt_BR\" \/>\n<meta property=\"og:type\" content=\"article\" \/>\n<meta property=\"og:title\" content=\"Prefeitura de Manaus fiscaliza servi\u00e7o de concession\u00e1ria de \u00e1gua ap\u00f3s vazamento no bairro Parque 10 de Novembro\u00a0\" \/>\n<meta property=\"og:description\" content=\"A Prefeitura de Manaus, por meio da Secretaria Municipal de Infraestrutura (Seminf) e da Unidade Gestora de Abastecimento de \u00c1gua e Esgotamento Sanit\u00e1rio (UGPM-\u00c1gua), acompanha de forma rigorosa os servi\u00e7os executados pelas concession\u00e1rias no munic\u00edpio\" \/>\n<meta property=\"og:url\" content=\"https:\/\/www.manaus.am.gov.br\/seminf\/fiscalizacao-servicos-recuperacao\/\" \/>\n<meta property=\"og:site_name\" content=\"SEMINF\" \/>\n<meta property=\"article:published_time\" content=\"2026-01-07T19:46:45+00:00\" \/>\n<meta property=\"article:modified_time\" content=\"2026-01-07T19:46:46+00:00\" \/>\n<meta property=\"og:image\" content=\"https:\/\/www.manaus.am.gov.br\/seminf\/wp-content\/uploads\/sites\/6\/2026\/01\/Prefeitura-de-Manaus-fiscaliza-servico-de-concessionaria-de-agua-apos-vazamento-no-bairro-Parque-10-de-Novembro-.jpg\" \/>\n\t<meta property=\"og:image:width\" content=\"1600\" \/>\n\t<meta property=\"og:image:height\" content=\"1200\" \/>\n\t<meta property=\"og:image:type\" content=\"image\/jpeg\" \/>\n<meta name=\"author\" content=\"bvalente\" \/>\n<meta name=\"twitter:card\" content=\"summary_large_image\" \/>\n<meta name=\"twitter:label1\" content=\"Written by\" \/>\n\t<meta name=\"twitter:data1\" content=\"bvalente\" \/>\n\t<meta name=\"twitter:label2\" content=\"Est. reading time\" \/>\n\t<meta name=\"twitter:data2\" content=\"3 minutos\" \/>\n<script type=\"application\/ld+json\" class=\"yoast-schema-graph\">{\"@context\":\"https:\/\/schema.org\",\"@graph\":[{\"@type\":\"WebPage\",\"@id\":\"https:\/\/www.manaus.am.gov.br\/seminf\/fiscalizacao-servicos-recuperacao\/\",\"url\":\"https:\/\/www.manaus.am.gov.br\/seminf\/fiscalizacao-servicos-recuperacao\/\",\"name\":\"Prefeitura de Manaus fiscaliza servi\u00e7o de concession\u00e1ria de \u00e1gua ap\u00f3s vazamento no bairro Parque 10 de Novembro\u00a0\",\"isPartOf\":{\"@id\":\"https:\/\/www.manaus.am.gov.br\/seminf\/#website\"},\"primaryImageOfPage\":{\"@id\":\"https:\/\/www.manaus.am.gov.br\/seminf\/fiscalizacao-servicos-recuperacao\/#primaryimage\"},\"image\":{\"@id\":\"https:\/\/www.manaus.am.gov.br\/seminf\/fiscalizacao-servicos-recuperacao\/#primaryimage\"},\"thumbnailUrl\":\"https:\/\/www.manaus.am.gov.br\/seminf\/wp-content\/uploads\/sites\/6\/2026\/01\/Prefeitura-de-Manaus-fiscaliza-servico-de-concessionaria-de-agua-apos-vazamento-no-bairro-Parque-10-de-Novembro-.jpg\",\"datePublished\":\"2026-01-07T19:46:45+00:00\",\"dateModified\":\"2026-01-07T19:46:46+00:00\",\"author\":{\"@id\":\"https:\/\/www.manaus.am.gov.br\/seminf\/#\/schema\/person\/466a0e03ae4b6062809046bd560ac955\"},\"description\":\"A Prefeitura de Manaus, por meio da Secretaria Municipal de Infraestrutura (Seminf) e da Unidade Gestora de Abastecimento de \u00c1gua e Esgotamento Sanit\u00e1rio (UGPM-\u00c1gua), acompanha de forma rigorosa os servi\u00e7os executados pelas concession\u00e1rias no munic\u00edpio\",\"inLanguage\":\"pt-BR\",\"potentialAction\":[{\"@type\":\"ReadAction\",\"target\":[\"https:\/\/www.manaus.am.gov.br\/seminf\/fiscalizacao-servicos-recuperacao\/\"]}]},{\"@type\":\"ImageObject\",\"inLanguage\":\"pt-BR\",\"@id\":\"https:\/\/www.manaus.am.gov.br\/seminf\/fiscalizacao-servicos-recuperacao\/#primaryimage\",\"url\":\"https:\/\/www.manaus.am.gov.br\/seminf\/wp-content\/uploads\/sites\/6\/2026\/01\/Prefeitura-de-Manaus-fiscaliza-servico-de-concessionaria-de-agua-apos-vazamento-no-bairro-Parque-10-de-Novembro-.jpg\",\"contentUrl\":\"https:\/\/www.manaus.am.gov.br\/seminf\/wp-content\/uploads\/sites\/6\/2026\/01\/Prefeitura-de-Manaus-fiscaliza-servico-de-concessionaria-de-agua-apos-vazamento-no-bairro-Parque-10-de-Novembro-.jpg\",\"width\":1600,\"height\":1200,\"caption\":\"#paratodosverem - Equipes de concession\u00e1ria respons\u00e1vel pelo servi\u00e7o, realizando recupera\u00e7\u00e3o em via, ap\u00f3s fiscaliza\u00e7\u00e3o da prefeitura\"},{\"@type\":\"WebSite\",\"@id\":\"https:\/\/www.manaus.am.gov.br\/seminf\/#website\",\"url\":\"https:\/\/www.manaus.am.gov.br\/seminf\/\",\"name\":\"Secretaria de Infraestrutura\",\"description\":\"Secretaria Municipal de Infraestrutura\",\"potentialAction\":[{\"@type\":\"SearchAction\",\"target\":{\"@type\":\"EntryPoint\",\"urlTemplate\":\"https:\/\/www.manaus.am.gov.br\/seminf\/?s={search_term_string}\"},\"query-input\":\"required name=search_term_string\"}],\"inLanguage\":\"pt-BR\"},{\"@type\":\"Person\",\"@id\":\"https:\/\/www.manaus.am.gov.br\/seminf\/#\/schema\/person\/466a0e03ae4b6062809046bd560ac955\",\"name\":\"bvalente\",\"image\":{\"@type\":\"ImageObject\",\"inLanguage\":\"pt-BR\",\"@id\":\"https:\/\/www.manaus.am.gov.br\/seminf\/#\/schema\/person\/image\/\",\"url\":\"https:\/\/secure.gravatar.com\/avatar\/3e69bc2b014bdad41adfec3a39de07d2?s=96&d=mm&r=g\",\"contentUrl\":\"https:\/\/secure.gravatar.com\/avatar\/3e69bc2b014bdad41adfec3a39de07d2?s=96&d=mm&r=g\",\"caption\":\"bvalente\"}}]}<\/script>\n<!-- \/ Yoast SEO plugin. -->","yoast_head_json":{"title":"Prefeitura de Manaus fiscaliza servi\u00e7o de concession\u00e1ria de \u00e1gua ap\u00f3s vazamento no bairro Parque 10 de Novembro\u00a0","description":"A Prefeitura de Manaus, por meio da Secretaria Municipal de Infraestrutura (Seminf) e da Unidade Gestora de Abastecimento de \u00c1gua e Esgotamento Sanit\u00e1rio (UGPM-\u00c1gua), acompanha de forma rigorosa os servi\u00e7os executados pelas concession\u00e1rias no munic\u00edpio","robots":{"index":"index","follow":"follow","max-snippet":"max-snippet:-1","max-image-preview":"max-image-preview:large","max-video-preview":"max-video-preview:-1"},"canonical":"https:\/\/www.manaus.am.gov.br\/seminf\/fiscalizacao-servicos-recuperacao\/","og_locale":"pt_BR","og_type":"article","og_title":"Prefeitura de Manaus fiscaliza servi\u00e7o de concession\u00e1ria de \u00e1gua ap\u00f3s vazamento no bairro Parque 10 de Novembro\u00a0","og_description":"A Prefeitura de Manaus, por meio da Secretaria Municipal de Infraestrutura (Seminf) e da Unidade Gestora de Abastecimento de \u00c1gua e Esgotamento Sanit\u00e1rio (UGPM-\u00c1gua), acompanha de forma rigorosa os servi\u00e7os executados pelas concession\u00e1rias no munic\u00edpio","og_url":"https:\/\/www.manaus.am.gov.br\/seminf\/fiscalizacao-servicos-recuperacao\/","og_site_name":"SEMINF","article_published_time":"2026-01-07T19:46:45+00:00","article_modified_time":"2026-01-07T19:46:46+00:00","og_image":[{"width":1600,"height":1200,"url":"https:\/\/www.manaus.am.gov.br\/seminf\/wp-content\/uploads\/sites\/6\/2026\/01\/Prefeitura-de-Manaus-fiscaliza-servico-de-concessionaria-de-agua-apos-vazamento-no-bairro-Parque-10-de-Novembro-.jpg","type":"image\/jpeg"}],"author":"bvalente","twitter_card":"summary_large_image","twitter_misc":{"Written by":"bvalente","Est. reading time":"3 minutos"},"schema":{"@context":"https:\/\/schema.org","@graph":[{"@type":"WebPage","@id":"https:\/\/www.manaus.am.gov.br\/seminf\/fiscalizacao-servicos-recuperacao\/","url":"https:\/\/www.manaus.am.gov.br\/seminf\/fiscalizacao-servicos-recuperacao\/","name":"Prefeitura de Manaus fiscaliza servi\u00e7o de concession\u00e1ria de \u00e1gua ap\u00f3s vazamento no bairro Parque 10 de Novembro\u00a0","isPartOf":{"@id":"https:\/\/www.manaus.am.gov.br\/seminf\/#website"},"primaryImageOfPage":{"@id":"https:\/\/www.manaus.am.gov.br\/seminf\/fiscalizacao-servicos-recuperacao\/#primaryimage"},"image":{"@id":"https:\/\/www.manaus.am.gov.br\/seminf\/fiscalizacao-servicos-recuperacao\/#primaryimage"},"thumbnailUrl":"https:\/\/www.manaus.am.gov.br\/seminf\/wp-content\/uploads\/sites\/6\/2026\/01\/Prefeitura-de-Manaus-fiscaliza-servico-de-concessionaria-de-agua-apos-vazamento-no-bairro-Parque-10-de-Novembro-.jpg","datePublished":"2026-01-07T19:46:45+00:00","dateModified":"2026-01-07T19:46:46+00:00","author":{"@id":"https:\/\/www.manaus.am.gov.br\/seminf\/#\/schema\/person\/466a0e03ae4b6062809046bd560ac955"},"description":"A Prefeitura de Manaus, por meio da Secretaria Municipal de Infraestrutura (Seminf) e da Unidade Gestora de Abastecimento de \u00c1gua e Esgotamento Sanit\u00e1rio (UGPM-\u00c1gua), acompanha de forma rigorosa os servi\u00e7os executados pelas concession\u00e1rias no munic\u00edpio","inLanguage":"pt-BR","potentialAction":[{"@type":"ReadAction","target":["https:\/\/www.manaus.am.gov.br\/seminf\/fiscalizacao-servicos-recuperacao\/"]}]},{"@type":"ImageObject","inLanguage":"pt-BR","@id":"https:\/\/www.manaus.am.gov.br\/seminf\/fiscalizacao-servicos-recuperacao\/#primaryimage","url":"https:\/\/www.manaus.am.gov.br\/seminf\/wp-content\/uploads\/sites\/6\/2026\/01\/Prefeitura-de-Manaus-fiscaliza-servico-de-concessionaria-de-agua-apos-vazamento-no-bairro-Parque-10-de-Novembro-.jpg","contentUrl":"https:\/\/www.manaus.am.gov.br\/seminf\/wp-content\/uploads\/sites\/6\/2026\/01\/Prefeitura-de-Manaus-fiscaliza-servico-de-concessionaria-de-agua-apos-vazamento-no-bairro-Parque-10-de-Novembro-.jpg","width":1600,"height":1200,"caption":"#paratodosverem - Equipes de concession\u00e1ria respons\u00e1vel pelo servi\u00e7o, realizando recupera\u00e7\u00e3o em via, ap\u00f3s fiscaliza\u00e7\u00e3o da prefeitura"},{"@type":"WebSite","@id":"https:\/\/www.manaus.am.gov.br\/seminf\/#website","url":"https:\/\/www.manaus.am.gov.br\/seminf\/","name":"Secretaria de Infraestrutura","description":"Secretaria Municipal de Infraestrutura","potentialAction":[{"@type":"SearchAction","target":{"@type":"EntryPoint","urlTemplate":"https:\/\/www.manaus.am.gov.br\/seminf\/?s={search_term_string}"},"query-input":"required name=search_term_string"}],"inLanguage":"pt-BR"},{"@type":"Person","@id":"https:\/\/www.manaus.am.gov.br\/seminf\/#\/schema\/person\/466a0e03ae4b6062809046bd560ac955","name":"bvalente","image":{"@type":"ImageObject","inLanguage":"pt-BR","@id":"https:\/\/www.manaus.am.gov.br\/seminf\/#\/schema\/person\/image\/","url":"https:\/\/secure.gravatar.com\/avatar\/3e69bc2b014bdad41adfec3a39de07d2?s=96&d=mm&r=g","contentUrl":"https:\/\/secure.gravatar.com\/avatar\/3e69bc2b014bdad41adfec3a39de07d2?s=96&d=mm&r=g","caption":"bvalente"}}]}},"_links":{"self":[{"href":"https:\/\/www.manaus.am.gov.br\/seminf\/wp-json\/wp\/v2\/posts\/8071"}],"collection":[{"href":"https:\/\/www.manaus.am.gov.br\/seminf\/wp-json\/wp\/v2\/posts"}],"about":[{"href":"https:\/\/www.manaus.am.gov.br\/seminf\/wp-json\/wp\/v2\/types\/post"}],"author":[{"embeddable":true,"href":"https:\/\/www.manaus.am.gov.br\/seminf\/wp-json\/wp\/v2\/users\/68"}],"replies":[{"embeddable":true,"href":"https:\/\/www.manaus.am.gov.br\/seminf\/wp-json\/wp\/v2\/comments?post=8071"}],"version-history":[{"count":0,"href":"https:\/\/www.manaus.am.gov.br\/seminf\/wp-json\/wp\/v2\/posts\/8071\/revisions"}],"wp:featuredmedia":[{"embeddable":true,"href":"https:\/\/www.manaus.am.gov.br\/seminf\/wp-json\/wp\/v2\/media\/8072"}],"wp:attachment":[{"href":"https:\/\/www.manaus.am.gov.br\/seminf\/wp-json\/wp\/v2\/media?parent=8071"}],"wp:term":[{"taxonomy":"category","embeddable":true,"href":"https:\/\/www.manaus.am.gov.br\/seminf\/wp-json\/wp\/v2\/categories?post=8071"},{"taxonomy":"post_tag","embeddable":true,"href":"https:\/\/www.manaus.am.gov.br\/seminf\/wp-json\/wp\/v2\/tags?post=8071"}],"curies":[{"name":"wp","href":"https:\/\/api.w.org\/{rel}","templated":true}]}}