{"id":8069,"date":"2026-01-06T19:14:19","date_gmt":"2026-01-06T23:14:19","guid":{"rendered":"https:\/\/www.manaus.am.gov.br\/seminf\/servicos-de-recuperacao-asfaltica-8\/"},"modified":"2026-01-06T19:14:21","modified_gmt":"2026-01-06T23:14:21","slug":"servicos-de-recuperacao-asfaltica-8","status":"publish","type":"post","link":"https:\/\/www.manaus.am.gov.br\/seminf\/servicos-de-recuperacao-asfaltica-8\/","title":{"rendered":"Prefeitura de Manaus realiza servi\u00e7os de recupera\u00e7\u00e3o asf\u00e1ltica no bairro Japiim\u00a0"},"content":{"rendered":"\n<p>Nesta ter\u00e7a-feira, 6\/1, uma frente de obras da Prefeitura de Manaus, por meio da Secretaria Municipal de Infraestrutura (Seminf), levou melhorias para a travessa Manaus 2000, localizada no bairro Japiim, zona Sul. No local, foram realizados servi\u00e7os de recupera\u00e7\u00e3o asf\u00e1ltica no pavimento.&nbsp;<\/p>\n\n\n\n<p>O vice-prefeito e secret\u00e1rio de Obras, Renato Junior, destaca que na primeira semana de janeiro o trabalho \u00e9 vis\u00edvel na cidade.<\/p>\n\n\n\n<p>\u201cNa gest\u00e3o do prefeito David Almeida, o trabalho segue em ritmo constante, sem pausa. Desde os primeiros dias de janeiro, nossas equipes est\u00e3o nas ruas, todos os dias, levando obras e melhorias para todas as \u00e1reas da cidade. \u00c9 assim que seguimos, com compromisso e responsabilidade\u201d, ressalta Renato Junior.<\/p>\n\n\n\n<p>A rua estava comprometida pelo desgaste do pavimento e pela forma\u00e7\u00e3o de buracos e po\u00e7as de lamas, principalmente quando chovia. O local recebeu uma equipe formada por 15 trabalhadores que executaram a manuten\u00e7\u00e3o das partes deterioradas, devolvendo a trafegabilidade para os moradores.&nbsp;<\/p>\n\n\n\n<p>O mec\u00e2nico Adevan Paes da Silva, 61 anos, que tem um estabelecimento na rua, acompanhou os trabalhos e relatou que j\u00e1 sentiu a diferen\u00e7a.&nbsp;<\/p>\n\n\n\n<p>\u201cEsse servi\u00e7o ficou muito bom, a Prefeitura de Manaus \u00e9 muito eficiente. A rua estava ficando intransit\u00e1vel e o fluxo de ve\u00edculos \u00e9 muito grande, ainda mais os de grande porte, em hor\u00e1rio de pico \u00e9 muito movimento. Esse trabalho da prefeitura vai ajudar bastante\u201d, relata o morador.<\/p>\n\n\n\n<p>\u2014&#8211; \u2014&#8212; \u2014&#8211;<br><strong>Texto &#8211; <\/strong>Rayana Coutinho\/ Seminf<br><strong>Fotos &#8211; <\/strong>M\u00e1rcio Melo\/ Seminf<\/p>\n","protected":false},"excerpt":{"rendered":"","protected":false},"author":68,"featured_media":8070,"comment_status":"closed","ping_status":"closed","sticky":false,"template":"","format":"standard","meta":{"footnotes":""},"categories":[4],"tags":[1843,43,26,855],"acf":[],"yoast_head":"<!-- This site is optimized with the Yoast SEO plugin v23.0 - https:\/\/yoast.com\/wordpress\/plugins\/seo\/ -->\n<title>Prefeitura realiza recupera\u00e7\u00e3o asf\u00e1ltica no bairro Japiim\u00a0<\/title>\n<meta name=\"description\" content=\"Nesta ter\u00e7a-feira, 6\/1, uma frente de obras da Prefeitura de Manaus, levou melhorias para a travessa Manaus 2000, localizada no bairro Japiim.\" \/>\n<meta name=\"robots\" content=\"index, follow, max-snippet:-1, max-image-preview:large, max-video-preview:-1\" \/>\n<link rel=\"canonical\" href=\"https:\/\/www.manaus.am.gov.br\/seminf\/servicos-de-recuperacao-asfaltica-8\/\" \/>\n<meta property=\"og:locale\" content=\"pt_BR\" \/>\n<meta property=\"og:type\" content=\"article\" \/>\n<meta property=\"og:title\" content=\"Prefeitura realiza recupera\u00e7\u00e3o asf\u00e1ltica no bairro Japiim\u00a0\" \/>\n<meta property=\"og:description\" content=\"Nesta ter\u00e7a-feira, 6\/1, uma frente de obras da Prefeitura de Manaus, levou melhorias para a travessa Manaus 2000, localizada no bairro Japiim.\" \/>\n<meta property=\"og:url\" content=\"https:\/\/www.manaus.am.gov.br\/seminf\/servicos-de-recuperacao-asfaltica-8\/\" \/>\n<meta property=\"og:site_name\" content=\"SEMINF\" \/>\n<meta property=\"article:published_time\" content=\"2026-01-06T23:14:19+00:00\" \/>\n<meta property=\"article:modified_time\" content=\"2026-01-06T23:14:21+00:00\" \/>\n<meta property=\"og:image\" content=\"https:\/\/www.manaus.am.gov.br\/seminf\/wp-content\/uploads\/sites\/6\/2026\/01\/736A6366-1024x683.jpg\" \/>\n\t<meta property=\"og:image:width\" content=\"1024\" \/>\n\t<meta property=\"og:image:height\" content=\"683\" \/>\n\t<meta property=\"og:image:type\" content=\"image\/jpeg\" \/>\n<meta name=\"author\" content=\"bvalente\" \/>\n<meta name=\"twitter:card\" content=\"summary_large_image\" \/>\n<meta name=\"twitter:label1\" content=\"Written by\" \/>\n\t<meta name=\"twitter:data1\" content=\"bvalente\" \/>\n\t<meta name=\"twitter:label2\" content=\"Est. reading time\" \/>\n\t<meta name=\"twitter:data2\" content=\"2 minutos\" \/>\n<script type=\"application\/ld+json\" class=\"yoast-schema-graph\">{\"@context\":\"https:\/\/schema.org\",\"@graph\":[{\"@type\":\"WebPage\",\"@id\":\"https:\/\/www.manaus.am.gov.br\/seminf\/servicos-de-recuperacao-asfaltica-8\/\",\"url\":\"https:\/\/www.manaus.am.gov.br\/seminf\/servicos-de-recuperacao-asfaltica-8\/\",\"name\":\"Prefeitura realiza recupera\u00e7\u00e3o asf\u00e1ltica no bairro Japiim\u00a0\",\"isPartOf\":{\"@id\":\"https:\/\/www.manaus.am.gov.br\/seminf\/#website\"},\"primaryImageOfPage\":{\"@id\":\"https:\/\/www.manaus.am.gov.br\/seminf\/servicos-de-recuperacao-asfaltica-8\/#primaryimage\"},\"image\":{\"@id\":\"https:\/\/www.manaus.am.gov.br\/seminf\/servicos-de-recuperacao-asfaltica-8\/#primaryimage\"},\"thumbnailUrl\":\"https:\/\/www.manaus.am.gov.br\/seminf\/wp-content\/uploads\/sites\/6\/2026\/01\/736A6366.jpg\",\"datePublished\":\"2026-01-06T23:14:19+00:00\",\"dateModified\":\"2026-01-06T23:14:21+00:00\",\"author\":{\"@id\":\"https:\/\/www.manaus.am.gov.br\/seminf\/#\/schema\/person\/466a0e03ae4b6062809046bd560ac955\"},\"description\":\"Nesta ter\u00e7a-feira, 6\/1, uma frente de obras da Prefeitura de Manaus, levou melhorias para a travessa Manaus 2000, localizada no bairro Japiim.\",\"inLanguage\":\"pt-BR\",\"potentialAction\":[{\"@type\":\"ReadAction\",\"target\":[\"https:\/\/www.manaus.am.gov.br\/seminf\/servicos-de-recuperacao-asfaltica-8\/\"]}]},{\"@type\":\"ImageObject\",\"inLanguage\":\"pt-BR\",\"@id\":\"https:\/\/www.manaus.am.gov.br\/seminf\/servicos-de-recuperacao-asfaltica-8\/#primaryimage\",\"url\":\"https:\/\/www.manaus.am.gov.br\/seminf\/wp-content\/uploads\/sites\/6\/2026\/01\/736A6366.jpg\",\"contentUrl\":\"https:\/\/www.manaus.am.gov.br\/seminf\/wp-content\/uploads\/sites\/6\/2026\/01\/736A6366.jpg\",\"width\":6720,\"height\":4480,\"caption\":\"#paratodosverem - Servidores da Seminf aplicando asfalto novo em via\"},{\"@type\":\"WebSite\",\"@id\":\"https:\/\/www.manaus.am.gov.br\/seminf\/#website\",\"url\":\"https:\/\/www.manaus.am.gov.br\/seminf\/\",\"name\":\"Secretaria de Infraestrutura\",\"description\":\"Secretaria Municipal de Infraestrutura\",\"potentialAction\":[{\"@type\":\"SearchAction\",\"target\":{\"@type\":\"EntryPoint\",\"urlTemplate\":\"https:\/\/www.manaus.am.gov.br\/seminf\/?s={search_term_string}\"},\"query-input\":\"required name=search_term_string\"}],\"inLanguage\":\"pt-BR\"},{\"@type\":\"Person\",\"@id\":\"https:\/\/www.manaus.am.gov.br\/seminf\/#\/schema\/person\/466a0e03ae4b6062809046bd560ac955\",\"name\":\"bvalente\",\"image\":{\"@type\":\"ImageObject\",\"inLanguage\":\"pt-BR\",\"@id\":\"https:\/\/www.manaus.am.gov.br\/seminf\/#\/schema\/person\/image\/\",\"url\":\"https:\/\/secure.gravatar.com\/avatar\/3e69bc2b014bdad41adfec3a39de07d2?s=96&d=mm&r=g\",\"contentUrl\":\"https:\/\/secure.gravatar.com\/avatar\/3e69bc2b014bdad41adfec3a39de07d2?s=96&d=mm&r=g\",\"caption\":\"bvalente\"}}]}<\/script>\n<!-- \/ Yoast SEO plugin. -->","yoast_head_json":{"title":"Prefeitura realiza recupera\u00e7\u00e3o asf\u00e1ltica no bairro Japiim\u00a0","description":"Nesta ter\u00e7a-feira, 6\/1, uma frente de obras da Prefeitura de Manaus, levou melhorias para a travessa Manaus 2000, localizada no bairro Japiim.","robots":{"index":"index","follow":"follow","max-snippet":"max-snippet:-1","max-image-preview":"max-image-preview:large","max-video-preview":"max-video-preview:-1"},"canonical":"https:\/\/www.manaus.am.gov.br\/seminf\/servicos-de-recuperacao-asfaltica-8\/","og_locale":"pt_BR","og_type":"article","og_title":"Prefeitura realiza recupera\u00e7\u00e3o asf\u00e1ltica no bairro Japiim\u00a0","og_description":"Nesta ter\u00e7a-feira, 6\/1, uma frente de obras da Prefeitura de Manaus, levou melhorias para a travessa Manaus 2000, localizada no bairro Japiim.","og_url":"https:\/\/www.manaus.am.gov.br\/seminf\/servicos-de-recuperacao-asfaltica-8\/","og_site_name":"SEMINF","article_published_time":"2026-01-06T23:14:19+00:00","article_modified_time":"2026-01-06T23:14:21+00:00","og_image":[{"width":1024,"height":683,"url":"https:\/\/www.manaus.am.gov.br\/seminf\/wp-content\/uploads\/sites\/6\/2026\/01\/736A6366-1024x683.jpg","type":"image\/jpeg"}],"author":"bvalente","twitter_card":"summary_large_image","twitter_misc":{"Written by":"bvalente","Est. reading time":"2 minutos"},"schema":{"@context":"https:\/\/schema.org","@graph":[{"@type":"WebPage","@id":"https:\/\/www.manaus.am.gov.br\/seminf\/servicos-de-recuperacao-asfaltica-8\/","url":"https:\/\/www.manaus.am.gov.br\/seminf\/servicos-de-recuperacao-asfaltica-8\/","name":"Prefeitura realiza recupera\u00e7\u00e3o asf\u00e1ltica no bairro Japiim\u00a0","isPartOf":{"@id":"https:\/\/www.manaus.am.gov.br\/seminf\/#website"},"primaryImageOfPage":{"@id":"https:\/\/www.manaus.am.gov.br\/seminf\/servicos-de-recuperacao-asfaltica-8\/#primaryimage"},"image":{"@id":"https:\/\/www.manaus.am.gov.br\/seminf\/servicos-de-recuperacao-asfaltica-8\/#primaryimage"},"thumbnailUrl":"https:\/\/www.manaus.am.gov.br\/seminf\/wp-content\/uploads\/sites\/6\/2026\/01\/736A6366.jpg","datePublished":"2026-01-06T23:14:19+00:00","dateModified":"2026-01-06T23:14:21+00:00","author":{"@id":"https:\/\/www.manaus.am.gov.br\/seminf\/#\/schema\/person\/466a0e03ae4b6062809046bd560ac955"},"description":"Nesta ter\u00e7a-feira, 6\/1, uma frente de obras da Prefeitura de Manaus, levou melhorias para a travessa Manaus 2000, localizada no bairro Japiim.","inLanguage":"pt-BR","potentialAction":[{"@type":"ReadAction","target":["https:\/\/www.manaus.am.gov.br\/seminf\/servicos-de-recuperacao-asfaltica-8\/"]}]},{"@type":"ImageObject","inLanguage":"pt-BR","@id":"https:\/\/www.manaus.am.gov.br\/seminf\/servicos-de-recuperacao-asfaltica-8\/#primaryimage","url":"https:\/\/www.manaus.am.gov.br\/seminf\/wp-content\/uploads\/sites\/6\/2026\/01\/736A6366.jpg","contentUrl":"https:\/\/www.manaus.am.gov.br\/seminf\/wp-content\/uploads\/sites\/6\/2026\/01\/736A6366.jpg","width":6720,"height":4480,"caption":"#paratodosverem - Servidores da Seminf aplicando asfalto novo em via"},{"@type":"WebSite","@id":"https:\/\/www.manaus.am.gov.br\/seminf\/#website","url":"https:\/\/www.manaus.am.gov.br\/seminf\/","name":"Secretaria de Infraestrutura","description":"Secretaria Municipal de Infraestrutura","potentialAction":[{"@type":"SearchAction","target":{"@type":"EntryPoint","urlTemplate":"https:\/\/www.manaus.am.gov.br\/seminf\/?s={search_term_string}"},"query-input":"required name=search_term_string"}],"inLanguage":"pt-BR"},{"@type":"Person","@id":"https:\/\/www.manaus.am.gov.br\/seminf\/#\/schema\/person\/466a0e03ae4b6062809046bd560ac955","name":"bvalente","image":{"@type":"ImageObject","inLanguage":"pt-BR","@id":"https:\/\/www.manaus.am.gov.br\/seminf\/#\/schema\/person\/image\/","url":"https:\/\/secure.gravatar.com\/avatar\/3e69bc2b014bdad41adfec3a39de07d2?s=96&d=mm&r=g","contentUrl":"https:\/\/secure.gravatar.com\/avatar\/3e69bc2b014bdad41adfec3a39de07d2?s=96&d=mm&r=g","caption":"bvalente"}}]}},"_links":{"self":[{"href":"https:\/\/www.manaus.am.gov.br\/seminf\/wp-json\/wp\/v2\/posts\/8069"}],"collection":[{"href":"https:\/\/www.manaus.am.gov.br\/seminf\/wp-json\/wp\/v2\/posts"}],"about":[{"href":"https:\/\/www.manaus.am.gov.br\/seminf\/wp-json\/wp\/v2\/types\/post"}],"author":[{"embeddable":true,"href":"https:\/\/www.manaus.am.gov.br\/seminf\/wp-json\/wp\/v2\/users\/68"}],"replies":[{"embeddable":true,"href":"https:\/\/www.manaus.am.gov.br\/seminf\/wp-json\/wp\/v2\/comments?post=8069"}],"version-history":[{"count":0,"href":"https:\/\/www.manaus.am.gov.br\/seminf\/wp-json\/wp\/v2\/posts\/8069\/revisions"}],"wp:featuredmedia":[{"embeddable":true,"href":"https:\/\/www.manaus.am.gov.br\/seminf\/wp-json\/wp\/v2\/media\/8070"}],"wp:attachment":[{"href":"https:\/\/www.manaus.am.gov.br\/seminf\/wp-json\/wp\/v2\/media?parent=8069"}],"wp:term":[{"taxonomy":"category","embeddable":true,"href":"https:\/\/www.manaus.am.gov.br\/seminf\/wp-json\/wp\/v2\/categories?post=8069"},{"taxonomy":"post_tag","embeddable":true,"href":"https:\/\/www.manaus.am.gov.br\/seminf\/wp-json\/wp\/v2\/tags?post=8069"}],"curies":[{"name":"wp","href":"https:\/\/api.w.org\/{rel}","templated":true}]}}