{"id":8067,"date":"2026-01-06T17:20:08","date_gmt":"2026-01-06T21:20:08","guid":{"rendered":"https:\/\/www.manaus.am.gov.br\/seminf\/obras-rede-de-drenagem-profunda-2\/"},"modified":"2026-01-06T17:20:09","modified_gmt":"2026-01-06T21:20:09","slug":"obras-rede-de-drenagem-profunda-2","status":"publish","type":"post","link":"https:\/\/www.manaus.am.gov.br\/seminf\/obras-rede-de-drenagem-profunda-2\/","title":{"rendered":"Prefeitura de Manaus implanta novos tubos em rede de drenagem profunda no bairro Nossa Senhora das Gra\u00e7as\u00a0"},"content":{"rendered":"\n<p>A Prefeitura de Manaus, por meio da Secretaria Municipal de Infraestrutura (Seminf), trabalhou, nesta ter\u00e7a-feira, 6\/1, na moderniza\u00e7\u00e3o da rede de drenagem da rua Libertador, no bairro Nossa Senhora das Gra\u00e7as, com a implanta\u00e7\u00e3o de novos tubos no sistema, que ir\u00e1 proporcionar mais resist\u00eancia e durabilidade na \u00e1rea.&nbsp;<\/p>\n\n\n\n<p>\u201cCome\u00e7amos 2026 do mesmo jeito que iniciamos essa gest\u00e3o, com muito trabalho por Manaus. A determina\u00e7\u00e3o do prefeito David Almeida \u00e9 seguir avan\u00e7ando, e \u00e9 isso que estamos fazendo. As equipes da Seminf est\u00e3o nas ruas, atuando ao mesmo tempo em todas as zonas da cidade, garantindo que as melhorias cheguem a quem mais precisa, com agilidade e responsabilidade\u201d, afirma o vice-prefeito e secret\u00e1rio de Obras, Renato Junior.<\/p>\n\n\n\n<p>A parte lateral da via estava comprometida com a abertura de um buraco, que aumentou de tamanho por conta do rompimento da tubula\u00e7\u00e3o em decorr\u00eancia do volume das \u00e1guas das chuvas.&nbsp;<\/p>\n\n\n\n<p>De forma imediata, a secretaria de Obras atendeu a solicita\u00e7\u00e3o dos moradores, e trabalhou na manuten\u00e7\u00e3o do sistema da rede de drenagem. A professora Kathiane Viana, 33 anos, agradece a prefeitura pela obra de manuten\u00e7\u00e3o na sua rua.&nbsp;<\/p>\n\n\n\n<p>\u201cEu estou bem aliviada porque a Prefeitura de Manaus est\u00e1 presente na nossa \u00e1rea, este buraco estava aumentando com as fortes chuvas, e essa rua \u00e9 bastante movimentada. Agradecemos por mais um trabalho sendo realizado. Obrigada prefeito David Almeida e vice Renato, por resolver esse problema no nosso bairro\u201d, celebrou a moradora.<\/p>\n\n\n\n<p>\u2014&#8211; \u2014&#8212; \u2014&#8211;<br><strong>Texto &#8211; <\/strong>Rayana Coutinho\/ Seminf\u00a0<br><strong>Fotos &#8211; <\/strong>M\u00e1rcio Melo\/ Seminf\u00a0<\/p>\n","protected":false},"excerpt":{"rendered":"","protected":false},"author":68,"featured_media":8068,"comment_status":"closed","ping_status":"closed","sticky":false,"template":"","format":"standard","meta":{"footnotes":""},"categories":[3],"tags":[22,2953,2794,43,26],"acf":[],"yoast_head":"<!-- This site is optimized with the Yoast SEO plugin v23.0 - https:\/\/yoast.com\/wordpress\/plugins\/seo\/ -->\n<title>Prefeitura implanta novos tubos em rede de drenagem profunda<\/title>\n<meta name=\"description\" content=\"A Prefeitura trabalhou, nesta ter\u00e7a-feira, 6\/1, na moderniza\u00e7\u00e3o da rede de drenagem da rua Libertador, no bairro Nossa Senhora das Gra\u00e7as,\" \/>\n<meta name=\"robots\" content=\"index, follow, max-snippet:-1, max-image-preview:large, max-video-preview:-1\" \/>\n<link rel=\"canonical\" href=\"https:\/\/www.manaus.am.gov.br\/seminf\/obras-rede-de-drenagem-profunda-2\/\" \/>\n<meta property=\"og:locale\" content=\"pt_BR\" \/>\n<meta property=\"og:type\" content=\"article\" \/>\n<meta property=\"og:title\" content=\"Prefeitura implanta novos tubos em rede de drenagem profunda\" \/>\n<meta property=\"og:description\" content=\"A Prefeitura trabalhou, nesta ter\u00e7a-feira, 6\/1, na moderniza\u00e7\u00e3o da rede de drenagem da rua Libertador, no bairro Nossa Senhora das Gra\u00e7as,\" \/>\n<meta property=\"og:url\" content=\"https:\/\/www.manaus.am.gov.br\/seminf\/obras-rede-de-drenagem-profunda-2\/\" \/>\n<meta property=\"og:site_name\" content=\"SEMINF\" \/>\n<meta property=\"article:published_time\" content=\"2026-01-06T21:20:08+00:00\" \/>\n<meta property=\"article:modified_time\" content=\"2026-01-06T21:20:09+00:00\" \/>\n<meta property=\"og:image\" content=\"https:\/\/www.manaus.am.gov.br\/seminf\/wp-content\/uploads\/sites\/6\/2026\/01\/736A6342-1024x683.jpg\" \/>\n\t<meta property=\"og:image:width\" content=\"1024\" \/>\n\t<meta property=\"og:image:height\" content=\"683\" \/>\n\t<meta property=\"og:image:type\" content=\"image\/jpeg\" \/>\n<meta name=\"author\" content=\"bvalente\" \/>\n<meta name=\"twitter:card\" content=\"summary_large_image\" \/>\n<meta name=\"twitter:label1\" content=\"Written by\" \/>\n\t<meta name=\"twitter:data1\" content=\"bvalente\" \/>\n\t<meta name=\"twitter:label2\" content=\"Est. reading time\" \/>\n\t<meta name=\"twitter:data2\" content=\"2 minutos\" \/>\n<script type=\"application\/ld+json\" class=\"yoast-schema-graph\">{\"@context\":\"https:\/\/schema.org\",\"@graph\":[{\"@type\":\"WebPage\",\"@id\":\"https:\/\/www.manaus.am.gov.br\/seminf\/obras-rede-de-drenagem-profunda-2\/\",\"url\":\"https:\/\/www.manaus.am.gov.br\/seminf\/obras-rede-de-drenagem-profunda-2\/\",\"name\":\"Prefeitura implanta novos tubos em rede de drenagem profunda\",\"isPartOf\":{\"@id\":\"https:\/\/www.manaus.am.gov.br\/seminf\/#website\"},\"primaryImageOfPage\":{\"@id\":\"https:\/\/www.manaus.am.gov.br\/seminf\/obras-rede-de-drenagem-profunda-2\/#primaryimage\"},\"image\":{\"@id\":\"https:\/\/www.manaus.am.gov.br\/seminf\/obras-rede-de-drenagem-profunda-2\/#primaryimage\"},\"thumbnailUrl\":\"https:\/\/www.manaus.am.gov.br\/seminf\/wp-content\/uploads\/sites\/6\/2026\/01\/736A6342.jpg\",\"datePublished\":\"2026-01-06T21:20:08+00:00\",\"dateModified\":\"2026-01-06T21:20:09+00:00\",\"author\":{\"@id\":\"https:\/\/www.manaus.am.gov.br\/seminf\/#\/schema\/person\/466a0e03ae4b6062809046bd560ac955\"},\"description\":\"A Prefeitura trabalhou, nesta ter\u00e7a-feira, 6\/1, na moderniza\u00e7\u00e3o da rede de drenagem da rua Libertador, no bairro Nossa Senhora das Gra\u00e7as,\",\"inLanguage\":\"pt-BR\",\"potentialAction\":[{\"@type\":\"ReadAction\",\"target\":[\"https:\/\/www.manaus.am.gov.br\/seminf\/obras-rede-de-drenagem-profunda-2\/\"]}]},{\"@type\":\"ImageObject\",\"inLanguage\":\"pt-BR\",\"@id\":\"https:\/\/www.manaus.am.gov.br\/seminf\/obras-rede-de-drenagem-profunda-2\/#primaryimage\",\"url\":\"https:\/\/www.manaus.am.gov.br\/seminf\/wp-content\/uploads\/sites\/6\/2026\/01\/736A6342.jpg\",\"contentUrl\":\"https:\/\/www.manaus.am.gov.br\/seminf\/wp-content\/uploads\/sites\/6\/2026\/01\/736A6342.jpg\",\"width\":6720,\"height\":4480,\"caption\":\"#paratodosverem - Servidores da Seminf realizando a implanta\u00e7\u00e3o de novos tubos no sistema de drenagem em via\"},{\"@type\":\"WebSite\",\"@id\":\"https:\/\/www.manaus.am.gov.br\/seminf\/#website\",\"url\":\"https:\/\/www.manaus.am.gov.br\/seminf\/\",\"name\":\"Secretaria de Infraestrutura\",\"description\":\"Secretaria Municipal de Infraestrutura\",\"potentialAction\":[{\"@type\":\"SearchAction\",\"target\":{\"@type\":\"EntryPoint\",\"urlTemplate\":\"https:\/\/www.manaus.am.gov.br\/seminf\/?s={search_term_string}\"},\"query-input\":\"required name=search_term_string\"}],\"inLanguage\":\"pt-BR\"},{\"@type\":\"Person\",\"@id\":\"https:\/\/www.manaus.am.gov.br\/seminf\/#\/schema\/person\/466a0e03ae4b6062809046bd560ac955\",\"name\":\"bvalente\",\"image\":{\"@type\":\"ImageObject\",\"inLanguage\":\"pt-BR\",\"@id\":\"https:\/\/www.manaus.am.gov.br\/seminf\/#\/schema\/person\/image\/\",\"url\":\"https:\/\/secure.gravatar.com\/avatar\/3e69bc2b014bdad41adfec3a39de07d2?s=96&d=mm&r=g\",\"contentUrl\":\"https:\/\/secure.gravatar.com\/avatar\/3e69bc2b014bdad41adfec3a39de07d2?s=96&d=mm&r=g\",\"caption\":\"bvalente\"}}]}<\/script>\n<!-- \/ Yoast SEO plugin. -->","yoast_head_json":{"title":"Prefeitura implanta novos tubos em rede de drenagem profunda","description":"A Prefeitura trabalhou, nesta ter\u00e7a-feira, 6\/1, na moderniza\u00e7\u00e3o da rede de drenagem da rua Libertador, no bairro Nossa Senhora das Gra\u00e7as,","robots":{"index":"index","follow":"follow","max-snippet":"max-snippet:-1","max-image-preview":"max-image-preview:large","max-video-preview":"max-video-preview:-1"},"canonical":"https:\/\/www.manaus.am.gov.br\/seminf\/obras-rede-de-drenagem-profunda-2\/","og_locale":"pt_BR","og_type":"article","og_title":"Prefeitura implanta novos tubos em rede de drenagem profunda","og_description":"A Prefeitura trabalhou, nesta ter\u00e7a-feira, 6\/1, na moderniza\u00e7\u00e3o da rede de drenagem da rua Libertador, no bairro Nossa Senhora das Gra\u00e7as,","og_url":"https:\/\/www.manaus.am.gov.br\/seminf\/obras-rede-de-drenagem-profunda-2\/","og_site_name":"SEMINF","article_published_time":"2026-01-06T21:20:08+00:00","article_modified_time":"2026-01-06T21:20:09+00:00","og_image":[{"width":1024,"height":683,"url":"https:\/\/www.manaus.am.gov.br\/seminf\/wp-content\/uploads\/sites\/6\/2026\/01\/736A6342-1024x683.jpg","type":"image\/jpeg"}],"author":"bvalente","twitter_card":"summary_large_image","twitter_misc":{"Written by":"bvalente","Est. reading time":"2 minutos"},"schema":{"@context":"https:\/\/schema.org","@graph":[{"@type":"WebPage","@id":"https:\/\/www.manaus.am.gov.br\/seminf\/obras-rede-de-drenagem-profunda-2\/","url":"https:\/\/www.manaus.am.gov.br\/seminf\/obras-rede-de-drenagem-profunda-2\/","name":"Prefeitura implanta novos tubos em rede de drenagem profunda","isPartOf":{"@id":"https:\/\/www.manaus.am.gov.br\/seminf\/#website"},"primaryImageOfPage":{"@id":"https:\/\/www.manaus.am.gov.br\/seminf\/obras-rede-de-drenagem-profunda-2\/#primaryimage"},"image":{"@id":"https:\/\/www.manaus.am.gov.br\/seminf\/obras-rede-de-drenagem-profunda-2\/#primaryimage"},"thumbnailUrl":"https:\/\/www.manaus.am.gov.br\/seminf\/wp-content\/uploads\/sites\/6\/2026\/01\/736A6342.jpg","datePublished":"2026-01-06T21:20:08+00:00","dateModified":"2026-01-06T21:20:09+00:00","author":{"@id":"https:\/\/www.manaus.am.gov.br\/seminf\/#\/schema\/person\/466a0e03ae4b6062809046bd560ac955"},"description":"A Prefeitura trabalhou, nesta ter\u00e7a-feira, 6\/1, na moderniza\u00e7\u00e3o da rede de drenagem da rua Libertador, no bairro Nossa Senhora das Gra\u00e7as,","inLanguage":"pt-BR","potentialAction":[{"@type":"ReadAction","target":["https:\/\/www.manaus.am.gov.br\/seminf\/obras-rede-de-drenagem-profunda-2\/"]}]},{"@type":"ImageObject","inLanguage":"pt-BR","@id":"https:\/\/www.manaus.am.gov.br\/seminf\/obras-rede-de-drenagem-profunda-2\/#primaryimage","url":"https:\/\/www.manaus.am.gov.br\/seminf\/wp-content\/uploads\/sites\/6\/2026\/01\/736A6342.jpg","contentUrl":"https:\/\/www.manaus.am.gov.br\/seminf\/wp-content\/uploads\/sites\/6\/2026\/01\/736A6342.jpg","width":6720,"height":4480,"caption":"#paratodosverem - Servidores da Seminf realizando a implanta\u00e7\u00e3o de novos tubos no sistema de drenagem em via"},{"@type":"WebSite","@id":"https:\/\/www.manaus.am.gov.br\/seminf\/#website","url":"https:\/\/www.manaus.am.gov.br\/seminf\/","name":"Secretaria de Infraestrutura","description":"Secretaria Municipal de Infraestrutura","potentialAction":[{"@type":"SearchAction","target":{"@type":"EntryPoint","urlTemplate":"https:\/\/www.manaus.am.gov.br\/seminf\/?s={search_term_string}"},"query-input":"required name=search_term_string"}],"inLanguage":"pt-BR"},{"@type":"Person","@id":"https:\/\/www.manaus.am.gov.br\/seminf\/#\/schema\/person\/466a0e03ae4b6062809046bd560ac955","name":"bvalente","image":{"@type":"ImageObject","inLanguage":"pt-BR","@id":"https:\/\/www.manaus.am.gov.br\/seminf\/#\/schema\/person\/image\/","url":"https:\/\/secure.gravatar.com\/avatar\/3e69bc2b014bdad41adfec3a39de07d2?s=96&d=mm&r=g","contentUrl":"https:\/\/secure.gravatar.com\/avatar\/3e69bc2b014bdad41adfec3a39de07d2?s=96&d=mm&r=g","caption":"bvalente"}}]}},"_links":{"self":[{"href":"https:\/\/www.manaus.am.gov.br\/seminf\/wp-json\/wp\/v2\/posts\/8067"}],"collection":[{"href":"https:\/\/www.manaus.am.gov.br\/seminf\/wp-json\/wp\/v2\/posts"}],"about":[{"href":"https:\/\/www.manaus.am.gov.br\/seminf\/wp-json\/wp\/v2\/types\/post"}],"author":[{"embeddable":true,"href":"https:\/\/www.manaus.am.gov.br\/seminf\/wp-json\/wp\/v2\/users\/68"}],"replies":[{"embeddable":true,"href":"https:\/\/www.manaus.am.gov.br\/seminf\/wp-json\/wp\/v2\/comments?post=8067"}],"version-history":[{"count":0,"href":"https:\/\/www.manaus.am.gov.br\/seminf\/wp-json\/wp\/v2\/posts\/8067\/revisions"}],"wp:featuredmedia":[{"embeddable":true,"href":"https:\/\/www.manaus.am.gov.br\/seminf\/wp-json\/wp\/v2\/media\/8068"}],"wp:attachment":[{"href":"https:\/\/www.manaus.am.gov.br\/seminf\/wp-json\/wp\/v2\/media?parent=8067"}],"wp:term":[{"taxonomy":"category","embeddable":true,"href":"https:\/\/www.manaus.am.gov.br\/seminf\/wp-json\/wp\/v2\/categories?post=8067"},{"taxonomy":"post_tag","embeddable":true,"href":"https:\/\/www.manaus.am.gov.br\/seminf\/wp-json\/wp\/v2\/tags?post=8067"}],"curies":[{"name":"wp","href":"https:\/\/api.w.org\/{rel}","templated":true}]}}