{"id":8061,"date":"2026-01-05T18:46:10","date_gmt":"2026-01-05T22:46:10","guid":{"rendered":"https:\/\/www.manaus.am.gov.br\/seminf\/recuperacao-galeria-subterranea-maceio\/"},"modified":"2026-01-05T18:46:11","modified_gmt":"2026-01-05T22:46:11","slug":"recuperacao-galeria-subterranea-maceio","status":"publish","type":"post","link":"https:\/\/www.manaus.am.gov.br\/seminf\/recuperacao-galeria-subterranea-maceio\/","title":{"rendered":"Prefeitura de Manaus recupera 30 metros de galeria subterr\u00e2nea na avenida Macei\u00f3"},"content":{"rendered":"\n<p>A Prefeitura de Manaus, por meio da Secretaria Municipal de Infraestrutura (Seminf), deu in\u00edcio, nesta segunda-feira, 5\/1, \u00e0 recupera\u00e7\u00e3o de aproximadamente 30 metros de galeria subterr\u00e2nea na avenida Macei\u00f3, no bairro Adrian\u00f3polis, zona Centro-Sul da capital. A interven\u00e7\u00e3o \u00e9 estrat\u00e9gica para melhorar o escoamento das \u00e1guas pluviais, reduzir pontos de alagamento e assegurar mais seguran\u00e7a para motoristas e pedestres.<\/p>\n\n\n\n<p>De acordo com o vice-prefeito e secret\u00e1rio municipal de Obras, Renato Junior, a atua\u00e7\u00e3o nas grandes avenidas \u00e9 prioridade neste per\u00edodo de chuvas.<\/p>\n\n\n\n<p>\u201cA determina\u00e7\u00e3o do prefeito David Almeida \u00e9 que a prefeitura esteja presente em todos os pontos da cidade, cuidando da infraestrutura com responsabilidade e agilidade, especialmente neste per\u00edodo de chuvas. Aqui na avenida Macei\u00f3, estamos atuando para melhorar o escoamento das \u00e1guas pluviais, prevenir alagamentos e garantir mais seguran\u00e7a para quem circula diariamente pela via\u201d, afirmou Renato Junior.<\/p>\n\n\n\n<p>A obra contempla a remo\u00e7\u00e3o das antigas tubula\u00e7\u00f5es, que apresentavam desgaste, e a implanta\u00e7\u00e3o de novos tubos de concreto armado, mais resistentes e adequados ao alto volume de \u00e1gua e ao intenso tr\u00e1fego da via. Ap\u00f3s essa etapa, as equipes executam a reconstru\u00e7\u00e3o do meio-fio, sarjeta e cal\u00e7adas, restabelecendo completamente a infraestrutura do trecho.<\/p>\n\n\n\n<p>A recupera\u00e7\u00e3o de galerias subterr\u00e2neas em grandes corredores vi\u00e1rios exige aten\u00e7\u00e3o t\u00e9cnica especial, justamente pelo alto fluxo de ve\u00edculos e pedestres, sendo essencial para prevenir alagamentos, danos \u00e0 pista e riscos de acidentes.<\/p>\n\n\n\n<p>A Prefeitura de Manaus segue com um cronograma cont\u00ednuo de obras de drenagem e infraestrutura, reafirmando o compromisso de cuidar da cidade, mesmo nos per\u00edodos mais desafiadores do ano, garantindo mais seguran\u00e7a, mobilidade e qualidade de vida para a popula\u00e7\u00e3o manauara.<\/p>\n\n\n\n<p>&#8212; &#8212; &#8212;<\/p>\n\n\n\n<p><strong>Texto<\/strong>&nbsp;&#8211; Eduarda Lira\/Seminf<\/p>\n\n\n\n<p><strong>Foto<\/strong> &#8211; M\u00e1rcio Melo\/Seminf<\/p>\n","protected":false},"excerpt":{"rendered":"","protected":false},"author":39,"featured_media":8062,"comment_status":"closed","ping_status":"closed","sticky":false,"template":"","format":"standard","meta":{"footnotes":""},"categories":[221],"tags":[1490,1295,640,43,129,26],"acf":[],"yoast_head":"<!-- This site is optimized with the Yoast SEO plugin v23.0 - https:\/\/yoast.com\/wordpress\/plugins\/seo\/ -->\n<title>Prefeitura recupera 30 metros de galeria subterr\u00e2nea na Macei\u00f3<\/title>\n<meta name=\"description\" content=\"Prefeitura de Manaus, por meio da Seminf, recupera 30 metros de galeria subterr\u00e2nea na avenida Macei\u00f3, no bairro Adrian\u00f3polis.\" \/>\n<meta name=\"robots\" content=\"index, follow, max-snippet:-1, max-image-preview:large, max-video-preview:-1\" \/>\n<link rel=\"canonical\" href=\"https:\/\/www.manaus.am.gov.br\/seminf\/recuperacao-galeria-subterranea-maceio\/\" \/>\n<meta property=\"og:locale\" content=\"pt_BR\" \/>\n<meta property=\"og:type\" content=\"article\" \/>\n<meta property=\"og:title\" content=\"Prefeitura recupera 30 metros de galeria subterr\u00e2nea na Macei\u00f3\" \/>\n<meta property=\"og:description\" content=\"Prefeitura de Manaus, por meio da Seminf, recupera 30 metros de galeria subterr\u00e2nea na avenida Macei\u00f3, no bairro Adrian\u00f3polis.\" \/>\n<meta property=\"og:url\" content=\"https:\/\/www.manaus.am.gov.br\/seminf\/recuperacao-galeria-subterranea-maceio\/\" \/>\n<meta property=\"og:site_name\" content=\"SEMINF\" \/>\n<meta property=\"article:published_time\" content=\"2026-01-05T22:46:10+00:00\" \/>\n<meta property=\"article:modified_time\" content=\"2026-01-05T22:46:11+00:00\" \/>\n<meta property=\"og:image\" content=\"https:\/\/www.manaus.am.gov.br\/seminf\/wp-content\/uploads\/sites\/6\/2026\/01\/Intervencao-1.jpeg\" \/>\n\t<meta property=\"og:image:width\" content=\"724\" \/>\n\t<meta property=\"og:image:height\" content=\"474\" \/>\n\t<meta property=\"og:image:type\" content=\"image\/jpeg\" \/>\n<meta name=\"author\" content=\"Bruna Greco\" \/>\n<meta name=\"twitter:card\" content=\"summary_large_image\" \/>\n<meta name=\"twitter:label1\" content=\"Written by\" \/>\n\t<meta name=\"twitter:data1\" content=\"Bruna Greco\" \/>\n\t<meta name=\"twitter:label2\" content=\"Est. reading time\" \/>\n\t<meta name=\"twitter:data2\" content=\"2 minutos\" \/>\n<script type=\"application\/ld+json\" class=\"yoast-schema-graph\">{\"@context\":\"https:\/\/schema.org\",\"@graph\":[{\"@type\":\"WebPage\",\"@id\":\"https:\/\/www.manaus.am.gov.br\/seminf\/recuperacao-galeria-subterranea-maceio\/\",\"url\":\"https:\/\/www.manaus.am.gov.br\/seminf\/recuperacao-galeria-subterranea-maceio\/\",\"name\":\"Prefeitura recupera 30 metros de galeria subterr\u00e2nea na Macei\u00f3\",\"isPartOf\":{\"@id\":\"https:\/\/www.manaus.am.gov.br\/seminf\/#website\"},\"primaryImageOfPage\":{\"@id\":\"https:\/\/www.manaus.am.gov.br\/seminf\/recuperacao-galeria-subterranea-maceio\/#primaryimage\"},\"image\":{\"@id\":\"https:\/\/www.manaus.am.gov.br\/seminf\/recuperacao-galeria-subterranea-maceio\/#primaryimage\"},\"thumbnailUrl\":\"https:\/\/www.manaus.am.gov.br\/seminf\/wp-content\/uploads\/sites\/6\/2026\/01\/Intervencao-1.jpeg\",\"datePublished\":\"2026-01-05T22:46:10+00:00\",\"dateModified\":\"2026-01-05T22:46:11+00:00\",\"author\":{\"@id\":\"https:\/\/www.manaus.am.gov.br\/seminf\/#\/schema\/person\/05d223aea2bf115f9883a6ff3683d81b\"},\"description\":\"Prefeitura de Manaus, por meio da Seminf, recupera 30 metros de galeria subterr\u00e2nea na avenida Macei\u00f3, no bairro Adrian\u00f3polis.\",\"inLanguage\":\"pt-BR\",\"potentialAction\":[{\"@type\":\"ReadAction\",\"target\":[\"https:\/\/www.manaus.am.gov.br\/seminf\/recuperacao-galeria-subterranea-maceio\/\"]}]},{\"@type\":\"ImageObject\",\"inLanguage\":\"pt-BR\",\"@id\":\"https:\/\/www.manaus.am.gov.br\/seminf\/recuperacao-galeria-subterranea-maceio\/#primaryimage\",\"url\":\"https:\/\/www.manaus.am.gov.br\/seminf\/wp-content\/uploads\/sites\/6\/2026\/01\/Intervencao-1.jpeg\",\"contentUrl\":\"https:\/\/www.manaus.am.gov.br\/seminf\/wp-content\/uploads\/sites\/6\/2026\/01\/Intervencao-1.jpeg\",\"width\":724,\"height\":474,\"caption\":\"#paratodosverem - Equipe da Seminf realizando a recupera\u00e7\u00e3o de galeria subterr\u00e2nea na avenida Macei\u00f3, no bairro Adrian\u00f3polis\"},{\"@type\":\"WebSite\",\"@id\":\"https:\/\/www.manaus.am.gov.br\/seminf\/#website\",\"url\":\"https:\/\/www.manaus.am.gov.br\/seminf\/\",\"name\":\"Secretaria de Infraestrutura\",\"description\":\"Secretaria Municipal de Infraestrutura\",\"potentialAction\":[{\"@type\":\"SearchAction\",\"target\":{\"@type\":\"EntryPoint\",\"urlTemplate\":\"https:\/\/www.manaus.am.gov.br\/seminf\/?s={search_term_string}\"},\"query-input\":\"required name=search_term_string\"}],\"inLanguage\":\"pt-BR\"},{\"@type\":\"Person\",\"@id\":\"https:\/\/www.manaus.am.gov.br\/seminf\/#\/schema\/person\/05d223aea2bf115f9883a6ff3683d81b\",\"name\":\"Bruna Greco\",\"image\":{\"@type\":\"ImageObject\",\"inLanguage\":\"pt-BR\",\"@id\":\"https:\/\/www.manaus.am.gov.br\/seminf\/#\/schema\/person\/image\/\",\"url\":\"https:\/\/secure.gravatar.com\/avatar\/9c877d1a6adc2a055330e5c09a8653ce?s=96&d=mm&r=g\",\"contentUrl\":\"https:\/\/secure.gravatar.com\/avatar\/9c877d1a6adc2a055330e5c09a8653ce?s=96&d=mm&r=g\",\"caption\":\"Bruna Greco\"}}]}<\/script>\n<!-- \/ Yoast SEO plugin. -->","yoast_head_json":{"title":"Prefeitura recupera 30 metros de galeria subterr\u00e2nea na Macei\u00f3","description":"Prefeitura de Manaus, por meio da Seminf, recupera 30 metros de galeria subterr\u00e2nea na avenida Macei\u00f3, no bairro Adrian\u00f3polis.","robots":{"index":"index","follow":"follow","max-snippet":"max-snippet:-1","max-image-preview":"max-image-preview:large","max-video-preview":"max-video-preview:-1"},"canonical":"https:\/\/www.manaus.am.gov.br\/seminf\/recuperacao-galeria-subterranea-maceio\/","og_locale":"pt_BR","og_type":"article","og_title":"Prefeitura recupera 30 metros de galeria subterr\u00e2nea na Macei\u00f3","og_description":"Prefeitura de Manaus, por meio da Seminf, recupera 30 metros de galeria subterr\u00e2nea na avenida Macei\u00f3, no bairro Adrian\u00f3polis.","og_url":"https:\/\/www.manaus.am.gov.br\/seminf\/recuperacao-galeria-subterranea-maceio\/","og_site_name":"SEMINF","article_published_time":"2026-01-05T22:46:10+00:00","article_modified_time":"2026-01-05T22:46:11+00:00","og_image":[{"width":724,"height":474,"url":"https:\/\/www.manaus.am.gov.br\/seminf\/wp-content\/uploads\/sites\/6\/2026\/01\/Intervencao-1.jpeg","type":"image\/jpeg"}],"author":"Bruna Greco","twitter_card":"summary_large_image","twitter_misc":{"Written by":"Bruna Greco","Est. reading time":"2 minutos"},"schema":{"@context":"https:\/\/schema.org","@graph":[{"@type":"WebPage","@id":"https:\/\/www.manaus.am.gov.br\/seminf\/recuperacao-galeria-subterranea-maceio\/","url":"https:\/\/www.manaus.am.gov.br\/seminf\/recuperacao-galeria-subterranea-maceio\/","name":"Prefeitura recupera 30 metros de galeria subterr\u00e2nea na Macei\u00f3","isPartOf":{"@id":"https:\/\/www.manaus.am.gov.br\/seminf\/#website"},"primaryImageOfPage":{"@id":"https:\/\/www.manaus.am.gov.br\/seminf\/recuperacao-galeria-subterranea-maceio\/#primaryimage"},"image":{"@id":"https:\/\/www.manaus.am.gov.br\/seminf\/recuperacao-galeria-subterranea-maceio\/#primaryimage"},"thumbnailUrl":"https:\/\/www.manaus.am.gov.br\/seminf\/wp-content\/uploads\/sites\/6\/2026\/01\/Intervencao-1.jpeg","datePublished":"2026-01-05T22:46:10+00:00","dateModified":"2026-01-05T22:46:11+00:00","author":{"@id":"https:\/\/www.manaus.am.gov.br\/seminf\/#\/schema\/person\/05d223aea2bf115f9883a6ff3683d81b"},"description":"Prefeitura de Manaus, por meio da Seminf, recupera 30 metros de galeria subterr\u00e2nea na avenida Macei\u00f3, no bairro Adrian\u00f3polis.","inLanguage":"pt-BR","potentialAction":[{"@type":"ReadAction","target":["https:\/\/www.manaus.am.gov.br\/seminf\/recuperacao-galeria-subterranea-maceio\/"]}]},{"@type":"ImageObject","inLanguage":"pt-BR","@id":"https:\/\/www.manaus.am.gov.br\/seminf\/recuperacao-galeria-subterranea-maceio\/#primaryimage","url":"https:\/\/www.manaus.am.gov.br\/seminf\/wp-content\/uploads\/sites\/6\/2026\/01\/Intervencao-1.jpeg","contentUrl":"https:\/\/www.manaus.am.gov.br\/seminf\/wp-content\/uploads\/sites\/6\/2026\/01\/Intervencao-1.jpeg","width":724,"height":474,"caption":"#paratodosverem - Equipe da Seminf realizando a recupera\u00e7\u00e3o de galeria subterr\u00e2nea na avenida Macei\u00f3, no bairro Adrian\u00f3polis"},{"@type":"WebSite","@id":"https:\/\/www.manaus.am.gov.br\/seminf\/#website","url":"https:\/\/www.manaus.am.gov.br\/seminf\/","name":"Secretaria de Infraestrutura","description":"Secretaria Municipal de Infraestrutura","potentialAction":[{"@type":"SearchAction","target":{"@type":"EntryPoint","urlTemplate":"https:\/\/www.manaus.am.gov.br\/seminf\/?s={search_term_string}"},"query-input":"required name=search_term_string"}],"inLanguage":"pt-BR"},{"@type":"Person","@id":"https:\/\/www.manaus.am.gov.br\/seminf\/#\/schema\/person\/05d223aea2bf115f9883a6ff3683d81b","name":"Bruna Greco","image":{"@type":"ImageObject","inLanguage":"pt-BR","@id":"https:\/\/www.manaus.am.gov.br\/seminf\/#\/schema\/person\/image\/","url":"https:\/\/secure.gravatar.com\/avatar\/9c877d1a6adc2a055330e5c09a8653ce?s=96&d=mm&r=g","contentUrl":"https:\/\/secure.gravatar.com\/avatar\/9c877d1a6adc2a055330e5c09a8653ce?s=96&d=mm&r=g","caption":"Bruna Greco"}}]}},"_links":{"self":[{"href":"https:\/\/www.manaus.am.gov.br\/seminf\/wp-json\/wp\/v2\/posts\/8061"}],"collection":[{"href":"https:\/\/www.manaus.am.gov.br\/seminf\/wp-json\/wp\/v2\/posts"}],"about":[{"href":"https:\/\/www.manaus.am.gov.br\/seminf\/wp-json\/wp\/v2\/types\/post"}],"author":[{"embeddable":true,"href":"https:\/\/www.manaus.am.gov.br\/seminf\/wp-json\/wp\/v2\/users\/39"}],"replies":[{"embeddable":true,"href":"https:\/\/www.manaus.am.gov.br\/seminf\/wp-json\/wp\/v2\/comments?post=8061"}],"version-history":[{"count":0,"href":"https:\/\/www.manaus.am.gov.br\/seminf\/wp-json\/wp\/v2\/posts\/8061\/revisions"}],"wp:featuredmedia":[{"embeddable":true,"href":"https:\/\/www.manaus.am.gov.br\/seminf\/wp-json\/wp\/v2\/media\/8062"}],"wp:attachment":[{"href":"https:\/\/www.manaus.am.gov.br\/seminf\/wp-json\/wp\/v2\/media?parent=8061"}],"wp:term":[{"taxonomy":"category","embeddable":true,"href":"https:\/\/www.manaus.am.gov.br\/seminf\/wp-json\/wp\/v2\/categories?post=8061"},{"taxonomy":"post_tag","embeddable":true,"href":"https:\/\/www.manaus.am.gov.br\/seminf\/wp-json\/wp\/v2\/tags?post=8061"}],"curies":[{"name":"wp","href":"https:\/\/api.w.org\/{rel}","templated":true}]}}