{"id":8051,"date":"2026-01-05T16:02:00","date_gmt":"2026-01-05T20:02:00","guid":{"rendered":"https:\/\/www.manaus.am.gov.br\/seminf\/manutencao-asfaltica-via-distrito-industrial\/"},"modified":"2026-01-05T16:08:56","modified_gmt":"2026-01-05T20:08:56","slug":"manutencao-asfaltica-via-distrito-industrial","status":"publish","type":"post","link":"https:\/\/www.manaus.am.gov.br\/seminf\/manutencao-asfaltica-via-distrito-industrial\/","title":{"rendered":"Servi\u00e7o de manuten\u00e7\u00e3o asf\u00e1ltica \u00e9 executado pela Prefeitura de Manaus em via do Distrito Industrial"},"content":{"rendered":"\n<p>A Prefeitura de Manaus, por meio da Secretaria Municipal de Infraestrutura (Seminf), realiza, nesta segunda-feira, 5\/1, os trabalhos de manuten\u00e7\u00e3o asf\u00e1ltica na rua Javari, no bairro Distrito Industrial 1, na zona Sul da cidade. A via recebe diariamente um grande fluxo de ve\u00edculos pesados, como transporte de carga e transporte p\u00fablico, o que exige manuten\u00e7\u00f5es de forma peri\u00f3dica para garantir seguran\u00e7a aos condutores.&nbsp;<\/p>\n\n\n\n<p>O vice-prefeito e secret\u00e1rio de Obras, Renato Junior, ressaltou que o servi\u00e7o faz parte do cronograma de manuten\u00e7\u00e3o vi\u00e1ria e que tem o objetivo de melhorar a trafegabilidade e a seguran\u00e7a de quem utiliza da \u00e1rea todos os dias.&nbsp;<\/p>\n\n\n\n<p>\u201cEstamos todos os dias nas ruas de Manaus, atuando dentro dos bairros, nos becos, nas vias de menor circula\u00e7\u00e3o e tamb\u00e9m nas grandes avenidas de intenso fluxo de ve\u00edculos, incluindo o Distrito Industrial, por onde passam diariamente cargas e trabalhadores. Cada trecho da cidade recebe a mesma aten\u00e7\u00e3o, o mesmo padr\u00e3o de qualidade e o mesmo compromisso da Seminf, seguindo a determina\u00e7\u00e3o do prefeito David Almeida. Nosso trabalho \u00e9 cuidar da cidade como um todo, garantindo mais seguran\u00e7a, mobilidade e melhorias reais no tr\u00e2nsito para todos os manauaras\u201d, destaca Renato Junior.<\/p>\n\n\n\n<p>As equipes realizam a limpeza e a prepara\u00e7\u00e3o da base com a aplica\u00e7\u00e3o da conhecida pedra rach\u00e3o, utilizada para refor\u00e7ar os trechos deteriorados da via, garantindo assim maior resist\u00eancia e durabilidade ao pavimento ap\u00f3s a compacta\u00e7\u00e3o. Na sequ\u00eancia, \u00e9 executada a aplica\u00e7\u00e3o da nova camada de massa asf\u00e1ltica, com nivelamento adequado, assegurando melhores condi\u00e7\u00f5es de tr\u00e1fego.&nbsp;<\/p>\n\n\n\n<p>\u201cParab\u00e9ns \u00e0 Prefeitura de Manaus. N\u00f3s caminhoneiros agradecemos muito a essa iniciativa, como sempre a Seminf fazendo seu trabalho muito bem\u201d, comemora o caminhoneiro Cleisson Nobre, de 36 anos.<\/p>\n\n\n\n<p>A Prefeitura de Manaus segue intensificando os servi\u00e7os de manuten\u00e7\u00e3o e recupera\u00e7\u00e3o vi\u00e1ria em todas as zonas da cidade, promovendo mais seguran\u00e7a, mobilidade e qualidade de vida para a popula\u00e7\u00e3o da \u00e1rea.<\/p>\n\n\n\n<figure class=\"wp-block-image size-large\"><img loading=\"lazy\" decoding=\"async\" width=\"1024\" height=\"682\" src=\"https:\/\/www.manaus.am.gov.br\/seminf\/wp-content\/uploads\/sites\/6\/2026\/01\/Recuperacao-2-1024x682.jpeg\" alt=\"\" class=\"wp-image-8053\" srcset=\"https:\/\/www.manaus.am.gov.br\/seminf\/wp-content\/uploads\/sites\/6\/2026\/01\/Recuperacao-2-1024x682.jpeg 1024w, https:\/\/www.manaus.am.gov.br\/seminf\/wp-content\/uploads\/sites\/6\/2026\/01\/Recuperacao-2-300x200.jpeg 300w, https:\/\/www.manaus.am.gov.br\/seminf\/wp-content\/uploads\/sites\/6\/2026\/01\/Recuperacao-2-768x512.jpeg 768w, https:\/\/www.manaus.am.gov.br\/seminf\/wp-content\/uploads\/sites\/6\/2026\/01\/Recuperacao-2-1536x1023.jpeg 1536w, https:\/\/www.manaus.am.gov.br\/seminf\/wp-content\/uploads\/sites\/6\/2026\/01\/Recuperacao-2.jpeg 1600w\" sizes=\"(max-width: 1024px) 100vw, 1024px\" \/><figcaption class=\"wp-element-caption\">#paratodosverem &#8211; Servi\u00e7o de manuten\u00e7\u00e3o asf\u00e1ltica <\/figcaption><\/figure>\n\n\n\n<p>&#8212; &#8212; &#8212;<\/p>\n\n\n\n<p><strong>Texto &#8211;&nbsp;<\/strong>Eduarda Lira\/Seminf<\/p>\n\n\n\n<p><strong>Fotos <\/strong>&#8211; M\u00e1rcio Melo\/Seminf<\/p>\n","protected":false},"excerpt":{"rendered":"","protected":false},"author":39,"featured_media":8052,"comment_status":"closed","ping_status":"closed","sticky":false,"template":"","format":"standard","meta":{"footnotes":""},"categories":[8],"tags":[2948,368,43,2949,26],"acf":[],"yoast_head":"<!-- This site is optimized with the Yoast SEO plugin v23.0 - https:\/\/yoast.com\/wordpress\/plugins\/seo\/ -->\n<title>Servi\u00e7o de manuten\u00e7\u00e3o asf\u00e1ltica em via do Distrito Industrial<\/title>\n<meta name=\"description\" content=\"Servi\u00e7o de manuten\u00e7\u00e3o asf\u00e1ltica \u00e9 executado pela Prefeitura de Manaus, por meio da Seminf, em via do Distrito Industrial.\" \/>\n<meta name=\"robots\" content=\"index, follow, max-snippet:-1, max-image-preview:large, max-video-preview:-1\" \/>\n<link rel=\"canonical\" href=\"https:\/\/www.manaus.am.gov.br\/seminf\/manutencao-asfaltica-via-distrito-industrial\/\" \/>\n<meta property=\"og:locale\" content=\"pt_BR\" \/>\n<meta property=\"og:type\" content=\"article\" \/>\n<meta property=\"og:title\" content=\"Servi\u00e7o de manuten\u00e7\u00e3o asf\u00e1ltica em via do Distrito Industrial\" \/>\n<meta property=\"og:description\" content=\"Servi\u00e7o de manuten\u00e7\u00e3o asf\u00e1ltica \u00e9 executado pela Prefeitura de Manaus, por meio da Seminf, em via do Distrito Industrial.\" \/>\n<meta property=\"og:url\" content=\"https:\/\/www.manaus.am.gov.br\/seminf\/manutencao-asfaltica-via-distrito-industrial\/\" \/>\n<meta property=\"og:site_name\" content=\"SEMINF\" \/>\n<meta property=\"article:published_time\" content=\"2026-01-05T20:02:00+00:00\" \/>\n<meta property=\"article:modified_time\" content=\"2026-01-05T20:08:56+00:00\" \/>\n<meta property=\"og:image\" content=\"https:\/\/www.manaus.am.gov.br\/seminf\/wp-content\/uploads\/sites\/6\/2026\/01\/Recuperacao-3.jpeg\" \/>\n\t<meta property=\"og:image:width\" content=\"1600\" \/>\n\t<meta property=\"og:image:height\" content=\"1066\" \/>\n\t<meta property=\"og:image:type\" content=\"image\/jpeg\" \/>\n<meta name=\"author\" content=\"Bruna Greco\" \/>\n<meta name=\"twitter:card\" content=\"summary_large_image\" \/>\n<meta name=\"twitter:label1\" content=\"Written by\" \/>\n\t<meta name=\"twitter:data1\" content=\"Bruna Greco\" \/>\n\t<meta name=\"twitter:label2\" content=\"Est. reading time\" \/>\n\t<meta name=\"twitter:data2\" content=\"3 minutos\" \/>\n<script type=\"application\/ld+json\" class=\"yoast-schema-graph\">{\"@context\":\"https:\/\/schema.org\",\"@graph\":[{\"@type\":\"WebPage\",\"@id\":\"https:\/\/www.manaus.am.gov.br\/seminf\/manutencao-asfaltica-via-distrito-industrial\/\",\"url\":\"https:\/\/www.manaus.am.gov.br\/seminf\/manutencao-asfaltica-via-distrito-industrial\/\",\"name\":\"Servi\u00e7o de manuten\u00e7\u00e3o asf\u00e1ltica em via do Distrito Industrial\",\"isPartOf\":{\"@id\":\"https:\/\/www.manaus.am.gov.br\/seminf\/#website\"},\"primaryImageOfPage\":{\"@id\":\"https:\/\/www.manaus.am.gov.br\/seminf\/manutencao-asfaltica-via-distrito-industrial\/#primaryimage\"},\"image\":{\"@id\":\"https:\/\/www.manaus.am.gov.br\/seminf\/manutencao-asfaltica-via-distrito-industrial\/#primaryimage\"},\"thumbnailUrl\":\"https:\/\/www.manaus.am.gov.br\/seminf\/wp-content\/uploads\/sites\/6\/2026\/01\/Recuperacao-3.jpeg\",\"datePublished\":\"2026-01-05T20:02:00+00:00\",\"dateModified\":\"2026-01-05T20:08:56+00:00\",\"author\":{\"@id\":\"https:\/\/www.manaus.am.gov.br\/seminf\/#\/schema\/person\/05d223aea2bf115f9883a6ff3683d81b\"},\"description\":\"Servi\u00e7o de manuten\u00e7\u00e3o asf\u00e1ltica \u00e9 executado pela Prefeitura de Manaus, por meio da Seminf, em via do Distrito Industrial.\",\"inLanguage\":\"pt-BR\",\"potentialAction\":[{\"@type\":\"ReadAction\",\"target\":[\"https:\/\/www.manaus.am.gov.br\/seminf\/manutencao-asfaltica-via-distrito-industrial\/\"]}]},{\"@type\":\"ImageObject\",\"inLanguage\":\"pt-BR\",\"@id\":\"https:\/\/www.manaus.am.gov.br\/seminf\/manutencao-asfaltica-via-distrito-industrial\/#primaryimage\",\"url\":\"https:\/\/www.manaus.am.gov.br\/seminf\/wp-content\/uploads\/sites\/6\/2026\/01\/Recuperacao-3.jpeg\",\"contentUrl\":\"https:\/\/www.manaus.am.gov.br\/seminf\/wp-content\/uploads\/sites\/6\/2026\/01\/Recuperacao-3.jpeg\",\"width\":1600,\"height\":1066,\"caption\":\"#paratodosverem - Equipe da Seminf realizando o servi\u00e7o de manuten\u00e7\u00e3o asf\u00e1ltica na rua Javari, no bairro Distrito Industrial 1\"},{\"@type\":\"WebSite\",\"@id\":\"https:\/\/www.manaus.am.gov.br\/seminf\/#website\",\"url\":\"https:\/\/www.manaus.am.gov.br\/seminf\/\",\"name\":\"Secretaria de Infraestrutura\",\"description\":\"Secretaria Municipal de Infraestrutura\",\"potentialAction\":[{\"@type\":\"SearchAction\",\"target\":{\"@type\":\"EntryPoint\",\"urlTemplate\":\"https:\/\/www.manaus.am.gov.br\/seminf\/?s={search_term_string}\"},\"query-input\":\"required name=search_term_string\"}],\"inLanguage\":\"pt-BR\"},{\"@type\":\"Person\",\"@id\":\"https:\/\/www.manaus.am.gov.br\/seminf\/#\/schema\/person\/05d223aea2bf115f9883a6ff3683d81b\",\"name\":\"Bruna Greco\",\"image\":{\"@type\":\"ImageObject\",\"inLanguage\":\"pt-BR\",\"@id\":\"https:\/\/www.manaus.am.gov.br\/seminf\/#\/schema\/person\/image\/\",\"url\":\"https:\/\/secure.gravatar.com\/avatar\/9c877d1a6adc2a055330e5c09a8653ce?s=96&d=mm&r=g\",\"contentUrl\":\"https:\/\/secure.gravatar.com\/avatar\/9c877d1a6adc2a055330e5c09a8653ce?s=96&d=mm&r=g\",\"caption\":\"Bruna Greco\"}}]}<\/script>\n<!-- \/ Yoast SEO plugin. -->","yoast_head_json":{"title":"Servi\u00e7o de manuten\u00e7\u00e3o asf\u00e1ltica em via do Distrito Industrial","description":"Servi\u00e7o de manuten\u00e7\u00e3o asf\u00e1ltica \u00e9 executado pela Prefeitura de Manaus, por meio da Seminf, em via do Distrito Industrial.","robots":{"index":"index","follow":"follow","max-snippet":"max-snippet:-1","max-image-preview":"max-image-preview:large","max-video-preview":"max-video-preview:-1"},"canonical":"https:\/\/www.manaus.am.gov.br\/seminf\/manutencao-asfaltica-via-distrito-industrial\/","og_locale":"pt_BR","og_type":"article","og_title":"Servi\u00e7o de manuten\u00e7\u00e3o asf\u00e1ltica em via do Distrito Industrial","og_description":"Servi\u00e7o de manuten\u00e7\u00e3o asf\u00e1ltica \u00e9 executado pela Prefeitura de Manaus, por meio da Seminf, em via do Distrito Industrial.","og_url":"https:\/\/www.manaus.am.gov.br\/seminf\/manutencao-asfaltica-via-distrito-industrial\/","og_site_name":"SEMINF","article_published_time":"2026-01-05T20:02:00+00:00","article_modified_time":"2026-01-05T20:08:56+00:00","og_image":[{"width":1600,"height":1066,"url":"https:\/\/www.manaus.am.gov.br\/seminf\/wp-content\/uploads\/sites\/6\/2026\/01\/Recuperacao-3.jpeg","type":"image\/jpeg"}],"author":"Bruna Greco","twitter_card":"summary_large_image","twitter_misc":{"Written by":"Bruna Greco","Est. reading time":"3 minutos"},"schema":{"@context":"https:\/\/schema.org","@graph":[{"@type":"WebPage","@id":"https:\/\/www.manaus.am.gov.br\/seminf\/manutencao-asfaltica-via-distrito-industrial\/","url":"https:\/\/www.manaus.am.gov.br\/seminf\/manutencao-asfaltica-via-distrito-industrial\/","name":"Servi\u00e7o de manuten\u00e7\u00e3o asf\u00e1ltica em via do Distrito Industrial","isPartOf":{"@id":"https:\/\/www.manaus.am.gov.br\/seminf\/#website"},"primaryImageOfPage":{"@id":"https:\/\/www.manaus.am.gov.br\/seminf\/manutencao-asfaltica-via-distrito-industrial\/#primaryimage"},"image":{"@id":"https:\/\/www.manaus.am.gov.br\/seminf\/manutencao-asfaltica-via-distrito-industrial\/#primaryimage"},"thumbnailUrl":"https:\/\/www.manaus.am.gov.br\/seminf\/wp-content\/uploads\/sites\/6\/2026\/01\/Recuperacao-3.jpeg","datePublished":"2026-01-05T20:02:00+00:00","dateModified":"2026-01-05T20:08:56+00:00","author":{"@id":"https:\/\/www.manaus.am.gov.br\/seminf\/#\/schema\/person\/05d223aea2bf115f9883a6ff3683d81b"},"description":"Servi\u00e7o de manuten\u00e7\u00e3o asf\u00e1ltica \u00e9 executado pela Prefeitura de Manaus, por meio da Seminf, em via do Distrito Industrial.","inLanguage":"pt-BR","potentialAction":[{"@type":"ReadAction","target":["https:\/\/www.manaus.am.gov.br\/seminf\/manutencao-asfaltica-via-distrito-industrial\/"]}]},{"@type":"ImageObject","inLanguage":"pt-BR","@id":"https:\/\/www.manaus.am.gov.br\/seminf\/manutencao-asfaltica-via-distrito-industrial\/#primaryimage","url":"https:\/\/www.manaus.am.gov.br\/seminf\/wp-content\/uploads\/sites\/6\/2026\/01\/Recuperacao-3.jpeg","contentUrl":"https:\/\/www.manaus.am.gov.br\/seminf\/wp-content\/uploads\/sites\/6\/2026\/01\/Recuperacao-3.jpeg","width":1600,"height":1066,"caption":"#paratodosverem - Equipe da Seminf realizando o servi\u00e7o de manuten\u00e7\u00e3o asf\u00e1ltica na rua Javari, no bairro Distrito Industrial 1"},{"@type":"WebSite","@id":"https:\/\/www.manaus.am.gov.br\/seminf\/#website","url":"https:\/\/www.manaus.am.gov.br\/seminf\/","name":"Secretaria de Infraestrutura","description":"Secretaria Municipal de Infraestrutura","potentialAction":[{"@type":"SearchAction","target":{"@type":"EntryPoint","urlTemplate":"https:\/\/www.manaus.am.gov.br\/seminf\/?s={search_term_string}"},"query-input":"required name=search_term_string"}],"inLanguage":"pt-BR"},{"@type":"Person","@id":"https:\/\/www.manaus.am.gov.br\/seminf\/#\/schema\/person\/05d223aea2bf115f9883a6ff3683d81b","name":"Bruna Greco","image":{"@type":"ImageObject","inLanguage":"pt-BR","@id":"https:\/\/www.manaus.am.gov.br\/seminf\/#\/schema\/person\/image\/","url":"https:\/\/secure.gravatar.com\/avatar\/9c877d1a6adc2a055330e5c09a8653ce?s=96&d=mm&r=g","contentUrl":"https:\/\/secure.gravatar.com\/avatar\/9c877d1a6adc2a055330e5c09a8653ce?s=96&d=mm&r=g","caption":"Bruna Greco"}}]}},"_links":{"self":[{"href":"https:\/\/www.manaus.am.gov.br\/seminf\/wp-json\/wp\/v2\/posts\/8051"}],"collection":[{"href":"https:\/\/www.manaus.am.gov.br\/seminf\/wp-json\/wp\/v2\/posts"}],"about":[{"href":"https:\/\/www.manaus.am.gov.br\/seminf\/wp-json\/wp\/v2\/types\/post"}],"author":[{"embeddable":true,"href":"https:\/\/www.manaus.am.gov.br\/seminf\/wp-json\/wp\/v2\/users\/39"}],"replies":[{"embeddable":true,"href":"https:\/\/www.manaus.am.gov.br\/seminf\/wp-json\/wp\/v2\/comments?post=8051"}],"version-history":[{"count":5,"href":"https:\/\/www.manaus.am.gov.br\/seminf\/wp-json\/wp\/v2\/posts\/8051\/revisions"}],"predecessor-version":[{"id":8058,"href":"https:\/\/www.manaus.am.gov.br\/seminf\/wp-json\/wp\/v2\/posts\/8051\/revisions\/8058"}],"wp:featuredmedia":[{"embeddable":true,"href":"https:\/\/www.manaus.am.gov.br\/seminf\/wp-json\/wp\/v2\/media\/8052"}],"wp:attachment":[{"href":"https:\/\/www.manaus.am.gov.br\/seminf\/wp-json\/wp\/v2\/media?parent=8051"}],"wp:term":[{"taxonomy":"category","embeddable":true,"href":"https:\/\/www.manaus.am.gov.br\/seminf\/wp-json\/wp\/v2\/categories?post=8051"},{"taxonomy":"post_tag","embeddable":true,"href":"https:\/\/www.manaus.am.gov.br\/seminf\/wp-json\/wp\/v2\/tags?post=8051"}],"curies":[{"name":"wp","href":"https:\/\/api.w.org\/{rel}","templated":true}]}}