{"id":8049,"date":"2026-01-02T12:08:14","date_gmt":"2026-01-02T16:08:14","guid":{"rendered":"https:\/\/www.manaus.am.gov.br\/seminf\/prefeitura-seminf-drenagem-planalto\/"},"modified":"2026-01-02T12:08:16","modified_gmt":"2026-01-02T16:08:16","slug":"prefeitura-seminf-drenagem-planalto","status":"publish","type":"post","link":"https:\/\/www.manaus.am.gov.br\/seminf\/prefeitura-seminf-drenagem-planalto\/","title":{"rendered":"Prefeitura de Manaus recupera rede de drenagem em via do bairro Planalto"},"content":{"rendered":"\n<p>A Prefeitura de Manaus, por meio da Secretaria Municipal de Infraestrutura (Seminf), inicia o ano de 2026 com a execu\u00e7\u00e3o do seu cronograma de obras para melhorar a qualidade de vida da popula\u00e7\u00e3o. Durante esta sexta-feira, 2\/1, as equipes executam a manuten\u00e7\u00e3o em trecho de rede de drenagem profunda da rua Waldemar Pereira de Souza, conjunto Belvedere, no bairro Planalto, zona Centro-Oeste da capital.<\/p>\n\n\n\n<p>\u201cIniciamos o ano com muito trabalho e dedica\u00e7\u00e3o, com equipes nas ruas, garantindo a seguran\u00e7a de todos e proporcionando qualidade de vida para a popula\u00e7\u00e3o. Durante este per\u00edodo de chuva, \u00e9 importante estarmos atentos \u00e0s solicita\u00e7\u00f5es para atuarmos em pronta resposta, caso aconte\u00e7a algum rompimento no sistema, assim como determina o prefeito David Almeida. O ano de 2026 ser\u00e1 de muito trabalho, e estarmos nas ruas logo no primeiro dia \u00fatil do ano cuidando da nossa cidade \u00e9 uma demonstra\u00e7\u00e3o disso\u201d, afirmou o vice-prefeito e secret\u00e1rio de Obras, Renato Junior.&nbsp;<\/p>\n\n\n\n<p>Com suporte de maquin\u00e1rios, equipes realizam a escava\u00e7\u00e3o mec\u00e2nica em aproximadamente 1,5 metro de profundidade para alcan\u00e7ar a tubula\u00e7\u00e3o desanelada, devido \u00e0 press\u00e3o das fortes chuvas dos \u00faltimos dias. A interven\u00e7\u00e3o \u00e9 realizada em quase 15 metros de extens\u00e3o, com o anelamento dos tubos, feito com a t\u00e9cnica de veda\u00e7\u00e3o chamada de \u201cperereca\u201d, a mistura feita de barro e cimento, a qual garante a resist\u00eancia da liga\u00e7\u00e3o de uma manilha \u00e0 outra.&nbsp;<\/p>\n\n\n\n<p>Ap\u00f3s a execu\u00e7\u00e3o do servi\u00e7o, os oper\u00e1rios realizar\u00e3o o reaterro da \u00e1rea, garantindo, assim, a passagem dos condutores e pedestres em seguran\u00e7a, al\u00e9m de melhorar a condu\u00e7\u00e3o das \u00e1guas pluviais, evitando alagamentos e transtornos \u00e0 popula\u00e7\u00e3o.&nbsp;<\/p>\n\n\n\n<p>A Seminf segue atenta e atuando prontamente para solucionar desafios causados pelo per\u00edodo chuvoso na capital amazonense. As equipes prosseguem nas ruas, atendendo as solicita\u00e7\u00f5es dos moradores, realizando manuten\u00e7\u00f5es e evitando transtornos \u00e0s fam\u00edlias manauaras.<\/p>\n\n\n\n<p>&#8212; &#8212; &#8212;<\/p>\n\n\n\n<p><strong>Texto\u00a0<\/strong>&#8211; Eduarda Lira\/Seminf<\/p>\n\n\n\n<p><strong>Fotos\u00a0<\/strong>&#8211; Divulga\u00e7\u00e3o\/Seminf<\/p>\n","protected":false},"excerpt":{"rendered":"","protected":false},"author":23,"featured_media":8050,"comment_status":"closed","ping_status":"closed","sticky":false,"template":"","format":"standard","meta":{"footnotes":""},"categories":[6],"tags":[208,90,43,73,26],"acf":[],"yoast_head":"<!-- This site is optimized with the Yoast SEO plugin v23.0 - https:\/\/yoast.com\/wordpress\/plugins\/seo\/ -->\n<title>Prefeitura de Manaus recupera rede de drenagem em via do bairro Planalto<\/title>\n<meta name=\"description\" content=\"A Prefeitura de Manaus, por meio da Secretaria Municipal de Infraestrutura (Seminf), inicia o ano de 2026 com a execu\u00e7\u00e3o do seu cronograma de obras para melhorar a qualidade de vida da popula\u00e7\u00e3o.\" \/>\n<meta name=\"robots\" content=\"index, follow, max-snippet:-1, max-image-preview:large, max-video-preview:-1\" \/>\n<link rel=\"canonical\" href=\"https:\/\/www.manaus.am.gov.br\/seminf\/prefeitura-seminf-drenagem-planalto\/\" \/>\n<meta property=\"og:locale\" content=\"pt_BR\" \/>\n<meta property=\"og:type\" content=\"article\" \/>\n<meta property=\"og:title\" content=\"Prefeitura de Manaus recupera rede de drenagem em via do bairro Planalto\" \/>\n<meta property=\"og:description\" content=\"A Prefeitura de Manaus, por meio da Secretaria Municipal de Infraestrutura (Seminf), inicia o ano de 2026 com a execu\u00e7\u00e3o do seu cronograma de obras para melhorar a qualidade de vida da popula\u00e7\u00e3o.\" \/>\n<meta property=\"og:url\" content=\"https:\/\/www.manaus.am.gov.br\/seminf\/prefeitura-seminf-drenagem-planalto\/\" \/>\n<meta property=\"og:site_name\" content=\"SEMINF\" \/>\n<meta property=\"article:published_time\" content=\"2026-01-02T16:08:14+00:00\" \/>\n<meta property=\"article:modified_time\" content=\"2026-01-02T16:08:16+00:00\" \/>\n<meta property=\"og:image\" content=\"https:\/\/www.manaus.am.gov.br\/seminf\/wp-content\/uploads\/sites\/6\/2026\/01\/WhatsApp-Image-2026-01-02-at-11.41.30.jpeg\" \/>\n\t<meta property=\"og:image:width\" content=\"1600\" \/>\n\t<meta property=\"og:image:height\" content=\"1200\" \/>\n\t<meta property=\"og:image:type\" content=\"image\/jpeg\" \/>\n<meta name=\"author\" content=\"Adriana Costa\" \/>\n<meta name=\"twitter:card\" content=\"summary_large_image\" \/>\n<meta name=\"twitter:label1\" content=\"Written by\" \/>\n\t<meta name=\"twitter:data1\" content=\"Adriana Costa\" \/>\n\t<meta name=\"twitter:label2\" content=\"Est. reading time\" \/>\n\t<meta name=\"twitter:data2\" content=\"2 minutos\" \/>\n<script type=\"application\/ld+json\" class=\"yoast-schema-graph\">{\"@context\":\"https:\/\/schema.org\",\"@graph\":[{\"@type\":\"WebPage\",\"@id\":\"https:\/\/www.manaus.am.gov.br\/seminf\/prefeitura-seminf-drenagem-planalto\/\",\"url\":\"https:\/\/www.manaus.am.gov.br\/seminf\/prefeitura-seminf-drenagem-planalto\/\",\"name\":\"Prefeitura de Manaus recupera rede de drenagem em via do bairro Planalto\",\"isPartOf\":{\"@id\":\"https:\/\/www.manaus.am.gov.br\/seminf\/#website\"},\"primaryImageOfPage\":{\"@id\":\"https:\/\/www.manaus.am.gov.br\/seminf\/prefeitura-seminf-drenagem-planalto\/#primaryimage\"},\"image\":{\"@id\":\"https:\/\/www.manaus.am.gov.br\/seminf\/prefeitura-seminf-drenagem-planalto\/#primaryimage\"},\"thumbnailUrl\":\"https:\/\/www.manaus.am.gov.br\/seminf\/wp-content\/uploads\/sites\/6\/2026\/01\/WhatsApp-Image-2026-01-02-at-11.41.30.jpeg\",\"datePublished\":\"2026-01-02T16:08:14+00:00\",\"dateModified\":\"2026-01-02T16:08:16+00:00\",\"author\":{\"@id\":\"https:\/\/www.manaus.am.gov.br\/seminf\/#\/schema\/person\/4e49f4e267757a06ca072ec61b2b9968\"},\"description\":\"A Prefeitura de Manaus, por meio da Secretaria Municipal de Infraestrutura (Seminf), inicia o ano de 2026 com a execu\u00e7\u00e3o do seu cronograma de obras para melhorar a qualidade de vida da popula\u00e7\u00e3o.\",\"inLanguage\":\"pt-BR\",\"potentialAction\":[{\"@type\":\"ReadAction\",\"target\":[\"https:\/\/www.manaus.am.gov.br\/seminf\/prefeitura-seminf-drenagem-planalto\/\"]}]},{\"@type\":\"ImageObject\",\"inLanguage\":\"pt-BR\",\"@id\":\"https:\/\/www.manaus.am.gov.br\/seminf\/prefeitura-seminf-drenagem-planalto\/#primaryimage\",\"url\":\"https:\/\/www.manaus.am.gov.br\/seminf\/wp-content\/uploads\/sites\/6\/2026\/01\/WhatsApp-Image-2026-01-02-at-11.41.30.jpeg\",\"contentUrl\":\"https:\/\/www.manaus.am.gov.br\/seminf\/wp-content\/uploads\/sites\/6\/2026\/01\/WhatsApp-Image-2026-01-02-at-11.41.30.jpeg\",\"width\":1600,\"height\":1200,\"caption\":\"#paratodosverem - Oper\u00e1rios da Seminf executam manuten\u00e7\u00e3o de rede de drenagem em via do Planalto, na zona Centro-Oeste.\"},{\"@type\":\"WebSite\",\"@id\":\"https:\/\/www.manaus.am.gov.br\/seminf\/#website\",\"url\":\"https:\/\/www.manaus.am.gov.br\/seminf\/\",\"name\":\"Secretaria de Infraestrutura\",\"description\":\"Secretaria Municipal de Infraestrutura\",\"potentialAction\":[{\"@type\":\"SearchAction\",\"target\":{\"@type\":\"EntryPoint\",\"urlTemplate\":\"https:\/\/www.manaus.am.gov.br\/seminf\/?s={search_term_string}\"},\"query-input\":\"required name=search_term_string\"}],\"inLanguage\":\"pt-BR\"},{\"@type\":\"Person\",\"@id\":\"https:\/\/www.manaus.am.gov.br\/seminf\/#\/schema\/person\/4e49f4e267757a06ca072ec61b2b9968\",\"name\":\"Adriana Costa\",\"image\":{\"@type\":\"ImageObject\",\"inLanguage\":\"pt-BR\",\"@id\":\"https:\/\/www.manaus.am.gov.br\/seminf\/#\/schema\/person\/image\/\",\"url\":\"https:\/\/secure.gravatar.com\/avatar\/576258617ef7194f718179e766d57bd4?s=96&d=mm&r=g\",\"contentUrl\":\"https:\/\/secure.gravatar.com\/avatar\/576258617ef7194f718179e766d57bd4?s=96&d=mm&r=g\",\"caption\":\"Adriana Costa\"}}]}<\/script>\n<!-- \/ Yoast SEO plugin. -->","yoast_head_json":{"title":"Prefeitura de Manaus recupera rede de drenagem em via do bairro Planalto","description":"A Prefeitura de Manaus, por meio da Secretaria Municipal de Infraestrutura (Seminf), inicia o ano de 2026 com a execu\u00e7\u00e3o do seu cronograma de obras para melhorar a qualidade de vida da popula\u00e7\u00e3o.","robots":{"index":"index","follow":"follow","max-snippet":"max-snippet:-1","max-image-preview":"max-image-preview:large","max-video-preview":"max-video-preview:-1"},"canonical":"https:\/\/www.manaus.am.gov.br\/seminf\/prefeitura-seminf-drenagem-planalto\/","og_locale":"pt_BR","og_type":"article","og_title":"Prefeitura de Manaus recupera rede de drenagem em via do bairro Planalto","og_description":"A Prefeitura de Manaus, por meio da Secretaria Municipal de Infraestrutura (Seminf), inicia o ano de 2026 com a execu\u00e7\u00e3o do seu cronograma de obras para melhorar a qualidade de vida da popula\u00e7\u00e3o.","og_url":"https:\/\/www.manaus.am.gov.br\/seminf\/prefeitura-seminf-drenagem-planalto\/","og_site_name":"SEMINF","article_published_time":"2026-01-02T16:08:14+00:00","article_modified_time":"2026-01-02T16:08:16+00:00","og_image":[{"width":1600,"height":1200,"url":"https:\/\/www.manaus.am.gov.br\/seminf\/wp-content\/uploads\/sites\/6\/2026\/01\/WhatsApp-Image-2026-01-02-at-11.41.30.jpeg","type":"image\/jpeg"}],"author":"Adriana Costa","twitter_card":"summary_large_image","twitter_misc":{"Written by":"Adriana Costa","Est. reading time":"2 minutos"},"schema":{"@context":"https:\/\/schema.org","@graph":[{"@type":"WebPage","@id":"https:\/\/www.manaus.am.gov.br\/seminf\/prefeitura-seminf-drenagem-planalto\/","url":"https:\/\/www.manaus.am.gov.br\/seminf\/prefeitura-seminf-drenagem-planalto\/","name":"Prefeitura de Manaus recupera rede de drenagem em via do bairro Planalto","isPartOf":{"@id":"https:\/\/www.manaus.am.gov.br\/seminf\/#website"},"primaryImageOfPage":{"@id":"https:\/\/www.manaus.am.gov.br\/seminf\/prefeitura-seminf-drenagem-planalto\/#primaryimage"},"image":{"@id":"https:\/\/www.manaus.am.gov.br\/seminf\/prefeitura-seminf-drenagem-planalto\/#primaryimage"},"thumbnailUrl":"https:\/\/www.manaus.am.gov.br\/seminf\/wp-content\/uploads\/sites\/6\/2026\/01\/WhatsApp-Image-2026-01-02-at-11.41.30.jpeg","datePublished":"2026-01-02T16:08:14+00:00","dateModified":"2026-01-02T16:08:16+00:00","author":{"@id":"https:\/\/www.manaus.am.gov.br\/seminf\/#\/schema\/person\/4e49f4e267757a06ca072ec61b2b9968"},"description":"A Prefeitura de Manaus, por meio da Secretaria Municipal de Infraestrutura (Seminf), inicia o ano de 2026 com a execu\u00e7\u00e3o do seu cronograma de obras para melhorar a qualidade de vida da popula\u00e7\u00e3o.","inLanguage":"pt-BR","potentialAction":[{"@type":"ReadAction","target":["https:\/\/www.manaus.am.gov.br\/seminf\/prefeitura-seminf-drenagem-planalto\/"]}]},{"@type":"ImageObject","inLanguage":"pt-BR","@id":"https:\/\/www.manaus.am.gov.br\/seminf\/prefeitura-seminf-drenagem-planalto\/#primaryimage","url":"https:\/\/www.manaus.am.gov.br\/seminf\/wp-content\/uploads\/sites\/6\/2026\/01\/WhatsApp-Image-2026-01-02-at-11.41.30.jpeg","contentUrl":"https:\/\/www.manaus.am.gov.br\/seminf\/wp-content\/uploads\/sites\/6\/2026\/01\/WhatsApp-Image-2026-01-02-at-11.41.30.jpeg","width":1600,"height":1200,"caption":"#paratodosverem - Oper\u00e1rios da Seminf executam manuten\u00e7\u00e3o de rede de drenagem em via do Planalto, na zona Centro-Oeste."},{"@type":"WebSite","@id":"https:\/\/www.manaus.am.gov.br\/seminf\/#website","url":"https:\/\/www.manaus.am.gov.br\/seminf\/","name":"Secretaria de Infraestrutura","description":"Secretaria Municipal de Infraestrutura","potentialAction":[{"@type":"SearchAction","target":{"@type":"EntryPoint","urlTemplate":"https:\/\/www.manaus.am.gov.br\/seminf\/?s={search_term_string}"},"query-input":"required name=search_term_string"}],"inLanguage":"pt-BR"},{"@type":"Person","@id":"https:\/\/www.manaus.am.gov.br\/seminf\/#\/schema\/person\/4e49f4e267757a06ca072ec61b2b9968","name":"Adriana Costa","image":{"@type":"ImageObject","inLanguage":"pt-BR","@id":"https:\/\/www.manaus.am.gov.br\/seminf\/#\/schema\/person\/image\/","url":"https:\/\/secure.gravatar.com\/avatar\/576258617ef7194f718179e766d57bd4?s=96&d=mm&r=g","contentUrl":"https:\/\/secure.gravatar.com\/avatar\/576258617ef7194f718179e766d57bd4?s=96&d=mm&r=g","caption":"Adriana Costa"}}]}},"_links":{"self":[{"href":"https:\/\/www.manaus.am.gov.br\/seminf\/wp-json\/wp\/v2\/posts\/8049"}],"collection":[{"href":"https:\/\/www.manaus.am.gov.br\/seminf\/wp-json\/wp\/v2\/posts"}],"about":[{"href":"https:\/\/www.manaus.am.gov.br\/seminf\/wp-json\/wp\/v2\/types\/post"}],"author":[{"embeddable":true,"href":"https:\/\/www.manaus.am.gov.br\/seminf\/wp-json\/wp\/v2\/users\/23"}],"replies":[{"embeddable":true,"href":"https:\/\/www.manaus.am.gov.br\/seminf\/wp-json\/wp\/v2\/comments?post=8049"}],"version-history":[{"count":0,"href":"https:\/\/www.manaus.am.gov.br\/seminf\/wp-json\/wp\/v2\/posts\/8049\/revisions"}],"wp:featuredmedia":[{"embeddable":true,"href":"https:\/\/www.manaus.am.gov.br\/seminf\/wp-json\/wp\/v2\/media\/8050"}],"wp:attachment":[{"href":"https:\/\/www.manaus.am.gov.br\/seminf\/wp-json\/wp\/v2\/media?parent=8049"}],"wp:term":[{"taxonomy":"category","embeddable":true,"href":"https:\/\/www.manaus.am.gov.br\/seminf\/wp-json\/wp\/v2\/categories?post=8049"},{"taxonomy":"post_tag","embeddable":true,"href":"https:\/\/www.manaus.am.gov.br\/seminf\/wp-json\/wp\/v2\/tags?post=8049"}],"curies":[{"name":"wp","href":"https:\/\/api.w.org\/{rel}","templated":true}]}}