{"id":8044,"date":"2025-12-31T13:22:39","date_gmt":"2025-12-31T17:22:39","guid":{"rendered":"https:\/\/www.manaus.am.gov.br\/seminf\/mais-50-mil-metros-drenagem-implantados-recuperados\/"},"modified":"2025-12-31T13:22:39","modified_gmt":"2025-12-31T17:22:39","slug":"mais-50-mil-metros-drenagem-implantados-recuperados","status":"publish","type":"post","link":"https:\/\/www.manaus.am.gov.br\/seminf\/mais-50-mil-metros-drenagem-implantados-recuperados\/","title":{"rendered":"Manaus encerra 2025 com mais de 50 mil metros de drenagem implantados e recuperados pela prefeitura"},"content":{"rendered":"\n<p>Ao longo deste ano, a Prefeitura de Manaus consolidou um dos maiores avan\u00e7os em infraestrutura urbana dos \u00faltimos anos ao investir de forma cont\u00ednua e estrat\u00e9gica na drenagem da cidade. Por meio da Secretaria Municipal de Infraestrutura (Seminf), foram 50.425 metros de drenagem profunda e superficial implantados e recuperados, alcan\u00e7ando avenidas movimentadas, ruas de bairros, becos e vielas em todas as zonas da capital.<\/p>\n\n\n\n<p>Mais do que n\u00fameros, o ano foi marcado por solu\u00e7\u00f5es definitivas para problemas hist\u00f3ricos, planejamento t\u00e9cnico rigoroso e a presen\u00e7a constante das equipes nos pontos mais sens\u00edveis da cidade, especialmente durante o per\u00edodo chuvoso.<\/p>\n\n\n\n<p>\u201cO nosso compromisso sempre foi ir al\u00e9m do paliativo. Cada interven\u00e7\u00e3o feita em 2025 foi pensada para resolver a raiz do problema e garantir seguran\u00e7a para quem mora e transita por Manaus. Tivemos grandes obras em avenidas importantes, mas tamb\u00e9m um olhar muito atento para as ruas dos bairros, onde as pessoas vivem o dia a dia. Encerramos o ano com resultados reais, vis\u00edveis e que fazem a diferen\u00e7a na vida da popula\u00e7\u00e3o\u201d, destacou o vice-prefeito e secret\u00e1rio municipal de Obras, Renato Junior.<\/p>\n\n\n\n<p>Entre as obras que simbolizam o in\u00edcio desse ciclo de transforma\u00e7\u00f5es est\u00e1 a moderniza\u00e7\u00e3o da rede de drenagem da avenida Macei\u00f3, um dos principais corredores vi\u00e1rios da cidade. O trecho que liga a rua Salvador \u00e0 rotat\u00f3ria da Funda\u00e7\u00e3o Doutor Thomas (FDT) recebeu 200 metros de nova tubula\u00e7\u00e3o em PVC, substituindo uma estrutura antiga que n\u00e3o possu\u00eda refor\u00e7o em a\u00e7o e gerava constantes transtornos com desanelamentos.<\/p>\n\n\n\n<p>A interven\u00e7\u00e3o envolveu escava\u00e7\u00e3o, implanta\u00e7\u00e3o da nova tubula\u00e7\u00e3o, fresagem, recapeamento asf\u00e1ltico e reconstru\u00e7\u00e3o da cal\u00e7ada. Os servi\u00e7os foram executados de forma ininterrupta e conclu\u00eddos em apenas cinco dias, no per\u00edodo do Carnaval, onde o tr\u00e1fego de ve\u00edculos \u00e9 menor e n\u00e3o impactou no funcionamento da cidade, devolvendo a via totalmente recuperada \u00e0 popula\u00e7\u00e3o.<\/p>\n\n\n\n<p>Moradora da \u00e1rea h\u00e1 mais de duas d\u00e9cadas, a aposentada Marilin Lisbano, de 63 anos, acompanhou de perto cada etapa da obra e relembra a experi\u00eancia com gratid\u00e3o. \u201cA prefeitura veio antes, explicou tudo, nos preparou. Mesmo sendo uma obra grande, n\u00e3o tivemos estresse. Tudo aconteceu como a equipe falou. Esse servi\u00e7o \u00e9 maravilhoso para n\u00f3s moradores. S\u00f3 tenho a agradecer\u201d, afirmou Marilin.<\/p>\n\n\n\n<figure class=\"wp-block-image size-large\"><img loading=\"lazy\" decoding=\"async\" width=\"1024\" height=\"575\" src=\"https:\/\/www.manaus.am.gov.br\/seminf\/wp-content\/uploads\/sites\/6\/2025\/12\/Rua-Papiro-no-Coroado-2-1024x575.jpeg\" alt=\"\" class=\"wp-image-8046\" srcset=\"https:\/\/www.manaus.am.gov.br\/seminf\/wp-content\/uploads\/sites\/6\/2025\/12\/Rua-Papiro-no-Coroado-2-1024x575.jpeg 1024w, https:\/\/www.manaus.am.gov.br\/seminf\/wp-content\/uploads\/sites\/6\/2025\/12\/Rua-Papiro-no-Coroado-2-300x168.jpeg 300w, https:\/\/www.manaus.am.gov.br\/seminf\/wp-content\/uploads\/sites\/6\/2025\/12\/Rua-Papiro-no-Coroado-2-768x431.jpeg 768w, https:\/\/www.manaus.am.gov.br\/seminf\/wp-content\/uploads\/sites\/6\/2025\/12\/Rua-Papiro-no-Coroado-2-1536x862.jpeg 1536w, https:\/\/www.manaus.am.gov.br\/seminf\/wp-content\/uploads\/sites\/6\/2025\/12\/Rua-Papiro-no-Coroado-2.jpeg 1600w\" sizes=\"(max-width: 1024px) 100vw, 1024px\" \/><figcaption class=\"wp-element-caption\">#paratodosverem &#8211; Imagem a\u00e9rea da rua Papiro, no bairro Coroado, recebendo interven\u00e7\u00e3o<\/figcaption><\/figure>\n\n\n\n<p>Outra interven\u00e7\u00e3o que marcou este ano foi realizada na rua Papiro, no bairro Coroado, onde uma cratera com cerca de tr\u00eas metros de profundidade comprometia a mobilidade e colocava em risco moradores e motoristas. As equipes da Seminf atuaram na revis\u00e3o e implanta\u00e7\u00e3o de aproximadamente 50 metros de nova tubula\u00e7\u00e3o, garantindo maior sustenta\u00e7\u00e3o e seguran\u00e7a ao escoamento das \u00e1guas pluviais.<\/p>\n\n\n\n<p>O industri\u00e1rio Nelson Viana, de 37 anos, destacou a qualidade do servi\u00e7o entregue. \u201cO trabalho ficou excelente. Os moradores do Coroado est\u00e3o muito satisfeitos. A Prefeitura de Manaus entra, resolve e entrega. S\u00f3 tenho a agradecer ao prefeito David Almeida e ao vice Renato Junior pelo compromisso com a nossa comunidade\u201d, ressaltou Nelson Viana.<\/p>\n\n\n\n<p>Essas obras fazem parte de um trabalho cont\u00ednuo que reconhece a import\u00e2ncia vital da drenagem profunda, respons\u00e1vel por conduzir corretamente as \u00e1guas das chuvas e evitar alagamentos, e da drenagem superficial, que capta a \u00e1gua das vias e a direciona para as caixas coletoras, protegendo o pavimento e prevenindo a forma\u00e7\u00e3o de crateras.<\/p>\n\n\n\n<p>Al\u00e9m das novas implanta\u00e7\u00f5es, a Prefeitura de Manaus refor\u00e7ou, neste ano, a manuten\u00e7\u00e3o das redes existentes como prioridade permanente, atuando de forma preventiva em todas as zonas da cidade. Uma estrat\u00e9gia que preserva o asfalto, reduz transtornos e garante mais seguran\u00e7a para a popula\u00e7\u00e3o.<\/p>\n\n\n\n<p>Ao encerrar o ano, Manaus celebra n\u00e3o apenas obras entregues, mas um modelo de gest\u00e3o que planeja, executa e cuida, deixando um legado de infraestrutura s\u00f3lida e preparando a cidade para enfrentar os desafios dos pr\u00f3ximos anos.<\/p>\n\n\n\n<figure class=\"wp-block-image size-large\"><img loading=\"lazy\" decoding=\"async\" width=\"1024\" height=\"682\" src=\"https:\/\/www.manaus.am.gov.br\/seminf\/wp-content\/uploads\/sites\/6\/2025\/12\/Canaletas-na-rua-Marechal-Deodoro-1-1024x682.jpeg\" alt=\"\" class=\"wp-image-8047\" srcset=\"https:\/\/www.manaus.am.gov.br\/seminf\/wp-content\/uploads\/sites\/6\/2025\/12\/Canaletas-na-rua-Marechal-Deodoro-1-1024x682.jpeg 1024w, https:\/\/www.manaus.am.gov.br\/seminf\/wp-content\/uploads\/sites\/6\/2025\/12\/Canaletas-na-rua-Marechal-Deodoro-1-300x200.jpeg 300w, https:\/\/www.manaus.am.gov.br\/seminf\/wp-content\/uploads\/sites\/6\/2025\/12\/Canaletas-na-rua-Marechal-Deodoro-1-768x512.jpeg 768w, https:\/\/www.manaus.am.gov.br\/seminf\/wp-content\/uploads\/sites\/6\/2025\/12\/Canaletas-na-rua-Marechal-Deodoro-1-1536x1023.jpeg 1536w, https:\/\/www.manaus.am.gov.br\/seminf\/wp-content\/uploads\/sites\/6\/2025\/12\/Canaletas-na-rua-Marechal-Deodoro-1.jpeg 1600w\" sizes=\"(max-width: 1024px) 100vw, 1024px\" \/><figcaption class=\"wp-element-caption\">#paratodosverem &#8211; Instala\u00e7\u00e3o de caneletas na rua Marechal Deodoro, no Centro<\/figcaption><\/figure>\n\n\n\n<p>&#8212; &#8212; &#8212;<\/p>\n\n\n\n<p><strong>Texto <\/strong>&#8211; Rayana Coutinho e Valesca Martins\/Seminf<\/p>\n\n\n\n<p><strong>Fotos<\/strong> &#8211; M\u00e1rcio Melo e Alessandro Ara\u00fajo\/Seminf e Carlos Oliveira\/Vice-prefeito<\/p>\n","protected":false},"excerpt":{"rendered":"","protected":false},"author":39,"featured_media":8045,"comment_status":"closed","ping_status":"closed","sticky":false,"template":"","format":"standard","meta":{"footnotes":""},"categories":[221],"tags":[2945,2947,43,137,26],"acf":[],"yoast_head":"<!-- This site is optimized with the Yoast SEO plugin v23.0 - https:\/\/yoast.com\/wordpress\/plugins\/seo\/ -->\n<title>Manaus encerra 2025 com mais de 50 mil metros de drenagem implantados e recuperados<\/title>\n<meta name=\"description\" content=\"Manaus encerra 2025 com mais de 50 mil metros de drenagem implantados e recuperados pela prefeitura, por meio da Seminf.\" \/>\n<meta name=\"robots\" content=\"index, follow, max-snippet:-1, max-image-preview:large, max-video-preview:-1\" \/>\n<link rel=\"canonical\" href=\"https:\/\/www.manaus.am.gov.br\/seminf\/mais-50-mil-metros-drenagem-implantados-recuperados\/\" \/>\n<meta property=\"og:locale\" content=\"pt_BR\" \/>\n<meta property=\"og:type\" content=\"article\" \/>\n<meta property=\"og:title\" content=\"Manaus encerra 2025 com mais de 50 mil metros de drenagem implantados e recuperados\" \/>\n<meta property=\"og:description\" content=\"Manaus encerra 2025 com mais de 50 mil metros de drenagem implantados e recuperados pela prefeitura, por meio da Seminf.\" \/>\n<meta property=\"og:url\" content=\"https:\/\/www.manaus.am.gov.br\/seminf\/mais-50-mil-metros-drenagem-implantados-recuperados\/\" \/>\n<meta property=\"og:site_name\" content=\"SEMINF\" \/>\n<meta property=\"article:published_time\" content=\"2025-12-31T17:22:39+00:00\" \/>\n<meta property=\"og:image\" content=\"https:\/\/www.manaus.am.gov.br\/seminf\/wp-content\/uploads\/sites\/6\/2025\/12\/Avenida-Maceio-3.jpeg\" \/>\n\t<meta property=\"og:image:width\" content=\"1600\" \/>\n\t<meta property=\"og:image:height\" content=\"900\" \/>\n\t<meta property=\"og:image:type\" content=\"image\/jpeg\" \/>\n<meta name=\"author\" content=\"Bruna Greco\" \/>\n<meta name=\"twitter:card\" content=\"summary_large_image\" \/>\n<meta name=\"twitter:label1\" content=\"Written by\" \/>\n\t<meta name=\"twitter:data1\" content=\"Bruna Greco\" \/>\n\t<meta name=\"twitter:label2\" content=\"Est. reading time\" \/>\n\t<meta name=\"twitter:data2\" content=\"5 minutos\" \/>\n<script type=\"application\/ld+json\" class=\"yoast-schema-graph\">{\"@context\":\"https:\/\/schema.org\",\"@graph\":[{\"@type\":\"WebPage\",\"@id\":\"https:\/\/www.manaus.am.gov.br\/seminf\/mais-50-mil-metros-drenagem-implantados-recuperados\/\",\"url\":\"https:\/\/www.manaus.am.gov.br\/seminf\/mais-50-mil-metros-drenagem-implantados-recuperados\/\",\"name\":\"Manaus encerra 2025 com mais de 50 mil metros de drenagem implantados e recuperados\",\"isPartOf\":{\"@id\":\"https:\/\/www.manaus.am.gov.br\/seminf\/#website\"},\"primaryImageOfPage\":{\"@id\":\"https:\/\/www.manaus.am.gov.br\/seminf\/mais-50-mil-metros-drenagem-implantados-recuperados\/#primaryimage\"},\"image\":{\"@id\":\"https:\/\/www.manaus.am.gov.br\/seminf\/mais-50-mil-metros-drenagem-implantados-recuperados\/#primaryimage\"},\"thumbnailUrl\":\"https:\/\/www.manaus.am.gov.br\/seminf\/wp-content\/uploads\/sites\/6\/2025\/12\/Avenida-Maceio-3.jpeg\",\"datePublished\":\"2025-12-31T17:22:39+00:00\",\"dateModified\":\"2025-12-31T17:22:39+00:00\",\"author\":{\"@id\":\"https:\/\/www.manaus.am.gov.br\/seminf\/#\/schema\/person\/05d223aea2bf115f9883a6ff3683d81b\"},\"description\":\"Manaus encerra 2025 com mais de 50 mil metros de drenagem implantados e recuperados pela prefeitura, por meio da Seminf.\",\"inLanguage\":\"pt-BR\",\"potentialAction\":[{\"@type\":\"ReadAction\",\"target\":[\"https:\/\/www.manaus.am.gov.br\/seminf\/mais-50-mil-metros-drenagem-implantados-recuperados\/\"]}]},{\"@type\":\"ImageObject\",\"inLanguage\":\"pt-BR\",\"@id\":\"https:\/\/www.manaus.am.gov.br\/seminf\/mais-50-mil-metros-drenagem-implantados-recuperados\/#primaryimage\",\"url\":\"https:\/\/www.manaus.am.gov.br\/seminf\/wp-content\/uploads\/sites\/6\/2025\/12\/Avenida-Maceio-3.jpeg\",\"contentUrl\":\"https:\/\/www.manaus.am.gov.br\/seminf\/wp-content\/uploads\/sites\/6\/2025\/12\/Avenida-Maceio-3.jpeg\",\"width\":1600,\"height\":900,\"caption\":\"#paratodosverem - Equipe da Seminf realizando obras de infraestrutura na avenida Macei\u00f3, no bairro Nossa Senhora das Gra\u00e7as\"},{\"@type\":\"WebSite\",\"@id\":\"https:\/\/www.manaus.am.gov.br\/seminf\/#website\",\"url\":\"https:\/\/www.manaus.am.gov.br\/seminf\/\",\"name\":\"Secretaria de Infraestrutura\",\"description\":\"Secretaria Municipal de Infraestrutura\",\"potentialAction\":[{\"@type\":\"SearchAction\",\"target\":{\"@type\":\"EntryPoint\",\"urlTemplate\":\"https:\/\/www.manaus.am.gov.br\/seminf\/?s={search_term_string}\"},\"query-input\":\"required name=search_term_string\"}],\"inLanguage\":\"pt-BR\"},{\"@type\":\"Person\",\"@id\":\"https:\/\/www.manaus.am.gov.br\/seminf\/#\/schema\/person\/05d223aea2bf115f9883a6ff3683d81b\",\"name\":\"Bruna Greco\",\"image\":{\"@type\":\"ImageObject\",\"inLanguage\":\"pt-BR\",\"@id\":\"https:\/\/www.manaus.am.gov.br\/seminf\/#\/schema\/person\/image\/\",\"url\":\"https:\/\/secure.gravatar.com\/avatar\/9c877d1a6adc2a055330e5c09a8653ce?s=96&d=mm&r=g\",\"contentUrl\":\"https:\/\/secure.gravatar.com\/avatar\/9c877d1a6adc2a055330e5c09a8653ce?s=96&d=mm&r=g\",\"caption\":\"Bruna Greco\"}}]}<\/script>\n<!-- \/ Yoast SEO plugin. -->","yoast_head_json":{"title":"Manaus encerra 2025 com mais de 50 mil metros de drenagem implantados e recuperados","description":"Manaus encerra 2025 com mais de 50 mil metros de drenagem implantados e recuperados pela prefeitura, por meio da Seminf.","robots":{"index":"index","follow":"follow","max-snippet":"max-snippet:-1","max-image-preview":"max-image-preview:large","max-video-preview":"max-video-preview:-1"},"canonical":"https:\/\/www.manaus.am.gov.br\/seminf\/mais-50-mil-metros-drenagem-implantados-recuperados\/","og_locale":"pt_BR","og_type":"article","og_title":"Manaus encerra 2025 com mais de 50 mil metros de drenagem implantados e recuperados","og_description":"Manaus encerra 2025 com mais de 50 mil metros de drenagem implantados e recuperados pela prefeitura, por meio da Seminf.","og_url":"https:\/\/www.manaus.am.gov.br\/seminf\/mais-50-mil-metros-drenagem-implantados-recuperados\/","og_site_name":"SEMINF","article_published_time":"2025-12-31T17:22:39+00:00","og_image":[{"width":1600,"height":900,"url":"https:\/\/www.manaus.am.gov.br\/seminf\/wp-content\/uploads\/sites\/6\/2025\/12\/Avenida-Maceio-3.jpeg","type":"image\/jpeg"}],"author":"Bruna Greco","twitter_card":"summary_large_image","twitter_misc":{"Written by":"Bruna Greco","Est. reading time":"5 minutos"},"schema":{"@context":"https:\/\/schema.org","@graph":[{"@type":"WebPage","@id":"https:\/\/www.manaus.am.gov.br\/seminf\/mais-50-mil-metros-drenagem-implantados-recuperados\/","url":"https:\/\/www.manaus.am.gov.br\/seminf\/mais-50-mil-metros-drenagem-implantados-recuperados\/","name":"Manaus encerra 2025 com mais de 50 mil metros de drenagem implantados e recuperados","isPartOf":{"@id":"https:\/\/www.manaus.am.gov.br\/seminf\/#website"},"primaryImageOfPage":{"@id":"https:\/\/www.manaus.am.gov.br\/seminf\/mais-50-mil-metros-drenagem-implantados-recuperados\/#primaryimage"},"image":{"@id":"https:\/\/www.manaus.am.gov.br\/seminf\/mais-50-mil-metros-drenagem-implantados-recuperados\/#primaryimage"},"thumbnailUrl":"https:\/\/www.manaus.am.gov.br\/seminf\/wp-content\/uploads\/sites\/6\/2025\/12\/Avenida-Maceio-3.jpeg","datePublished":"2025-12-31T17:22:39+00:00","dateModified":"2025-12-31T17:22:39+00:00","author":{"@id":"https:\/\/www.manaus.am.gov.br\/seminf\/#\/schema\/person\/05d223aea2bf115f9883a6ff3683d81b"},"description":"Manaus encerra 2025 com mais de 50 mil metros de drenagem implantados e recuperados pela prefeitura, por meio da Seminf.","inLanguage":"pt-BR","potentialAction":[{"@type":"ReadAction","target":["https:\/\/www.manaus.am.gov.br\/seminf\/mais-50-mil-metros-drenagem-implantados-recuperados\/"]}]},{"@type":"ImageObject","inLanguage":"pt-BR","@id":"https:\/\/www.manaus.am.gov.br\/seminf\/mais-50-mil-metros-drenagem-implantados-recuperados\/#primaryimage","url":"https:\/\/www.manaus.am.gov.br\/seminf\/wp-content\/uploads\/sites\/6\/2025\/12\/Avenida-Maceio-3.jpeg","contentUrl":"https:\/\/www.manaus.am.gov.br\/seminf\/wp-content\/uploads\/sites\/6\/2025\/12\/Avenida-Maceio-3.jpeg","width":1600,"height":900,"caption":"#paratodosverem - Equipe da Seminf realizando obras de infraestrutura na avenida Macei\u00f3, no bairro Nossa Senhora das Gra\u00e7as"},{"@type":"WebSite","@id":"https:\/\/www.manaus.am.gov.br\/seminf\/#website","url":"https:\/\/www.manaus.am.gov.br\/seminf\/","name":"Secretaria de Infraestrutura","description":"Secretaria Municipal de Infraestrutura","potentialAction":[{"@type":"SearchAction","target":{"@type":"EntryPoint","urlTemplate":"https:\/\/www.manaus.am.gov.br\/seminf\/?s={search_term_string}"},"query-input":"required name=search_term_string"}],"inLanguage":"pt-BR"},{"@type":"Person","@id":"https:\/\/www.manaus.am.gov.br\/seminf\/#\/schema\/person\/05d223aea2bf115f9883a6ff3683d81b","name":"Bruna Greco","image":{"@type":"ImageObject","inLanguage":"pt-BR","@id":"https:\/\/www.manaus.am.gov.br\/seminf\/#\/schema\/person\/image\/","url":"https:\/\/secure.gravatar.com\/avatar\/9c877d1a6adc2a055330e5c09a8653ce?s=96&d=mm&r=g","contentUrl":"https:\/\/secure.gravatar.com\/avatar\/9c877d1a6adc2a055330e5c09a8653ce?s=96&d=mm&r=g","caption":"Bruna Greco"}}]}},"_links":{"self":[{"href":"https:\/\/www.manaus.am.gov.br\/seminf\/wp-json\/wp\/v2\/posts\/8044"}],"collection":[{"href":"https:\/\/www.manaus.am.gov.br\/seminf\/wp-json\/wp\/v2\/posts"}],"about":[{"href":"https:\/\/www.manaus.am.gov.br\/seminf\/wp-json\/wp\/v2\/types\/post"}],"author":[{"embeddable":true,"href":"https:\/\/www.manaus.am.gov.br\/seminf\/wp-json\/wp\/v2\/users\/39"}],"replies":[{"embeddable":true,"href":"https:\/\/www.manaus.am.gov.br\/seminf\/wp-json\/wp\/v2\/comments?post=8044"}],"version-history":[{"count":1,"href":"https:\/\/www.manaus.am.gov.br\/seminf\/wp-json\/wp\/v2\/posts\/8044\/revisions"}],"predecessor-version":[{"id":8048,"href":"https:\/\/www.manaus.am.gov.br\/seminf\/wp-json\/wp\/v2\/posts\/8044\/revisions\/8048"}],"wp:featuredmedia":[{"embeddable":true,"href":"https:\/\/www.manaus.am.gov.br\/seminf\/wp-json\/wp\/v2\/media\/8045"}],"wp:attachment":[{"href":"https:\/\/www.manaus.am.gov.br\/seminf\/wp-json\/wp\/v2\/media?parent=8044"}],"wp:term":[{"taxonomy":"category","embeddable":true,"href":"https:\/\/www.manaus.am.gov.br\/seminf\/wp-json\/wp\/v2\/categories?post=8044"},{"taxonomy":"post_tag","embeddable":true,"href":"https:\/\/www.manaus.am.gov.br\/seminf\/wp-json\/wp\/v2\/tags?post=8044"}],"curies":[{"name":"wp","href":"https:\/\/api.w.org\/{rel}","templated":true}]}}