{"id":8035,"date":"2025-12-31T12:40:26","date_gmt":"2025-12-31T16:40:26","guid":{"rendered":"https:\/\/www.manaus.am.gov.br\/seminf\/avancos-historicos-mobilidade-urbana\/"},"modified":"2025-12-31T12:48:17","modified_gmt":"2025-12-31T16:48:17","slug":"avancos-historicos-mobilidade-urbana","status":"publish","type":"post","link":"https:\/\/www.manaus.am.gov.br\/seminf\/avancos-historicos-mobilidade-urbana\/","title":{"rendered":"Prefeitura de Manaus encerra 2025 com avan\u00e7os hist\u00f3ricos na mobilidade urbana da capital"},"content":{"rendered":"\n<p>Este ano ficar\u00e1 marcado como um per\u00edodo de planejamento, coragem e entregas concretas para a mobilidade urbana da capital. Em pontos estrat\u00e9gicos da cidade, a Prefeitura de Manaus promoveu interven\u00e7\u00f5es vi\u00e1rias que mudaram a din\u00e2mica do tr\u00e2nsito, reduziram gargalos hist\u00f3ricos e garantiram mais seguran\u00e7a e fluidez para motoristas, usu\u00e1rios do transporte coletivo e pedestres.<\/p>\n\n\n\n<p>Por meio de uma atua\u00e7\u00e3o integrada entre a Secretaria Municipal de Infraestrutura (Seminf) e o Instituto Municipal de Mobilidade Urbana (IMMU), as a\u00e7\u00f5es executadas ao longo do ano alcan\u00e7aram diferentes zonas da capital, com servi\u00e7os que inclu\u00edram retornos semaf\u00f3ricos, ajustes em canteiros centrais, mudan\u00e7as de sentido vi\u00e1rio, recupera\u00e7\u00e3o asf\u00e1ltica, manuten\u00e7\u00e3o de cal\u00e7adas e melhorias na sinaliza\u00e7\u00e3o.<\/p>\n\n\n\n<p>Mais do que altera\u00e7\u00f5es f\u00edsicas nas vias, cada interven\u00e7\u00e3o foi pensada para impactar positivamente a rotina de quem vive a cidade todos os dias, encurtando trajetos, reduzindo o tempo de deslocamento e tornando o tr\u00e2nsito mais seguro e eficiente.<\/p>\n\n\n\n<p>\u00c0 frente da Secretaria de Obras, o vice-prefeito Renato Junior destaca que as interven\u00e7\u00f5es fazem parte de um planejamento cont\u00ednuo, orientado pela escuta da popula\u00e7\u00e3o e pelo compromisso da gest\u00e3o municipal com resultados duradouros.<\/p>\n\n\n\n<p>\u201cMobilidade urbana n\u00e3o \u00e9 s\u00f3 obra, \u00e9 cuidado com as pessoas. Cada interven\u00e7\u00e3o que fazemos tem um impacto direto na vida de quem sai cedo para trabalhar, de quem depende do transporte p\u00fablico, de quem atravessa a cidade todos os dias. A orienta\u00e7\u00e3o do prefeito David Almeida sempre foi planejar, executar e entregar solu\u00e7\u00f5es que realmente fa\u00e7am diferen\u00e7a. Em 2025, enfrentamos desafios, mexemos em pontos cr\u00edticos e tivemos coragem de intervir onde o problema era antigo. O resultado \u00e9 uma cidade que flui melhor e que oferece mais seguran\u00e7a para todos\u201d, afirmou Renato Junior.<\/p>\n\n\n\n<figure class=\"wp-block-image size-large\"><img loading=\"lazy\" decoding=\"async\" width=\"1024\" height=\"683\" src=\"https:\/\/www.manaus.am.gov.br\/seminf\/wp-content\/uploads\/sites\/6\/2025\/12\/Avenida-Alta-Mirim-Avenida-Itacolomi-Itacolomi-1024x683.jpg\" alt=\"\" class=\"wp-image-8037\" srcset=\"https:\/\/www.manaus.am.gov.br\/seminf\/wp-content\/uploads\/sites\/6\/2025\/12\/Avenida-Alta-Mirim-Avenida-Itacolomi-Itacolomi-1024x683.jpg 1024w, https:\/\/www.manaus.am.gov.br\/seminf\/wp-content\/uploads\/sites\/6\/2025\/12\/Avenida-Alta-Mirim-Avenida-Itacolomi-Itacolomi-300x200.jpg 300w, https:\/\/www.manaus.am.gov.br\/seminf\/wp-content\/uploads\/sites\/6\/2025\/12\/Avenida-Alta-Mirim-Avenida-Itacolomi-Itacolomi-768x512.jpg 768w, https:\/\/www.manaus.am.gov.br\/seminf\/wp-content\/uploads\/sites\/6\/2025\/12\/Avenida-Alta-Mirim-Avenida-Itacolomi-Itacolomi-1536x1024.jpg 1536w, https:\/\/www.manaus.am.gov.br\/seminf\/wp-content\/uploads\/sites\/6\/2025\/12\/Avenida-Alta-Mirim-Avenida-Itacolomi-Itacolomi-2048x1365.jpg 2048w\" sizes=\"(max-width: 1024px) 100vw, 1024px\" \/><figcaption class=\"wp-element-caption\">#paratodosverem &#8211; Recapeamento na avenida Autaz Mirim com avenida Itacolomy<\/figcaption><\/figure>\n\n\n\n<p>As interven\u00e7\u00f5es ocorreram em importantes corredores vi\u00e1rios da cidade, como as avenidas Djalma Batista, Constantino Nery, L\u00f3ris Cordovil, Max Teixeira, Umberto Calderaro, Coronel Teixeira, Macei\u00f3, Autaz Mirim, entre outras. Locais que historicamente registravam reten\u00e7\u00f5es, conflitos de tr\u00e1fego e riscos de acidentes passaram por readequa\u00e7\u00f5es que melhoraram significativamente a circula\u00e7\u00e3o.<\/p>\n\n\n\n<p>Um dos exemplos est\u00e1 na avenida Max Teixeira com a rua S\u00e3o Judas Tadeu, no bairro Flores, zona Centro-Sul, onde a abertura de um novo acesso com m\u00faltiplas faixas, a recupera\u00e7\u00e3o asf\u00e1ltica, a implanta\u00e7\u00e3o de meio-fio e sarjeta e a nova sinaliza\u00e7\u00e3o transformaram a fluidez da via e reduziram de forma expressiva o tempo de espera nos hor\u00e1rios de pico. A interven\u00e7\u00e3o tamb\u00e9m beneficiou diretamente o transporte coletivo e os pedestres.<\/p>\n\n\n\n<p>J\u00e1 em cruzamentos como a avenida Para\u00edba com a rua Belo Horizonte e a avenida Macei\u00f3 com a rua Bel\u00e9m, as mudan\u00e7as vi\u00e1rias e a implanta\u00e7\u00e3o de sistemas semaf\u00f3ricos integrados trouxeram mais organiza\u00e7\u00e3o ao fluxo, eliminaram filas recorrentes e garantiram travessias mais seguras, inclusive com a ado\u00e7\u00e3o de recursos de acessibilidade e tecnologia inteligente para ajuste autom\u00e1tico dos tempos de sinal conforme a demanda.<\/p>\n\n\n\n<p>Na zona Leste, a interven\u00e7\u00e3o na avenida Autaz Mirim com a avenida Itacolomy refor\u00e7a o compromisso da gest\u00e3o com solu\u00e7\u00f5es completas. O projeto integra melhorias na drenagem profunda e superficial, recuo para \u00f4nibus, implanta\u00e7\u00e3o de rampas de acessibilidade e recupera\u00e7\u00e3o asf\u00e1ltica, preparando a via para a implanta\u00e7\u00e3o de novo sem\u00e1foro e garantindo mais seguran\u00e7a e organiza\u00e7\u00e3o ao tr\u00e1fego.<\/p>\n\n\n\n<p>Ao longo deste ano, as interven\u00e7\u00f5es vi\u00e1rias se consolidaram como uma das principais ferramentas da Prefeitura de Manaus para melhorar a mobilidade urbana, reduzir acidentes e promover qualidade de vida. E o trabalho segue avan\u00e7ando com novas frentes j\u00e1 est\u00e3o planejadas, ampliando ainda mais os benef\u00edcios para a popula\u00e7\u00e3o nos pr\u00f3ximos anos.<\/p>\n\n\n\n<p><strong>Planejamento, integra\u00e7\u00e3o e cuidado com quem vive a cidade<\/strong><\/p>\n\n\n\n<p>Encerrar este ano \u00e9 reconhecer que cada ajuste vi\u00e1rio, cada sem\u00e1foro implantado e cada metro de asfalto recuperado representam mais do que engenharia, representam respeito ao tempo das pessoas, valoriza\u00e7\u00e3o da vida e compromisso com o futuro. Com planejamento t\u00e9cnico, integra\u00e7\u00e3o entre secretarias e presen\u00e7a constante nas ruas, a Prefeitura de Manaus segue construindo uma cidade mais fluida, segura e preparada para continuar avan\u00e7ando.<\/p>\n\n\n\n<figure class=\"wp-block-image size-large\"><img loading=\"lazy\" decoding=\"async\" width=\"1024\" height=\"768\" src=\"https:\/\/www.manaus.am.gov.br\/seminf\/wp-content\/uploads\/sites\/6\/2025\/12\/Avenida-Constantino-Nery-com-Rua-Industria-1024x768.jpeg\" alt=\"\" class=\"wp-image-8038\" srcset=\"https:\/\/www.manaus.am.gov.br\/seminf\/wp-content\/uploads\/sites\/6\/2025\/12\/Avenida-Constantino-Nery-com-Rua-Industria-1024x768.jpeg 1024w, https:\/\/www.manaus.am.gov.br\/seminf\/wp-content\/uploads\/sites\/6\/2025\/12\/Avenida-Constantino-Nery-com-Rua-Industria-300x225.jpeg 300w, https:\/\/www.manaus.am.gov.br\/seminf\/wp-content\/uploads\/sites\/6\/2025\/12\/Avenida-Constantino-Nery-com-Rua-Industria-768x576.jpeg 768w, https:\/\/www.manaus.am.gov.br\/seminf\/wp-content\/uploads\/sites\/6\/2025\/12\/Avenida-Constantino-Nery-com-Rua-Industria-1536x1152.jpeg 1536w, https:\/\/www.manaus.am.gov.br\/seminf\/wp-content\/uploads\/sites\/6\/2025\/12\/Avenida-Constantino-Nery-com-Rua-Industria.jpeg 1600w\" sizes=\"(max-width: 1024px) 100vw, 1024px\" \/><figcaption class=\"wp-element-caption\">#paratodosverem &#8211; Obra na avenida Constantino Nery com rua da Ind\u00fastria<\/figcaption><\/figure>\n\n\n\n<p>&#8212; &#8212; &#8212;<\/p>\n\n\n\n<p><strong>Texto&nbsp;<\/strong>&#8211; Eduarda Lira e Valesca Martins\/Seminf e Marcelo Lima\/IMMU<\/p>\n\n\n\n<p><strong>Fotos<\/strong> &#8211; M\u00e1rcio Melo e Alessandro Ara\u00fajo\/Seminf e Carlos Oliveira\/Vice-Prefeito<\/p>\n","protected":false},"excerpt":{"rendered":"","protected":false},"author":39,"featured_media":8036,"comment_status":"closed","ping_status":"closed","sticky":false,"template":"","format":"standard","meta":{"footnotes":""},"categories":[3],"tags":[2945,2946,22,743,43,26],"acf":[],"yoast_head":"<!-- This site is optimized with the Yoast SEO plugin v23.0 - https:\/\/yoast.com\/wordpress\/plugins\/seo\/ -->\n<title>2025 com avan\u00e7os hist\u00f3ricos na mobilidade urbana da capital<\/title>\n<meta name=\"description\" content=\"Prefeitura de Manaus, por meio da Seminf, encerra 2025 com avan\u00e7os hist\u00f3ricos na mobilidade urbana da capital.\" \/>\n<meta name=\"robots\" content=\"index, follow, max-snippet:-1, max-image-preview:large, max-video-preview:-1\" \/>\n<link rel=\"canonical\" href=\"https:\/\/www.manaus.am.gov.br\/seminf\/avancos-historicos-mobilidade-urbana\/\" \/>\n<meta property=\"og:locale\" content=\"pt_BR\" \/>\n<meta property=\"og:type\" content=\"article\" \/>\n<meta property=\"og:title\" content=\"2025 com avan\u00e7os hist\u00f3ricos na mobilidade urbana da capital\" \/>\n<meta property=\"og:description\" content=\"Prefeitura de Manaus, por meio da Seminf, encerra 2025 com avan\u00e7os hist\u00f3ricos na mobilidade urbana da capital.\" \/>\n<meta property=\"og:url\" content=\"https:\/\/www.manaus.am.gov.br\/seminf\/avancos-historicos-mobilidade-urbana\/\" \/>\n<meta property=\"og:site_name\" content=\"SEMINF\" \/>\n<meta property=\"article:published_time\" content=\"2025-12-31T16:40:26+00:00\" \/>\n<meta property=\"article:modified_time\" content=\"2025-12-31T16:48:17+00:00\" \/>\n<meta property=\"og:image\" content=\"https:\/\/www.manaus.am.gov.br\/seminf\/wp-content\/uploads\/sites\/6\/2025\/12\/Av-Djalma-Batista-com-avenida-Pedro-Teixeira-1024x683.jpeg\" \/>\n\t<meta property=\"og:image:width\" content=\"1024\" \/>\n\t<meta property=\"og:image:height\" content=\"683\" \/>\n\t<meta property=\"og:image:type\" content=\"image\/jpeg\" \/>\n<meta name=\"author\" content=\"Bruna Greco\" \/>\n<meta name=\"twitter:card\" content=\"summary_large_image\" \/>\n<meta name=\"twitter:label1\" content=\"Written by\" \/>\n\t<meta name=\"twitter:data1\" content=\"Bruna Greco\" \/>\n\t<meta name=\"twitter:label2\" content=\"Est. reading time\" \/>\n\t<meta name=\"twitter:data2\" content=\"5 minutos\" \/>\n<script type=\"application\/ld+json\" class=\"yoast-schema-graph\">{\"@context\":\"https:\/\/schema.org\",\"@graph\":[{\"@type\":\"WebPage\",\"@id\":\"https:\/\/www.manaus.am.gov.br\/seminf\/avancos-historicos-mobilidade-urbana\/\",\"url\":\"https:\/\/www.manaus.am.gov.br\/seminf\/avancos-historicos-mobilidade-urbana\/\",\"name\":\"2025 com avan\u00e7os hist\u00f3ricos na mobilidade urbana da capital\",\"isPartOf\":{\"@id\":\"https:\/\/www.manaus.am.gov.br\/seminf\/#website\"},\"primaryImageOfPage\":{\"@id\":\"https:\/\/www.manaus.am.gov.br\/seminf\/avancos-historicos-mobilidade-urbana\/#primaryimage\"},\"image\":{\"@id\":\"https:\/\/www.manaus.am.gov.br\/seminf\/avancos-historicos-mobilidade-urbana\/#primaryimage\"},\"thumbnailUrl\":\"https:\/\/www.manaus.am.gov.br\/seminf\/wp-content\/uploads\/sites\/6\/2025\/12\/Av-Djalma-Batista-com-avenida-Pedro-Teixeira.jpeg\",\"datePublished\":\"2025-12-31T16:40:26+00:00\",\"dateModified\":\"2025-12-31T16:48:17+00:00\",\"author\":{\"@id\":\"https:\/\/www.manaus.am.gov.br\/seminf\/#\/schema\/person\/05d223aea2bf115f9883a6ff3683d81b\"},\"description\":\"Prefeitura de Manaus, por meio da Seminf, encerra 2025 com avan\u00e7os hist\u00f3ricos na mobilidade urbana da capital.\",\"inLanguage\":\"pt-BR\",\"potentialAction\":[{\"@type\":\"ReadAction\",\"target\":[\"https:\/\/www.manaus.am.gov.br\/seminf\/avancos-historicos-mobilidade-urbana\/\"]}]},{\"@type\":\"ImageObject\",\"inLanguage\":\"pt-BR\",\"@id\":\"https:\/\/www.manaus.am.gov.br\/seminf\/avancos-historicos-mobilidade-urbana\/#primaryimage\",\"url\":\"https:\/\/www.manaus.am.gov.br\/seminf\/wp-content\/uploads\/sites\/6\/2025\/12\/Av-Djalma-Batista-com-avenida-Pedro-Teixeira.jpeg\",\"contentUrl\":\"https:\/\/www.manaus.am.gov.br\/seminf\/wp-content\/uploads\/sites\/6\/2025\/12\/Av-Djalma-Batista-com-avenida-Pedro-Teixeira.jpeg\",\"width\":6720,\"height\":4480,\"caption\":\"#paratodosverem - Equipe da Seminf executando servi\u00e7os de recapeamento na avenida Djalma Batista com avenida Pedro Teixeira\"},{\"@type\":\"WebSite\",\"@id\":\"https:\/\/www.manaus.am.gov.br\/seminf\/#website\",\"url\":\"https:\/\/www.manaus.am.gov.br\/seminf\/\",\"name\":\"Secretaria de Infraestrutura\",\"description\":\"Secretaria Municipal de Infraestrutura\",\"potentialAction\":[{\"@type\":\"SearchAction\",\"target\":{\"@type\":\"EntryPoint\",\"urlTemplate\":\"https:\/\/www.manaus.am.gov.br\/seminf\/?s={search_term_string}\"},\"query-input\":\"required name=search_term_string\"}],\"inLanguage\":\"pt-BR\"},{\"@type\":\"Person\",\"@id\":\"https:\/\/www.manaus.am.gov.br\/seminf\/#\/schema\/person\/05d223aea2bf115f9883a6ff3683d81b\",\"name\":\"Bruna Greco\",\"image\":{\"@type\":\"ImageObject\",\"inLanguage\":\"pt-BR\",\"@id\":\"https:\/\/www.manaus.am.gov.br\/seminf\/#\/schema\/person\/image\/\",\"url\":\"https:\/\/secure.gravatar.com\/avatar\/9c877d1a6adc2a055330e5c09a8653ce?s=96&d=mm&r=g\",\"contentUrl\":\"https:\/\/secure.gravatar.com\/avatar\/9c877d1a6adc2a055330e5c09a8653ce?s=96&d=mm&r=g\",\"caption\":\"Bruna Greco\"}}]}<\/script>\n<!-- \/ Yoast SEO plugin. -->","yoast_head_json":{"title":"2025 com avan\u00e7os hist\u00f3ricos na mobilidade urbana da capital","description":"Prefeitura de Manaus, por meio da Seminf, encerra 2025 com avan\u00e7os hist\u00f3ricos na mobilidade urbana da capital.","robots":{"index":"index","follow":"follow","max-snippet":"max-snippet:-1","max-image-preview":"max-image-preview:large","max-video-preview":"max-video-preview:-1"},"canonical":"https:\/\/www.manaus.am.gov.br\/seminf\/avancos-historicos-mobilidade-urbana\/","og_locale":"pt_BR","og_type":"article","og_title":"2025 com avan\u00e7os hist\u00f3ricos na mobilidade urbana da capital","og_description":"Prefeitura de Manaus, por meio da Seminf, encerra 2025 com avan\u00e7os hist\u00f3ricos na mobilidade urbana da capital.","og_url":"https:\/\/www.manaus.am.gov.br\/seminf\/avancos-historicos-mobilidade-urbana\/","og_site_name":"SEMINF","article_published_time":"2025-12-31T16:40:26+00:00","article_modified_time":"2025-12-31T16:48:17+00:00","og_image":[{"width":1024,"height":683,"url":"https:\/\/www.manaus.am.gov.br\/seminf\/wp-content\/uploads\/sites\/6\/2025\/12\/Av-Djalma-Batista-com-avenida-Pedro-Teixeira-1024x683.jpeg","type":"image\/jpeg"}],"author":"Bruna Greco","twitter_card":"summary_large_image","twitter_misc":{"Written by":"Bruna Greco","Est. reading time":"5 minutos"},"schema":{"@context":"https:\/\/schema.org","@graph":[{"@type":"WebPage","@id":"https:\/\/www.manaus.am.gov.br\/seminf\/avancos-historicos-mobilidade-urbana\/","url":"https:\/\/www.manaus.am.gov.br\/seminf\/avancos-historicos-mobilidade-urbana\/","name":"2025 com avan\u00e7os hist\u00f3ricos na mobilidade urbana da capital","isPartOf":{"@id":"https:\/\/www.manaus.am.gov.br\/seminf\/#website"},"primaryImageOfPage":{"@id":"https:\/\/www.manaus.am.gov.br\/seminf\/avancos-historicos-mobilidade-urbana\/#primaryimage"},"image":{"@id":"https:\/\/www.manaus.am.gov.br\/seminf\/avancos-historicos-mobilidade-urbana\/#primaryimage"},"thumbnailUrl":"https:\/\/www.manaus.am.gov.br\/seminf\/wp-content\/uploads\/sites\/6\/2025\/12\/Av-Djalma-Batista-com-avenida-Pedro-Teixeira.jpeg","datePublished":"2025-12-31T16:40:26+00:00","dateModified":"2025-12-31T16:48:17+00:00","author":{"@id":"https:\/\/www.manaus.am.gov.br\/seminf\/#\/schema\/person\/05d223aea2bf115f9883a6ff3683d81b"},"description":"Prefeitura de Manaus, por meio da Seminf, encerra 2025 com avan\u00e7os hist\u00f3ricos na mobilidade urbana da capital.","inLanguage":"pt-BR","potentialAction":[{"@type":"ReadAction","target":["https:\/\/www.manaus.am.gov.br\/seminf\/avancos-historicos-mobilidade-urbana\/"]}]},{"@type":"ImageObject","inLanguage":"pt-BR","@id":"https:\/\/www.manaus.am.gov.br\/seminf\/avancos-historicos-mobilidade-urbana\/#primaryimage","url":"https:\/\/www.manaus.am.gov.br\/seminf\/wp-content\/uploads\/sites\/6\/2025\/12\/Av-Djalma-Batista-com-avenida-Pedro-Teixeira.jpeg","contentUrl":"https:\/\/www.manaus.am.gov.br\/seminf\/wp-content\/uploads\/sites\/6\/2025\/12\/Av-Djalma-Batista-com-avenida-Pedro-Teixeira.jpeg","width":6720,"height":4480,"caption":"#paratodosverem - Equipe da Seminf executando servi\u00e7os de recapeamento na avenida Djalma Batista com avenida Pedro Teixeira"},{"@type":"WebSite","@id":"https:\/\/www.manaus.am.gov.br\/seminf\/#website","url":"https:\/\/www.manaus.am.gov.br\/seminf\/","name":"Secretaria de Infraestrutura","description":"Secretaria Municipal de Infraestrutura","potentialAction":[{"@type":"SearchAction","target":{"@type":"EntryPoint","urlTemplate":"https:\/\/www.manaus.am.gov.br\/seminf\/?s={search_term_string}"},"query-input":"required name=search_term_string"}],"inLanguage":"pt-BR"},{"@type":"Person","@id":"https:\/\/www.manaus.am.gov.br\/seminf\/#\/schema\/person\/05d223aea2bf115f9883a6ff3683d81b","name":"Bruna Greco","image":{"@type":"ImageObject","inLanguage":"pt-BR","@id":"https:\/\/www.manaus.am.gov.br\/seminf\/#\/schema\/person\/image\/","url":"https:\/\/secure.gravatar.com\/avatar\/9c877d1a6adc2a055330e5c09a8653ce?s=96&d=mm&r=g","contentUrl":"https:\/\/secure.gravatar.com\/avatar\/9c877d1a6adc2a055330e5c09a8653ce?s=96&d=mm&r=g","caption":"Bruna Greco"}}]}},"_links":{"self":[{"href":"https:\/\/www.manaus.am.gov.br\/seminf\/wp-json\/wp\/v2\/posts\/8035"}],"collection":[{"href":"https:\/\/www.manaus.am.gov.br\/seminf\/wp-json\/wp\/v2\/posts"}],"about":[{"href":"https:\/\/www.manaus.am.gov.br\/seminf\/wp-json\/wp\/v2\/types\/post"}],"author":[{"embeddable":true,"href":"https:\/\/www.manaus.am.gov.br\/seminf\/wp-json\/wp\/v2\/users\/39"}],"replies":[{"embeddable":true,"href":"https:\/\/www.manaus.am.gov.br\/seminf\/wp-json\/wp\/v2\/comments?post=8035"}],"version-history":[{"count":5,"href":"https:\/\/www.manaus.am.gov.br\/seminf\/wp-json\/wp\/v2\/posts\/8035\/revisions"}],"predecessor-version":[{"id":8043,"href":"https:\/\/www.manaus.am.gov.br\/seminf\/wp-json\/wp\/v2\/posts\/8035\/revisions\/8043"}],"wp:featuredmedia":[{"embeddable":true,"href":"https:\/\/www.manaus.am.gov.br\/seminf\/wp-json\/wp\/v2\/media\/8036"}],"wp:attachment":[{"href":"https:\/\/www.manaus.am.gov.br\/seminf\/wp-json\/wp\/v2\/media?parent=8035"}],"wp:term":[{"taxonomy":"category","embeddable":true,"href":"https:\/\/www.manaus.am.gov.br\/seminf\/wp-json\/wp\/v2\/categories?post=8035"},{"taxonomy":"post_tag","embeddable":true,"href":"https:\/\/www.manaus.am.gov.br\/seminf\/wp-json\/wp\/v2\/tags?post=8035"}],"curies":[{"name":"wp","href":"https:\/\/api.w.org\/{rel}","templated":true}]}}