{"id":8020,"date":"2025-12-30T17:27:30","date_gmt":"2025-12-30T21:27:30","guid":{"rendered":"https:\/\/www.manaus.am.gov.br\/seminf\/etapa-final-obras-alargamento-ponte-avenida-turismo\/"},"modified":"2025-12-30T17:27:30","modified_gmt":"2025-12-30T21:27:30","slug":"etapa-final-obras-alargamento-ponte-avenida-turismo","status":"publish","type":"post","link":"https:\/\/www.manaus.am.gov.br\/seminf\/etapa-final-obras-alargamento-ponte-avenida-turismo\/","title":{"rendered":"Prefeitura de Manaus avan\u00e7a para etapa final das obras de alargamento da ponte na avenida do Turismo"},"content":{"rendered":"\n<p>A Prefeitura de Manaus, por meio da Secretaria Municipal de Infraestrutura (Seminf), avan\u00e7a, nesta ter\u00e7a-feira, 30\/12, para a etapa final das obras de alargamento da ponte na avenida do Turismo, zona Oeste, que fica em frente ao complexo tur\u00edstico Ponta Negra. As equipes executam a implanta\u00e7\u00e3o da sarjeta e meio-fio.&nbsp;<\/p>\n\n\n\n<p>\u201cChegamos a fase final dessa grandiosa obra, em uma das principais avenidas da zona Oeste, que recebeu um combo completo com a amplia\u00e7\u00e3o da terceira faixa, recapeamento e reconstru\u00e7\u00e3o da sarjeta e meio-fio e agora a avan\u00e7amos para a ponte bem em frente ao nosso cart\u00e3o postal da cidade. O prefeito David Almeida nos orienta a avan\u00e7ar e a trabalhar de forma c\u00e9lere e \u00e9 desta forma que seguimos com for\u00e7a total pela cidade\u201d, afirma o vice-prefeito e secret\u00e1rio de Obras, Renato Junior.&nbsp;<\/p>\n\n\n\n<p>Ap\u00f3s a conclus\u00e3o dos servi\u00e7os de instala\u00e7\u00e3o das vigas met\u00e1licas e da pr\u00e9-laje, foi realizada a arma\u00e7\u00e3o da laje, etapa fundamental para garantir a resist\u00eancia estrutural. Em paralelo, foi executado a terraplanagem para a implanta\u00e7\u00e3o da terceira faixa e tamb\u00e9m a implanta\u00e7\u00e3o de uma caixa coletora, que faz parte do sistema de drenagem.&nbsp;<\/p>\n\n\n\n<p>Com a estrutura devidamente preparada, a laje recebeu a concretagem e a \u00e1rea recebeu a fresagem com a aplica\u00e7\u00e3o da nova camada asf\u00e1ltica.&nbsp;Nesta etapa da obra, as equipes trabalham na conclus\u00e3o da implanta\u00e7\u00e3o da sarjeta, que \u00e9 a parte canalizada junto ao meio-fio e tem como fun\u00e7\u00e3o escoar a \u00e1gua da chuva da pista para dentro das caixas coletoras. E o meio-fio \u00e9 o elemento de concreto que forma o limite e organiza o radico entre a rua e a cal\u00e7ada.&nbsp;<\/p>\n\n\n\n<p>Com essa obra da Prefeitura de Manaus, a popula\u00e7\u00e3o que utiliza essa importante avenida ir\u00e1 ter mais fluidez, seguran\u00e7a e qualidade de vida para chegar at\u00e9 seu destino.<\/p>\n\n\n\n<figure class=\"wp-block-image size-large\"><img loading=\"lazy\" decoding=\"async\" width=\"1024\" height=\"576\" src=\"https:\/\/www.manaus.am.gov.br\/seminf\/wp-content\/uploads\/sites\/6\/2025\/12\/Infraestrutura-2-1024x576.jpeg\" alt=\"\" class=\"wp-image-8022\" srcset=\"https:\/\/www.manaus.am.gov.br\/seminf\/wp-content\/uploads\/sites\/6\/2025\/12\/Infraestrutura-2-1024x576.jpeg 1024w, https:\/\/www.manaus.am.gov.br\/seminf\/wp-content\/uploads\/sites\/6\/2025\/12\/Infraestrutura-2-300x169.jpeg 300w, https:\/\/www.manaus.am.gov.br\/seminf\/wp-content\/uploads\/sites\/6\/2025\/12\/Infraestrutura-2-768x432.jpeg 768w, https:\/\/www.manaus.am.gov.br\/seminf\/wp-content\/uploads\/sites\/6\/2025\/12\/Infraestrutura-2-1536x864.jpeg 1536w, https:\/\/www.manaus.am.gov.br\/seminf\/wp-content\/uploads\/sites\/6\/2025\/12\/Infraestrutura-2.jpeg 1600w\" sizes=\"(max-width: 1024px) 100vw, 1024px\" \/><figcaption class=\"wp-element-caption\">#paratodosverem &#8211; Servi\u00e7o de meio-fio e sarjeta na avenida do Turismo<\/figcaption><\/figure>\n\n\n\n<p>&#8212; &#8212; &#8212;<\/p>\n\n\n\n<p><strong>Texto&nbsp;<\/strong>&#8211; Rayana Coutinho\/Seminf&nbsp;<\/p>\n\n\n\n<p><strong>Fotos <\/strong>&#8211; Divulga\u00e7\u00e3o\/Seminf<\/p>\n","protected":false},"excerpt":{"rendered":"","protected":false},"author":39,"featured_media":8021,"comment_status":"closed","ping_status":"closed","sticky":false,"template":"","format":"standard","meta":{"footnotes":""},"categories":[3],"tags":[214,1308,2942,43,26],"acf":[],"yoast_head":"<!-- This site is optimized with the Yoast SEO plugin v23.0 - https:\/\/yoast.com\/wordpress\/plugins\/seo\/ -->\n<title>Etapa final das obras de alargamento da ponte na avenida do Turismo<\/title>\n<meta name=\"description\" content=\"Prefeitura de Manaus, por meio da Seminf, avan\u00e7a para etapa final das obras de alargamento da ponte na avenida do Turismo.\" \/>\n<meta name=\"robots\" content=\"index, follow, max-snippet:-1, max-image-preview:large, max-video-preview:-1\" \/>\n<link rel=\"canonical\" href=\"https:\/\/www.manaus.am.gov.br\/seminf\/etapa-final-obras-alargamento-ponte-avenida-turismo\/\" \/>\n<meta property=\"og:locale\" content=\"pt_BR\" \/>\n<meta property=\"og:type\" content=\"article\" \/>\n<meta property=\"og:title\" content=\"Etapa final das obras de alargamento da ponte na avenida do Turismo\" \/>\n<meta property=\"og:description\" content=\"Prefeitura de Manaus, por meio da Seminf, avan\u00e7a para etapa final das obras de alargamento da ponte na avenida do Turismo.\" \/>\n<meta property=\"og:url\" content=\"https:\/\/www.manaus.am.gov.br\/seminf\/etapa-final-obras-alargamento-ponte-avenida-turismo\/\" \/>\n<meta property=\"og:site_name\" content=\"SEMINF\" \/>\n<meta property=\"article:published_time\" content=\"2025-12-30T21:27:30+00:00\" \/>\n<meta property=\"og:image\" content=\"https:\/\/www.manaus.am.gov.br\/seminf\/wp-content\/uploads\/sites\/6\/2025\/12\/Infraestrutura-3.jpeg\" \/>\n\t<meta property=\"og:image:width\" content=\"1280\" \/>\n\t<meta property=\"og:image:height\" content=\"720\" \/>\n\t<meta property=\"og:image:type\" content=\"image\/jpeg\" \/>\n<meta name=\"author\" content=\"Bruna Greco\" \/>\n<meta name=\"twitter:card\" content=\"summary_large_image\" \/>\n<meta name=\"twitter:label1\" content=\"Written by\" \/>\n\t<meta name=\"twitter:data1\" content=\"Bruna Greco\" \/>\n\t<meta name=\"twitter:label2\" content=\"Est. reading time\" \/>\n\t<meta name=\"twitter:data2\" content=\"3 minutos\" \/>\n<script type=\"application\/ld+json\" class=\"yoast-schema-graph\">{\"@context\":\"https:\/\/schema.org\",\"@graph\":[{\"@type\":\"WebPage\",\"@id\":\"https:\/\/www.manaus.am.gov.br\/seminf\/etapa-final-obras-alargamento-ponte-avenida-turismo\/\",\"url\":\"https:\/\/www.manaus.am.gov.br\/seminf\/etapa-final-obras-alargamento-ponte-avenida-turismo\/\",\"name\":\"Etapa final das obras de alargamento da ponte na avenida do Turismo\",\"isPartOf\":{\"@id\":\"https:\/\/www.manaus.am.gov.br\/seminf\/#website\"},\"primaryImageOfPage\":{\"@id\":\"https:\/\/www.manaus.am.gov.br\/seminf\/etapa-final-obras-alargamento-ponte-avenida-turismo\/#primaryimage\"},\"image\":{\"@id\":\"https:\/\/www.manaus.am.gov.br\/seminf\/etapa-final-obras-alargamento-ponte-avenida-turismo\/#primaryimage\"},\"thumbnailUrl\":\"https:\/\/www.manaus.am.gov.br\/seminf\/wp-content\/uploads\/sites\/6\/2025\/12\/Infraestrutura-3.jpeg\",\"datePublished\":\"2025-12-30T21:27:30+00:00\",\"dateModified\":\"2025-12-30T21:27:30+00:00\",\"author\":{\"@id\":\"https:\/\/www.manaus.am.gov.br\/seminf\/#\/schema\/person\/05d223aea2bf115f9883a6ff3683d81b\"},\"description\":\"Prefeitura de Manaus, por meio da Seminf, avan\u00e7a para etapa final das obras de alargamento da ponte na avenida do Turismo.\",\"inLanguage\":\"pt-BR\",\"potentialAction\":[{\"@type\":\"ReadAction\",\"target\":[\"https:\/\/www.manaus.am.gov.br\/seminf\/etapa-final-obras-alargamento-ponte-avenida-turismo\/\"]}]},{\"@type\":\"ImageObject\",\"inLanguage\":\"pt-BR\",\"@id\":\"https:\/\/www.manaus.am.gov.br\/seminf\/etapa-final-obras-alargamento-ponte-avenida-turismo\/#primaryimage\",\"url\":\"https:\/\/www.manaus.am.gov.br\/seminf\/wp-content\/uploads\/sites\/6\/2025\/12\/Infraestrutura-3.jpeg\",\"contentUrl\":\"https:\/\/www.manaus.am.gov.br\/seminf\/wp-content\/uploads\/sites\/6\/2025\/12\/Infraestrutura-3.jpeg\",\"width\":1280,\"height\":720,\"caption\":\"#paratodosverem - Equipe da Seminf executando a implanta\u00e7\u00e3o da sarjeta e meio-fio em etapa final das obras de alargamento da ponte na avenida do Turismo\"},{\"@type\":\"WebSite\",\"@id\":\"https:\/\/www.manaus.am.gov.br\/seminf\/#website\",\"url\":\"https:\/\/www.manaus.am.gov.br\/seminf\/\",\"name\":\"Secretaria de Infraestrutura\",\"description\":\"Secretaria Municipal de Infraestrutura\",\"potentialAction\":[{\"@type\":\"SearchAction\",\"target\":{\"@type\":\"EntryPoint\",\"urlTemplate\":\"https:\/\/www.manaus.am.gov.br\/seminf\/?s={search_term_string}\"},\"query-input\":\"required name=search_term_string\"}],\"inLanguage\":\"pt-BR\"},{\"@type\":\"Person\",\"@id\":\"https:\/\/www.manaus.am.gov.br\/seminf\/#\/schema\/person\/05d223aea2bf115f9883a6ff3683d81b\",\"name\":\"Bruna Greco\",\"image\":{\"@type\":\"ImageObject\",\"inLanguage\":\"pt-BR\",\"@id\":\"https:\/\/www.manaus.am.gov.br\/seminf\/#\/schema\/person\/image\/\",\"url\":\"https:\/\/secure.gravatar.com\/avatar\/9c877d1a6adc2a055330e5c09a8653ce?s=96&d=mm&r=g\",\"contentUrl\":\"https:\/\/secure.gravatar.com\/avatar\/9c877d1a6adc2a055330e5c09a8653ce?s=96&d=mm&r=g\",\"caption\":\"Bruna Greco\"}}]}<\/script>\n<!-- \/ Yoast SEO plugin. -->","yoast_head_json":{"title":"Etapa final das obras de alargamento da ponte na avenida do Turismo","description":"Prefeitura de Manaus, por meio da Seminf, avan\u00e7a para etapa final das obras de alargamento da ponte na avenida do Turismo.","robots":{"index":"index","follow":"follow","max-snippet":"max-snippet:-1","max-image-preview":"max-image-preview:large","max-video-preview":"max-video-preview:-1"},"canonical":"https:\/\/www.manaus.am.gov.br\/seminf\/etapa-final-obras-alargamento-ponte-avenida-turismo\/","og_locale":"pt_BR","og_type":"article","og_title":"Etapa final das obras de alargamento da ponte na avenida do Turismo","og_description":"Prefeitura de Manaus, por meio da Seminf, avan\u00e7a para etapa final das obras de alargamento da ponte na avenida do Turismo.","og_url":"https:\/\/www.manaus.am.gov.br\/seminf\/etapa-final-obras-alargamento-ponte-avenida-turismo\/","og_site_name":"SEMINF","article_published_time":"2025-12-30T21:27:30+00:00","og_image":[{"width":1280,"height":720,"url":"https:\/\/www.manaus.am.gov.br\/seminf\/wp-content\/uploads\/sites\/6\/2025\/12\/Infraestrutura-3.jpeg","type":"image\/jpeg"}],"author":"Bruna Greco","twitter_card":"summary_large_image","twitter_misc":{"Written by":"Bruna Greco","Est. reading time":"3 minutos"},"schema":{"@context":"https:\/\/schema.org","@graph":[{"@type":"WebPage","@id":"https:\/\/www.manaus.am.gov.br\/seminf\/etapa-final-obras-alargamento-ponte-avenida-turismo\/","url":"https:\/\/www.manaus.am.gov.br\/seminf\/etapa-final-obras-alargamento-ponte-avenida-turismo\/","name":"Etapa final das obras de alargamento da ponte na avenida do Turismo","isPartOf":{"@id":"https:\/\/www.manaus.am.gov.br\/seminf\/#website"},"primaryImageOfPage":{"@id":"https:\/\/www.manaus.am.gov.br\/seminf\/etapa-final-obras-alargamento-ponte-avenida-turismo\/#primaryimage"},"image":{"@id":"https:\/\/www.manaus.am.gov.br\/seminf\/etapa-final-obras-alargamento-ponte-avenida-turismo\/#primaryimage"},"thumbnailUrl":"https:\/\/www.manaus.am.gov.br\/seminf\/wp-content\/uploads\/sites\/6\/2025\/12\/Infraestrutura-3.jpeg","datePublished":"2025-12-30T21:27:30+00:00","dateModified":"2025-12-30T21:27:30+00:00","author":{"@id":"https:\/\/www.manaus.am.gov.br\/seminf\/#\/schema\/person\/05d223aea2bf115f9883a6ff3683d81b"},"description":"Prefeitura de Manaus, por meio da Seminf, avan\u00e7a para etapa final das obras de alargamento da ponte na avenida do Turismo.","inLanguage":"pt-BR","potentialAction":[{"@type":"ReadAction","target":["https:\/\/www.manaus.am.gov.br\/seminf\/etapa-final-obras-alargamento-ponte-avenida-turismo\/"]}]},{"@type":"ImageObject","inLanguage":"pt-BR","@id":"https:\/\/www.manaus.am.gov.br\/seminf\/etapa-final-obras-alargamento-ponte-avenida-turismo\/#primaryimage","url":"https:\/\/www.manaus.am.gov.br\/seminf\/wp-content\/uploads\/sites\/6\/2025\/12\/Infraestrutura-3.jpeg","contentUrl":"https:\/\/www.manaus.am.gov.br\/seminf\/wp-content\/uploads\/sites\/6\/2025\/12\/Infraestrutura-3.jpeg","width":1280,"height":720,"caption":"#paratodosverem - Equipe da Seminf executando a implanta\u00e7\u00e3o da sarjeta e meio-fio em etapa final das obras de alargamento da ponte na avenida do Turismo"},{"@type":"WebSite","@id":"https:\/\/www.manaus.am.gov.br\/seminf\/#website","url":"https:\/\/www.manaus.am.gov.br\/seminf\/","name":"Secretaria de Infraestrutura","description":"Secretaria Municipal de Infraestrutura","potentialAction":[{"@type":"SearchAction","target":{"@type":"EntryPoint","urlTemplate":"https:\/\/www.manaus.am.gov.br\/seminf\/?s={search_term_string}"},"query-input":"required name=search_term_string"}],"inLanguage":"pt-BR"},{"@type":"Person","@id":"https:\/\/www.manaus.am.gov.br\/seminf\/#\/schema\/person\/05d223aea2bf115f9883a6ff3683d81b","name":"Bruna Greco","image":{"@type":"ImageObject","inLanguage":"pt-BR","@id":"https:\/\/www.manaus.am.gov.br\/seminf\/#\/schema\/person\/image\/","url":"https:\/\/secure.gravatar.com\/avatar\/9c877d1a6adc2a055330e5c09a8653ce?s=96&d=mm&r=g","contentUrl":"https:\/\/secure.gravatar.com\/avatar\/9c877d1a6adc2a055330e5c09a8653ce?s=96&d=mm&r=g","caption":"Bruna Greco"}}]}},"_links":{"self":[{"href":"https:\/\/www.manaus.am.gov.br\/seminf\/wp-json\/wp\/v2\/posts\/8020"}],"collection":[{"href":"https:\/\/www.manaus.am.gov.br\/seminf\/wp-json\/wp\/v2\/posts"}],"about":[{"href":"https:\/\/www.manaus.am.gov.br\/seminf\/wp-json\/wp\/v2\/types\/post"}],"author":[{"embeddable":true,"href":"https:\/\/www.manaus.am.gov.br\/seminf\/wp-json\/wp\/v2\/users\/39"}],"replies":[{"embeddable":true,"href":"https:\/\/www.manaus.am.gov.br\/seminf\/wp-json\/wp\/v2\/comments?post=8020"}],"version-history":[{"count":1,"href":"https:\/\/www.manaus.am.gov.br\/seminf\/wp-json\/wp\/v2\/posts\/8020\/revisions"}],"predecessor-version":[{"id":8023,"href":"https:\/\/www.manaus.am.gov.br\/seminf\/wp-json\/wp\/v2\/posts\/8020\/revisions\/8023"}],"wp:featuredmedia":[{"embeddable":true,"href":"https:\/\/www.manaus.am.gov.br\/seminf\/wp-json\/wp\/v2\/media\/8021"}],"wp:attachment":[{"href":"https:\/\/www.manaus.am.gov.br\/seminf\/wp-json\/wp\/v2\/media?parent=8020"}],"wp:term":[{"taxonomy":"category","embeddable":true,"href":"https:\/\/www.manaus.am.gov.br\/seminf\/wp-json\/wp\/v2\/categories?post=8020"},{"taxonomy":"post_tag","embeddable":true,"href":"https:\/\/www.manaus.am.gov.br\/seminf\/wp-json\/wp\/v2\/tags?post=8020"}],"curies":[{"name":"wp","href":"https:\/\/api.w.org\/{rel}","templated":true}]}}