{"id":8014,"date":"2025-12-30T17:20:56","date_gmt":"2025-12-30T21:20:56","guid":{"rendered":"https:\/\/www.manaus.am.gov.br\/seminf\/prefeitura-de-manaus-realiza-manutencao-em-galeria-subterranea-no-bairro-sao-francisco\/"},"modified":"2025-12-30T17:21:21","modified_gmt":"2025-12-30T21:21:21","slug":"manutencao-galeria-subterranea-bairro-sao-francisco","status":"publish","type":"post","link":"https:\/\/www.manaus.am.gov.br\/seminf\/manutencao-galeria-subterranea-bairro-sao-francisco\/","title":{"rendered":"Prefeitura de Manaus realiza manuten\u00e7\u00e3o em galeria subterr\u00e2nea no bairro S\u00e3o Francisco"},"content":{"rendered":"\n<p>A Prefeitura de Manaus, por meio da Secretaria Municipal de Infraestrutura (Seminf), executa, nesta ter\u00e7a-feira, 30\/12, o servi\u00e7o de manuten\u00e7\u00e3o em rede de drenagem profunda da rua Negreiro Ferreira, no bairro S\u00e3o Francisco, na zona Sul da capital. A interven\u00e7\u00e3o se fez necess\u00e1ria ap\u00f3s o rompimento da galeria devido ao grande ac\u00famulo de lixo e a press\u00e3o das \u00e1guas das chuvas.<\/p>\n\n\n\n<p>\u201cA\u00e7\u00f5es como essas sempre ser\u00e3o necess\u00e1rias e urgentes e s\u00e3o realizadas por determina\u00e7\u00e3o do prefeito David Almeida, para garantir o bom funcionamento da rede de drenagem e evitar transtornos maiores \u00e0 popula\u00e7\u00e3o, principalmente durante esse per\u00edodo de chuva. Com trocas de tubula\u00e7\u00f5es, anelamentos e desobstru\u00e7\u00f5es, que garantem o bom funcionamento e durabilidade das galerias, sendo assim, deixando nossas comunidades seguras\u201d, afirma Renato Junior.<\/p>\n\n\n\n<p>De forma manual, as equipes realizam a substitui\u00e7\u00e3o dos tubos deteriorados por novas manilhas de concreto armado, al\u00e9m do anelamento de parte da tubula\u00e7\u00e3o, totalizando a manuten\u00e7\u00e3o em aproximadamente 10 metros de extens\u00e3o.<\/p>\n\n\n\n<p>Com o servi\u00e7o conclu\u00eddo, a via ter\u00e1 o pleno funcionamento do sistema de drenagem restabelecido, garantindo o melhor escoamento das \u00e1guas pluviais e prevenindo novos danos \u00e0s chuvas e prevenindo alagamentos. A a\u00e7\u00e3o contribui, tamb\u00e9m, para a seguran\u00e7a de pedestres e condutores que trafegam diariamente pela via.<\/p>\n\n\n\n<p>A Prefeitura de Manaus, por meio da Seminf, segue atuando de forma cont\u00ednua e preventiva em todas as zonas da cidade, refor\u00e7ando os servi\u00e7os de manuten\u00e7\u00e3o e recupera\u00e7\u00e3o das redes de drenagem, especialmente neste per\u00edodo chuvoso, com o objetivo de minimizar alagamentos, preservar o pavimento e garantir a qualidade de vida da popula\u00e7\u00e3o.<\/p>\n\n\n\n<figure class=\"wp-block-image size-large\"><img loading=\"lazy\" decoding=\"async\" width=\"1024\" height=\"584\" src=\"https:\/\/www.manaus.am.gov.br\/seminf\/wp-content\/uploads\/sites\/6\/2025\/12\/Intervencao-6-1024x584.jpeg\" alt=\"\" class=\"wp-image-8016\" srcset=\"https:\/\/www.manaus.am.gov.br\/seminf\/wp-content\/uploads\/sites\/6\/2025\/12\/Intervencao-6-1024x584.jpeg 1024w, https:\/\/www.manaus.am.gov.br\/seminf\/wp-content\/uploads\/sites\/6\/2025\/12\/Intervencao-6-300x171.jpeg 300w, https:\/\/www.manaus.am.gov.br\/seminf\/wp-content\/uploads\/sites\/6\/2025\/12\/Intervencao-6-768x438.jpeg 768w, https:\/\/www.manaus.am.gov.br\/seminf\/wp-content\/uploads\/sites\/6\/2025\/12\/Intervencao-6-1536x876.jpeg 1536w, https:\/\/www.manaus.am.gov.br\/seminf\/wp-content\/uploads\/sites\/6\/2025\/12\/Intervencao-6.jpeg 1600w\" sizes=\"(max-width: 1024px) 100vw, 1024px\" \/><figcaption class=\"wp-element-caption\">#paratodosverem &#8211; Manuten\u00e7\u00e3o em galeria subterr\u00e2nea<\/figcaption><\/figure>\n\n\n\n<p>&#8212; &#8212; &#8212;<\/p>\n\n\n\n<p><strong>Texto<\/strong>&nbsp;&#8211; Eduarda Lira\/Seminf<\/p>\n\n\n\n<p><strong>Fotos <\/strong>&#8211; Divulga\u00e7\u00e3o\/Seminf<\/p>\n","protected":false},"excerpt":{"rendered":"","protected":false},"author":39,"featured_media":8015,"comment_status":"closed","ping_status":"closed","sticky":false,"template":"","format":"standard","meta":{"footnotes":""},"categories":[221],"tags":[358,2940,43,2941,26],"acf":[],"yoast_head":"<!-- This site is optimized with the Yoast SEO plugin v23.0 - https:\/\/yoast.com\/wordpress\/plugins\/seo\/ -->\n<title>Manuten\u00e7\u00e3o em galeria subterr\u00e2nea no bairro S\u00e3o Francisco<\/title>\n<meta name=\"description\" content=\"Prefeitura de Manaus, por meio da Seminf, realiza manuten\u00e7\u00e3o em galeria subterr\u00e2nea no bairro S\u00e3o Francisco.\" \/>\n<meta name=\"robots\" content=\"index, follow, max-snippet:-1, max-image-preview:large, max-video-preview:-1\" \/>\n<link rel=\"canonical\" href=\"https:\/\/www.manaus.am.gov.br\/seminf\/manutencao-galeria-subterranea-bairro-sao-francisco\/\" \/>\n<meta property=\"og:locale\" content=\"pt_BR\" \/>\n<meta property=\"og:type\" content=\"article\" \/>\n<meta property=\"og:title\" content=\"Manuten\u00e7\u00e3o em galeria subterr\u00e2nea no bairro S\u00e3o Francisco\" \/>\n<meta property=\"og:description\" content=\"Prefeitura de Manaus, por meio da Seminf, realiza manuten\u00e7\u00e3o em galeria subterr\u00e2nea no bairro S\u00e3o Francisco.\" \/>\n<meta property=\"og:url\" content=\"https:\/\/www.manaus.am.gov.br\/seminf\/manutencao-galeria-subterranea-bairro-sao-francisco\/\" \/>\n<meta property=\"og:site_name\" content=\"SEMINF\" \/>\n<meta property=\"article:published_time\" content=\"2025-12-30T21:20:56+00:00\" \/>\n<meta property=\"article:modified_time\" content=\"2025-12-30T21:21:21+00:00\" \/>\n<meta property=\"og:image\" content=\"https:\/\/www.manaus.am.gov.br\/seminf\/wp-content\/uploads\/sites\/6\/2025\/12\/Intervencao-1-2.jpeg\" \/>\n\t<meta property=\"og:image:width\" content=\"1199\" \/>\n\t<meta property=\"og:image:height\" content=\"1319\" \/>\n\t<meta property=\"og:image:type\" content=\"image\/jpeg\" \/>\n<meta name=\"author\" content=\"Bruna Greco\" \/>\n<meta name=\"twitter:card\" content=\"summary_large_image\" \/>\n<meta name=\"twitter:label1\" content=\"Written by\" \/>\n\t<meta name=\"twitter:data1\" content=\"Bruna Greco\" \/>\n\t<meta name=\"twitter:label2\" content=\"Est. reading time\" \/>\n\t<meta name=\"twitter:data2\" content=\"2 minutos\" \/>\n<script type=\"application\/ld+json\" class=\"yoast-schema-graph\">{\"@context\":\"https:\/\/schema.org\",\"@graph\":[{\"@type\":\"WebPage\",\"@id\":\"https:\/\/www.manaus.am.gov.br\/seminf\/manutencao-galeria-subterranea-bairro-sao-francisco\/\",\"url\":\"https:\/\/www.manaus.am.gov.br\/seminf\/manutencao-galeria-subterranea-bairro-sao-francisco\/\",\"name\":\"Manuten\u00e7\u00e3o em galeria subterr\u00e2nea no bairro S\u00e3o Francisco\",\"isPartOf\":{\"@id\":\"https:\/\/www.manaus.am.gov.br\/seminf\/#website\"},\"primaryImageOfPage\":{\"@id\":\"https:\/\/www.manaus.am.gov.br\/seminf\/manutencao-galeria-subterranea-bairro-sao-francisco\/#primaryimage\"},\"image\":{\"@id\":\"https:\/\/www.manaus.am.gov.br\/seminf\/manutencao-galeria-subterranea-bairro-sao-francisco\/#primaryimage\"},\"thumbnailUrl\":\"https:\/\/www.manaus.am.gov.br\/seminf\/wp-content\/uploads\/sites\/6\/2025\/12\/Intervencao-1-2.jpeg\",\"datePublished\":\"2025-12-30T21:20:56+00:00\",\"dateModified\":\"2025-12-30T21:21:21+00:00\",\"author\":{\"@id\":\"https:\/\/www.manaus.am.gov.br\/seminf\/#\/schema\/person\/05d223aea2bf115f9883a6ff3683d81b\"},\"description\":\"Prefeitura de Manaus, por meio da Seminf, realiza manuten\u00e7\u00e3o em galeria subterr\u00e2nea no bairro S\u00e3o Francisco.\",\"inLanguage\":\"pt-BR\",\"potentialAction\":[{\"@type\":\"ReadAction\",\"target\":[\"https:\/\/www.manaus.am.gov.br\/seminf\/manutencao-galeria-subterranea-bairro-sao-francisco\/\"]}]},{\"@type\":\"ImageObject\",\"inLanguage\":\"pt-BR\",\"@id\":\"https:\/\/www.manaus.am.gov.br\/seminf\/manutencao-galeria-subterranea-bairro-sao-francisco\/#primaryimage\",\"url\":\"https:\/\/www.manaus.am.gov.br\/seminf\/wp-content\/uploads\/sites\/6\/2025\/12\/Intervencao-1-2.jpeg\",\"contentUrl\":\"https:\/\/www.manaus.am.gov.br\/seminf\/wp-content\/uploads\/sites\/6\/2025\/12\/Intervencao-1-2.jpeg\",\"width\":1199,\"height\":1319,\"caption\":\"#paratodosverem - Equipe da Seminf executando o servi\u00e7o de manuten\u00e7\u00e3o em rede de drenagem profunda da rua Negreiro Ferreira, no bairro S\u00e3o Francisco\"},{\"@type\":\"WebSite\",\"@id\":\"https:\/\/www.manaus.am.gov.br\/seminf\/#website\",\"url\":\"https:\/\/www.manaus.am.gov.br\/seminf\/\",\"name\":\"Secretaria de Infraestrutura\",\"description\":\"Secretaria Municipal de Infraestrutura\",\"potentialAction\":[{\"@type\":\"SearchAction\",\"target\":{\"@type\":\"EntryPoint\",\"urlTemplate\":\"https:\/\/www.manaus.am.gov.br\/seminf\/?s={search_term_string}\"},\"query-input\":\"required name=search_term_string\"}],\"inLanguage\":\"pt-BR\"},{\"@type\":\"Person\",\"@id\":\"https:\/\/www.manaus.am.gov.br\/seminf\/#\/schema\/person\/05d223aea2bf115f9883a6ff3683d81b\",\"name\":\"Bruna Greco\",\"image\":{\"@type\":\"ImageObject\",\"inLanguage\":\"pt-BR\",\"@id\":\"https:\/\/www.manaus.am.gov.br\/seminf\/#\/schema\/person\/image\/\",\"url\":\"https:\/\/secure.gravatar.com\/avatar\/9c877d1a6adc2a055330e5c09a8653ce?s=96&d=mm&r=g\",\"contentUrl\":\"https:\/\/secure.gravatar.com\/avatar\/9c877d1a6adc2a055330e5c09a8653ce?s=96&d=mm&r=g\",\"caption\":\"Bruna Greco\"}}]}<\/script>\n<!-- \/ Yoast SEO plugin. -->","yoast_head_json":{"title":"Manuten\u00e7\u00e3o em galeria subterr\u00e2nea no bairro S\u00e3o Francisco","description":"Prefeitura de Manaus, por meio da Seminf, realiza manuten\u00e7\u00e3o em galeria subterr\u00e2nea no bairro S\u00e3o Francisco.","robots":{"index":"index","follow":"follow","max-snippet":"max-snippet:-1","max-image-preview":"max-image-preview:large","max-video-preview":"max-video-preview:-1"},"canonical":"https:\/\/www.manaus.am.gov.br\/seminf\/manutencao-galeria-subterranea-bairro-sao-francisco\/","og_locale":"pt_BR","og_type":"article","og_title":"Manuten\u00e7\u00e3o em galeria subterr\u00e2nea no bairro S\u00e3o Francisco","og_description":"Prefeitura de Manaus, por meio da Seminf, realiza manuten\u00e7\u00e3o em galeria subterr\u00e2nea no bairro S\u00e3o Francisco.","og_url":"https:\/\/www.manaus.am.gov.br\/seminf\/manutencao-galeria-subterranea-bairro-sao-francisco\/","og_site_name":"SEMINF","article_published_time":"2025-12-30T21:20:56+00:00","article_modified_time":"2025-12-30T21:21:21+00:00","og_image":[{"width":1199,"height":1319,"url":"https:\/\/www.manaus.am.gov.br\/seminf\/wp-content\/uploads\/sites\/6\/2025\/12\/Intervencao-1-2.jpeg","type":"image\/jpeg"}],"author":"Bruna Greco","twitter_card":"summary_large_image","twitter_misc":{"Written by":"Bruna Greco","Est. reading time":"2 minutos"},"schema":{"@context":"https:\/\/schema.org","@graph":[{"@type":"WebPage","@id":"https:\/\/www.manaus.am.gov.br\/seminf\/manutencao-galeria-subterranea-bairro-sao-francisco\/","url":"https:\/\/www.manaus.am.gov.br\/seminf\/manutencao-galeria-subterranea-bairro-sao-francisco\/","name":"Manuten\u00e7\u00e3o em galeria subterr\u00e2nea no bairro S\u00e3o Francisco","isPartOf":{"@id":"https:\/\/www.manaus.am.gov.br\/seminf\/#website"},"primaryImageOfPage":{"@id":"https:\/\/www.manaus.am.gov.br\/seminf\/manutencao-galeria-subterranea-bairro-sao-francisco\/#primaryimage"},"image":{"@id":"https:\/\/www.manaus.am.gov.br\/seminf\/manutencao-galeria-subterranea-bairro-sao-francisco\/#primaryimage"},"thumbnailUrl":"https:\/\/www.manaus.am.gov.br\/seminf\/wp-content\/uploads\/sites\/6\/2025\/12\/Intervencao-1-2.jpeg","datePublished":"2025-12-30T21:20:56+00:00","dateModified":"2025-12-30T21:21:21+00:00","author":{"@id":"https:\/\/www.manaus.am.gov.br\/seminf\/#\/schema\/person\/05d223aea2bf115f9883a6ff3683d81b"},"description":"Prefeitura de Manaus, por meio da Seminf, realiza manuten\u00e7\u00e3o em galeria subterr\u00e2nea no bairro S\u00e3o Francisco.","inLanguage":"pt-BR","potentialAction":[{"@type":"ReadAction","target":["https:\/\/www.manaus.am.gov.br\/seminf\/manutencao-galeria-subterranea-bairro-sao-francisco\/"]}]},{"@type":"ImageObject","inLanguage":"pt-BR","@id":"https:\/\/www.manaus.am.gov.br\/seminf\/manutencao-galeria-subterranea-bairro-sao-francisco\/#primaryimage","url":"https:\/\/www.manaus.am.gov.br\/seminf\/wp-content\/uploads\/sites\/6\/2025\/12\/Intervencao-1-2.jpeg","contentUrl":"https:\/\/www.manaus.am.gov.br\/seminf\/wp-content\/uploads\/sites\/6\/2025\/12\/Intervencao-1-2.jpeg","width":1199,"height":1319,"caption":"#paratodosverem - Equipe da Seminf executando o servi\u00e7o de manuten\u00e7\u00e3o em rede de drenagem profunda da rua Negreiro Ferreira, no bairro S\u00e3o Francisco"},{"@type":"WebSite","@id":"https:\/\/www.manaus.am.gov.br\/seminf\/#website","url":"https:\/\/www.manaus.am.gov.br\/seminf\/","name":"Secretaria de Infraestrutura","description":"Secretaria Municipal de Infraestrutura","potentialAction":[{"@type":"SearchAction","target":{"@type":"EntryPoint","urlTemplate":"https:\/\/www.manaus.am.gov.br\/seminf\/?s={search_term_string}"},"query-input":"required name=search_term_string"}],"inLanguage":"pt-BR"},{"@type":"Person","@id":"https:\/\/www.manaus.am.gov.br\/seminf\/#\/schema\/person\/05d223aea2bf115f9883a6ff3683d81b","name":"Bruna Greco","image":{"@type":"ImageObject","inLanguage":"pt-BR","@id":"https:\/\/www.manaus.am.gov.br\/seminf\/#\/schema\/person\/image\/","url":"https:\/\/secure.gravatar.com\/avatar\/9c877d1a6adc2a055330e5c09a8653ce?s=96&d=mm&r=g","contentUrl":"https:\/\/secure.gravatar.com\/avatar\/9c877d1a6adc2a055330e5c09a8653ce?s=96&d=mm&r=g","caption":"Bruna Greco"}}]}},"_links":{"self":[{"href":"https:\/\/www.manaus.am.gov.br\/seminf\/wp-json\/wp\/v2\/posts\/8014"}],"collection":[{"href":"https:\/\/www.manaus.am.gov.br\/seminf\/wp-json\/wp\/v2\/posts"}],"about":[{"href":"https:\/\/www.manaus.am.gov.br\/seminf\/wp-json\/wp\/v2\/types\/post"}],"author":[{"embeddable":true,"href":"https:\/\/www.manaus.am.gov.br\/seminf\/wp-json\/wp\/v2\/users\/39"}],"replies":[{"embeddable":true,"href":"https:\/\/www.manaus.am.gov.br\/seminf\/wp-json\/wp\/v2\/comments?post=8014"}],"version-history":[{"count":3,"href":"https:\/\/www.manaus.am.gov.br\/seminf\/wp-json\/wp\/v2\/posts\/8014\/revisions"}],"predecessor-version":[{"id":8019,"href":"https:\/\/www.manaus.am.gov.br\/seminf\/wp-json\/wp\/v2\/posts\/8014\/revisions\/8019"}],"wp:featuredmedia":[{"embeddable":true,"href":"https:\/\/www.manaus.am.gov.br\/seminf\/wp-json\/wp\/v2\/media\/8015"}],"wp:attachment":[{"href":"https:\/\/www.manaus.am.gov.br\/seminf\/wp-json\/wp\/v2\/media?parent=8014"}],"wp:term":[{"taxonomy":"category","embeddable":true,"href":"https:\/\/www.manaus.am.gov.br\/seminf\/wp-json\/wp\/v2\/categories?post=8014"},{"taxonomy":"post_tag","embeddable":true,"href":"https:\/\/www.manaus.am.gov.br\/seminf\/wp-json\/wp\/v2\/tags?post=8014"}],"curies":[{"name":"wp","href":"https:\/\/api.w.org\/{rel}","templated":true}]}}