{"id":8008,"date":"2025-12-30T17:09:41","date_gmt":"2025-12-30T21:09:41","guid":{"rendered":"https:\/\/www.manaus.am.gov.br\/seminf\/implantacao-canaleta-avenida-mario-ypiranga\/"},"modified":"2025-12-30T17:09:41","modified_gmt":"2025-12-30T21:09:41","slug":"implantacao-canaleta-avenida-mario-ypiranga","status":"publish","type":"post","link":"https:\/\/www.manaus.am.gov.br\/seminf\/implantacao-canaleta-avenida-mario-ypiranga\/","title":{"rendered":"Prefeitura inicia o trabalho de implanta\u00e7\u00e3o de canaleta na avenida M\u00e1rio Ypiranga para dar vaz\u00e3o \u00e0s \u00e1guas das chuvas sob a geomanta"},"content":{"rendered":"\n<p>A Prefeitura de Manaus, por meio da Secretaria Municipal de Infraestrutura (Seminf), inicia, nesta ter\u00e7a-feira, 30\/12, a implanta\u00e7\u00e3o de canaleta na base do talude da obra de conten\u00e7\u00e3o da avenida M\u00e1rio Ypiranga Monteiro, no bairro Parque 10 de Novembro, na zona Centro-Sul da capital. O objetivo da obra \u00e9 aumentar a vaz\u00e3o das \u00e1guas das chuvas sob a geomanta resguardando a estrutura.&nbsp;<\/p>\n\n\n\n<p>O vice-prefeito e secret\u00e1rio de Obras, Renato Junior, enfatiza a import\u00e2ncia desta obra na regi\u00e3o, que ir\u00e1 garantir a seguran\u00e7a de todos os condutores que trafegam pelo local e da popula\u00e7\u00e3o que mora na \u00e1rea.&nbsp;<\/p>\n\n\n\n<p>\u201cA gest\u00e3o do prefeito David Almeida inicia mais uma interven\u00e7\u00e3o para mudar por completo os seus efeitos e transform\u00e1-los em solu\u00e7\u00f5es definitivas para cidade e a popula\u00e7\u00e3o, devolvendo uma estrutura segura para todos que passam pela \u00e1rea. Esse \u00e9 o nosso foco e o intuito \u00e9 priorizar o bem-estar de todos, e desta forma continuamos avan\u00e7ando na infraestrutura\u201d, afirma Renato Junior.&nbsp;<\/p>\n\n\n\n<p>O servi\u00e7o tem como principal objetivo garantir o escoamento adequado das \u00e1guas pluviais que cair\u00e3o sobre a obra de conten\u00e7\u00e3o com a geomanta.&nbsp;A \u00e1gua \u00e9 captada e conduzida de forma controlada para as caixas de drenagem, evitando ac\u00famulos e infiltra\u00e7\u00f5es indevidas. Com isso, a meta \u00e9 aumentar a vaz\u00e3o e melhorar a efici\u00eancia do escoamento, assegurando maior seguran\u00e7a e durabilidade da estrutura.&nbsp;<\/p>\n\n\n\n<p>O local j\u00e1 recebeu toda a limpeza, incluindo a retirada de vegeta\u00e7\u00e3o e de entulhos que comprometiam o barranco. Em seguida a prepara\u00e7\u00e3o do solo, e a aplica\u00e7\u00e3o do pol\u00edmero que impermeabiliza o talude, e iniciaram o jateamento de argamassa etapa que sela e compacta toda a base.<\/p>\n\n\n\n<figure class=\"wp-block-image size-full\"><img loading=\"lazy\" decoding=\"async\" width=\"867\" height=\"650\" src=\"https:\/\/www.manaus.am.gov.br\/seminf\/wp-content\/uploads\/sites\/6\/2025\/12\/Servico-4.jpeg\" alt=\"\" class=\"wp-image-8009\" srcset=\"https:\/\/www.manaus.am.gov.br\/seminf\/wp-content\/uploads\/sites\/6\/2025\/12\/Servico-4.jpeg 867w, https:\/\/www.manaus.am.gov.br\/seminf\/wp-content\/uploads\/sites\/6\/2025\/12\/Servico-4-300x225.jpeg 300w, https:\/\/www.manaus.am.gov.br\/seminf\/wp-content\/uploads\/sites\/6\/2025\/12\/Servico-4-768x576.jpeg 768w\" sizes=\"(max-width: 867px) 100vw, 867px\" \/><figcaption class=\"wp-element-caption\">#paratodosverem &#8211; Servi\u00e7o de infraestrutura na avenida M\u00e1rio Ypiranga Monteiro<\/figcaption><\/figure>\n\n\n\n<p>&#8212; &#8212; &#8212;<\/p>\n\n\n\n<p><strong>Texto&nbsp;<\/strong>&#8211; Rayana Coutinho\/Seminf&nbsp;<\/p>\n\n\n\n<p><strong>Fotos <\/strong>&#8211; Divulga\u00e7\u00e3o\/Seminf<\/p>\n","protected":false},"excerpt":{"rendered":"","protected":false},"author":39,"featured_media":8010,"comment_status":"closed","ping_status":"closed","sticky":false,"template":"","format":"standard","meta":{"footnotes":""},"categories":[6],"tags":[1553,2936,2937,43,26,2938],"acf":[],"yoast_head":"<!-- This site is optimized with the Yoast SEO plugin v23.0 - https:\/\/yoast.com\/wordpress\/plugins\/seo\/ -->\n<title>Trabalho de implanta\u00e7\u00e3o de canaleta na avenida M\u00e1rio Ypiranga<\/title>\n<meta name=\"description\" content=\"Prefeitura inicia o trabalho de implanta\u00e7\u00e3o de canaleta na avenida M\u00e1rio Ypiranga para dar vaz\u00e3o \u00e0s \u00e1guas das chuvas sob a geomanta\" \/>\n<meta name=\"robots\" content=\"index, follow, max-snippet:-1, max-image-preview:large, max-video-preview:-1\" \/>\n<link rel=\"canonical\" href=\"https:\/\/www.manaus.am.gov.br\/seminf\/implantacao-canaleta-avenida-mario-ypiranga\/\" \/>\n<meta property=\"og:locale\" content=\"pt_BR\" \/>\n<meta property=\"og:type\" content=\"article\" \/>\n<meta property=\"og:title\" content=\"Trabalho de implanta\u00e7\u00e3o de canaleta na avenida M\u00e1rio Ypiranga\" \/>\n<meta property=\"og:description\" content=\"Prefeitura inicia o trabalho de implanta\u00e7\u00e3o de canaleta na avenida M\u00e1rio Ypiranga para dar vaz\u00e3o \u00e0s \u00e1guas das chuvas sob a geomanta\" \/>\n<meta property=\"og:url\" content=\"https:\/\/www.manaus.am.gov.br\/seminf\/implantacao-canaleta-avenida-mario-ypiranga\/\" \/>\n<meta property=\"og:site_name\" content=\"SEMINF\" \/>\n<meta property=\"article:published_time\" content=\"2025-12-30T21:09:41+00:00\" \/>\n<meta property=\"og:image\" content=\"https:\/\/www.manaus.am.gov.br\/seminf\/wp-content\/uploads\/sites\/6\/2025\/12\/Servico-3-1.jpeg\" \/>\n\t<meta property=\"og:image:width\" content=\"867\" \/>\n\t<meta property=\"og:image:height\" content=\"650\" \/>\n\t<meta property=\"og:image:type\" content=\"image\/jpeg\" \/>\n<meta name=\"author\" content=\"Bruna Greco\" \/>\n<meta name=\"twitter:card\" content=\"summary_large_image\" \/>\n<meta name=\"twitter:label1\" content=\"Written by\" \/>\n\t<meta name=\"twitter:data1\" content=\"Bruna Greco\" \/>\n\t<meta name=\"twitter:label2\" content=\"Est. reading time\" \/>\n\t<meta name=\"twitter:data2\" content=\"2 minutos\" \/>\n<script type=\"application\/ld+json\" class=\"yoast-schema-graph\">{\"@context\":\"https:\/\/schema.org\",\"@graph\":[{\"@type\":\"WebPage\",\"@id\":\"https:\/\/www.manaus.am.gov.br\/seminf\/implantacao-canaleta-avenida-mario-ypiranga\/\",\"url\":\"https:\/\/www.manaus.am.gov.br\/seminf\/implantacao-canaleta-avenida-mario-ypiranga\/\",\"name\":\"Trabalho de implanta\u00e7\u00e3o de canaleta na avenida M\u00e1rio Ypiranga\",\"isPartOf\":{\"@id\":\"https:\/\/www.manaus.am.gov.br\/seminf\/#website\"},\"primaryImageOfPage\":{\"@id\":\"https:\/\/www.manaus.am.gov.br\/seminf\/implantacao-canaleta-avenida-mario-ypiranga\/#primaryimage\"},\"image\":{\"@id\":\"https:\/\/www.manaus.am.gov.br\/seminf\/implantacao-canaleta-avenida-mario-ypiranga\/#primaryimage\"},\"thumbnailUrl\":\"https:\/\/www.manaus.am.gov.br\/seminf\/wp-content\/uploads\/sites\/6\/2025\/12\/Servico-3-1.jpeg\",\"datePublished\":\"2025-12-30T21:09:41+00:00\",\"dateModified\":\"2025-12-30T21:09:41+00:00\",\"author\":{\"@id\":\"https:\/\/www.manaus.am.gov.br\/seminf\/#\/schema\/person\/05d223aea2bf115f9883a6ff3683d81b\"},\"description\":\"Prefeitura inicia o trabalho de implanta\u00e7\u00e3o de canaleta na avenida M\u00e1rio Ypiranga para dar vaz\u00e3o \u00e0s \u00e1guas das chuvas sob a geomanta\",\"inLanguage\":\"pt-BR\",\"potentialAction\":[{\"@type\":\"ReadAction\",\"target\":[\"https:\/\/www.manaus.am.gov.br\/seminf\/implantacao-canaleta-avenida-mario-ypiranga\/\"]}]},{\"@type\":\"ImageObject\",\"inLanguage\":\"pt-BR\",\"@id\":\"https:\/\/www.manaus.am.gov.br\/seminf\/implantacao-canaleta-avenida-mario-ypiranga\/#primaryimage\",\"url\":\"https:\/\/www.manaus.am.gov.br\/seminf\/wp-content\/uploads\/sites\/6\/2025\/12\/Servico-3-1.jpeg\",\"contentUrl\":\"https:\/\/www.manaus.am.gov.br\/seminf\/wp-content\/uploads\/sites\/6\/2025\/12\/Servico-3-1.jpeg\",\"width\":867,\"height\":650,\"caption\":\"#paratodosverem - Equipe da Seminf realizando a implanta\u00e7\u00e3o de caneleta na da avenida M\u00e1rio Ypiranga Monteiro, no bairro Parque 10 de Novembro, para a conten\u00e7\u00e3o de talude\"},{\"@type\":\"WebSite\",\"@id\":\"https:\/\/www.manaus.am.gov.br\/seminf\/#website\",\"url\":\"https:\/\/www.manaus.am.gov.br\/seminf\/\",\"name\":\"Secretaria de Infraestrutura\",\"description\":\"Secretaria Municipal de Infraestrutura\",\"potentialAction\":[{\"@type\":\"SearchAction\",\"target\":{\"@type\":\"EntryPoint\",\"urlTemplate\":\"https:\/\/www.manaus.am.gov.br\/seminf\/?s={search_term_string}\"},\"query-input\":\"required name=search_term_string\"}],\"inLanguage\":\"pt-BR\"},{\"@type\":\"Person\",\"@id\":\"https:\/\/www.manaus.am.gov.br\/seminf\/#\/schema\/person\/05d223aea2bf115f9883a6ff3683d81b\",\"name\":\"Bruna Greco\",\"image\":{\"@type\":\"ImageObject\",\"inLanguage\":\"pt-BR\",\"@id\":\"https:\/\/www.manaus.am.gov.br\/seminf\/#\/schema\/person\/image\/\",\"url\":\"https:\/\/secure.gravatar.com\/avatar\/9c877d1a6adc2a055330e5c09a8653ce?s=96&d=mm&r=g\",\"contentUrl\":\"https:\/\/secure.gravatar.com\/avatar\/9c877d1a6adc2a055330e5c09a8653ce?s=96&d=mm&r=g\",\"caption\":\"Bruna Greco\"}}]}<\/script>\n<!-- \/ Yoast SEO plugin. -->","yoast_head_json":{"title":"Trabalho de implanta\u00e7\u00e3o de canaleta na avenida M\u00e1rio Ypiranga","description":"Prefeitura inicia o trabalho de implanta\u00e7\u00e3o de canaleta na avenida M\u00e1rio Ypiranga para dar vaz\u00e3o \u00e0s \u00e1guas das chuvas sob a geomanta","robots":{"index":"index","follow":"follow","max-snippet":"max-snippet:-1","max-image-preview":"max-image-preview:large","max-video-preview":"max-video-preview:-1"},"canonical":"https:\/\/www.manaus.am.gov.br\/seminf\/implantacao-canaleta-avenida-mario-ypiranga\/","og_locale":"pt_BR","og_type":"article","og_title":"Trabalho de implanta\u00e7\u00e3o de canaleta na avenida M\u00e1rio Ypiranga","og_description":"Prefeitura inicia o trabalho de implanta\u00e7\u00e3o de canaleta na avenida M\u00e1rio Ypiranga para dar vaz\u00e3o \u00e0s \u00e1guas das chuvas sob a geomanta","og_url":"https:\/\/www.manaus.am.gov.br\/seminf\/implantacao-canaleta-avenida-mario-ypiranga\/","og_site_name":"SEMINF","article_published_time":"2025-12-30T21:09:41+00:00","og_image":[{"width":867,"height":650,"url":"https:\/\/www.manaus.am.gov.br\/seminf\/wp-content\/uploads\/sites\/6\/2025\/12\/Servico-3-1.jpeg","type":"image\/jpeg"}],"author":"Bruna Greco","twitter_card":"summary_large_image","twitter_misc":{"Written by":"Bruna Greco","Est. reading time":"2 minutos"},"schema":{"@context":"https:\/\/schema.org","@graph":[{"@type":"WebPage","@id":"https:\/\/www.manaus.am.gov.br\/seminf\/implantacao-canaleta-avenida-mario-ypiranga\/","url":"https:\/\/www.manaus.am.gov.br\/seminf\/implantacao-canaleta-avenida-mario-ypiranga\/","name":"Trabalho de implanta\u00e7\u00e3o de canaleta na avenida M\u00e1rio Ypiranga","isPartOf":{"@id":"https:\/\/www.manaus.am.gov.br\/seminf\/#website"},"primaryImageOfPage":{"@id":"https:\/\/www.manaus.am.gov.br\/seminf\/implantacao-canaleta-avenida-mario-ypiranga\/#primaryimage"},"image":{"@id":"https:\/\/www.manaus.am.gov.br\/seminf\/implantacao-canaleta-avenida-mario-ypiranga\/#primaryimage"},"thumbnailUrl":"https:\/\/www.manaus.am.gov.br\/seminf\/wp-content\/uploads\/sites\/6\/2025\/12\/Servico-3-1.jpeg","datePublished":"2025-12-30T21:09:41+00:00","dateModified":"2025-12-30T21:09:41+00:00","author":{"@id":"https:\/\/www.manaus.am.gov.br\/seminf\/#\/schema\/person\/05d223aea2bf115f9883a6ff3683d81b"},"description":"Prefeitura inicia o trabalho de implanta\u00e7\u00e3o de canaleta na avenida M\u00e1rio Ypiranga para dar vaz\u00e3o \u00e0s \u00e1guas das chuvas sob a geomanta","inLanguage":"pt-BR","potentialAction":[{"@type":"ReadAction","target":["https:\/\/www.manaus.am.gov.br\/seminf\/implantacao-canaleta-avenida-mario-ypiranga\/"]}]},{"@type":"ImageObject","inLanguage":"pt-BR","@id":"https:\/\/www.manaus.am.gov.br\/seminf\/implantacao-canaleta-avenida-mario-ypiranga\/#primaryimage","url":"https:\/\/www.manaus.am.gov.br\/seminf\/wp-content\/uploads\/sites\/6\/2025\/12\/Servico-3-1.jpeg","contentUrl":"https:\/\/www.manaus.am.gov.br\/seminf\/wp-content\/uploads\/sites\/6\/2025\/12\/Servico-3-1.jpeg","width":867,"height":650,"caption":"#paratodosverem - Equipe da Seminf realizando a implanta\u00e7\u00e3o de caneleta na da avenida M\u00e1rio Ypiranga Monteiro, no bairro Parque 10 de Novembro, para a conten\u00e7\u00e3o de talude"},{"@type":"WebSite","@id":"https:\/\/www.manaus.am.gov.br\/seminf\/#website","url":"https:\/\/www.manaus.am.gov.br\/seminf\/","name":"Secretaria de Infraestrutura","description":"Secretaria Municipal de Infraestrutura","potentialAction":[{"@type":"SearchAction","target":{"@type":"EntryPoint","urlTemplate":"https:\/\/www.manaus.am.gov.br\/seminf\/?s={search_term_string}"},"query-input":"required name=search_term_string"}],"inLanguage":"pt-BR"},{"@type":"Person","@id":"https:\/\/www.manaus.am.gov.br\/seminf\/#\/schema\/person\/05d223aea2bf115f9883a6ff3683d81b","name":"Bruna Greco","image":{"@type":"ImageObject","inLanguage":"pt-BR","@id":"https:\/\/www.manaus.am.gov.br\/seminf\/#\/schema\/person\/image\/","url":"https:\/\/secure.gravatar.com\/avatar\/9c877d1a6adc2a055330e5c09a8653ce?s=96&d=mm&r=g","contentUrl":"https:\/\/secure.gravatar.com\/avatar\/9c877d1a6adc2a055330e5c09a8653ce?s=96&d=mm&r=g","caption":"Bruna Greco"}}]}},"_links":{"self":[{"href":"https:\/\/www.manaus.am.gov.br\/seminf\/wp-json\/wp\/v2\/posts\/8008"}],"collection":[{"href":"https:\/\/www.manaus.am.gov.br\/seminf\/wp-json\/wp\/v2\/posts"}],"about":[{"href":"https:\/\/www.manaus.am.gov.br\/seminf\/wp-json\/wp\/v2\/types\/post"}],"author":[{"embeddable":true,"href":"https:\/\/www.manaus.am.gov.br\/seminf\/wp-json\/wp\/v2\/users\/39"}],"replies":[{"embeddable":true,"href":"https:\/\/www.manaus.am.gov.br\/seminf\/wp-json\/wp\/v2\/comments?post=8008"}],"version-history":[{"count":1,"href":"https:\/\/www.manaus.am.gov.br\/seminf\/wp-json\/wp\/v2\/posts\/8008\/revisions"}],"predecessor-version":[{"id":8011,"href":"https:\/\/www.manaus.am.gov.br\/seminf\/wp-json\/wp\/v2\/posts\/8008\/revisions\/8011"}],"wp:featuredmedia":[{"embeddable":true,"href":"https:\/\/www.manaus.am.gov.br\/seminf\/wp-json\/wp\/v2\/media\/8010"}],"wp:attachment":[{"href":"https:\/\/www.manaus.am.gov.br\/seminf\/wp-json\/wp\/v2\/media?parent=8008"}],"wp:term":[{"taxonomy":"category","embeddable":true,"href":"https:\/\/www.manaus.am.gov.br\/seminf\/wp-json\/wp\/v2\/categories?post=8008"},{"taxonomy":"post_tag","embeddable":true,"href":"https:\/\/www.manaus.am.gov.br\/seminf\/wp-json\/wp\/v2\/tags?post=8008"}],"curies":[{"name":"wp","href":"https:\/\/api.w.org\/{rel}","templated":true}]}}