{"id":8004,"date":"2025-12-30T14:28:54","date_gmt":"2025-12-30T18:28:54","guid":{"rendered":"https:\/\/www.manaus.am.gov.br\/seminf\/14-complexos-esportivos-espacos-lazer-revitalizados\/"},"modified":"2025-12-30T14:28:54","modified_gmt":"2025-12-30T18:28:54","slug":"14-complexos-esportivos-espacos-lazer-revitalizados","status":"publish","type":"post","link":"https:\/\/www.manaus.am.gov.br\/seminf\/14-complexos-esportivos-espacos-lazer-revitalizados\/","title":{"rendered":"Em 2025, Prefeitura de Manaus entrega 14 complexos esportivos e espa\u00e7os de lazer e fortalece a conviv\u00eancia nos bairros"},"content":{"rendered":"\n<p>Marcando um per\u00edodo de investimentos que v\u00e3o al\u00e9m da infraestrutura f\u00edsica e alcan\u00e7am o bem-estar da popula\u00e7\u00e3o, ao longo deste ano, a Prefeitura de Manaus, por meio da Secretaria Municipal de Infraestrutura (Seminf), entregou 14 complexos esportivos e espa\u00e7os de lazer em diferentes zonas da cidade, ampliando o acesso ao esporte, lazer e \u00e0 conviv\u00eancia comunit\u00e1ria.<\/p>\n\n\n\n<p>Cada entrega representou a recupera\u00e7\u00e3o de \u00e1reas antes subutilizadas e a cria\u00e7\u00e3o de ambientes planejados para todas as idades, fortalecendo h\u00e1bitos saud\u00e1veis, promovendo inclus\u00e3o social e devolvendo aos bairros espa\u00e7os vivos, seguros e acolhedores.<\/p>\n\n\n\n<p>O vice-prefeito e secret\u00e1rio de Obras, Renato Junior, destacou que os investimentos realizados neste ano refletem uma gest\u00e3o que entende o esporte e o lazer como instrumentos de transforma\u00e7\u00e3o social.<\/p>\n\n\n\n<p>\u201cO prefeito David Almeida tem uma vis\u00e3o muito objetiva, cuidar das pessoas. Cada complexo esportivo entregue em 2025 foi pensado para ser um espa\u00e7o de encontro, sa\u00fade e dignidade. N\u00e3o s\u00e3o apenas quadras e campos, s\u00e3o oportunidades para crian\u00e7as, jovens e fam\u00edlias ocuparem a cidade de forma positiva. Esse trabalho \u00e9 feito com responsabilidade, escuta e muito respeito pela popula\u00e7\u00e3o de Manaus\u201d, afirmou Renato Junior.&nbsp;<\/p>\n\n\n\n<p>Ainda segundo o vice-prefeito, os equipamentos entregues geram impactos que v\u00e3o al\u00e9m da obra f\u00edsica. \u201cQuando a prefeitura chega com um espa\u00e7o desses, o bairro muda. A comunidade passa a cuidar, a frequentar e a se sentir parte daquele lugar. \u00c9 assim que constru\u00edmos um legado, com obras que transformam o presente e deixam marcas positivas para o futuro\u201d, completou.<\/p>\n\n\n\n<p><strong>Revitaliza\u00e7\u00e3o<\/strong><\/p>\n\n\n\n<p>Em janeiro deste ano, a zona Norte recebeu o complexo esportivo N\u00facleo 16, no bairro Cidade Nova, com a revitaliza\u00e7\u00e3o do campo de futebol, da quadra de areia para v\u00f4lei e da \u00e1rea de conviv\u00eancia, e foi equipada com academia ao ar livre, banheiros, vesti\u00e1rios e quiosques.<\/p>\n\n\n\n<p>A transforma\u00e7\u00e3o foi rapidamente percebida pelos moradores. O estudante de educa\u00e7\u00e3o f\u00edsica Jeferson Franco, de 23 anos, relembra como era o espa\u00e7o antes da reforma. \u201cEra um campo abandonado, sem ilumina\u00e7\u00e3o e com estruturas quebradas. Hoje est\u00e1 lindo. A prefeitura superou nossas expectativas e entregou um espa\u00e7o digno para a comunidade. Era tudo o que a gente precisava\u201d, relatou.<\/p>\n\n\n\n<p>Ainda na zona Norte, tamb\u00e9m foram entregues o campo Arena do Beb\u00e9, no Alfredo Nascimento, a rotat\u00f3ria do Musa, no bairro Cidade de Deus, e a quadra Braga Mendes, ampliando as op\u00e7\u00f5es de lazer e esporte na regi\u00e3o.<\/p>\n\n\n\n<p>Outro marco foi a entrega do complexo esportivo Rei Pel\u00e9, na antiga rotat\u00f3ria do Produtor. O local foi completamente transformado em um espa\u00e7o moderno, com quadras de basquete, pista de skate, palco para atividades coletivas, \u00e1rea para artes marciais, playground e academia ao ar livre, fortalecendo a conviv\u00eancia e o sentimento de pertencimento.<\/p>\n\n\n\n<p>Moradora da \u00e1rea, a esteticista Ana Lima, de 23 anos, falou da import\u00e2ncia do novo espa\u00e7o para as fam\u00edlias. \u201cAgora temos um lugar bonito, confort\u00e1vel e seguro para passear com nossos filhos. A prefeitura acertou em cheio com esse espa\u00e7o\u201d, comemorou.<\/p>\n\n\n\n<p>Ao longo deste ano, a Prefeitura de Manaus tamb\u00e9m entregou o complexo esportivo Armando Mendes, no bairro Armando Mendes, e o complexo esportivo Ouro Verde, no Coroado, na zona Leste. A zona Centro-Oeste foi contemplada com a reforma do Centro Social Urbano (CSU) do Alvorada, enquanto o bairro Planalto recebeu a revitaliza\u00e7\u00e3o do Centro de Esporte e Lazer Vista Bela.<\/p>\n\n\n\n<p>Na zona Oeste, os investimentos chegaram \u00e0 mini vila ol\u00edmpica Jair Sampaio, no bairro Santo Ant\u00f4nio, e \u00e0 lagoa da Compensa. J\u00e1 a zona Centro-Sul foi beneficiada com a reestrutura\u00e7\u00e3o do parque Cidade da Crian\u00e7a, no bairro Aleixo.<\/p>\n\n\n\n<p>Na zona Sul, a Prefeitura de Manaus entregou a reforma da quadra Marcolino Lopes, no bairro Nossa Senhora Aparecida, e a revitaliza\u00e7\u00e3o da pra\u00e7a dos Rem\u00e9dios, patrim\u00f4nio hist\u00f3rico que teve sua identidade resgatada com interven\u00e7\u00f5es como recomposi\u00e7\u00e3o das pedras portuguesas, recupera\u00e7\u00e3o de pilares ornamentais, limpeza da drenagem, paisagismo, revitaliza\u00e7\u00e3o de bancos e moderniza\u00e7\u00e3o da ilumina\u00e7\u00e3o p\u00fablica, devolvendo aos manauaras um dos cart\u00f5es-postais da cidade.<\/p>\n\n\n\n<p>Com essas entregas, a gest\u00e3o municipal alcan\u00e7a a marca de 34 espa\u00e7os esportivos e de lazer entregues em cinco anos, reafirmando o compromisso com uma cidade mais humana, inclusiva e preparada para o futuro.<\/p>\n\n\n\n<p>Encerrando o ano com trabalho, presen\u00e7a e resultados concretos, a Prefeitura de Manaus segue investindo em espa\u00e7os que promovem sa\u00fade, conviv\u00eancia e oportunidades, construindo bairro a bairro uma Manaus melhor para todos.<\/p>\n\n\n\n<figure class=\"wp-block-image size-large\"><img loading=\"lazy\" decoding=\"async\" width=\"1024\" height=\"683\" src=\"https:\/\/www.manaus.am.gov.br\/seminf\/wp-content\/uploads\/sites\/6\/2025\/12\/55014150901_86bd11c4ad_k-1024x683.jpg\" alt=\"\" class=\"wp-image-8006\" srcset=\"https:\/\/www.manaus.am.gov.br\/seminf\/wp-content\/uploads\/sites\/6\/2025\/12\/55014150901_86bd11c4ad_k-1024x683.jpg 1024w, https:\/\/www.manaus.am.gov.br\/seminf\/wp-content\/uploads\/sites\/6\/2025\/12\/55014150901_86bd11c4ad_k-300x200.jpg 300w, https:\/\/www.manaus.am.gov.br\/seminf\/wp-content\/uploads\/sites\/6\/2025\/12\/55014150901_86bd11c4ad_k-768x512.jpg 768w, https:\/\/www.manaus.am.gov.br\/seminf\/wp-content\/uploads\/sites\/6\/2025\/12\/55014150901_86bd11c4ad_k-1536x1024.jpg 1536w, https:\/\/www.manaus.am.gov.br\/seminf\/wp-content\/uploads\/sites\/6\/2025\/12\/55014150901_86bd11c4ad_k.jpg 2048w\" sizes=\"(max-width: 1024px) 100vw, 1024px\" \/><figcaption class=\"wp-element-caption\">#paratodosverem &#8211; Quadra esportivo do bairro Nossa Senhora Aparecida totalmente revitalizada<\/figcaption><\/figure>\n\n\n\n<p>&#8212; &#8212; &#8212;<\/p>\n\n\n\n<p><strong>Texto&nbsp;<\/strong>&#8211; Rayana Coutinho e Valesca Martins\/Seminf<\/p>\n\n\n\n<p><strong>Fotos <\/strong>&#8211; M\u00e1rcio Melo\/Seminf<\/p>\n\n\n\n<p><strong>Dispon\u00edveis em \u2013 <\/strong><a href=\"https:\/\/flic.kr\/s\/aHBqjCFbrr\">https:\/\/flic.kr\/s\/aHBqjCFbrr<\/a><\/p>\n","protected":false},"excerpt":{"rendered":"","protected":false},"author":39,"featured_media":8005,"comment_status":"closed","ping_status":"closed","sticky":false,"template":"","format":"standard","meta":{"footnotes":""},"categories":[4],"tags":[2933,2934,43,2935,26],"acf":[],"yoast_head":"<!-- This site is optimized with the Yoast SEO plugin v23.0 - https:\/\/yoast.com\/wordpress\/plugins\/seo\/ -->\n<title>Em 2025, prefeitura entrega 14 complexos esportivos e espa\u00e7os de lazer<\/title>\n<meta name=\"description\" content=\"Em 2025, Prefeitura de Manaus entrega 14 complexos esportivos e espa\u00e7os de lazer e fortalece a conviv\u00eancia nos bairros.\" \/>\n<meta name=\"robots\" content=\"index, follow, max-snippet:-1, max-image-preview:large, max-video-preview:-1\" \/>\n<link rel=\"canonical\" href=\"https:\/\/www.manaus.am.gov.br\/seminf\/14-complexos-esportivos-espacos-lazer-revitalizados\/\" \/>\n<meta property=\"og:locale\" content=\"pt_BR\" \/>\n<meta property=\"og:type\" content=\"article\" \/>\n<meta property=\"og:title\" content=\"Em 2025, prefeitura entrega 14 complexos esportivos e espa\u00e7os de lazer\" \/>\n<meta property=\"og:description\" content=\"Em 2025, Prefeitura de Manaus entrega 14 complexos esportivos e espa\u00e7os de lazer e fortalece a conviv\u00eancia nos bairros.\" \/>\n<meta property=\"og:url\" content=\"https:\/\/www.manaus.am.gov.br\/seminf\/14-complexos-esportivos-espacos-lazer-revitalizados\/\" \/>\n<meta property=\"og:site_name\" content=\"SEMINF\" \/>\n<meta property=\"article:published_time\" content=\"2025-12-30T18:28:54+00:00\" \/>\n<meta property=\"og:image\" content=\"https:\/\/www.manaus.am.gov.br\/seminf\/wp-content\/uploads\/sites\/6\/2025\/12\/55014150491_3db79a748d_k.jpg\" \/>\n\t<meta property=\"og:image:width\" content=\"2048\" \/>\n\t<meta property=\"og:image:height\" content=\"1365\" \/>\n\t<meta property=\"og:image:type\" content=\"image\/jpeg\" \/>\n<meta name=\"author\" content=\"Bruna Greco\" \/>\n<meta name=\"twitter:card\" content=\"summary_large_image\" \/>\n<meta name=\"twitter:label1\" content=\"Written by\" \/>\n\t<meta name=\"twitter:data1\" content=\"Bruna Greco\" \/>\n\t<meta name=\"twitter:label2\" content=\"Est. reading time\" \/>\n\t<meta name=\"twitter:data2\" content=\"5 minutos\" \/>\n<script type=\"application\/ld+json\" class=\"yoast-schema-graph\">{\"@context\":\"https:\/\/schema.org\",\"@graph\":[{\"@type\":\"WebPage\",\"@id\":\"https:\/\/www.manaus.am.gov.br\/seminf\/14-complexos-esportivos-espacos-lazer-revitalizados\/\",\"url\":\"https:\/\/www.manaus.am.gov.br\/seminf\/14-complexos-esportivos-espacos-lazer-revitalizados\/\",\"name\":\"Em 2025, prefeitura entrega 14 complexos esportivos e espa\u00e7os de lazer\",\"isPartOf\":{\"@id\":\"https:\/\/www.manaus.am.gov.br\/seminf\/#website\"},\"primaryImageOfPage\":{\"@id\":\"https:\/\/www.manaus.am.gov.br\/seminf\/14-complexos-esportivos-espacos-lazer-revitalizados\/#primaryimage\"},\"image\":{\"@id\":\"https:\/\/www.manaus.am.gov.br\/seminf\/14-complexos-esportivos-espacos-lazer-revitalizados\/#primaryimage\"},\"thumbnailUrl\":\"https:\/\/www.manaus.am.gov.br\/seminf\/wp-content\/uploads\/sites\/6\/2025\/12\/55014150491_3db79a748d_k.jpg\",\"datePublished\":\"2025-12-30T18:28:54+00:00\",\"dateModified\":\"2025-12-30T18:28:54+00:00\",\"author\":{\"@id\":\"https:\/\/www.manaus.am.gov.br\/seminf\/#\/schema\/person\/05d223aea2bf115f9883a6ff3683d81b\"},\"description\":\"Em 2025, Prefeitura de Manaus entrega 14 complexos esportivos e espa\u00e7os de lazer e fortalece a conviv\u00eancia nos bairros.\",\"inLanguage\":\"pt-BR\",\"potentialAction\":[{\"@type\":\"ReadAction\",\"target\":[\"https:\/\/www.manaus.am.gov.br\/seminf\/14-complexos-esportivos-espacos-lazer-revitalizados\/\"]}]},{\"@type\":\"ImageObject\",\"inLanguage\":\"pt-BR\",\"@id\":\"https:\/\/www.manaus.am.gov.br\/seminf\/14-complexos-esportivos-espacos-lazer-revitalizados\/#primaryimage\",\"url\":\"https:\/\/www.manaus.am.gov.br\/seminf\/wp-content\/uploads\/sites\/6\/2025\/12\/55014150491_3db79a748d_k.jpg\",\"contentUrl\":\"https:\/\/www.manaus.am.gov.br\/seminf\/wp-content\/uploads\/sites\/6\/2025\/12\/55014150491_3db79a748d_k.jpg\",\"width\":2048,\"height\":1365,\"caption\":\"#paratodosverem - Comunit\u00e1rios jogando futebol de areia no complexo esportivo Ouro Verde\"},{\"@type\":\"WebSite\",\"@id\":\"https:\/\/www.manaus.am.gov.br\/seminf\/#website\",\"url\":\"https:\/\/www.manaus.am.gov.br\/seminf\/\",\"name\":\"Secretaria de Infraestrutura\",\"description\":\"Secretaria Municipal de Infraestrutura\",\"potentialAction\":[{\"@type\":\"SearchAction\",\"target\":{\"@type\":\"EntryPoint\",\"urlTemplate\":\"https:\/\/www.manaus.am.gov.br\/seminf\/?s={search_term_string}\"},\"query-input\":\"required name=search_term_string\"}],\"inLanguage\":\"pt-BR\"},{\"@type\":\"Person\",\"@id\":\"https:\/\/www.manaus.am.gov.br\/seminf\/#\/schema\/person\/05d223aea2bf115f9883a6ff3683d81b\",\"name\":\"Bruna Greco\",\"image\":{\"@type\":\"ImageObject\",\"inLanguage\":\"pt-BR\",\"@id\":\"https:\/\/www.manaus.am.gov.br\/seminf\/#\/schema\/person\/image\/\",\"url\":\"https:\/\/secure.gravatar.com\/avatar\/9c877d1a6adc2a055330e5c09a8653ce?s=96&d=mm&r=g\",\"contentUrl\":\"https:\/\/secure.gravatar.com\/avatar\/9c877d1a6adc2a055330e5c09a8653ce?s=96&d=mm&r=g\",\"caption\":\"Bruna Greco\"}}]}<\/script>\n<!-- \/ Yoast SEO plugin. -->","yoast_head_json":{"title":"Em 2025, prefeitura entrega 14 complexos esportivos e espa\u00e7os de lazer","description":"Em 2025, Prefeitura de Manaus entrega 14 complexos esportivos e espa\u00e7os de lazer e fortalece a conviv\u00eancia nos bairros.","robots":{"index":"index","follow":"follow","max-snippet":"max-snippet:-1","max-image-preview":"max-image-preview:large","max-video-preview":"max-video-preview:-1"},"canonical":"https:\/\/www.manaus.am.gov.br\/seminf\/14-complexos-esportivos-espacos-lazer-revitalizados\/","og_locale":"pt_BR","og_type":"article","og_title":"Em 2025, prefeitura entrega 14 complexos esportivos e espa\u00e7os de lazer","og_description":"Em 2025, Prefeitura de Manaus entrega 14 complexos esportivos e espa\u00e7os de lazer e fortalece a conviv\u00eancia nos bairros.","og_url":"https:\/\/www.manaus.am.gov.br\/seminf\/14-complexos-esportivos-espacos-lazer-revitalizados\/","og_site_name":"SEMINF","article_published_time":"2025-12-30T18:28:54+00:00","og_image":[{"width":2048,"height":1365,"url":"https:\/\/www.manaus.am.gov.br\/seminf\/wp-content\/uploads\/sites\/6\/2025\/12\/55014150491_3db79a748d_k.jpg","type":"image\/jpeg"}],"author":"Bruna Greco","twitter_card":"summary_large_image","twitter_misc":{"Written by":"Bruna Greco","Est. reading time":"5 minutos"},"schema":{"@context":"https:\/\/schema.org","@graph":[{"@type":"WebPage","@id":"https:\/\/www.manaus.am.gov.br\/seminf\/14-complexos-esportivos-espacos-lazer-revitalizados\/","url":"https:\/\/www.manaus.am.gov.br\/seminf\/14-complexos-esportivos-espacos-lazer-revitalizados\/","name":"Em 2025, prefeitura entrega 14 complexos esportivos e espa\u00e7os de lazer","isPartOf":{"@id":"https:\/\/www.manaus.am.gov.br\/seminf\/#website"},"primaryImageOfPage":{"@id":"https:\/\/www.manaus.am.gov.br\/seminf\/14-complexos-esportivos-espacos-lazer-revitalizados\/#primaryimage"},"image":{"@id":"https:\/\/www.manaus.am.gov.br\/seminf\/14-complexos-esportivos-espacos-lazer-revitalizados\/#primaryimage"},"thumbnailUrl":"https:\/\/www.manaus.am.gov.br\/seminf\/wp-content\/uploads\/sites\/6\/2025\/12\/55014150491_3db79a748d_k.jpg","datePublished":"2025-12-30T18:28:54+00:00","dateModified":"2025-12-30T18:28:54+00:00","author":{"@id":"https:\/\/www.manaus.am.gov.br\/seminf\/#\/schema\/person\/05d223aea2bf115f9883a6ff3683d81b"},"description":"Em 2025, Prefeitura de Manaus entrega 14 complexos esportivos e espa\u00e7os de lazer e fortalece a conviv\u00eancia nos bairros.","inLanguage":"pt-BR","potentialAction":[{"@type":"ReadAction","target":["https:\/\/www.manaus.am.gov.br\/seminf\/14-complexos-esportivos-espacos-lazer-revitalizados\/"]}]},{"@type":"ImageObject","inLanguage":"pt-BR","@id":"https:\/\/www.manaus.am.gov.br\/seminf\/14-complexos-esportivos-espacos-lazer-revitalizados\/#primaryimage","url":"https:\/\/www.manaus.am.gov.br\/seminf\/wp-content\/uploads\/sites\/6\/2025\/12\/55014150491_3db79a748d_k.jpg","contentUrl":"https:\/\/www.manaus.am.gov.br\/seminf\/wp-content\/uploads\/sites\/6\/2025\/12\/55014150491_3db79a748d_k.jpg","width":2048,"height":1365,"caption":"#paratodosverem - Comunit\u00e1rios jogando futebol de areia no complexo esportivo Ouro Verde"},{"@type":"WebSite","@id":"https:\/\/www.manaus.am.gov.br\/seminf\/#website","url":"https:\/\/www.manaus.am.gov.br\/seminf\/","name":"Secretaria de Infraestrutura","description":"Secretaria Municipal de Infraestrutura","potentialAction":[{"@type":"SearchAction","target":{"@type":"EntryPoint","urlTemplate":"https:\/\/www.manaus.am.gov.br\/seminf\/?s={search_term_string}"},"query-input":"required name=search_term_string"}],"inLanguage":"pt-BR"},{"@type":"Person","@id":"https:\/\/www.manaus.am.gov.br\/seminf\/#\/schema\/person\/05d223aea2bf115f9883a6ff3683d81b","name":"Bruna Greco","image":{"@type":"ImageObject","inLanguage":"pt-BR","@id":"https:\/\/www.manaus.am.gov.br\/seminf\/#\/schema\/person\/image\/","url":"https:\/\/secure.gravatar.com\/avatar\/9c877d1a6adc2a055330e5c09a8653ce?s=96&d=mm&r=g","contentUrl":"https:\/\/secure.gravatar.com\/avatar\/9c877d1a6adc2a055330e5c09a8653ce?s=96&d=mm&r=g","caption":"Bruna Greco"}}]}},"_links":{"self":[{"href":"https:\/\/www.manaus.am.gov.br\/seminf\/wp-json\/wp\/v2\/posts\/8004"}],"collection":[{"href":"https:\/\/www.manaus.am.gov.br\/seminf\/wp-json\/wp\/v2\/posts"}],"about":[{"href":"https:\/\/www.manaus.am.gov.br\/seminf\/wp-json\/wp\/v2\/types\/post"}],"author":[{"embeddable":true,"href":"https:\/\/www.manaus.am.gov.br\/seminf\/wp-json\/wp\/v2\/users\/39"}],"replies":[{"embeddable":true,"href":"https:\/\/www.manaus.am.gov.br\/seminf\/wp-json\/wp\/v2\/comments?post=8004"}],"version-history":[{"count":1,"href":"https:\/\/www.manaus.am.gov.br\/seminf\/wp-json\/wp\/v2\/posts\/8004\/revisions"}],"predecessor-version":[{"id":8007,"href":"https:\/\/www.manaus.am.gov.br\/seminf\/wp-json\/wp\/v2\/posts\/8004\/revisions\/8007"}],"wp:featuredmedia":[{"embeddable":true,"href":"https:\/\/www.manaus.am.gov.br\/seminf\/wp-json\/wp\/v2\/media\/8005"}],"wp:attachment":[{"href":"https:\/\/www.manaus.am.gov.br\/seminf\/wp-json\/wp\/v2\/media?parent=8004"}],"wp:term":[{"taxonomy":"category","embeddable":true,"href":"https:\/\/www.manaus.am.gov.br\/seminf\/wp-json\/wp\/v2\/categories?post=8004"},{"taxonomy":"post_tag","embeddable":true,"href":"https:\/\/www.manaus.am.gov.br\/seminf\/wp-json\/wp\/v2\/tags?post=8004"}],"curies":[{"name":"wp","href":"https:\/\/api.w.org\/{rel}","templated":true}]}}