{"id":8002,"date":"2025-12-29T18:39:30","date_gmt":"2025-12-29T22:39:30","guid":{"rendered":"https:\/\/www.manaus.am.gov.br\/seminf\/melhorias-drenagem-profunda\/"},"modified":"2025-12-29T18:39:31","modified_gmt":"2025-12-29T22:39:31","slug":"melhorias-drenagem-profunda","status":"publish","type":"post","link":"https:\/\/www.manaus.am.gov.br\/seminf\/melhorias-drenagem-profunda\/","title":{"rendered":"Prefeitura de Manaus elimina ponto cr\u00edtico de alagamentos na avenida Torquato Tapaj\u00f3s"},"content":{"rendered":"\n<p>A Prefeitura de Manaus, por meio da Secretaria Municipal de Infraestrutura (Seminf), executou, nesta segunda-feira, 29\/12, melhorias no sistema de drenagem profunda e superficial em um trecho da avenida Torquato Tapaj\u00f3s, no bairro da Paz, zona Centro-Oeste da capital.&nbsp;<\/p>\n\n\n\n<p>O problema no trecho estava diretamente relacionado ao ac\u00famulo de lixo descartado de forma irregular na via p\u00fablica. Res\u00edduos s\u00f3lidos lan\u00e7ados nas ruas acabam sendo levados pela \u00e1gua da chuva para as galerias, provocando obstru\u00e7\u00f5es no sistema de drenagem, comprometendo o escoamento das \u00e1guas pluviais e favorecendo a ocorr\u00eancia de alagamentos recorrentes, especialmente durante o per\u00edodo chuvoso.<\/p>\n\n\n\n<p>A a\u00e7\u00e3o faz parte do trabalho cont\u00ednuo da gest\u00e3o municipal para enfrentar os pontos cr\u00edticos na cidade. O vice-prefeito e secret\u00e1rio de Obras, Renato Junior, destacou que as frentes de servi\u00e7o seguem atuando simultaneamente em diversas zonas de Manaus, conforme determina\u00e7\u00e3o do prefeito David Almeida.<\/p>\n\n\n\n<p>\u201cEstamos com equipes nas ruas todos os dias, atuando de forma preventiva e corretiva em pontos estrat\u00e9gicos da cidade. Na avenida Torquato Tapaj\u00f3s, realizamos uma interven\u00e7\u00e3o importante para melhorar o escoamento das \u00e1guas das chuvas e reduzir transtornos. Nosso compromisso \u00e9 garantir mais seguran\u00e7a, mobilidade e qualidade de vida para quem circula por Manaus, especialmente neste per\u00edodo de chuvas intensas\u201d, afirmou Renato Junior.<\/p>\n\n\n\n<p>Os servi\u00e7os inclu\u00edram a desobstru\u00e7\u00e3o da caixa coletora, o anelamento da tubula\u00e7\u00e3o, que havia sido comprometida pelo ac\u00famulo de lixo na galeria associado a for\u00e7a das \u00e1guas, o sistema de drenagem recebeu ainda a reconstru\u00e7\u00e3o da estrutura. Tamb\u00e9m foram implantados sarjeta e meio-fio, fundamentais para direcionar corretamente as \u00e1guas pluviais ao sistema de drenagem profunda e evitar novos alagamentos.<\/p>\n\n\n\n<p>Para quem vive e trabalha na regi\u00e3o, a melhoria j\u00e1 come\u00e7a a ser percebida. O vendedor Paulo de Souza, de 65 anos, agradeceu pelos servi\u00e7os.&nbsp;<\/p>\n\n\n\n<p>\u201cAntes, aqui alagava muito. A gente tinha que esperar a \u00e1gua baixar para conseguir passar. Agora j\u00e1 d\u00e1 para ver a diferen\u00e7a com o trabalho da prefeitura. Est\u00e1 melhorando bastante e facilita a vida de quem passa por aqui todos os dias\u201d, destacou o vendedor.<\/p>\n\n\n\n<p>A Prefeitura de Manaus refor\u00e7a que a preserva\u00e7\u00e3o do sistema de drenagem depende tamb\u00e9m do descarte correto de res\u00edduos e segue investindo em a\u00e7\u00f5es de manuten\u00e7\u00e3o e recupera\u00e7\u00e3o da infraestrutura urbana em todas as zonas da cidade.<\/p>\n\n\n\n<p>\u2014&#8211; \u2014&#8211; \u2014-\u00a0<br><strong>Texto &#8211; <\/strong>Eduarda Lira\/ Seminf\u00a0<br><strong>Fotos <\/strong>&#8211; Rayana Coutinho\/Seminf<\/p>\n","protected":false},"excerpt":{"rendered":"","protected":false},"author":68,"featured_media":8003,"comment_status":"closed","ping_status":"closed","sticky":false,"template":"","format":"standard","meta":{"footnotes":""},"categories":[3],"tags":[2931,43,2932,26],"acf":[],"yoast_head":"<!-- This site is optimized with the Yoast SEO plugin v23.0 - https:\/\/yoast.com\/wordpress\/plugins\/seo\/ -->\n<title>Prefeitura elimina ponto cr\u00edtico de alagamentos na avenida Torquato Tapaj\u00f3s<\/title>\n<meta name=\"description\" content=\"A Prefeitura de Manaus, por meio da Secretaria Municipal de Infraestrutura (Seminf), executou, nesta segunda-feira, 29\/12, melhorias no sistema de drenagem profunda e superficial em um trecho da avenida Torquato Tapaj\u00f3s, no bairro da Paz, zona Centro-Oeste da capital.\" \/>\n<meta name=\"robots\" content=\"index, follow, max-snippet:-1, max-image-preview:large, max-video-preview:-1\" \/>\n<link rel=\"canonical\" href=\"https:\/\/www.manaus.am.gov.br\/seminf\/melhorias-drenagem-profunda\/\" \/>\n<meta property=\"og:locale\" content=\"pt_BR\" \/>\n<meta property=\"og:type\" content=\"article\" \/>\n<meta property=\"og:title\" content=\"Prefeitura elimina ponto cr\u00edtico de alagamentos na avenida Torquato Tapaj\u00f3s\" \/>\n<meta property=\"og:description\" content=\"A Prefeitura de Manaus, por meio da Secretaria Municipal de Infraestrutura (Seminf), executou, nesta segunda-feira, 29\/12, melhorias no sistema de drenagem profunda e superficial em um trecho da avenida Torquato Tapaj\u00f3s, no bairro da Paz, zona Centro-Oeste da capital.\" \/>\n<meta property=\"og:url\" content=\"https:\/\/www.manaus.am.gov.br\/seminf\/melhorias-drenagem-profunda\/\" \/>\n<meta property=\"og:site_name\" content=\"SEMINF\" \/>\n<meta property=\"article:published_time\" content=\"2025-12-29T22:39:30+00:00\" \/>\n<meta property=\"article:modified_time\" content=\"2025-12-29T22:39:31+00:00\" \/>\n<meta property=\"og:image\" content=\"https:\/\/www.manaus.am.gov.br\/seminf\/wp-content\/uploads\/sites\/6\/2025\/12\/IMG_1800-1024x768.jpg\" \/>\n\t<meta property=\"og:image:width\" content=\"1024\" \/>\n\t<meta property=\"og:image:height\" content=\"768\" \/>\n\t<meta property=\"og:image:type\" content=\"image\/jpeg\" \/>\n<meta name=\"author\" content=\"bvalente\" \/>\n<meta name=\"twitter:card\" content=\"summary_large_image\" \/>\n<meta name=\"twitter:label1\" content=\"Written by\" \/>\n\t<meta name=\"twitter:data1\" content=\"bvalente\" \/>\n\t<meta name=\"twitter:label2\" content=\"Est. reading time\" \/>\n\t<meta name=\"twitter:data2\" content=\"3 minutos\" \/>\n<script type=\"application\/ld+json\" class=\"yoast-schema-graph\">{\"@context\":\"https:\/\/schema.org\",\"@graph\":[{\"@type\":\"WebPage\",\"@id\":\"https:\/\/www.manaus.am.gov.br\/seminf\/melhorias-drenagem-profunda\/\",\"url\":\"https:\/\/www.manaus.am.gov.br\/seminf\/melhorias-drenagem-profunda\/\",\"name\":\"Prefeitura elimina ponto cr\u00edtico de alagamentos na avenida Torquato Tapaj\u00f3s\",\"isPartOf\":{\"@id\":\"https:\/\/www.manaus.am.gov.br\/seminf\/#website\"},\"primaryImageOfPage\":{\"@id\":\"https:\/\/www.manaus.am.gov.br\/seminf\/melhorias-drenagem-profunda\/#primaryimage\"},\"image\":{\"@id\":\"https:\/\/www.manaus.am.gov.br\/seminf\/melhorias-drenagem-profunda\/#primaryimage\"},\"thumbnailUrl\":\"https:\/\/www.manaus.am.gov.br\/seminf\/wp-content\/uploads\/sites\/6\/2025\/12\/IMG_1800.jpg\",\"datePublished\":\"2025-12-29T22:39:30+00:00\",\"dateModified\":\"2025-12-29T22:39:31+00:00\",\"author\":{\"@id\":\"https:\/\/www.manaus.am.gov.br\/seminf\/#\/schema\/person\/466a0e03ae4b6062809046bd560ac955\"},\"description\":\"A Prefeitura de Manaus, por meio da Secretaria Municipal de Infraestrutura (Seminf), executou, nesta segunda-feira, 29\/12, melhorias no sistema de drenagem profunda e superficial em um trecho da avenida Torquato Tapaj\u00f3s, no bairro da Paz, zona Centro-Oeste da capital.\",\"inLanguage\":\"pt-BR\",\"potentialAction\":[{\"@type\":\"ReadAction\",\"target\":[\"https:\/\/www.manaus.am.gov.br\/seminf\/melhorias-drenagem-profunda\/\"]}]},{\"@type\":\"ImageObject\",\"inLanguage\":\"pt-BR\",\"@id\":\"https:\/\/www.manaus.am.gov.br\/seminf\/melhorias-drenagem-profunda\/#primaryimage\",\"url\":\"https:\/\/www.manaus.am.gov.br\/seminf\/wp-content\/uploads\/sites\/6\/2025\/12\/IMG_1800.jpg\",\"contentUrl\":\"https:\/\/www.manaus.am.gov.br\/seminf\/wp-content\/uploads\/sites\/6\/2025\/12\/IMG_1800.jpg\",\"width\":5712,\"height\":4284,\"caption\":\"#paratodosverem - Equipes da Seminf realizando obras no sistema de drenagem profunda e superficial em um trecho da avenida Torquato Tapaj\u00f3s\"},{\"@type\":\"WebSite\",\"@id\":\"https:\/\/www.manaus.am.gov.br\/seminf\/#website\",\"url\":\"https:\/\/www.manaus.am.gov.br\/seminf\/\",\"name\":\"Secretaria de Infraestrutura\",\"description\":\"Secretaria Municipal de Infraestrutura\",\"potentialAction\":[{\"@type\":\"SearchAction\",\"target\":{\"@type\":\"EntryPoint\",\"urlTemplate\":\"https:\/\/www.manaus.am.gov.br\/seminf\/?s={search_term_string}\"},\"query-input\":\"required name=search_term_string\"}],\"inLanguage\":\"pt-BR\"},{\"@type\":\"Person\",\"@id\":\"https:\/\/www.manaus.am.gov.br\/seminf\/#\/schema\/person\/466a0e03ae4b6062809046bd560ac955\",\"name\":\"bvalente\",\"image\":{\"@type\":\"ImageObject\",\"inLanguage\":\"pt-BR\",\"@id\":\"https:\/\/www.manaus.am.gov.br\/seminf\/#\/schema\/person\/image\/\",\"url\":\"https:\/\/secure.gravatar.com\/avatar\/3e69bc2b014bdad41adfec3a39de07d2?s=96&d=mm&r=g\",\"contentUrl\":\"https:\/\/secure.gravatar.com\/avatar\/3e69bc2b014bdad41adfec3a39de07d2?s=96&d=mm&r=g\",\"caption\":\"bvalente\"}}]}<\/script>\n<!-- \/ Yoast SEO plugin. -->","yoast_head_json":{"title":"Prefeitura elimina ponto cr\u00edtico de alagamentos na avenida Torquato Tapaj\u00f3s","description":"A Prefeitura de Manaus, por meio da Secretaria Municipal de Infraestrutura (Seminf), executou, nesta segunda-feira, 29\/12, melhorias no sistema de drenagem profunda e superficial em um trecho da avenida Torquato Tapaj\u00f3s, no bairro da Paz, zona Centro-Oeste da capital.","robots":{"index":"index","follow":"follow","max-snippet":"max-snippet:-1","max-image-preview":"max-image-preview:large","max-video-preview":"max-video-preview:-1"},"canonical":"https:\/\/www.manaus.am.gov.br\/seminf\/melhorias-drenagem-profunda\/","og_locale":"pt_BR","og_type":"article","og_title":"Prefeitura elimina ponto cr\u00edtico de alagamentos na avenida Torquato Tapaj\u00f3s","og_description":"A Prefeitura de Manaus, por meio da Secretaria Municipal de Infraestrutura (Seminf), executou, nesta segunda-feira, 29\/12, melhorias no sistema de drenagem profunda e superficial em um trecho da avenida Torquato Tapaj\u00f3s, no bairro da Paz, zona Centro-Oeste da capital.","og_url":"https:\/\/www.manaus.am.gov.br\/seminf\/melhorias-drenagem-profunda\/","og_site_name":"SEMINF","article_published_time":"2025-12-29T22:39:30+00:00","article_modified_time":"2025-12-29T22:39:31+00:00","og_image":[{"width":1024,"height":768,"url":"https:\/\/www.manaus.am.gov.br\/seminf\/wp-content\/uploads\/sites\/6\/2025\/12\/IMG_1800-1024x768.jpg","type":"image\/jpeg"}],"author":"bvalente","twitter_card":"summary_large_image","twitter_misc":{"Written by":"bvalente","Est. reading time":"3 minutos"},"schema":{"@context":"https:\/\/schema.org","@graph":[{"@type":"WebPage","@id":"https:\/\/www.manaus.am.gov.br\/seminf\/melhorias-drenagem-profunda\/","url":"https:\/\/www.manaus.am.gov.br\/seminf\/melhorias-drenagem-profunda\/","name":"Prefeitura elimina ponto cr\u00edtico de alagamentos na avenida Torquato Tapaj\u00f3s","isPartOf":{"@id":"https:\/\/www.manaus.am.gov.br\/seminf\/#website"},"primaryImageOfPage":{"@id":"https:\/\/www.manaus.am.gov.br\/seminf\/melhorias-drenagem-profunda\/#primaryimage"},"image":{"@id":"https:\/\/www.manaus.am.gov.br\/seminf\/melhorias-drenagem-profunda\/#primaryimage"},"thumbnailUrl":"https:\/\/www.manaus.am.gov.br\/seminf\/wp-content\/uploads\/sites\/6\/2025\/12\/IMG_1800.jpg","datePublished":"2025-12-29T22:39:30+00:00","dateModified":"2025-12-29T22:39:31+00:00","author":{"@id":"https:\/\/www.manaus.am.gov.br\/seminf\/#\/schema\/person\/466a0e03ae4b6062809046bd560ac955"},"description":"A Prefeitura de Manaus, por meio da Secretaria Municipal de Infraestrutura (Seminf), executou, nesta segunda-feira, 29\/12, melhorias no sistema de drenagem profunda e superficial em um trecho da avenida Torquato Tapaj\u00f3s, no bairro da Paz, zona Centro-Oeste da capital.","inLanguage":"pt-BR","potentialAction":[{"@type":"ReadAction","target":["https:\/\/www.manaus.am.gov.br\/seminf\/melhorias-drenagem-profunda\/"]}]},{"@type":"ImageObject","inLanguage":"pt-BR","@id":"https:\/\/www.manaus.am.gov.br\/seminf\/melhorias-drenagem-profunda\/#primaryimage","url":"https:\/\/www.manaus.am.gov.br\/seminf\/wp-content\/uploads\/sites\/6\/2025\/12\/IMG_1800.jpg","contentUrl":"https:\/\/www.manaus.am.gov.br\/seminf\/wp-content\/uploads\/sites\/6\/2025\/12\/IMG_1800.jpg","width":5712,"height":4284,"caption":"#paratodosverem - Equipes da Seminf realizando obras no sistema de drenagem profunda e superficial em um trecho da avenida Torquato Tapaj\u00f3s"},{"@type":"WebSite","@id":"https:\/\/www.manaus.am.gov.br\/seminf\/#website","url":"https:\/\/www.manaus.am.gov.br\/seminf\/","name":"Secretaria de Infraestrutura","description":"Secretaria Municipal de Infraestrutura","potentialAction":[{"@type":"SearchAction","target":{"@type":"EntryPoint","urlTemplate":"https:\/\/www.manaus.am.gov.br\/seminf\/?s={search_term_string}"},"query-input":"required name=search_term_string"}],"inLanguage":"pt-BR"},{"@type":"Person","@id":"https:\/\/www.manaus.am.gov.br\/seminf\/#\/schema\/person\/466a0e03ae4b6062809046bd560ac955","name":"bvalente","image":{"@type":"ImageObject","inLanguage":"pt-BR","@id":"https:\/\/www.manaus.am.gov.br\/seminf\/#\/schema\/person\/image\/","url":"https:\/\/secure.gravatar.com\/avatar\/3e69bc2b014bdad41adfec3a39de07d2?s=96&d=mm&r=g","contentUrl":"https:\/\/secure.gravatar.com\/avatar\/3e69bc2b014bdad41adfec3a39de07d2?s=96&d=mm&r=g","caption":"bvalente"}}]}},"_links":{"self":[{"href":"https:\/\/www.manaus.am.gov.br\/seminf\/wp-json\/wp\/v2\/posts\/8002"}],"collection":[{"href":"https:\/\/www.manaus.am.gov.br\/seminf\/wp-json\/wp\/v2\/posts"}],"about":[{"href":"https:\/\/www.manaus.am.gov.br\/seminf\/wp-json\/wp\/v2\/types\/post"}],"author":[{"embeddable":true,"href":"https:\/\/www.manaus.am.gov.br\/seminf\/wp-json\/wp\/v2\/users\/68"}],"replies":[{"embeddable":true,"href":"https:\/\/www.manaus.am.gov.br\/seminf\/wp-json\/wp\/v2\/comments?post=8002"}],"version-history":[{"count":0,"href":"https:\/\/www.manaus.am.gov.br\/seminf\/wp-json\/wp\/v2\/posts\/8002\/revisions"}],"wp:featuredmedia":[{"embeddable":true,"href":"https:\/\/www.manaus.am.gov.br\/seminf\/wp-json\/wp\/v2\/media\/8003"}],"wp:attachment":[{"href":"https:\/\/www.manaus.am.gov.br\/seminf\/wp-json\/wp\/v2\/media?parent=8002"}],"wp:term":[{"taxonomy":"category","embeddable":true,"href":"https:\/\/www.manaus.am.gov.br\/seminf\/wp-json\/wp\/v2\/categories?post=8002"},{"taxonomy":"post_tag","embeddable":true,"href":"https:\/\/www.manaus.am.gov.br\/seminf\/wp-json\/wp\/v2\/tags?post=8002"}],"curies":[{"name":"wp","href":"https:\/\/api.w.org\/{rel}","templated":true}]}}