{"id":8000,"date":"2025-12-29T18:29:02","date_gmt":"2025-12-29T22:29:02","guid":{"rendered":"https:\/\/www.manaus.am.gov.br\/seminf\/recuperacao-rede-de-drenagem-11\/"},"modified":"2025-12-29T18:29:03","modified_gmt":"2025-12-29T22:29:03","slug":"recuperacao-rede-de-drenagem-11","status":"publish","type":"post","link":"https:\/\/www.manaus.am.gov.br\/seminf\/recuperacao-rede-de-drenagem-11\/","title":{"rendered":"Prefeitura de Manaus recupera rede de drenagem no bairro Santa Etelvina ap\u00f3s danos causados pelo descarte irregular de lixo"},"content":{"rendered":"\n<p>A Prefeitura de Manaus, por meio da Secretaria Municipal de Infraestrutura (Seminf), executou, nesta segunda-feira, 29\/12, a manuten\u00e7\u00e3o da rede de drenagem profunda da rua Nossa Senhora de F\u00e1tima, no bairro Santa Etelvina, zona Norte da capital. A \u00e1rea apresentou afundamento na lateral da via em decorr\u00eancia do desanelamento da tubula\u00e7\u00e3o, provocado pelo ac\u00famulo de lixo descartado de forma irregular.<\/p>\n\n\n\n<p>Mesmo diante das fortes chuvas registradas ao longo do dia, as equipes da Seminf atuaram de forma imediata para corrigir o problema e garantir a seguran\u00e7a de motoristas e pedestres. O vice-prefeito e secret\u00e1rio de Obras, Renato Junior, destacou que o trabalho segue determina\u00e7\u00e3o direta do prefeito David Almeida e refor\u00e7ou a necessidade da conscientiza\u00e7\u00e3o da popula\u00e7\u00e3o.<\/p>\n\n\n\n<p>\u201cMesmo com chuva intensa, nossas equipes seguem nas ruas, trabalhando com responsabilidade e compromisso para manter a cidade funcionando. O descarte irregular de lixo ainda \u00e9 um dos grandes vil\u00f5es da drenagem urbana e causa preju\u00edzos que poderiam ser evitados. Precisamos da colabora\u00e7\u00e3o da popula\u00e7\u00e3o para preservar o sistema de drenagem da capital, manter Manaus limpa e reduzir os riscos de alagamentos e danos \u00e0 infraestrutura\u201d, afirmou Renato Junior.<\/p>\n\n\n\n<p>A interven\u00e7\u00e3o contou com uma equipe de 10 trabalhadores e o apoio de uma retroescavadeira, que realizaram a substitui\u00e7\u00e3o dos tubos comprometidos, por pe\u00e7as novas e mais modernas. O servi\u00e7o \u00e9 fundamental para garantir o escoamento adequado das \u00e1guas pluviais, especialmente neste per\u00edodo chuvoso, al\u00e9m de restabelecer o tr\u00e1fego seguro na via.<\/p>\n\n\n\n<p>Morador e comerciante da \u00e1rea, Wenenson Mesquista, de 23 anos, destacou a import\u00e2ncia da a\u00e7\u00e3o da prefeitura.<\/p>\n\n\n\n<p>\u201cO buraco estava muito grande e perigoso, dava medo de algu\u00e9m sofrer um acidente. Ver a Prefeitura de Manaus aqui resolvendo o problema traz mais seguran\u00e7a para quem mora e trabalha na \u00e1rea. Para mim, que estou come\u00e7ando um com\u00e9rcio aqui, isso faz toda a diferen\u00e7a\u201d, relatou Wenenson Mesquista.<\/p>\n\n\n\n<p>A Prefeitura de Manaus refor\u00e7a que a preserva\u00e7\u00e3o do sistema de drenagem depende diretamente do descarte correto de res\u00edduos e segue atuando de forma permanente em todas as zonas da cidade para garantir infraestrutura, seguran\u00e7a e qualidade de vida \u00e0 popula\u00e7\u00e3o.<\/p>\n\n\n\n<p>\u2014&#8211; \u2014&#8211; \u2014-\u00a0<br><strong>Texto &#8211; <\/strong>Rayana Coutinho\/ Seminf\u00a0<br><strong>Fotos <\/strong>&#8211; Eduarda Lira\/ Seminf<\/p>\n","protected":false},"excerpt":{"rendered":"","protected":false},"author":68,"featured_media":8001,"comment_status":"closed","ping_status":"closed","sticky":false,"template":"","format":"standard","meta":{"footnotes":""},"categories":[8],"tags":[2930,1133,43,2500,26],"acf":[],"yoast_head":"<!-- This site is optimized with the Yoast SEO plugin v23.0 - https:\/\/yoast.com\/wordpress\/plugins\/seo\/ -->\n<title>Prefeitura recupera rede de drenagem no bairro Santa Etelvina<\/title>\n<meta name=\"description\" content=\"A Prefeitura executou, nesta segunda-feira, 29\/12, a manuten\u00e7\u00e3o da rede de drenagem profunda da rua Nossa Senhora de F\u00e1tima.\" \/>\n<meta name=\"robots\" content=\"index, follow, max-snippet:-1, max-image-preview:large, max-video-preview:-1\" \/>\n<link rel=\"canonical\" href=\"https:\/\/www.manaus.am.gov.br\/seminf\/recuperacao-rede-de-drenagem-11\/\" \/>\n<meta property=\"og:locale\" content=\"pt_BR\" \/>\n<meta property=\"og:type\" content=\"article\" \/>\n<meta property=\"og:title\" content=\"Prefeitura recupera rede de drenagem no bairro Santa Etelvina\" \/>\n<meta property=\"og:description\" content=\"A Prefeitura executou, nesta segunda-feira, 29\/12, a manuten\u00e7\u00e3o da rede de drenagem profunda da rua Nossa Senhora de F\u00e1tima.\" \/>\n<meta property=\"og:url\" content=\"https:\/\/www.manaus.am.gov.br\/seminf\/recuperacao-rede-de-drenagem-11\/\" \/>\n<meta property=\"og:site_name\" content=\"SEMINF\" \/>\n<meta property=\"article:published_time\" content=\"2025-12-29T22:29:02+00:00\" \/>\n<meta property=\"article:modified_time\" content=\"2025-12-29T22:29:03+00:00\" \/>\n<meta property=\"og:image\" content=\"https:\/\/www.manaus.am.gov.br\/seminf\/wp-content\/uploads\/sites\/6\/2025\/12\/Prefeitura-de-Manaus-recupera-rede-de-drenagem-no-bairro-Santa-Etelvina-apos-danos-causados-pelo-descarte-irregular-de-lixo-2.jpg\" \/>\n\t<meta property=\"og:image:width\" content=\"1600\" \/>\n\t<meta property=\"og:image:height\" content=\"1200\" \/>\n\t<meta property=\"og:image:type\" content=\"image\/jpeg\" \/>\n<meta name=\"author\" content=\"bvalente\" \/>\n<meta name=\"twitter:card\" content=\"summary_large_image\" \/>\n<meta name=\"twitter:label1\" content=\"Written by\" \/>\n\t<meta name=\"twitter:data1\" content=\"bvalente\" \/>\n\t<meta name=\"twitter:label2\" content=\"Est. reading time\" \/>\n\t<meta name=\"twitter:data2\" content=\"3 minutos\" \/>\n<script type=\"application\/ld+json\" class=\"yoast-schema-graph\">{\"@context\":\"https:\/\/schema.org\",\"@graph\":[{\"@type\":\"WebPage\",\"@id\":\"https:\/\/www.manaus.am.gov.br\/seminf\/recuperacao-rede-de-drenagem-11\/\",\"url\":\"https:\/\/www.manaus.am.gov.br\/seminf\/recuperacao-rede-de-drenagem-11\/\",\"name\":\"Prefeitura recupera rede de drenagem no bairro Santa Etelvina\",\"isPartOf\":{\"@id\":\"https:\/\/www.manaus.am.gov.br\/seminf\/#website\"},\"primaryImageOfPage\":{\"@id\":\"https:\/\/www.manaus.am.gov.br\/seminf\/recuperacao-rede-de-drenagem-11\/#primaryimage\"},\"image\":{\"@id\":\"https:\/\/www.manaus.am.gov.br\/seminf\/recuperacao-rede-de-drenagem-11\/#primaryimage\"},\"thumbnailUrl\":\"https:\/\/www.manaus.am.gov.br\/seminf\/wp-content\/uploads\/sites\/6\/2025\/12\/Prefeitura-de-Manaus-recupera-rede-de-drenagem-no-bairro-Santa-Etelvina-apos-danos-causados-pelo-descarte-irregular-de-lixo-2.jpg\",\"datePublished\":\"2025-12-29T22:29:02+00:00\",\"dateModified\":\"2025-12-29T22:29:03+00:00\",\"author\":{\"@id\":\"https:\/\/www.manaus.am.gov.br\/seminf\/#\/schema\/person\/466a0e03ae4b6062809046bd560ac955\"},\"description\":\"A Prefeitura executou, nesta segunda-feira, 29\/12, a manuten\u00e7\u00e3o da rede de drenagem profunda da rua Nossa Senhora de F\u00e1tima.\",\"inLanguage\":\"pt-BR\",\"potentialAction\":[{\"@type\":\"ReadAction\",\"target\":[\"https:\/\/www.manaus.am.gov.br\/seminf\/recuperacao-rede-de-drenagem-11\/\"]}]},{\"@type\":\"ImageObject\",\"inLanguage\":\"pt-BR\",\"@id\":\"https:\/\/www.manaus.am.gov.br\/seminf\/recuperacao-rede-de-drenagem-11\/#primaryimage\",\"url\":\"https:\/\/www.manaus.am.gov.br\/seminf\/wp-content\/uploads\/sites\/6\/2025\/12\/Prefeitura-de-Manaus-recupera-rede-de-drenagem-no-bairro-Santa-Etelvina-apos-danos-causados-pelo-descarte-irregular-de-lixo-2.jpg\",\"contentUrl\":\"https:\/\/www.manaus.am.gov.br\/seminf\/wp-content\/uploads\/sites\/6\/2025\/12\/Prefeitura-de-Manaus-recupera-rede-de-drenagem-no-bairro-Santa-Etelvina-apos-danos-causados-pelo-descarte-irregular-de-lixo-2.jpg\",\"width\":1600,\"height\":1200,\"caption\":\"#paratodosverem - Equipes da Seminf realizando a manuten\u00e7\u00e3o da rede de drenagem profunda da rua Nossa Senhora de F\u00e1tima\"},{\"@type\":\"WebSite\",\"@id\":\"https:\/\/www.manaus.am.gov.br\/seminf\/#website\",\"url\":\"https:\/\/www.manaus.am.gov.br\/seminf\/\",\"name\":\"Secretaria de Infraestrutura\",\"description\":\"Secretaria Municipal de Infraestrutura\",\"potentialAction\":[{\"@type\":\"SearchAction\",\"target\":{\"@type\":\"EntryPoint\",\"urlTemplate\":\"https:\/\/www.manaus.am.gov.br\/seminf\/?s={search_term_string}\"},\"query-input\":\"required name=search_term_string\"}],\"inLanguage\":\"pt-BR\"},{\"@type\":\"Person\",\"@id\":\"https:\/\/www.manaus.am.gov.br\/seminf\/#\/schema\/person\/466a0e03ae4b6062809046bd560ac955\",\"name\":\"bvalente\",\"image\":{\"@type\":\"ImageObject\",\"inLanguage\":\"pt-BR\",\"@id\":\"https:\/\/www.manaus.am.gov.br\/seminf\/#\/schema\/person\/image\/\",\"url\":\"https:\/\/secure.gravatar.com\/avatar\/3e69bc2b014bdad41adfec3a39de07d2?s=96&d=mm&r=g\",\"contentUrl\":\"https:\/\/secure.gravatar.com\/avatar\/3e69bc2b014bdad41adfec3a39de07d2?s=96&d=mm&r=g\",\"caption\":\"bvalente\"}}]}<\/script>\n<!-- \/ Yoast SEO plugin. -->","yoast_head_json":{"title":"Prefeitura recupera rede de drenagem no bairro Santa Etelvina","description":"A Prefeitura executou, nesta segunda-feira, 29\/12, a manuten\u00e7\u00e3o da rede de drenagem profunda da rua Nossa Senhora de F\u00e1tima.","robots":{"index":"index","follow":"follow","max-snippet":"max-snippet:-1","max-image-preview":"max-image-preview:large","max-video-preview":"max-video-preview:-1"},"canonical":"https:\/\/www.manaus.am.gov.br\/seminf\/recuperacao-rede-de-drenagem-11\/","og_locale":"pt_BR","og_type":"article","og_title":"Prefeitura recupera rede de drenagem no bairro Santa Etelvina","og_description":"A Prefeitura executou, nesta segunda-feira, 29\/12, a manuten\u00e7\u00e3o da rede de drenagem profunda da rua Nossa Senhora de F\u00e1tima.","og_url":"https:\/\/www.manaus.am.gov.br\/seminf\/recuperacao-rede-de-drenagem-11\/","og_site_name":"SEMINF","article_published_time":"2025-12-29T22:29:02+00:00","article_modified_time":"2025-12-29T22:29:03+00:00","og_image":[{"width":1600,"height":1200,"url":"https:\/\/www.manaus.am.gov.br\/seminf\/wp-content\/uploads\/sites\/6\/2025\/12\/Prefeitura-de-Manaus-recupera-rede-de-drenagem-no-bairro-Santa-Etelvina-apos-danos-causados-pelo-descarte-irregular-de-lixo-2.jpg","type":"image\/jpeg"}],"author":"bvalente","twitter_card":"summary_large_image","twitter_misc":{"Written by":"bvalente","Est. reading time":"3 minutos"},"schema":{"@context":"https:\/\/schema.org","@graph":[{"@type":"WebPage","@id":"https:\/\/www.manaus.am.gov.br\/seminf\/recuperacao-rede-de-drenagem-11\/","url":"https:\/\/www.manaus.am.gov.br\/seminf\/recuperacao-rede-de-drenagem-11\/","name":"Prefeitura recupera rede de drenagem no bairro Santa Etelvina","isPartOf":{"@id":"https:\/\/www.manaus.am.gov.br\/seminf\/#website"},"primaryImageOfPage":{"@id":"https:\/\/www.manaus.am.gov.br\/seminf\/recuperacao-rede-de-drenagem-11\/#primaryimage"},"image":{"@id":"https:\/\/www.manaus.am.gov.br\/seminf\/recuperacao-rede-de-drenagem-11\/#primaryimage"},"thumbnailUrl":"https:\/\/www.manaus.am.gov.br\/seminf\/wp-content\/uploads\/sites\/6\/2025\/12\/Prefeitura-de-Manaus-recupera-rede-de-drenagem-no-bairro-Santa-Etelvina-apos-danos-causados-pelo-descarte-irregular-de-lixo-2.jpg","datePublished":"2025-12-29T22:29:02+00:00","dateModified":"2025-12-29T22:29:03+00:00","author":{"@id":"https:\/\/www.manaus.am.gov.br\/seminf\/#\/schema\/person\/466a0e03ae4b6062809046bd560ac955"},"description":"A Prefeitura executou, nesta segunda-feira, 29\/12, a manuten\u00e7\u00e3o da rede de drenagem profunda da rua Nossa Senhora de F\u00e1tima.","inLanguage":"pt-BR","potentialAction":[{"@type":"ReadAction","target":["https:\/\/www.manaus.am.gov.br\/seminf\/recuperacao-rede-de-drenagem-11\/"]}]},{"@type":"ImageObject","inLanguage":"pt-BR","@id":"https:\/\/www.manaus.am.gov.br\/seminf\/recuperacao-rede-de-drenagem-11\/#primaryimage","url":"https:\/\/www.manaus.am.gov.br\/seminf\/wp-content\/uploads\/sites\/6\/2025\/12\/Prefeitura-de-Manaus-recupera-rede-de-drenagem-no-bairro-Santa-Etelvina-apos-danos-causados-pelo-descarte-irregular-de-lixo-2.jpg","contentUrl":"https:\/\/www.manaus.am.gov.br\/seminf\/wp-content\/uploads\/sites\/6\/2025\/12\/Prefeitura-de-Manaus-recupera-rede-de-drenagem-no-bairro-Santa-Etelvina-apos-danos-causados-pelo-descarte-irregular-de-lixo-2.jpg","width":1600,"height":1200,"caption":"#paratodosverem - Equipes da Seminf realizando a manuten\u00e7\u00e3o da rede de drenagem profunda da rua Nossa Senhora de F\u00e1tima"},{"@type":"WebSite","@id":"https:\/\/www.manaus.am.gov.br\/seminf\/#website","url":"https:\/\/www.manaus.am.gov.br\/seminf\/","name":"Secretaria de Infraestrutura","description":"Secretaria Municipal de Infraestrutura","potentialAction":[{"@type":"SearchAction","target":{"@type":"EntryPoint","urlTemplate":"https:\/\/www.manaus.am.gov.br\/seminf\/?s={search_term_string}"},"query-input":"required name=search_term_string"}],"inLanguage":"pt-BR"},{"@type":"Person","@id":"https:\/\/www.manaus.am.gov.br\/seminf\/#\/schema\/person\/466a0e03ae4b6062809046bd560ac955","name":"bvalente","image":{"@type":"ImageObject","inLanguage":"pt-BR","@id":"https:\/\/www.manaus.am.gov.br\/seminf\/#\/schema\/person\/image\/","url":"https:\/\/secure.gravatar.com\/avatar\/3e69bc2b014bdad41adfec3a39de07d2?s=96&d=mm&r=g","contentUrl":"https:\/\/secure.gravatar.com\/avatar\/3e69bc2b014bdad41adfec3a39de07d2?s=96&d=mm&r=g","caption":"bvalente"}}]}},"_links":{"self":[{"href":"https:\/\/www.manaus.am.gov.br\/seminf\/wp-json\/wp\/v2\/posts\/8000"}],"collection":[{"href":"https:\/\/www.manaus.am.gov.br\/seminf\/wp-json\/wp\/v2\/posts"}],"about":[{"href":"https:\/\/www.manaus.am.gov.br\/seminf\/wp-json\/wp\/v2\/types\/post"}],"author":[{"embeddable":true,"href":"https:\/\/www.manaus.am.gov.br\/seminf\/wp-json\/wp\/v2\/users\/68"}],"replies":[{"embeddable":true,"href":"https:\/\/www.manaus.am.gov.br\/seminf\/wp-json\/wp\/v2\/comments?post=8000"}],"version-history":[{"count":0,"href":"https:\/\/www.manaus.am.gov.br\/seminf\/wp-json\/wp\/v2\/posts\/8000\/revisions"}],"wp:featuredmedia":[{"embeddable":true,"href":"https:\/\/www.manaus.am.gov.br\/seminf\/wp-json\/wp\/v2\/media\/8001"}],"wp:attachment":[{"href":"https:\/\/www.manaus.am.gov.br\/seminf\/wp-json\/wp\/v2\/media?parent=8000"}],"wp:term":[{"taxonomy":"category","embeddable":true,"href":"https:\/\/www.manaus.am.gov.br\/seminf\/wp-json\/wp\/v2\/categories?post=8000"},{"taxonomy":"post_tag","embeddable":true,"href":"https:\/\/www.manaus.am.gov.br\/seminf\/wp-json\/wp\/v2\/tags?post=8000"}],"curies":[{"name":"wp","href":"https:\/\/api.w.org\/{rel}","templated":true}]}}