{"id":7994,"date":"2025-12-29T12:55:25","date_gmt":"2025-12-29T16:55:25","guid":{"rendered":"https:\/\/www.manaus.am.gov.br\/seminf\/zona-rural-pavimentacao-20-ramais\/"},"modified":"2025-12-29T13:17:59","modified_gmt":"2025-12-29T17:17:59","slug":"zona-rural-pavimentacao-20-ramais","status":"publish","type":"post","link":"https:\/\/www.manaus.am.gov.br\/seminf\/zona-rural-pavimentacao-20-ramais\/","title":{"rendered":"Em 2025, prefeitura transforma a realidade da zona rural de Manaus com pavimenta\u00e7\u00e3o em 20 ramais"},"content":{"rendered":"\n<p>Este ano ficar\u00e1 marcado na mem\u00f3ria de quem vive e produz na zona rural de Manaus. Entre estradas de terra, ladeiras \u00edngremes e longos per\u00edodos de isolamento no inverno amaz\u00f4nico, a chegada do asfalto significou muito mais do que mobilidade, representou dignidade, cuidado e novas oportunidades para centenas de fam\u00edlias.<\/p>\n\n\n\n<p>A <a href=\"https:\/\/www.manaus.am.gov.br\">Prefeitura de Manaus<\/a>, por meio da Secretaria Municipal de Infraestrutura (Seminf), levou, ao longo do ano, servi\u00e7os de pavimenta\u00e7\u00e3o a 20 ramais da zona rural, promovendo acesso seguro, fortalecendo o escoamento da produ\u00e7\u00e3o agr\u00edcola e garantindo melhores condi\u00e7\u00f5es de deslocamento para estudantes, trabalhadores e produtores.<\/p>\n\n\n\n<p>Cada frente de obra simboliza um passo concreto rumo ao desenvolvimento da capital, aproximando o poder p\u00fablico das comunidades que abastecem a cidade e movimentam a economia local.<\/p>\n\n\n\n<p>\u00c0 frente da Seminf, o vice-prefeito e secret\u00e1rio de Obras, Renato Junior, destaca que o trabalho realizado neste ano foi guiado pelo di\u00e1logo direto com as comunidades e pela compreens\u00e3o de que infraestrutura \u00e9, acima de tudo, uma pol\u00edtica de cuidado com as pessoas.<\/p>\n\n\n\n<p>\u201cQuando a gente chega a um ramal, n\u00e3o v\u00ea s\u00f3 estrada. A gente v\u00ea hist\u00f3rias, sonhos e muito esfor\u00e7o. Em 2025, nosso compromisso foi ouvir quem vive ali e transformar essas necessidades em obras que mudam a rotina das fam\u00edlias. Infraestrutura \u00e9 garantir que o produtor consiga escoar sua produ\u00e7\u00e3o, que o aluno chegue \u00e0 escola com seguran\u00e7a e que as pessoas sintam orgulho do lugar onde vivem. Esse \u00e9 o legado que estamos construindo\u201d, afirmou Renato Junior.<\/p>\n\n\n\n<p>Segundo o vice-prefeito, o trabalho desenvolvido reflete uma gest\u00e3o presente e comprometida com a cidade por inteiro. \u201cO prefeito David Almeida nos confiou a miss\u00e3o de cuidar de Manaus sem deixar ningu\u00e9m para tr\u00e1s. Cada ramal pavimentado representa respeito, pertencimento e futuro. S\u00e3o obras que melhoram o presente e preparam o caminho para os pr\u00f3ximos anos\u201d, completou.<\/p>\n\n\n\n<p><strong>Obras<\/strong><\/p>\n\n\n\n<p>Os servi\u00e7os executados passaram por todas as etapas t\u00e9cnicas necess\u00e1rias, desde a prepara\u00e7\u00e3o do solo at\u00e9 a aplica\u00e7\u00e3o e compacta\u00e7\u00e3o da nova camada asf\u00e1ltica, utilizando equipamentos modernos como motoniveladoras, retroescavadeiras e rolos compactadores. O resultado foi a entrega de vias mais resistentes, seguras e adequadas para o tr\u00e1fego di\u00e1rio.<\/p>\n\n\n\n<p>Entre os destaques deste ano est\u00e1 o ramal Rio Branquinho, localizado no quil\u00f4metro 67 da BR-174, que recebeu a pavimenta\u00e7\u00e3o de mais 11 ladeiras, totalizando 22 pavimentadas pela gest\u00e3o. A interven\u00e7\u00e3o trouxe impactos diretos para os produtores da regi\u00e3o, especialmente os que atuam no cultivo da pitaya, cultura predominante na localidade, facilitando o transporte da produ\u00e7\u00e3o e reduzindo perdas.<\/p>\n\n\n\n<p>Para quem mora na zona rural, as mudan\u00e7as v\u00e3o al\u00e9m da paisagem. Elas alcan\u00e7am o cotidiano, o trabalho e a esperan\u00e7a de dias melhores. Janeide Silva, produtora rural e professora da escola municipal Professora Zilda Iracema Melgueiro Nunes, resume o sentimento da comunidade.<\/p>\n\n\n\n<p>\u201cAntes, no per\u00edodo de chuvas, o \u00f4nibus escolar quase n\u00e3o passava e tirar a produ\u00e7\u00e3o era um sofrimento. Hoje, com o asfalto aplicado pela Prefeitura de Manaus, a nossa realidade \u00e9 outra. A gente consegue trabalhar melhor, viver melhor e sonhar mais. Temos muita gratid\u00e3o por esse olhar para a zona rural\u201d, afirmou Janeide.<\/p>\n\n\n\n<p>O ramal Bandeirantes; a vicinal Santa Cec\u00edlia, no ramal \u00c1gua Branca, no quil\u00f4metro 32 da AM-010; o ramal do Cuieiras, no quil\u00f4metro 15 da BR-174, com mais de 1,5 quil\u00f4metro pavimentado dos 3,22 quil\u00f4metros de extens\u00e3o que est\u00e3o sendo executados; e o ramal ZF-5, no quil\u00f4metro 85 da BR-174, que recebeu um quil\u00f4metro de asfalto, al\u00e9m da implanta\u00e7\u00e3o de meio-fio e sarjeta em 700 metros da via; tamb\u00e9m foram contemplados com os servi\u00e7os de pavimenta\u00e7\u00e3o.<\/p>\n\n\n\n<p>A Prefeitura de Manaus assinou ainda as ordens de servi\u00e7o para a pavimenta\u00e7\u00e3o dos ramais Fazenda da Esperan\u00e7a, no quil\u00f4metro 15 da&nbsp;BR-174; 3&nbsp;Galhos, no quil\u00f4metro 21 da BR-174; Pedro Dias, no quil\u00f4metro 12 da BR-174; e \u00c1gua Branca 2, no quil\u00f4metro 35 da AM-010; ampliando o alcance das a\u00e7\u00f5es e preparando novos avan\u00e7os para os pr\u00f3ximos anos.<\/p>\n\n\n\n<p>A partir de obras como essas, a prefeitura encerra 2025 com trabalho, presen\u00e7a e resultados concretos, reafirmando seu compromisso com a zona rural, investindo em infraestrutura que conecta pessoas, fortalece a produ\u00e7\u00e3o e transforma realidades. Mais do que pavimentar estradas, a gest\u00e3o municipal constr\u00f3i caminhos de desenvolvimento, respeito e esperan\u00e7a, um legado que segue avan\u00e7ando, ramal por ramal, rumo a uma Manaus com mais infraestrutura e integra\u00e7\u00e3o.<\/p>\n\n\n\n<figure class=\"wp-block-image size-large\"><img loading=\"lazy\" decoding=\"async\" width=\"1024\" height=\"683\" src=\"https:\/\/www.manaus.am.gov.br\/seminf\/wp-content\/uploads\/sites\/6\/2025\/12\/Pavimentacao-no-ramal-Santa-Cecilia-1024x683.jpg\" alt=\"\" class=\"wp-image-7996\" srcset=\"https:\/\/www.manaus.am.gov.br\/seminf\/wp-content\/uploads\/sites\/6\/2025\/12\/Pavimentacao-no-ramal-Santa-Cecilia-1024x683.jpg 1024w, https:\/\/www.manaus.am.gov.br\/seminf\/wp-content\/uploads\/sites\/6\/2025\/12\/Pavimentacao-no-ramal-Santa-Cecilia-300x200.jpg 300w, https:\/\/www.manaus.am.gov.br\/seminf\/wp-content\/uploads\/sites\/6\/2025\/12\/Pavimentacao-no-ramal-Santa-Cecilia-768x512.jpg 768w, https:\/\/www.manaus.am.gov.br\/seminf\/wp-content\/uploads\/sites\/6\/2025\/12\/Pavimentacao-no-ramal-Santa-Cecilia-1536x1024.jpg 1536w, https:\/\/www.manaus.am.gov.br\/seminf\/wp-content\/uploads\/sites\/6\/2025\/12\/Pavimentacao-no-ramal-Santa-Cecilia.jpg 2047w\" sizes=\"(max-width: 1024px) 100vw, 1024px\" \/><figcaption class=\"wp-element-caption\">#paratodosverem &#8211; Pavimenta\u00e7\u00e3o no ramal Santa Cec\u00edlia<\/figcaption><\/figure>\n\n\n\n<p>&#8212; &#8212; &#8212;<\/p>\n\n\n\n<p><strong>Texto<\/strong>&nbsp;&#8211; Eduarda Lira e Valesca Martins\/Seminf<\/p>\n\n\n\n<p><strong>Fotos &#8211;<\/strong> M\u00e1rcio Melo\/Seminf e Carlos Oliveira\/Vice-prefeito&nbsp;<\/p>\n\n\n\n<p><strong>Dispon\u00edveis em &#8211; <\/strong><a href=\"https:\/\/flic.kr\/s\/aHBqjCF31b\">https:\/\/flic.kr\/s\/aHBqjCF31b<\/a><\/p>\n","protected":false},"excerpt":{"rendered":"","protected":false},"author":39,"featured_media":7995,"comment_status":"closed","ping_status":"closed","sticky":false,"template":"","format":"standard","meta":{"footnotes":""},"categories":[3],"tags":[2928,2929,43,26,959],"acf":[],"yoast_head":"<!-- This site is optimized with the Yoast SEO plugin v23.0 - https:\/\/yoast.com\/wordpress\/plugins\/seo\/ -->\n<title>Zona Rural de Manaus 2025, pavimenta\u00e7\u00e3o em 20 ramais<\/title>\n<meta name=\"description\" content=\"Em 2025, Prefeitura de Manaus, por meio da Seminf, transforma a realidade da zona rural com pavimenta\u00e7\u00e3o em 20 ramais.\" \/>\n<meta name=\"robots\" content=\"index, follow, max-snippet:-1, max-image-preview:large, max-video-preview:-1\" \/>\n<link rel=\"canonical\" href=\"https:\/\/www.manaus.am.gov.br\/seminf\/zona-rural-pavimentacao-20-ramais\/\" \/>\n<meta property=\"og:locale\" content=\"pt_BR\" \/>\n<meta property=\"og:type\" content=\"article\" \/>\n<meta property=\"og:title\" content=\"Zona Rural de Manaus 2025, pavimenta\u00e7\u00e3o em 20 ramais\" \/>\n<meta property=\"og:description\" content=\"Em 2025, Prefeitura de Manaus, por meio da Seminf, transforma a realidade da zona rural com pavimenta\u00e7\u00e3o em 20 ramais.\" \/>\n<meta property=\"og:url\" content=\"https:\/\/www.manaus.am.gov.br\/seminf\/zona-rural-pavimentacao-20-ramais\/\" \/>\n<meta property=\"og:site_name\" content=\"SEMINF\" \/>\n<meta property=\"article:published_time\" content=\"2025-12-29T16:55:25+00:00\" \/>\n<meta property=\"article:modified_time\" content=\"2025-12-29T17:17:59+00:00\" \/>\n<meta property=\"og:image\" content=\"https:\/\/www.manaus.am.gov.br\/seminf\/wp-content\/uploads\/sites\/6\/2025\/12\/Pavimentacao-no-ramal-Bandeirantes.jpg\" \/>\n\t<meta property=\"og:image:width\" content=\"2048\" \/>\n\t<meta property=\"og:image:height\" content=\"1536\" \/>\n\t<meta property=\"og:image:type\" content=\"image\/jpeg\" \/>\n<meta name=\"author\" content=\"Bruna Greco\" \/>\n<meta name=\"twitter:card\" content=\"summary_large_image\" \/>\n<meta name=\"twitter:label1\" content=\"Written by\" \/>\n\t<meta name=\"twitter:data1\" content=\"Bruna Greco\" \/>\n\t<meta name=\"twitter:label2\" content=\"Est. reading time\" \/>\n\t<meta name=\"twitter:data2\" content=\"5 minutos\" \/>\n<script type=\"application\/ld+json\" class=\"yoast-schema-graph\">{\"@context\":\"https:\/\/schema.org\",\"@graph\":[{\"@type\":\"WebPage\",\"@id\":\"https:\/\/www.manaus.am.gov.br\/seminf\/zona-rural-pavimentacao-20-ramais\/\",\"url\":\"https:\/\/www.manaus.am.gov.br\/seminf\/zona-rural-pavimentacao-20-ramais\/\",\"name\":\"Zona Rural de Manaus 2025, pavimenta\u00e7\u00e3o em 20 ramais\",\"isPartOf\":{\"@id\":\"https:\/\/www.manaus.am.gov.br\/seminf\/#website\"},\"primaryImageOfPage\":{\"@id\":\"https:\/\/www.manaus.am.gov.br\/seminf\/zona-rural-pavimentacao-20-ramais\/#primaryimage\"},\"image\":{\"@id\":\"https:\/\/www.manaus.am.gov.br\/seminf\/zona-rural-pavimentacao-20-ramais\/#primaryimage\"},\"thumbnailUrl\":\"https:\/\/www.manaus.am.gov.br\/seminf\/wp-content\/uploads\/sites\/6\/2025\/12\/Pavimentacao-no-ramal-Bandeirantes.jpg\",\"datePublished\":\"2025-12-29T16:55:25+00:00\",\"dateModified\":\"2025-12-29T17:17:59+00:00\",\"author\":{\"@id\":\"https:\/\/www.manaus.am.gov.br\/seminf\/#\/schema\/person\/05d223aea2bf115f9883a6ff3683d81b\"},\"description\":\"Em 2025, Prefeitura de Manaus, por meio da Seminf, transforma a realidade da zona rural com pavimenta\u00e7\u00e3o em 20 ramais.\",\"inLanguage\":\"pt-BR\",\"potentialAction\":[{\"@type\":\"ReadAction\",\"target\":[\"https:\/\/www.manaus.am.gov.br\/seminf\/zona-rural-pavimentacao-20-ramais\/\"]}]},{\"@type\":\"ImageObject\",\"inLanguage\":\"pt-BR\",\"@id\":\"https:\/\/www.manaus.am.gov.br\/seminf\/zona-rural-pavimentacao-20-ramais\/#primaryimage\",\"url\":\"https:\/\/www.manaus.am.gov.br\/seminf\/wp-content\/uploads\/sites\/6\/2025\/12\/Pavimentacao-no-ramal-Bandeirantes.jpg\",\"contentUrl\":\"https:\/\/www.manaus.am.gov.br\/seminf\/wp-content\/uploads\/sites\/6\/2025\/12\/Pavimentacao-no-ramal-Bandeirantes.jpg\",\"width\":2048,\"height\":1536,\"caption\":\"#paratodosverem - Imagem a\u00e9rea do ramal Bandeirantes totalmente pavimentado pela Seminf\"},{\"@type\":\"WebSite\",\"@id\":\"https:\/\/www.manaus.am.gov.br\/seminf\/#website\",\"url\":\"https:\/\/www.manaus.am.gov.br\/seminf\/\",\"name\":\"Secretaria de Infraestrutura\",\"description\":\"Secretaria Municipal de Infraestrutura\",\"potentialAction\":[{\"@type\":\"SearchAction\",\"target\":{\"@type\":\"EntryPoint\",\"urlTemplate\":\"https:\/\/www.manaus.am.gov.br\/seminf\/?s={search_term_string}\"},\"query-input\":\"required name=search_term_string\"}],\"inLanguage\":\"pt-BR\"},{\"@type\":\"Person\",\"@id\":\"https:\/\/www.manaus.am.gov.br\/seminf\/#\/schema\/person\/05d223aea2bf115f9883a6ff3683d81b\",\"name\":\"Bruna Greco\",\"image\":{\"@type\":\"ImageObject\",\"inLanguage\":\"pt-BR\",\"@id\":\"https:\/\/www.manaus.am.gov.br\/seminf\/#\/schema\/person\/image\/\",\"url\":\"https:\/\/secure.gravatar.com\/avatar\/9c877d1a6adc2a055330e5c09a8653ce?s=96&d=mm&r=g\",\"contentUrl\":\"https:\/\/secure.gravatar.com\/avatar\/9c877d1a6adc2a055330e5c09a8653ce?s=96&d=mm&r=g\",\"caption\":\"Bruna Greco\"}}]}<\/script>\n<!-- \/ Yoast SEO plugin. -->","yoast_head_json":{"title":"Zona Rural de Manaus 2025, pavimenta\u00e7\u00e3o em 20 ramais","description":"Em 2025, Prefeitura de Manaus, por meio da Seminf, transforma a realidade da zona rural com pavimenta\u00e7\u00e3o em 20 ramais.","robots":{"index":"index","follow":"follow","max-snippet":"max-snippet:-1","max-image-preview":"max-image-preview:large","max-video-preview":"max-video-preview:-1"},"canonical":"https:\/\/www.manaus.am.gov.br\/seminf\/zona-rural-pavimentacao-20-ramais\/","og_locale":"pt_BR","og_type":"article","og_title":"Zona Rural de Manaus 2025, pavimenta\u00e7\u00e3o em 20 ramais","og_description":"Em 2025, Prefeitura de Manaus, por meio da Seminf, transforma a realidade da zona rural com pavimenta\u00e7\u00e3o em 20 ramais.","og_url":"https:\/\/www.manaus.am.gov.br\/seminf\/zona-rural-pavimentacao-20-ramais\/","og_site_name":"SEMINF","article_published_time":"2025-12-29T16:55:25+00:00","article_modified_time":"2025-12-29T17:17:59+00:00","og_image":[{"width":2048,"height":1536,"url":"https:\/\/www.manaus.am.gov.br\/seminf\/wp-content\/uploads\/sites\/6\/2025\/12\/Pavimentacao-no-ramal-Bandeirantes.jpg","type":"image\/jpeg"}],"author":"Bruna Greco","twitter_card":"summary_large_image","twitter_misc":{"Written by":"Bruna Greco","Est. reading time":"5 minutos"},"schema":{"@context":"https:\/\/schema.org","@graph":[{"@type":"WebPage","@id":"https:\/\/www.manaus.am.gov.br\/seminf\/zona-rural-pavimentacao-20-ramais\/","url":"https:\/\/www.manaus.am.gov.br\/seminf\/zona-rural-pavimentacao-20-ramais\/","name":"Zona Rural de Manaus 2025, pavimenta\u00e7\u00e3o em 20 ramais","isPartOf":{"@id":"https:\/\/www.manaus.am.gov.br\/seminf\/#website"},"primaryImageOfPage":{"@id":"https:\/\/www.manaus.am.gov.br\/seminf\/zona-rural-pavimentacao-20-ramais\/#primaryimage"},"image":{"@id":"https:\/\/www.manaus.am.gov.br\/seminf\/zona-rural-pavimentacao-20-ramais\/#primaryimage"},"thumbnailUrl":"https:\/\/www.manaus.am.gov.br\/seminf\/wp-content\/uploads\/sites\/6\/2025\/12\/Pavimentacao-no-ramal-Bandeirantes.jpg","datePublished":"2025-12-29T16:55:25+00:00","dateModified":"2025-12-29T17:17:59+00:00","author":{"@id":"https:\/\/www.manaus.am.gov.br\/seminf\/#\/schema\/person\/05d223aea2bf115f9883a6ff3683d81b"},"description":"Em 2025, Prefeitura de Manaus, por meio da Seminf, transforma a realidade da zona rural com pavimenta\u00e7\u00e3o em 20 ramais.","inLanguage":"pt-BR","potentialAction":[{"@type":"ReadAction","target":["https:\/\/www.manaus.am.gov.br\/seminf\/zona-rural-pavimentacao-20-ramais\/"]}]},{"@type":"ImageObject","inLanguage":"pt-BR","@id":"https:\/\/www.manaus.am.gov.br\/seminf\/zona-rural-pavimentacao-20-ramais\/#primaryimage","url":"https:\/\/www.manaus.am.gov.br\/seminf\/wp-content\/uploads\/sites\/6\/2025\/12\/Pavimentacao-no-ramal-Bandeirantes.jpg","contentUrl":"https:\/\/www.manaus.am.gov.br\/seminf\/wp-content\/uploads\/sites\/6\/2025\/12\/Pavimentacao-no-ramal-Bandeirantes.jpg","width":2048,"height":1536,"caption":"#paratodosverem - Imagem a\u00e9rea do ramal Bandeirantes totalmente pavimentado pela Seminf"},{"@type":"WebSite","@id":"https:\/\/www.manaus.am.gov.br\/seminf\/#website","url":"https:\/\/www.manaus.am.gov.br\/seminf\/","name":"Secretaria de Infraestrutura","description":"Secretaria Municipal de Infraestrutura","potentialAction":[{"@type":"SearchAction","target":{"@type":"EntryPoint","urlTemplate":"https:\/\/www.manaus.am.gov.br\/seminf\/?s={search_term_string}"},"query-input":"required name=search_term_string"}],"inLanguage":"pt-BR"},{"@type":"Person","@id":"https:\/\/www.manaus.am.gov.br\/seminf\/#\/schema\/person\/05d223aea2bf115f9883a6ff3683d81b","name":"Bruna Greco","image":{"@type":"ImageObject","inLanguage":"pt-BR","@id":"https:\/\/www.manaus.am.gov.br\/seminf\/#\/schema\/person\/image\/","url":"https:\/\/secure.gravatar.com\/avatar\/9c877d1a6adc2a055330e5c09a8653ce?s=96&d=mm&r=g","contentUrl":"https:\/\/secure.gravatar.com\/avatar\/9c877d1a6adc2a055330e5c09a8653ce?s=96&d=mm&r=g","caption":"Bruna Greco"}}]}},"_links":{"self":[{"href":"https:\/\/www.manaus.am.gov.br\/seminf\/wp-json\/wp\/v2\/posts\/7994"}],"collection":[{"href":"https:\/\/www.manaus.am.gov.br\/seminf\/wp-json\/wp\/v2\/posts"}],"about":[{"href":"https:\/\/www.manaus.am.gov.br\/seminf\/wp-json\/wp\/v2\/types\/post"}],"author":[{"embeddable":true,"href":"https:\/\/www.manaus.am.gov.br\/seminf\/wp-json\/wp\/v2\/users\/39"}],"replies":[{"embeddable":true,"href":"https:\/\/www.manaus.am.gov.br\/seminf\/wp-json\/wp\/v2\/comments?post=7994"}],"version-history":[{"count":3,"href":"https:\/\/www.manaus.am.gov.br\/seminf\/wp-json\/wp\/v2\/posts\/7994\/revisions"}],"predecessor-version":[{"id":7999,"href":"https:\/\/www.manaus.am.gov.br\/seminf\/wp-json\/wp\/v2\/posts\/7994\/revisions\/7999"}],"wp:featuredmedia":[{"embeddable":true,"href":"https:\/\/www.manaus.am.gov.br\/seminf\/wp-json\/wp\/v2\/media\/7995"}],"wp:attachment":[{"href":"https:\/\/www.manaus.am.gov.br\/seminf\/wp-json\/wp\/v2\/media?parent=7994"}],"wp:term":[{"taxonomy":"category","embeddable":true,"href":"https:\/\/www.manaus.am.gov.br\/seminf\/wp-json\/wp\/v2\/categories?post=7994"},{"taxonomy":"post_tag","embeddable":true,"href":"https:\/\/www.manaus.am.gov.br\/seminf\/wp-json\/wp\/v2\/tags?post=7994"}],"curies":[{"name":"wp","href":"https:\/\/api.w.org\/{rel}","templated":true}]}}