{"id":7991,"date":"2025-12-26T17:58:29","date_gmt":"2025-12-26T21:58:29","guid":{"rendered":"https:\/\/www.manaus.am.gov.br\/seminf\/escoamento-de-aguas-pluviais\/"},"modified":"2025-12-26T17:58:30","modified_gmt":"2025-12-26T21:58:30","slug":"escoamento-de-aguas-pluviais","status":"publish","type":"post","link":"https:\/\/www.manaus.am.gov.br\/seminf\/escoamento-de-aguas-pluviais\/","title":{"rendered":"Prefeitura de Manaus realiza a\u00e7\u00e3o que promove melhor escoamento de \u00e1guas pluviais"},"content":{"rendered":"\n<p>Com uma obra intensiva de recupera\u00e7\u00e3o do sistema de drenagem superficial da avenida Padre Agostinho Caballero Martin, no bairro Santo Ant\u00f4nio, zona Oeste da cidade, a <a href=\"https:\/\/www.instagram.com\/prefeiturademanaus\/\">Prefeitura de Manaus<\/a>, por meio da <a href=\"https:\/\/www.manaus.am.gov.br\/seminf\/\">Secretaria Municipal de Infraestrutura (Seminf)<\/a> em conjunto com a Secretaria Municipal de Limpeza Urbana (Semulsp), realizou a manuten\u00e7\u00e3o de cal\u00e7ada, sarjeta e meio-fio em um trecho de 40 metros de extens\u00e3o. A a\u00e7\u00e3o garante o melhor escoamento das \u00e1guas pluviais e co\u00edbe o mau h\u00e1bito de parte da popula\u00e7\u00e3o da \u00e1rea de descartar lixo de forma irregular.<\/p>\n\n\n\n<p>Antes da interven\u00e7\u00e3o, o local era utilizado como uma lixeira irregular, com res\u00edduos e entulhos que comprometiam a drenagem e a qualidade de vida dos moradores. Com a obra, a Seminf, em parceria com a Semulsp, busca n\u00e3o apenas melhorar a infraestrutura da cidade, mas tamb\u00e9m conscientizar a popula\u00e7\u00e3o sobre a import\u00e2ncia da preserva\u00e7\u00e3o do meio ambiente e da manuten\u00e7\u00e3o da limpeza das \u00e1reas p\u00fablicas.<\/p>\n\n\n\n<p>&#8220;A recupera\u00e7\u00e3o do sistema de drenagem superficial \u00e9 fundamental para garantir a seguran\u00e7a e a mobilidade dos cidad\u00e3os. Al\u00e9m disso, queremos conscientizar a popula\u00e7\u00e3o sobre a import\u00e2ncia de n\u00e3o jogar lixo nas ruas e de preservar o meio ambiente, porque o descarte irregular compromete os nossos sistemas de infraestrutura. Eu sonho com o dia em que todos ter\u00e3o a mesma consci\u00eancia quanto \u00e0 preserva\u00e7\u00e3o da nossa cidade. Mas, na gest\u00e3o do nosso prefeito David Almeida, n\u00f3s trabalhamos com garra e fazemos nossa parte com celeridade e efici\u00eancia\u201d, destacou o vice-prefeito e secret\u00e1rio de Obras, Renato Junior.<\/p>\n\n\n\n<p>&#8212; &#8212; &#8212;<\/p>\n\n\n\n<p><strong>Texto &#8211;<\/strong> Maria Amed \/ Seminf<\/p>\n\n\n\n<p><strong>Fotos &#8211;<\/strong> Divulga\u00e7\u00e3o \/ Seminf<\/p>\n","protected":false},"excerpt":{"rendered":"","protected":false},"author":57,"featured_media":7992,"comment_status":"closed","ping_status":"closed","sticky":false,"template":"","format":"standard","meta":{"footnotes":""},"categories":[4],"tags":[1427,43,113],"acf":[],"yoast_head":"<!-- This site is optimized with the Yoast SEO plugin v23.0 - https:\/\/yoast.com\/wordpress\/plugins\/seo\/ -->\n<title>PMM realiza a\u00e7\u00e3o que promove escoamento de \u00e1guas pluviais<\/title>\n<meta name=\"description\" content=\"A a\u00e7\u00e3o garante o melhor escoamento das \u00e1guas pluviais e co\u00edbe o mau h\u00e1bito de parte da popula\u00e7\u00e3o de descartar lixo de forma irregular.\" \/>\n<meta name=\"robots\" content=\"index, follow, max-snippet:-1, max-image-preview:large, max-video-preview:-1\" \/>\n<link rel=\"canonical\" href=\"https:\/\/www.manaus.am.gov.br\/seminf\/escoamento-de-aguas-pluviais\/\" \/>\n<meta property=\"og:locale\" content=\"pt_BR\" \/>\n<meta property=\"og:type\" content=\"article\" \/>\n<meta property=\"og:title\" content=\"PMM realiza a\u00e7\u00e3o que promove escoamento de \u00e1guas pluviais\" \/>\n<meta property=\"og:description\" content=\"A a\u00e7\u00e3o garante o melhor escoamento das \u00e1guas pluviais e co\u00edbe o mau h\u00e1bito de parte da popula\u00e7\u00e3o de descartar lixo de forma irregular.\" \/>\n<meta property=\"og:url\" content=\"https:\/\/www.manaus.am.gov.br\/seminf\/escoamento-de-aguas-pluviais\/\" \/>\n<meta property=\"og:site_name\" content=\"SEMINF\" \/>\n<meta property=\"article:published_time\" content=\"2025-12-26T21:58:29+00:00\" \/>\n<meta property=\"article:modified_time\" content=\"2025-12-26T21:58:30+00:00\" \/>\n<meta property=\"og:image\" content=\"https:\/\/www.manaus.am.gov.br\/seminf\/wp-content\/uploads\/sites\/6\/2025\/12\/escoamento-de-aguas-pluviais-2.jpg\" \/>\n\t<meta property=\"og:image:width\" content=\"1600\" \/>\n\t<meta property=\"og:image:height\" content=\"1200\" \/>\n\t<meta property=\"og:image:type\" content=\"image\/jpeg\" \/>\n<meta name=\"author\" content=\"Thiago Fernando\" \/>\n<meta name=\"twitter:card\" content=\"summary_large_image\" \/>\n<meta name=\"twitter:label1\" content=\"Written by\" \/>\n\t<meta name=\"twitter:data1\" content=\"Thiago Fernando\" \/>\n\t<meta name=\"twitter:label2\" content=\"Est. reading time\" \/>\n\t<meta name=\"twitter:data2\" content=\"2 minutos\" \/>\n<script type=\"application\/ld+json\" class=\"yoast-schema-graph\">{\"@context\":\"https:\/\/schema.org\",\"@graph\":[{\"@type\":\"WebPage\",\"@id\":\"https:\/\/www.manaus.am.gov.br\/seminf\/escoamento-de-aguas-pluviais\/\",\"url\":\"https:\/\/www.manaus.am.gov.br\/seminf\/escoamento-de-aguas-pluviais\/\",\"name\":\"PMM realiza a\u00e7\u00e3o que promove escoamento de \u00e1guas pluviais\",\"isPartOf\":{\"@id\":\"https:\/\/www.manaus.am.gov.br\/seminf\/#website\"},\"primaryImageOfPage\":{\"@id\":\"https:\/\/www.manaus.am.gov.br\/seminf\/escoamento-de-aguas-pluviais\/#primaryimage\"},\"image\":{\"@id\":\"https:\/\/www.manaus.am.gov.br\/seminf\/escoamento-de-aguas-pluviais\/#primaryimage\"},\"thumbnailUrl\":\"https:\/\/www.manaus.am.gov.br\/seminf\/wp-content\/uploads\/sites\/6\/2025\/12\/escoamento-de-aguas-pluviais-2.jpg\",\"datePublished\":\"2025-12-26T21:58:29+00:00\",\"dateModified\":\"2025-12-26T21:58:30+00:00\",\"author\":{\"@id\":\"https:\/\/www.manaus.am.gov.br\/seminf\/#\/schema\/person\/a5ee5376db6e21af026374b369f30882\"},\"description\":\"A a\u00e7\u00e3o garante o melhor escoamento das \u00e1guas pluviais e co\u00edbe o mau h\u00e1bito de parte da popula\u00e7\u00e3o de descartar lixo de forma irregular.\",\"inLanguage\":\"pt-BR\",\"potentialAction\":[{\"@type\":\"ReadAction\",\"target\":[\"https:\/\/www.manaus.am.gov.br\/seminf\/escoamento-de-aguas-pluviais\/\"]}]},{\"@type\":\"ImageObject\",\"inLanguage\":\"pt-BR\",\"@id\":\"https:\/\/www.manaus.am.gov.br\/seminf\/escoamento-de-aguas-pluviais\/#primaryimage\",\"url\":\"https:\/\/www.manaus.am.gov.br\/seminf\/wp-content\/uploads\/sites\/6\/2025\/12\/escoamento-de-aguas-pluviais-2.jpg\",\"contentUrl\":\"https:\/\/www.manaus.am.gov.br\/seminf\/wp-content\/uploads\/sites\/6\/2025\/12\/escoamento-de-aguas-pluviais-2.jpg\",\"width\":1600,\"height\":1200,\"caption\":\"#paratodosverem - Servidores da Seminf trabalhando na obra\"},{\"@type\":\"WebSite\",\"@id\":\"https:\/\/www.manaus.am.gov.br\/seminf\/#website\",\"url\":\"https:\/\/www.manaus.am.gov.br\/seminf\/\",\"name\":\"Secretaria de Infraestrutura\",\"description\":\"Secretaria Municipal de Infraestrutura\",\"potentialAction\":[{\"@type\":\"SearchAction\",\"target\":{\"@type\":\"EntryPoint\",\"urlTemplate\":\"https:\/\/www.manaus.am.gov.br\/seminf\/?s={search_term_string}\"},\"query-input\":\"required name=search_term_string\"}],\"inLanguage\":\"pt-BR\"},{\"@type\":\"Person\",\"@id\":\"https:\/\/www.manaus.am.gov.br\/seminf\/#\/schema\/person\/a5ee5376db6e21af026374b369f30882\",\"name\":\"Thiago Fernando\",\"image\":{\"@type\":\"ImageObject\",\"inLanguage\":\"pt-BR\",\"@id\":\"https:\/\/www.manaus.am.gov.br\/seminf\/#\/schema\/person\/image\/\",\"url\":\"https:\/\/secure.gravatar.com\/avatar\/f5aab8722444041451501c077052ac07?s=96&d=mm&r=g\",\"contentUrl\":\"https:\/\/secure.gravatar.com\/avatar\/f5aab8722444041451501c077052ac07?s=96&d=mm&r=g\",\"caption\":\"Thiago Fernando\"}}]}<\/script>\n<!-- \/ Yoast SEO plugin. -->","yoast_head_json":{"title":"PMM realiza a\u00e7\u00e3o que promove escoamento de \u00e1guas pluviais","description":"A a\u00e7\u00e3o garante o melhor escoamento das \u00e1guas pluviais e co\u00edbe o mau h\u00e1bito de parte da popula\u00e7\u00e3o de descartar lixo de forma irregular.","robots":{"index":"index","follow":"follow","max-snippet":"max-snippet:-1","max-image-preview":"max-image-preview:large","max-video-preview":"max-video-preview:-1"},"canonical":"https:\/\/www.manaus.am.gov.br\/seminf\/escoamento-de-aguas-pluviais\/","og_locale":"pt_BR","og_type":"article","og_title":"PMM realiza a\u00e7\u00e3o que promove escoamento de \u00e1guas pluviais","og_description":"A a\u00e7\u00e3o garante o melhor escoamento das \u00e1guas pluviais e co\u00edbe o mau h\u00e1bito de parte da popula\u00e7\u00e3o de descartar lixo de forma irregular.","og_url":"https:\/\/www.manaus.am.gov.br\/seminf\/escoamento-de-aguas-pluviais\/","og_site_name":"SEMINF","article_published_time":"2025-12-26T21:58:29+00:00","article_modified_time":"2025-12-26T21:58:30+00:00","og_image":[{"width":1600,"height":1200,"url":"https:\/\/www.manaus.am.gov.br\/seminf\/wp-content\/uploads\/sites\/6\/2025\/12\/escoamento-de-aguas-pluviais-2.jpg","type":"image\/jpeg"}],"author":"Thiago Fernando","twitter_card":"summary_large_image","twitter_misc":{"Written by":"Thiago Fernando","Est. reading time":"2 minutos"},"schema":{"@context":"https:\/\/schema.org","@graph":[{"@type":"WebPage","@id":"https:\/\/www.manaus.am.gov.br\/seminf\/escoamento-de-aguas-pluviais\/","url":"https:\/\/www.manaus.am.gov.br\/seminf\/escoamento-de-aguas-pluviais\/","name":"PMM realiza a\u00e7\u00e3o que promove escoamento de \u00e1guas pluviais","isPartOf":{"@id":"https:\/\/www.manaus.am.gov.br\/seminf\/#website"},"primaryImageOfPage":{"@id":"https:\/\/www.manaus.am.gov.br\/seminf\/escoamento-de-aguas-pluviais\/#primaryimage"},"image":{"@id":"https:\/\/www.manaus.am.gov.br\/seminf\/escoamento-de-aguas-pluviais\/#primaryimage"},"thumbnailUrl":"https:\/\/www.manaus.am.gov.br\/seminf\/wp-content\/uploads\/sites\/6\/2025\/12\/escoamento-de-aguas-pluviais-2.jpg","datePublished":"2025-12-26T21:58:29+00:00","dateModified":"2025-12-26T21:58:30+00:00","author":{"@id":"https:\/\/www.manaus.am.gov.br\/seminf\/#\/schema\/person\/a5ee5376db6e21af026374b369f30882"},"description":"A a\u00e7\u00e3o garante o melhor escoamento das \u00e1guas pluviais e co\u00edbe o mau h\u00e1bito de parte da popula\u00e7\u00e3o de descartar lixo de forma irregular.","inLanguage":"pt-BR","potentialAction":[{"@type":"ReadAction","target":["https:\/\/www.manaus.am.gov.br\/seminf\/escoamento-de-aguas-pluviais\/"]}]},{"@type":"ImageObject","inLanguage":"pt-BR","@id":"https:\/\/www.manaus.am.gov.br\/seminf\/escoamento-de-aguas-pluviais\/#primaryimage","url":"https:\/\/www.manaus.am.gov.br\/seminf\/wp-content\/uploads\/sites\/6\/2025\/12\/escoamento-de-aguas-pluviais-2.jpg","contentUrl":"https:\/\/www.manaus.am.gov.br\/seminf\/wp-content\/uploads\/sites\/6\/2025\/12\/escoamento-de-aguas-pluviais-2.jpg","width":1600,"height":1200,"caption":"#paratodosverem - Servidores da Seminf trabalhando na obra"},{"@type":"WebSite","@id":"https:\/\/www.manaus.am.gov.br\/seminf\/#website","url":"https:\/\/www.manaus.am.gov.br\/seminf\/","name":"Secretaria de Infraestrutura","description":"Secretaria Municipal de Infraestrutura","potentialAction":[{"@type":"SearchAction","target":{"@type":"EntryPoint","urlTemplate":"https:\/\/www.manaus.am.gov.br\/seminf\/?s={search_term_string}"},"query-input":"required name=search_term_string"}],"inLanguage":"pt-BR"},{"@type":"Person","@id":"https:\/\/www.manaus.am.gov.br\/seminf\/#\/schema\/person\/a5ee5376db6e21af026374b369f30882","name":"Thiago Fernando","image":{"@type":"ImageObject","inLanguage":"pt-BR","@id":"https:\/\/www.manaus.am.gov.br\/seminf\/#\/schema\/person\/image\/","url":"https:\/\/secure.gravatar.com\/avatar\/f5aab8722444041451501c077052ac07?s=96&d=mm&r=g","contentUrl":"https:\/\/secure.gravatar.com\/avatar\/f5aab8722444041451501c077052ac07?s=96&d=mm&r=g","caption":"Thiago Fernando"}}]}},"_links":{"self":[{"href":"https:\/\/www.manaus.am.gov.br\/seminf\/wp-json\/wp\/v2\/posts\/7991"}],"collection":[{"href":"https:\/\/www.manaus.am.gov.br\/seminf\/wp-json\/wp\/v2\/posts"}],"about":[{"href":"https:\/\/www.manaus.am.gov.br\/seminf\/wp-json\/wp\/v2\/types\/post"}],"author":[{"embeddable":true,"href":"https:\/\/www.manaus.am.gov.br\/seminf\/wp-json\/wp\/v2\/users\/57"}],"replies":[{"embeddable":true,"href":"https:\/\/www.manaus.am.gov.br\/seminf\/wp-json\/wp\/v2\/comments?post=7991"}],"version-history":[{"count":0,"href":"https:\/\/www.manaus.am.gov.br\/seminf\/wp-json\/wp\/v2\/posts\/7991\/revisions"}],"wp:featuredmedia":[{"embeddable":true,"href":"https:\/\/www.manaus.am.gov.br\/seminf\/wp-json\/wp\/v2\/media\/7992"}],"wp:attachment":[{"href":"https:\/\/www.manaus.am.gov.br\/seminf\/wp-json\/wp\/v2\/media?parent=7991"}],"wp:term":[{"taxonomy":"category","embeddable":true,"href":"https:\/\/www.manaus.am.gov.br\/seminf\/wp-json\/wp\/v2\/categories?post=7991"},{"taxonomy":"post_tag","embeddable":true,"href":"https:\/\/www.manaus.am.gov.br\/seminf\/wp-json\/wp\/v2\/tags?post=7991"}],"curies":[{"name":"wp","href":"https:\/\/api.w.org\/{rel}","templated":true}]}}