{"id":7979,"date":"2025-12-23T15:19:45","date_gmt":"2025-12-23T19:19:45","guid":{"rendered":"https:\/\/www.manaus.am.gov.br\/seminf\/intervencao-rede-drenagem-rua-rio-ica\/"},"modified":"2025-12-23T15:42:51","modified_gmt":"2025-12-23T19:42:51","slug":"vieiralves-intervencao-rede-drenagem-rua-rio-ica","status":"publish","type":"post","link":"https:\/\/www.manaus.am.gov.br\/seminf\/vieiralves-intervencao-rede-drenagem-rua-rio-ica\/","title":{"rendered":"Prefeitura realiza nova interven\u00e7\u00e3o na melhoria do sistema de rede drenagem em via do Vieiralves"},"content":{"rendered":"\n<p>A <a href=\"https:\/\/www.manaus.am.gov.br\">Prefeitura de Manaus<\/a>, por meio da <a href=\"https:\/\/www.cmm.am.gov.br\/transparencia\/tag\/seminf-secretaria-municipal-de-infraestrutura\/\">Secretaria Municipal de Infraestrutura<\/a> (Seminf), segue, nesta ter\u00e7a-feira, 23\/12, intensificando os trabalhos de manuten\u00e7\u00e3o nas redes de drenagem profunda da cidade. As a\u00e7\u00f5es fazem parte do planejamento cont\u00ednuo de obras, com foco na preven\u00e7\u00e3o de alagamentos e na melhoria das condi\u00e7\u00f5es da rua Rio I\u00e7\u00e1, no conjunto Vieiralves, no bairro Nossa Senhora das Gra\u00e7as, zona Centro-Sul.<\/p>\n\n\n\n<p>Uma frente de obra est\u00e1 atuando na via, executando servi\u00e7os essenciais para garantir o correto escoamento das \u00e1guas pluviais&nbsp;para que n\u00e3o haja fuga de material.<\/p>\n\n\n\n<p>\u201cO trabalho das equipes dos Distritos de Obras busca fortalecer a rede existente e aumentar sua efici\u00eancia, especialmente nesses per\u00edodos de chuva. Estamos presentes por todas as zonas, conforme determina o nosso prefeito David Almeida, que age de forma din\u00e2mica, c\u00e9lere e comprometida com a cidade de Manaus\u201d, afirma o vice-prefeito e secret\u00e1rio de Obras, Renato Junior.<\/p>\n\n\n\n<p>Os servi\u00e7os de drenagem profunda s\u00e3o fundamentais para preservar o pavimento, evitar transtornos \u00e0 popula\u00e7\u00e3o e promover mais seguran\u00e7a para motoristas e pedestres. Al\u00e9m disso, essas manuten\u00e7\u00f5es contribuem diretamente para a qualidade de vida dos moradores da regi\u00e3o atendida.<\/p>\n\n\n\n<p>\u201cO Vieiralves faz parte de um bairro muito importante, com muitos pontos comerciais. A gente sempre vem se consultar nesta \u00e1rea, e \u00e9 \u00f3timo ver a \u00e1rea urbanizada, com obras de asfalto, drenagem e ilumina\u00e7\u00e3o, assim podemos trafegar bem\u201d, disse o industri\u00e1rio Francisco Freire, de 60 anos.<\/p>\n\n\n\n<figure class=\"wp-block-image size-large\"><img loading=\"lazy\" decoding=\"async\" width=\"1024\" height=\"768\" src=\"https:\/\/www.manaus.am.gov.br\/seminf\/wp-content\/uploads\/sites\/6\/2025\/12\/WhatsApp-Image-2025-12-23-at-15.16.54-2-1024x768.jpeg\" alt=\"\" class=\"wp-image-7981\" srcset=\"https:\/\/www.manaus.am.gov.br\/seminf\/wp-content\/uploads\/sites\/6\/2025\/12\/WhatsApp-Image-2025-12-23-at-15.16.54-2-1024x768.jpeg 1024w, https:\/\/www.manaus.am.gov.br\/seminf\/wp-content\/uploads\/sites\/6\/2025\/12\/WhatsApp-Image-2025-12-23-at-15.16.54-2-300x225.jpeg 300w, https:\/\/www.manaus.am.gov.br\/seminf\/wp-content\/uploads\/sites\/6\/2025\/12\/WhatsApp-Image-2025-12-23-at-15.16.54-2-768x576.jpeg 768w, https:\/\/www.manaus.am.gov.br\/seminf\/wp-content\/uploads\/sites\/6\/2025\/12\/WhatsApp-Image-2025-12-23-at-15.16.54-2-1536x1152.jpeg 1536w, https:\/\/www.manaus.am.gov.br\/seminf\/wp-content\/uploads\/sites\/6\/2025\/12\/WhatsApp-Image-2025-12-23-at-15.16.54-2-2048x1536.jpeg 2048w\" sizes=\"(max-width: 1024px) 100vw, 1024px\" \/><figcaption class=\"wp-element-caption\">#paratodosverem &#8211; Obra em via p\u00fablica<\/figcaption><\/figure>\n\n\n\n<p>&#8212; &#8212; &#8212;<\/p>\n\n\n\n<p><strong>Texto &#8211;<\/strong> Rayana Coutinho\/Seminf&nbsp;<\/p>\n\n\n\n<p><strong>Fotos &#8211;<\/strong> Eduarda Lira\/Seminf&nbsp;<\/p>\n","protected":false},"excerpt":{"rendered":"","protected":false},"author":39,"featured_media":7980,"comment_status":"closed","ping_status":"closed","sticky":false,"template":"","format":"standard","meta":{"footnotes":""},"categories":[8],"tags":[2925,43,2926],"acf":[],"yoast_head":"<!-- This site is optimized with the Yoast SEO plugin v23.0 - https:\/\/yoast.com\/wordpress\/plugins\/seo\/ -->\n<title>Vieiralves: Nova interven\u00e7\u00e3o do sistema de rede drenagem<\/title>\n<meta name=\"description\" content=\"Prefeitura de Manaus realiza nova interven\u00e7\u00e3o na melhoria do sistema de rede drenagem em via do Vieiralves.\" \/>\n<meta name=\"robots\" content=\"index, follow, max-snippet:-1, max-image-preview:large, max-video-preview:-1\" \/>\n<link rel=\"canonical\" href=\"https:\/\/www.manaus.am.gov.br\/seminf\/vieiralves-intervencao-rede-drenagem-rua-rio-ica\/\" \/>\n<meta property=\"og:locale\" content=\"pt_BR\" \/>\n<meta property=\"og:type\" content=\"article\" \/>\n<meta property=\"og:title\" content=\"Vieiralves: Nova interven\u00e7\u00e3o do sistema de rede drenagem\" \/>\n<meta property=\"og:description\" content=\"Prefeitura de Manaus realiza nova interven\u00e7\u00e3o na melhoria do sistema de rede drenagem em via do Vieiralves.\" \/>\n<meta property=\"og:url\" content=\"https:\/\/www.manaus.am.gov.br\/seminf\/vieiralves-intervencao-rede-drenagem-rua-rio-ica\/\" \/>\n<meta property=\"og:site_name\" content=\"SEMINF\" \/>\n<meta property=\"article:published_time\" content=\"2025-12-23T19:19:45+00:00\" \/>\n<meta property=\"article:modified_time\" content=\"2025-12-23T19:42:51+00:00\" \/>\n<meta property=\"og:image\" content=\"https:\/\/www.manaus.am.gov.br\/seminf\/wp-content\/uploads\/sites\/6\/2025\/12\/WhatsApp-Image-2025-12-23-at-15.16.54-1-1024x768.jpeg\" \/>\n\t<meta property=\"og:image:width\" content=\"1024\" \/>\n\t<meta property=\"og:image:height\" content=\"768\" \/>\n\t<meta property=\"og:image:type\" content=\"image\/jpeg\" \/>\n<meta name=\"author\" content=\"Bruna Greco\" \/>\n<meta name=\"twitter:card\" content=\"summary_large_image\" \/>\n<meta name=\"twitter:label1\" content=\"Written by\" \/>\n\t<meta name=\"twitter:data1\" content=\"Bruna Greco\" \/>\n\t<meta name=\"twitter:label2\" content=\"Est. reading time\" \/>\n\t<meta name=\"twitter:data2\" content=\"2 minutos\" \/>\n<script type=\"application\/ld+json\" class=\"yoast-schema-graph\">{\"@context\":\"https:\/\/schema.org\",\"@graph\":[{\"@type\":\"WebPage\",\"@id\":\"https:\/\/www.manaus.am.gov.br\/seminf\/vieiralves-intervencao-rede-drenagem-rua-rio-ica\/\",\"url\":\"https:\/\/www.manaus.am.gov.br\/seminf\/vieiralves-intervencao-rede-drenagem-rua-rio-ica\/\",\"name\":\"Vieiralves: Nova interven\u00e7\u00e3o do sistema de rede drenagem\",\"isPartOf\":{\"@id\":\"https:\/\/www.manaus.am.gov.br\/seminf\/#website\"},\"primaryImageOfPage\":{\"@id\":\"https:\/\/www.manaus.am.gov.br\/seminf\/vieiralves-intervencao-rede-drenagem-rua-rio-ica\/#primaryimage\"},\"image\":{\"@id\":\"https:\/\/www.manaus.am.gov.br\/seminf\/vieiralves-intervencao-rede-drenagem-rua-rio-ica\/#primaryimage\"},\"thumbnailUrl\":\"https:\/\/www.manaus.am.gov.br\/seminf\/wp-content\/uploads\/sites\/6\/2025\/12\/WhatsApp-Image-2025-12-23-at-15.16.54-1.jpeg\",\"datePublished\":\"2025-12-23T19:19:45+00:00\",\"dateModified\":\"2025-12-23T19:42:51+00:00\",\"author\":{\"@id\":\"https:\/\/www.manaus.am.gov.br\/seminf\/#\/schema\/person\/05d223aea2bf115f9883a6ff3683d81b\"},\"description\":\"Prefeitura de Manaus realiza nova interven\u00e7\u00e3o na melhoria do sistema de rede drenagem em via do Vieiralves.\",\"inLanguage\":\"pt-BR\",\"potentialAction\":[{\"@type\":\"ReadAction\",\"target\":[\"https:\/\/www.manaus.am.gov.br\/seminf\/vieiralves-intervencao-rede-drenagem-rua-rio-ica\/\"]}]},{\"@type\":\"ImageObject\",\"inLanguage\":\"pt-BR\",\"@id\":\"https:\/\/www.manaus.am.gov.br\/seminf\/vieiralves-intervencao-rede-drenagem-rua-rio-ica\/#primaryimage\",\"url\":\"https:\/\/www.manaus.am.gov.br\/seminf\/wp-content\/uploads\/sites\/6\/2025\/12\/WhatsApp-Image-2025-12-23-at-15.16.54-1.jpeg\",\"contentUrl\":\"https:\/\/www.manaus.am.gov.br\/seminf\/wp-content\/uploads\/sites\/6\/2025\/12\/WhatsApp-Image-2025-12-23-at-15.16.54-1.jpeg\",\"width\":2560,\"height\":1920,\"caption\":\"#paratodosverem - Equipe da Seminf realizando a recupera\u00e7\u00e3o do sistema de rede de drenagem da rua Rio I\u00e7\u00e1, no conjunto Vieiralves, no bairro Nossa Senhora das Gra\u00e7as\"},{\"@type\":\"WebSite\",\"@id\":\"https:\/\/www.manaus.am.gov.br\/seminf\/#website\",\"url\":\"https:\/\/www.manaus.am.gov.br\/seminf\/\",\"name\":\"Secretaria de Infraestrutura\",\"description\":\"Secretaria Municipal de Infraestrutura\",\"potentialAction\":[{\"@type\":\"SearchAction\",\"target\":{\"@type\":\"EntryPoint\",\"urlTemplate\":\"https:\/\/www.manaus.am.gov.br\/seminf\/?s={search_term_string}\"},\"query-input\":\"required name=search_term_string\"}],\"inLanguage\":\"pt-BR\"},{\"@type\":\"Person\",\"@id\":\"https:\/\/www.manaus.am.gov.br\/seminf\/#\/schema\/person\/05d223aea2bf115f9883a6ff3683d81b\",\"name\":\"Bruna Greco\",\"image\":{\"@type\":\"ImageObject\",\"inLanguage\":\"pt-BR\",\"@id\":\"https:\/\/www.manaus.am.gov.br\/seminf\/#\/schema\/person\/image\/\",\"url\":\"https:\/\/secure.gravatar.com\/avatar\/9c877d1a6adc2a055330e5c09a8653ce?s=96&d=mm&r=g\",\"contentUrl\":\"https:\/\/secure.gravatar.com\/avatar\/9c877d1a6adc2a055330e5c09a8653ce?s=96&d=mm&r=g\",\"caption\":\"Bruna Greco\"}}]}<\/script>\n<!-- \/ Yoast SEO plugin. -->","yoast_head_json":{"title":"Vieiralves: Nova interven\u00e7\u00e3o do sistema de rede drenagem","description":"Prefeitura de Manaus realiza nova interven\u00e7\u00e3o na melhoria do sistema de rede drenagem em via do Vieiralves.","robots":{"index":"index","follow":"follow","max-snippet":"max-snippet:-1","max-image-preview":"max-image-preview:large","max-video-preview":"max-video-preview:-1"},"canonical":"https:\/\/www.manaus.am.gov.br\/seminf\/vieiralves-intervencao-rede-drenagem-rua-rio-ica\/","og_locale":"pt_BR","og_type":"article","og_title":"Vieiralves: Nova interven\u00e7\u00e3o do sistema de rede drenagem","og_description":"Prefeitura de Manaus realiza nova interven\u00e7\u00e3o na melhoria do sistema de rede drenagem em via do Vieiralves.","og_url":"https:\/\/www.manaus.am.gov.br\/seminf\/vieiralves-intervencao-rede-drenagem-rua-rio-ica\/","og_site_name":"SEMINF","article_published_time":"2025-12-23T19:19:45+00:00","article_modified_time":"2025-12-23T19:42:51+00:00","og_image":[{"width":1024,"height":768,"url":"https:\/\/www.manaus.am.gov.br\/seminf\/wp-content\/uploads\/sites\/6\/2025\/12\/WhatsApp-Image-2025-12-23-at-15.16.54-1-1024x768.jpeg","type":"image\/jpeg"}],"author":"Bruna Greco","twitter_card":"summary_large_image","twitter_misc":{"Written by":"Bruna Greco","Est. reading time":"2 minutos"},"schema":{"@context":"https:\/\/schema.org","@graph":[{"@type":"WebPage","@id":"https:\/\/www.manaus.am.gov.br\/seminf\/vieiralves-intervencao-rede-drenagem-rua-rio-ica\/","url":"https:\/\/www.manaus.am.gov.br\/seminf\/vieiralves-intervencao-rede-drenagem-rua-rio-ica\/","name":"Vieiralves: Nova interven\u00e7\u00e3o do sistema de rede drenagem","isPartOf":{"@id":"https:\/\/www.manaus.am.gov.br\/seminf\/#website"},"primaryImageOfPage":{"@id":"https:\/\/www.manaus.am.gov.br\/seminf\/vieiralves-intervencao-rede-drenagem-rua-rio-ica\/#primaryimage"},"image":{"@id":"https:\/\/www.manaus.am.gov.br\/seminf\/vieiralves-intervencao-rede-drenagem-rua-rio-ica\/#primaryimage"},"thumbnailUrl":"https:\/\/www.manaus.am.gov.br\/seminf\/wp-content\/uploads\/sites\/6\/2025\/12\/WhatsApp-Image-2025-12-23-at-15.16.54-1.jpeg","datePublished":"2025-12-23T19:19:45+00:00","dateModified":"2025-12-23T19:42:51+00:00","author":{"@id":"https:\/\/www.manaus.am.gov.br\/seminf\/#\/schema\/person\/05d223aea2bf115f9883a6ff3683d81b"},"description":"Prefeitura de Manaus realiza nova interven\u00e7\u00e3o na melhoria do sistema de rede drenagem em via do Vieiralves.","inLanguage":"pt-BR","potentialAction":[{"@type":"ReadAction","target":["https:\/\/www.manaus.am.gov.br\/seminf\/vieiralves-intervencao-rede-drenagem-rua-rio-ica\/"]}]},{"@type":"ImageObject","inLanguage":"pt-BR","@id":"https:\/\/www.manaus.am.gov.br\/seminf\/vieiralves-intervencao-rede-drenagem-rua-rio-ica\/#primaryimage","url":"https:\/\/www.manaus.am.gov.br\/seminf\/wp-content\/uploads\/sites\/6\/2025\/12\/WhatsApp-Image-2025-12-23-at-15.16.54-1.jpeg","contentUrl":"https:\/\/www.manaus.am.gov.br\/seminf\/wp-content\/uploads\/sites\/6\/2025\/12\/WhatsApp-Image-2025-12-23-at-15.16.54-1.jpeg","width":2560,"height":1920,"caption":"#paratodosverem - Equipe da Seminf realizando a recupera\u00e7\u00e3o do sistema de rede de drenagem da rua Rio I\u00e7\u00e1, no conjunto Vieiralves, no bairro Nossa Senhora das Gra\u00e7as"},{"@type":"WebSite","@id":"https:\/\/www.manaus.am.gov.br\/seminf\/#website","url":"https:\/\/www.manaus.am.gov.br\/seminf\/","name":"Secretaria de Infraestrutura","description":"Secretaria Municipal de Infraestrutura","potentialAction":[{"@type":"SearchAction","target":{"@type":"EntryPoint","urlTemplate":"https:\/\/www.manaus.am.gov.br\/seminf\/?s={search_term_string}"},"query-input":"required name=search_term_string"}],"inLanguage":"pt-BR"},{"@type":"Person","@id":"https:\/\/www.manaus.am.gov.br\/seminf\/#\/schema\/person\/05d223aea2bf115f9883a6ff3683d81b","name":"Bruna Greco","image":{"@type":"ImageObject","inLanguage":"pt-BR","@id":"https:\/\/www.manaus.am.gov.br\/seminf\/#\/schema\/person\/image\/","url":"https:\/\/secure.gravatar.com\/avatar\/9c877d1a6adc2a055330e5c09a8653ce?s=96&d=mm&r=g","contentUrl":"https:\/\/secure.gravatar.com\/avatar\/9c877d1a6adc2a055330e5c09a8653ce?s=96&d=mm&r=g","caption":"Bruna Greco"}}]}},"_links":{"self":[{"href":"https:\/\/www.manaus.am.gov.br\/seminf\/wp-json\/wp\/v2\/posts\/7979"}],"collection":[{"href":"https:\/\/www.manaus.am.gov.br\/seminf\/wp-json\/wp\/v2\/posts"}],"about":[{"href":"https:\/\/www.manaus.am.gov.br\/seminf\/wp-json\/wp\/v2\/types\/post"}],"author":[{"embeddable":true,"href":"https:\/\/www.manaus.am.gov.br\/seminf\/wp-json\/wp\/v2\/users\/39"}],"replies":[{"embeddable":true,"href":"https:\/\/www.manaus.am.gov.br\/seminf\/wp-json\/wp\/v2\/comments?post=7979"}],"version-history":[{"count":5,"href":"https:\/\/www.manaus.am.gov.br\/seminf\/wp-json\/wp\/v2\/posts\/7979\/revisions"}],"predecessor-version":[{"id":7986,"href":"https:\/\/www.manaus.am.gov.br\/seminf\/wp-json\/wp\/v2\/posts\/7979\/revisions\/7986"}],"wp:featuredmedia":[{"embeddable":true,"href":"https:\/\/www.manaus.am.gov.br\/seminf\/wp-json\/wp\/v2\/media\/7980"}],"wp:attachment":[{"href":"https:\/\/www.manaus.am.gov.br\/seminf\/wp-json\/wp\/v2\/media?parent=7979"}],"wp:term":[{"taxonomy":"category","embeddable":true,"href":"https:\/\/www.manaus.am.gov.br\/seminf\/wp-json\/wp\/v2\/categories?post=7979"},{"taxonomy":"post_tag","embeddable":true,"href":"https:\/\/www.manaus.am.gov.br\/seminf\/wp-json\/wp\/v2\/tags?post=7979"}],"curies":[{"name":"wp","href":"https:\/\/api.w.org\/{rel}","templated":true}]}}