{"id":7974,"date":"2025-12-22T19:55:22","date_gmt":"2025-12-22T23:55:22","guid":{"rendered":"https:\/\/www.manaus.am.gov.br\/seminf\/intervencao-viaria-do-bairro-armando-mendes\/"},"modified":"2025-12-23T14:23:25","modified_gmt":"2025-12-23T18:23:25","slug":"intervencao-viaria-do-bairro-armando-mendes","status":"publish","type":"post","link":"https:\/\/www.manaus.am.gov.br\/seminf\/intervencao-viaria-do-bairro-armando-mendes\/","title":{"rendered":"Prefeitura de Manaus intensifica obras na interven\u00e7\u00e3o vi\u00e1ria do bairro Armando Mendes, na zona Leste"},"content":{"rendered":"\n<p><br>Nesta segunda-feira, 22\/12, a <a href=\"https:\/\/www.manaus.am.gov.br\">Prefeitura de Manaus<\/a>, por meio da Secretaria Municipal de Infraestrutura (Seminf), avan\u00e7ou nas obras da interven\u00e7\u00e3o vi\u00e1ria da avenida Autaz Mirim, localizada no bairro Armando Mendes, zona Leste da capital. As equipes realizam a recupera\u00e7\u00e3o asf\u00e1ltica no trecho onde foi reajustado o canteiro central para o retorno semaf\u00f3rico.<\/p>\n\n\n\n<p>O vice-prefeito e secret\u00e1rio de Obras, Renato Junior, destacou que a obra \u00e9 estrat\u00e9gica para melhorar a trafegabilidade da regi\u00e3o.<br><br>\u201cEssa interven\u00e7\u00e3o vi\u00e1ria vai transformar o tr\u00e1fego de ve\u00edculos da zona Leste. Neste trecho havia tantos transtornos no tr\u00e2nsito, agora o resultado da obra vai garantir mais fluidez e mobilidade. S\u00e3o mais de 4.500 ve\u00edculos por hora, e o retorno semaf\u00f3rico vai melhorar significativamente a trafegabilidade por aqui, tanto para quem vai no sentido bairro ou sentido Centro, como quem quer acessar a avenida Itacolomy, vai poder fazer isso com seguran\u00e7a e tranquilidade\u201d, destacou Renato Junior.<\/p>\n\n\n\n<p>O projeto integra uma a\u00e7\u00e3o intensiva da prefeitura para garantir mais mobilidade, contemplando uma via de extrema import\u00e2ncia para a cidade, que compreende uma grande extens\u00e3o na zona Leste. Os servi\u00e7os de reconstru\u00e7\u00e3o de drenagem profunda e superficial, instala\u00e7\u00e3o de rampas de acessibilidade, implanta\u00e7\u00e3o de nova baia de \u00f4nibus, recuo para transportes, tamb\u00e9m foram realizados com celeridade e conclu\u00eddos com qualidade. Na atual etapa, as equipes realizam a revitaliza\u00e7\u00e3o com o asfalto nos trechos onde o canteiro central foi reajustado para o retorno, posteriormente conduzido por sem\u00e1foro.<\/p>\n\n\n\n<p>Ap\u00f3s a realiza\u00e7\u00e3o de todas as etapas, ser\u00e3o realizadas as sinaliza\u00e7\u00f5es verticais e horizontais em todo trecho que compreende o projeto, para a adequada condu\u00e7\u00e3o dos pedestres e ve\u00edculos. Com seguran\u00e7a e a garantia de uma infraestrutura de qualidade, a popula\u00e7\u00e3o ser\u00e1 contemplada com um retorno ben\u00e9fico para a mobilidade do tr\u00e2nsito na regi\u00e3o.<\/p>\n\n\n\n<p>\u201cEst\u00e1 ficando \u00f3timo, esse retorno \u00e9 muito bom porque antes havia muitos acidentes, ent\u00e3o com certeza \u00e9 uma obra que vai beneficiar muita gente, principalmente aqui no Armando Mendes\u201d, disse o mototaxista que trabalha na \u00e1rea, Luiz Carlos de Oliveira, 41 anos.<\/p>\n\n\n\n<p>&#8212; &#8212; &#8212;<br><strong>Texto &#8211; <\/strong>Maria Amed\/ Seminf<br><strong>Fotos &#8211; <\/strong>M\u00e1rcio Melo\/Seminf<\/p>\n","protected":false},"excerpt":{"rendered":"","protected":false},"author":68,"featured_media":7975,"comment_status":"closed","ping_status":"closed","sticky":false,"template":"","format":"standard","meta":{"footnotes":""},"categories":[3],"tags":[22,2923,2924,43,26],"acf":[],"yoast_head":"<!-- This site is optimized with the Yoast SEO plugin v23.0 - https:\/\/yoast.com\/wordpress\/plugins\/seo\/ -->\n<title>Prefeitura de Manaus intensifica obras na interven\u00e7\u00e3o vi\u00e1ria do bairro Armando Mendes, na zona Leste<\/title>\n<meta name=\"description\" content=\"A Prefeitura de Manaus avan\u00e7ou nas obras da interven\u00e7\u00e3o vi\u00e1ria da avenida Autaz Mirim, localizada no bairro Armando Mendes.\" \/>\n<meta name=\"robots\" content=\"index, follow, max-snippet:-1, max-image-preview:large, max-video-preview:-1\" \/>\n<link rel=\"canonical\" href=\"https:\/\/www.manaus.am.gov.br\/seminf\/intervencao-viaria-do-bairro-armando-mendes\/\" \/>\n<meta property=\"og:locale\" content=\"pt_BR\" \/>\n<meta property=\"og:type\" content=\"article\" \/>\n<meta property=\"og:title\" content=\"Prefeitura de Manaus intensifica obras na interven\u00e7\u00e3o vi\u00e1ria do bairro Armando Mendes, na zona Leste\" \/>\n<meta property=\"og:description\" content=\"A Prefeitura de Manaus avan\u00e7ou nas obras da interven\u00e7\u00e3o vi\u00e1ria da avenida Autaz Mirim, localizada no bairro Armando Mendes.\" \/>\n<meta property=\"og:url\" content=\"https:\/\/www.manaus.am.gov.br\/seminf\/intervencao-viaria-do-bairro-armando-mendes\/\" \/>\n<meta property=\"og:site_name\" content=\"SEMINF\" \/>\n<meta property=\"article:published_time\" content=\"2025-12-22T23:55:22+00:00\" \/>\n<meta property=\"article:modified_time\" content=\"2025-12-23T18:23:25+00:00\" \/>\n<meta property=\"og:image\" content=\"https:\/\/www.manaus.am.gov.br\/seminf\/wp-content\/uploads\/sites\/6\/2025\/12\/Prefeitura-de-Manaus-intensifica-obras-da-intervencao-viaria-do-bairro-Armando-Mendes-na-zona-Leste-3.jpg\" \/>\n\t<meta property=\"og:image:width\" content=\"1600\" \/>\n\t<meta property=\"og:image:height\" content=\"1067\" \/>\n\t<meta property=\"og:image:type\" content=\"image\/jpeg\" \/>\n<meta name=\"author\" content=\"bvalente\" \/>\n<meta name=\"twitter:card\" content=\"summary_large_image\" \/>\n<meta name=\"twitter:label1\" content=\"Written by\" \/>\n\t<meta name=\"twitter:data1\" content=\"bvalente\" \/>\n\t<meta name=\"twitter:label2\" content=\"Est. reading time\" \/>\n\t<meta name=\"twitter:data2\" content=\"3 minutos\" \/>\n<script type=\"application\/ld+json\" class=\"yoast-schema-graph\">{\"@context\":\"https:\/\/schema.org\",\"@graph\":[{\"@type\":\"WebPage\",\"@id\":\"https:\/\/www.manaus.am.gov.br\/seminf\/intervencao-viaria-do-bairro-armando-mendes\/\",\"url\":\"https:\/\/www.manaus.am.gov.br\/seminf\/intervencao-viaria-do-bairro-armando-mendes\/\",\"name\":\"Prefeitura de Manaus intensifica obras na interven\u00e7\u00e3o vi\u00e1ria do bairro Armando Mendes, na zona Leste\",\"isPartOf\":{\"@id\":\"https:\/\/www.manaus.am.gov.br\/seminf\/#website\"},\"primaryImageOfPage\":{\"@id\":\"https:\/\/www.manaus.am.gov.br\/seminf\/intervencao-viaria-do-bairro-armando-mendes\/#primaryimage\"},\"image\":{\"@id\":\"https:\/\/www.manaus.am.gov.br\/seminf\/intervencao-viaria-do-bairro-armando-mendes\/#primaryimage\"},\"thumbnailUrl\":\"https:\/\/www.manaus.am.gov.br\/seminf\/wp-content\/uploads\/sites\/6\/2025\/12\/Prefeitura-de-Manaus-intensifica-obras-da-intervencao-viaria-do-bairro-Armando-Mendes-na-zona-Leste-3.jpg\",\"datePublished\":\"2025-12-22T23:55:22+00:00\",\"dateModified\":\"2025-12-23T18:23:25+00:00\",\"author\":{\"@id\":\"https:\/\/www.manaus.am.gov.br\/seminf\/#\/schema\/person\/466a0e03ae4b6062809046bd560ac955\"},\"description\":\"A Prefeitura de Manaus avan\u00e7ou nas obras da interven\u00e7\u00e3o vi\u00e1ria da avenida Autaz Mirim, localizada no bairro Armando Mendes.\",\"inLanguage\":\"pt-BR\",\"potentialAction\":[{\"@type\":\"ReadAction\",\"target\":[\"https:\/\/www.manaus.am.gov.br\/seminf\/intervencao-viaria-do-bairro-armando-mendes\/\"]}]},{\"@type\":\"ImageObject\",\"inLanguage\":\"pt-BR\",\"@id\":\"https:\/\/www.manaus.am.gov.br\/seminf\/intervencao-viaria-do-bairro-armando-mendes\/#primaryimage\",\"url\":\"https:\/\/www.manaus.am.gov.br\/seminf\/wp-content\/uploads\/sites\/6\/2025\/12\/Prefeitura-de-Manaus-intensifica-obras-da-intervencao-viaria-do-bairro-Armando-Mendes-na-zona-Leste-3.jpg\",\"contentUrl\":\"https:\/\/www.manaus.am.gov.br\/seminf\/wp-content\/uploads\/sites\/6\/2025\/12\/Prefeitura-de-Manaus-intensifica-obras-da-intervencao-viaria-do-bairro-Armando-Mendes-na-zona-Leste-3.jpg\",\"width\":1600,\"height\":1067,\"caption\":\"#paratodosverem - Servidores da Seminf aplicando asfalto novo em via\"},{\"@type\":\"WebSite\",\"@id\":\"https:\/\/www.manaus.am.gov.br\/seminf\/#website\",\"url\":\"https:\/\/www.manaus.am.gov.br\/seminf\/\",\"name\":\"Secretaria de Infraestrutura\",\"description\":\"Secretaria Municipal de Infraestrutura\",\"potentialAction\":[{\"@type\":\"SearchAction\",\"target\":{\"@type\":\"EntryPoint\",\"urlTemplate\":\"https:\/\/www.manaus.am.gov.br\/seminf\/?s={search_term_string}\"},\"query-input\":\"required name=search_term_string\"}],\"inLanguage\":\"pt-BR\"},{\"@type\":\"Person\",\"@id\":\"https:\/\/www.manaus.am.gov.br\/seminf\/#\/schema\/person\/466a0e03ae4b6062809046bd560ac955\",\"name\":\"bvalente\",\"image\":{\"@type\":\"ImageObject\",\"inLanguage\":\"pt-BR\",\"@id\":\"https:\/\/www.manaus.am.gov.br\/seminf\/#\/schema\/person\/image\/\",\"url\":\"https:\/\/secure.gravatar.com\/avatar\/3e69bc2b014bdad41adfec3a39de07d2?s=96&d=mm&r=g\",\"contentUrl\":\"https:\/\/secure.gravatar.com\/avatar\/3e69bc2b014bdad41adfec3a39de07d2?s=96&d=mm&r=g\",\"caption\":\"bvalente\"}}]}<\/script>\n<!-- \/ Yoast SEO plugin. -->","yoast_head_json":{"title":"Prefeitura de Manaus intensifica obras na interven\u00e7\u00e3o vi\u00e1ria do bairro Armando Mendes, na zona Leste","description":"A Prefeitura de Manaus avan\u00e7ou nas obras da interven\u00e7\u00e3o vi\u00e1ria da avenida Autaz Mirim, localizada no bairro Armando Mendes.","robots":{"index":"index","follow":"follow","max-snippet":"max-snippet:-1","max-image-preview":"max-image-preview:large","max-video-preview":"max-video-preview:-1"},"canonical":"https:\/\/www.manaus.am.gov.br\/seminf\/intervencao-viaria-do-bairro-armando-mendes\/","og_locale":"pt_BR","og_type":"article","og_title":"Prefeitura de Manaus intensifica obras na interven\u00e7\u00e3o vi\u00e1ria do bairro Armando Mendes, na zona Leste","og_description":"A Prefeitura de Manaus avan\u00e7ou nas obras da interven\u00e7\u00e3o vi\u00e1ria da avenida Autaz Mirim, localizada no bairro Armando Mendes.","og_url":"https:\/\/www.manaus.am.gov.br\/seminf\/intervencao-viaria-do-bairro-armando-mendes\/","og_site_name":"SEMINF","article_published_time":"2025-12-22T23:55:22+00:00","article_modified_time":"2025-12-23T18:23:25+00:00","og_image":[{"width":1600,"height":1067,"url":"https:\/\/www.manaus.am.gov.br\/seminf\/wp-content\/uploads\/sites\/6\/2025\/12\/Prefeitura-de-Manaus-intensifica-obras-da-intervencao-viaria-do-bairro-Armando-Mendes-na-zona-Leste-3.jpg","type":"image\/jpeg"}],"author":"bvalente","twitter_card":"summary_large_image","twitter_misc":{"Written by":"bvalente","Est. reading time":"3 minutos"},"schema":{"@context":"https:\/\/schema.org","@graph":[{"@type":"WebPage","@id":"https:\/\/www.manaus.am.gov.br\/seminf\/intervencao-viaria-do-bairro-armando-mendes\/","url":"https:\/\/www.manaus.am.gov.br\/seminf\/intervencao-viaria-do-bairro-armando-mendes\/","name":"Prefeitura de Manaus intensifica obras na interven\u00e7\u00e3o vi\u00e1ria do bairro Armando Mendes, na zona Leste","isPartOf":{"@id":"https:\/\/www.manaus.am.gov.br\/seminf\/#website"},"primaryImageOfPage":{"@id":"https:\/\/www.manaus.am.gov.br\/seminf\/intervencao-viaria-do-bairro-armando-mendes\/#primaryimage"},"image":{"@id":"https:\/\/www.manaus.am.gov.br\/seminf\/intervencao-viaria-do-bairro-armando-mendes\/#primaryimage"},"thumbnailUrl":"https:\/\/www.manaus.am.gov.br\/seminf\/wp-content\/uploads\/sites\/6\/2025\/12\/Prefeitura-de-Manaus-intensifica-obras-da-intervencao-viaria-do-bairro-Armando-Mendes-na-zona-Leste-3.jpg","datePublished":"2025-12-22T23:55:22+00:00","dateModified":"2025-12-23T18:23:25+00:00","author":{"@id":"https:\/\/www.manaus.am.gov.br\/seminf\/#\/schema\/person\/466a0e03ae4b6062809046bd560ac955"},"description":"A Prefeitura de Manaus avan\u00e7ou nas obras da interven\u00e7\u00e3o vi\u00e1ria da avenida Autaz Mirim, localizada no bairro Armando Mendes.","inLanguage":"pt-BR","potentialAction":[{"@type":"ReadAction","target":["https:\/\/www.manaus.am.gov.br\/seminf\/intervencao-viaria-do-bairro-armando-mendes\/"]}]},{"@type":"ImageObject","inLanguage":"pt-BR","@id":"https:\/\/www.manaus.am.gov.br\/seminf\/intervencao-viaria-do-bairro-armando-mendes\/#primaryimage","url":"https:\/\/www.manaus.am.gov.br\/seminf\/wp-content\/uploads\/sites\/6\/2025\/12\/Prefeitura-de-Manaus-intensifica-obras-da-intervencao-viaria-do-bairro-Armando-Mendes-na-zona-Leste-3.jpg","contentUrl":"https:\/\/www.manaus.am.gov.br\/seminf\/wp-content\/uploads\/sites\/6\/2025\/12\/Prefeitura-de-Manaus-intensifica-obras-da-intervencao-viaria-do-bairro-Armando-Mendes-na-zona-Leste-3.jpg","width":1600,"height":1067,"caption":"#paratodosverem - Servidores da Seminf aplicando asfalto novo em via"},{"@type":"WebSite","@id":"https:\/\/www.manaus.am.gov.br\/seminf\/#website","url":"https:\/\/www.manaus.am.gov.br\/seminf\/","name":"Secretaria de Infraestrutura","description":"Secretaria Municipal de Infraestrutura","potentialAction":[{"@type":"SearchAction","target":{"@type":"EntryPoint","urlTemplate":"https:\/\/www.manaus.am.gov.br\/seminf\/?s={search_term_string}"},"query-input":"required name=search_term_string"}],"inLanguage":"pt-BR"},{"@type":"Person","@id":"https:\/\/www.manaus.am.gov.br\/seminf\/#\/schema\/person\/466a0e03ae4b6062809046bd560ac955","name":"bvalente","image":{"@type":"ImageObject","inLanguage":"pt-BR","@id":"https:\/\/www.manaus.am.gov.br\/seminf\/#\/schema\/person\/image\/","url":"https:\/\/secure.gravatar.com\/avatar\/3e69bc2b014bdad41adfec3a39de07d2?s=96&d=mm&r=g","contentUrl":"https:\/\/secure.gravatar.com\/avatar\/3e69bc2b014bdad41adfec3a39de07d2?s=96&d=mm&r=g","caption":"bvalente"}}]}},"_links":{"self":[{"href":"https:\/\/www.manaus.am.gov.br\/seminf\/wp-json\/wp\/v2\/posts\/7974"}],"collection":[{"href":"https:\/\/www.manaus.am.gov.br\/seminf\/wp-json\/wp\/v2\/posts"}],"about":[{"href":"https:\/\/www.manaus.am.gov.br\/seminf\/wp-json\/wp\/v2\/types\/post"}],"author":[{"embeddable":true,"href":"https:\/\/www.manaus.am.gov.br\/seminf\/wp-json\/wp\/v2\/users\/68"}],"replies":[{"embeddable":true,"href":"https:\/\/www.manaus.am.gov.br\/seminf\/wp-json\/wp\/v2\/comments?post=7974"}],"version-history":[{"count":1,"href":"https:\/\/www.manaus.am.gov.br\/seminf\/wp-json\/wp\/v2\/posts\/7974\/revisions"}],"predecessor-version":[{"id":7978,"href":"https:\/\/www.manaus.am.gov.br\/seminf\/wp-json\/wp\/v2\/posts\/7974\/revisions\/7978"}],"wp:featuredmedia":[{"embeddable":true,"href":"https:\/\/www.manaus.am.gov.br\/seminf\/wp-json\/wp\/v2\/media\/7975"}],"wp:attachment":[{"href":"https:\/\/www.manaus.am.gov.br\/seminf\/wp-json\/wp\/v2\/media?parent=7974"}],"wp:term":[{"taxonomy":"category","embeddable":true,"href":"https:\/\/www.manaus.am.gov.br\/seminf\/wp-json\/wp\/v2\/categories?post=7974"},{"taxonomy":"post_tag","embeddable":true,"href":"https:\/\/www.manaus.am.gov.br\/seminf\/wp-json\/wp\/v2\/tags?post=7974"}],"curies":[{"name":"wp","href":"https:\/\/api.w.org\/{rel}","templated":true}]}}