{"id":7971,"date":"2025-12-22T18:51:25","date_gmt":"2025-12-22T22:51:25","guid":{"rendered":"https:\/\/www.manaus.am.gov.br\/seminf\/manutencao-rede-de-drenagem-profunda-2\/"},"modified":"2025-12-23T13:15:29","modified_gmt":"2025-12-23T17:15:29","slug":"manutencao-rede-de-drenagem-profunda-2","status":"publish","type":"post","link":"https:\/\/www.manaus.am.gov.br\/seminf\/manutencao-rede-de-drenagem-profunda-2\/","title":{"rendered":"Prefeitura de Manaus realiza manuten\u00e7\u00e3o de rede de drenagem profunda no bairro S\u00e3o Jos\u00e9 Oper\u00e1rio\u00a0"},"content":{"rendered":"\n<p><br>Nesta segunda-feira, 22\/12, a <a href=\"https:\/\/www.manaus.am.gov.br\">Prefeitura de Manaus<\/a>, por meio da Secretaria Municipal de Infraestrutura (Seminf), realizou mais uma manuten\u00e7\u00e3o na rede de drenagem profunda na zona Leste. A interven\u00e7\u00e3o ocorreu na rua Ant\u00f4nio Matias, no cruzamento com a rua Chiborena, no bairro S\u00e3o Jos\u00e9 Oper\u00e1rio. O trecho foi afetado pelo descarte irregular de lixo, associado tamb\u00e9m pelo grande volume de \u00e1guas das chuvas, o que comprometeu o funcionamento da rede de drenagem.<\/p>\n\n\n\n<p>\u201cCome\u00e7amos a segunda-feira com a manuten\u00e7\u00e3o, v\u00e1rias obras acontecendo de forma simult\u00e2nea, porque aqui \u00e9 trabalho de verdade com comprometimento e respeito com cada cidad\u00e3o. \u00c9 desta forma que o prefeito David Almeida nos orienta a come\u00e7ar e a fechar uma nova semana, e assim seguimos avan\u00e7ando e modernizando a infraestrutura da nossa cidade\u201d, afirma o vice-prefeito e secret\u00e1rio de Obras, Renato Junior.\u00a0<\/p>\n\n\n\n<p>A equipe de trabalhadores identificou que os lixos descartados dentro das caixas coletoras obstru\u00edram o sistema da rede de drenagem e provocaram o rompimento.<\/p>\n\n\n\n<p>O peixeiro Jos\u00e9 Maria Brasil, 42 anos, morador da \u00e1rea, acompanhou a obra e ficou muito satisfeito com o trabalho da equipe.&nbsp;<\/p>\n\n\n\n<p>\u201cEsse trabalho da Prefeitura de Manaus est\u00e1 nota 10, \u00e9 muito importante acompanhar e ver que as obras est\u00e3o em dia aqui no bairro S\u00e3o Jos\u00e9 Oper\u00e1rio, principalmente neste per\u00edodo de chuva. Esse servi\u00e7o vai ajudar bastante na preven\u00e7\u00e3o de alagamentos, quero agradecer o prefeito David Almeida e o vice Renato Junior, \u00f3timo trabalho da Seminf\u201d, afirma o morador.<\/p>\n\n\n\n<p>&#8212; &#8212; &#8212;<br><strong>Texto &#8211; <\/strong>Rayana Coutinho\/ Seminf&nbsp;<br><strong>Fotos &#8211; <\/strong>M\u00e1rcio Melo\/Seminf<\/p>\n","protected":false},"excerpt":{"rendered":"","protected":false},"author":68,"featured_media":7972,"comment_status":"closed","ping_status":"closed","sticky":false,"template":"","format":"standard","meta":{"footnotes":""},"categories":[6],"tags":[2922,43,26,231],"acf":[],"yoast_head":"<!-- This site is optimized with the Yoast SEO plugin v23.0 - https:\/\/yoast.com\/wordpress\/plugins\/seo\/ -->\n<title>Prefeitura de Manaus realiza manuten\u00e7\u00e3o de rede de drenagem profunda no bairro S\u00e3o Jos\u00e9 Oper\u00e1rio\u00a0<\/title>\n<meta name=\"description\" content=\"Nesta segunda-feira, 22\/12, a Prefeitura de Manaus realizou mais uma manuten\u00e7\u00e3o na rede de drenagem profunda na zona Leste.\" \/>\n<meta name=\"robots\" content=\"index, follow, max-snippet:-1, max-image-preview:large, max-video-preview:-1\" \/>\n<link rel=\"canonical\" href=\"https:\/\/www.manaus.am.gov.br\/seminf\/manutencao-rede-de-drenagem-profunda-2\/\" \/>\n<meta property=\"og:locale\" content=\"pt_BR\" \/>\n<meta property=\"og:type\" content=\"article\" \/>\n<meta property=\"og:title\" content=\"Prefeitura de Manaus realiza manuten\u00e7\u00e3o de rede de drenagem profunda no bairro S\u00e3o Jos\u00e9 Oper\u00e1rio\u00a0\" \/>\n<meta property=\"og:description\" content=\"Nesta segunda-feira, 22\/12, a Prefeitura de Manaus realizou mais uma manuten\u00e7\u00e3o na rede de drenagem profunda na zona Leste.\" \/>\n<meta property=\"og:url\" content=\"https:\/\/www.manaus.am.gov.br\/seminf\/manutencao-rede-de-drenagem-profunda-2\/\" \/>\n<meta property=\"og:site_name\" content=\"SEMINF\" \/>\n<meta property=\"article:published_time\" content=\"2025-12-22T22:51:25+00:00\" \/>\n<meta property=\"article:modified_time\" content=\"2025-12-23T17:15:29+00:00\" \/>\n<meta property=\"og:image\" content=\"https:\/\/www.manaus.am.gov.br\/seminf\/wp-content\/uploads\/sites\/6\/2025\/12\/Prefeitura-de-Manaus-atua-na-manutencao-da-rede-de-drenagem-profunda-no-bairro-Sao-Jose-Operario-2.jpg\" \/>\n\t<meta property=\"og:image:width\" content=\"1600\" \/>\n\t<meta property=\"og:image:height\" content=\"1067\" \/>\n\t<meta property=\"og:image:type\" content=\"image\/jpeg\" \/>\n<meta name=\"author\" content=\"bvalente\" \/>\n<meta name=\"twitter:card\" content=\"summary_large_image\" \/>\n<meta name=\"twitter:label1\" content=\"Written by\" \/>\n\t<meta name=\"twitter:data1\" content=\"bvalente\" \/>\n\t<meta name=\"twitter:label2\" content=\"Est. reading time\" \/>\n\t<meta name=\"twitter:data2\" content=\"2 minutos\" \/>\n<script type=\"application\/ld+json\" class=\"yoast-schema-graph\">{\"@context\":\"https:\/\/schema.org\",\"@graph\":[{\"@type\":\"WebPage\",\"@id\":\"https:\/\/www.manaus.am.gov.br\/seminf\/manutencao-rede-de-drenagem-profunda-2\/\",\"url\":\"https:\/\/www.manaus.am.gov.br\/seminf\/manutencao-rede-de-drenagem-profunda-2\/\",\"name\":\"Prefeitura de Manaus realiza manuten\u00e7\u00e3o de rede de drenagem profunda no bairro S\u00e3o Jos\u00e9 Oper\u00e1rio\u00a0\",\"isPartOf\":{\"@id\":\"https:\/\/www.manaus.am.gov.br\/seminf\/#website\"},\"primaryImageOfPage\":{\"@id\":\"https:\/\/www.manaus.am.gov.br\/seminf\/manutencao-rede-de-drenagem-profunda-2\/#primaryimage\"},\"image\":{\"@id\":\"https:\/\/www.manaus.am.gov.br\/seminf\/manutencao-rede-de-drenagem-profunda-2\/#primaryimage\"},\"thumbnailUrl\":\"https:\/\/www.manaus.am.gov.br\/seminf\/wp-content\/uploads\/sites\/6\/2025\/12\/Prefeitura-de-Manaus-atua-na-manutencao-da-rede-de-drenagem-profunda-no-bairro-Sao-Jose-Operario-2.jpg\",\"datePublished\":\"2025-12-22T22:51:25+00:00\",\"dateModified\":\"2025-12-23T17:15:29+00:00\",\"author\":{\"@id\":\"https:\/\/www.manaus.am.gov.br\/seminf\/#\/schema\/person\/466a0e03ae4b6062809046bd560ac955\"},\"description\":\"Nesta segunda-feira, 22\/12, a Prefeitura de Manaus realizou mais uma manuten\u00e7\u00e3o na rede de drenagem profunda na zona Leste.\",\"inLanguage\":\"pt-BR\",\"potentialAction\":[{\"@type\":\"ReadAction\",\"target\":[\"https:\/\/www.manaus.am.gov.br\/seminf\/manutencao-rede-de-drenagem-profunda-2\/\"]}]},{\"@type\":\"ImageObject\",\"inLanguage\":\"pt-BR\",\"@id\":\"https:\/\/www.manaus.am.gov.br\/seminf\/manutencao-rede-de-drenagem-profunda-2\/#primaryimage\",\"url\":\"https:\/\/www.manaus.am.gov.br\/seminf\/wp-content\/uploads\/sites\/6\/2025\/12\/Prefeitura-de-Manaus-atua-na-manutencao-da-rede-de-drenagem-profunda-no-bairro-Sao-Jose-Operario-2.jpg\",\"contentUrl\":\"https:\/\/www.manaus.am.gov.br\/seminf\/wp-content\/uploads\/sites\/6\/2025\/12\/Prefeitura-de-Manaus-atua-na-manutencao-da-rede-de-drenagem-profunda-no-bairro-Sao-Jose-Operario-2.jpg\",\"width\":1600,\"height\":1067,\"caption\":\"#paratodosverem - Equipe da Seminf realizando obras de manuten\u00e7\u00e3o\"},{\"@type\":\"WebSite\",\"@id\":\"https:\/\/www.manaus.am.gov.br\/seminf\/#website\",\"url\":\"https:\/\/www.manaus.am.gov.br\/seminf\/\",\"name\":\"Secretaria de Infraestrutura\",\"description\":\"Secretaria Municipal de Infraestrutura\",\"potentialAction\":[{\"@type\":\"SearchAction\",\"target\":{\"@type\":\"EntryPoint\",\"urlTemplate\":\"https:\/\/www.manaus.am.gov.br\/seminf\/?s={search_term_string}\"},\"query-input\":\"required name=search_term_string\"}],\"inLanguage\":\"pt-BR\"},{\"@type\":\"Person\",\"@id\":\"https:\/\/www.manaus.am.gov.br\/seminf\/#\/schema\/person\/466a0e03ae4b6062809046bd560ac955\",\"name\":\"bvalente\",\"image\":{\"@type\":\"ImageObject\",\"inLanguage\":\"pt-BR\",\"@id\":\"https:\/\/www.manaus.am.gov.br\/seminf\/#\/schema\/person\/image\/\",\"url\":\"https:\/\/secure.gravatar.com\/avatar\/3e69bc2b014bdad41adfec3a39de07d2?s=96&d=mm&r=g\",\"contentUrl\":\"https:\/\/secure.gravatar.com\/avatar\/3e69bc2b014bdad41adfec3a39de07d2?s=96&d=mm&r=g\",\"caption\":\"bvalente\"}}]}<\/script>\n<!-- \/ Yoast SEO plugin. -->","yoast_head_json":{"title":"Prefeitura de Manaus realiza manuten\u00e7\u00e3o de rede de drenagem profunda no bairro S\u00e3o Jos\u00e9 Oper\u00e1rio\u00a0","description":"Nesta segunda-feira, 22\/12, a Prefeitura de Manaus realizou mais uma manuten\u00e7\u00e3o na rede de drenagem profunda na zona Leste.","robots":{"index":"index","follow":"follow","max-snippet":"max-snippet:-1","max-image-preview":"max-image-preview:large","max-video-preview":"max-video-preview:-1"},"canonical":"https:\/\/www.manaus.am.gov.br\/seminf\/manutencao-rede-de-drenagem-profunda-2\/","og_locale":"pt_BR","og_type":"article","og_title":"Prefeitura de Manaus realiza manuten\u00e7\u00e3o de rede de drenagem profunda no bairro S\u00e3o Jos\u00e9 Oper\u00e1rio\u00a0","og_description":"Nesta segunda-feira, 22\/12, a Prefeitura de Manaus realizou mais uma manuten\u00e7\u00e3o na rede de drenagem profunda na zona Leste.","og_url":"https:\/\/www.manaus.am.gov.br\/seminf\/manutencao-rede-de-drenagem-profunda-2\/","og_site_name":"SEMINF","article_published_time":"2025-12-22T22:51:25+00:00","article_modified_time":"2025-12-23T17:15:29+00:00","og_image":[{"width":1600,"height":1067,"url":"https:\/\/www.manaus.am.gov.br\/seminf\/wp-content\/uploads\/sites\/6\/2025\/12\/Prefeitura-de-Manaus-atua-na-manutencao-da-rede-de-drenagem-profunda-no-bairro-Sao-Jose-Operario-2.jpg","type":"image\/jpeg"}],"author":"bvalente","twitter_card":"summary_large_image","twitter_misc":{"Written by":"bvalente","Est. reading time":"2 minutos"},"schema":{"@context":"https:\/\/schema.org","@graph":[{"@type":"WebPage","@id":"https:\/\/www.manaus.am.gov.br\/seminf\/manutencao-rede-de-drenagem-profunda-2\/","url":"https:\/\/www.manaus.am.gov.br\/seminf\/manutencao-rede-de-drenagem-profunda-2\/","name":"Prefeitura de Manaus realiza manuten\u00e7\u00e3o de rede de drenagem profunda no bairro S\u00e3o Jos\u00e9 Oper\u00e1rio\u00a0","isPartOf":{"@id":"https:\/\/www.manaus.am.gov.br\/seminf\/#website"},"primaryImageOfPage":{"@id":"https:\/\/www.manaus.am.gov.br\/seminf\/manutencao-rede-de-drenagem-profunda-2\/#primaryimage"},"image":{"@id":"https:\/\/www.manaus.am.gov.br\/seminf\/manutencao-rede-de-drenagem-profunda-2\/#primaryimage"},"thumbnailUrl":"https:\/\/www.manaus.am.gov.br\/seminf\/wp-content\/uploads\/sites\/6\/2025\/12\/Prefeitura-de-Manaus-atua-na-manutencao-da-rede-de-drenagem-profunda-no-bairro-Sao-Jose-Operario-2.jpg","datePublished":"2025-12-22T22:51:25+00:00","dateModified":"2025-12-23T17:15:29+00:00","author":{"@id":"https:\/\/www.manaus.am.gov.br\/seminf\/#\/schema\/person\/466a0e03ae4b6062809046bd560ac955"},"description":"Nesta segunda-feira, 22\/12, a Prefeitura de Manaus realizou mais uma manuten\u00e7\u00e3o na rede de drenagem profunda na zona Leste.","inLanguage":"pt-BR","potentialAction":[{"@type":"ReadAction","target":["https:\/\/www.manaus.am.gov.br\/seminf\/manutencao-rede-de-drenagem-profunda-2\/"]}]},{"@type":"ImageObject","inLanguage":"pt-BR","@id":"https:\/\/www.manaus.am.gov.br\/seminf\/manutencao-rede-de-drenagem-profunda-2\/#primaryimage","url":"https:\/\/www.manaus.am.gov.br\/seminf\/wp-content\/uploads\/sites\/6\/2025\/12\/Prefeitura-de-Manaus-atua-na-manutencao-da-rede-de-drenagem-profunda-no-bairro-Sao-Jose-Operario-2.jpg","contentUrl":"https:\/\/www.manaus.am.gov.br\/seminf\/wp-content\/uploads\/sites\/6\/2025\/12\/Prefeitura-de-Manaus-atua-na-manutencao-da-rede-de-drenagem-profunda-no-bairro-Sao-Jose-Operario-2.jpg","width":1600,"height":1067,"caption":"#paratodosverem - Equipe da Seminf realizando obras de manuten\u00e7\u00e3o"},{"@type":"WebSite","@id":"https:\/\/www.manaus.am.gov.br\/seminf\/#website","url":"https:\/\/www.manaus.am.gov.br\/seminf\/","name":"Secretaria de Infraestrutura","description":"Secretaria Municipal de Infraestrutura","potentialAction":[{"@type":"SearchAction","target":{"@type":"EntryPoint","urlTemplate":"https:\/\/www.manaus.am.gov.br\/seminf\/?s={search_term_string}"},"query-input":"required name=search_term_string"}],"inLanguage":"pt-BR"},{"@type":"Person","@id":"https:\/\/www.manaus.am.gov.br\/seminf\/#\/schema\/person\/466a0e03ae4b6062809046bd560ac955","name":"bvalente","image":{"@type":"ImageObject","inLanguage":"pt-BR","@id":"https:\/\/www.manaus.am.gov.br\/seminf\/#\/schema\/person\/image\/","url":"https:\/\/secure.gravatar.com\/avatar\/3e69bc2b014bdad41adfec3a39de07d2?s=96&d=mm&r=g","contentUrl":"https:\/\/secure.gravatar.com\/avatar\/3e69bc2b014bdad41adfec3a39de07d2?s=96&d=mm&r=g","caption":"bvalente"}}]}},"_links":{"self":[{"href":"https:\/\/www.manaus.am.gov.br\/seminf\/wp-json\/wp\/v2\/posts\/7971"}],"collection":[{"href":"https:\/\/www.manaus.am.gov.br\/seminf\/wp-json\/wp\/v2\/posts"}],"about":[{"href":"https:\/\/www.manaus.am.gov.br\/seminf\/wp-json\/wp\/v2\/types\/post"}],"author":[{"embeddable":true,"href":"https:\/\/www.manaus.am.gov.br\/seminf\/wp-json\/wp\/v2\/users\/68"}],"replies":[{"embeddable":true,"href":"https:\/\/www.manaus.am.gov.br\/seminf\/wp-json\/wp\/v2\/comments?post=7971"}],"version-history":[{"count":2,"href":"https:\/\/www.manaus.am.gov.br\/seminf\/wp-json\/wp\/v2\/posts\/7971\/revisions"}],"predecessor-version":[{"id":7977,"href":"https:\/\/www.manaus.am.gov.br\/seminf\/wp-json\/wp\/v2\/posts\/7971\/revisions\/7977"}],"wp:featuredmedia":[{"embeddable":true,"href":"https:\/\/www.manaus.am.gov.br\/seminf\/wp-json\/wp\/v2\/media\/7972"}],"wp:attachment":[{"href":"https:\/\/www.manaus.am.gov.br\/seminf\/wp-json\/wp\/v2\/media?parent=7971"}],"wp:term":[{"taxonomy":"category","embeddable":true,"href":"https:\/\/www.manaus.am.gov.br\/seminf\/wp-json\/wp\/v2\/categories?post=7971"},{"taxonomy":"post_tag","embeddable":true,"href":"https:\/\/www.manaus.am.gov.br\/seminf\/wp-json\/wp\/v2\/tags?post=7971"}],"curies":[{"name":"wp","href":"https:\/\/api.w.org\/{rel}","templated":true}]}}