{"id":7969,"date":"2025-12-22T18:42:06","date_gmt":"2025-12-22T22:42:06","guid":{"rendered":"https:\/\/www.manaus.am.gov.br\/seminf\/recapeamento-bairro-parque-10\/"},"modified":"2025-12-23T13:07:55","modified_gmt":"2025-12-23T17:07:55","slug":"recapeamento-bairro-parque-10","status":"publish","type":"post","link":"https:\/\/www.manaus.am.gov.br\/seminf\/recapeamento-bairro-parque-10\/","title":{"rendered":"Prefeitura de Manaus realiza recapeamento em alameda do bairro Parque 10 de Novembro\u00a0"},"content":{"rendered":"\n<p><br>A <a href=\"https:\/\/www.manaus.am.gov.br\">Prefeitura de Manaus<\/a>, por meio da Secretaria Municipal de Infraestrutura (Seminf), atuou, nesta segunda-feira, 22\/12, na alameda Ivo Amazonense, realizando servi\u00e7os de Recapeamento no bairro Parque 10 de Novembro, localizado na zona Centro-Sul da cidade, garantindo a mobilidade e seguran\u00e7a dos moradores e trabalhadores da \u00e1rea.<\/p>\n\n\n\n<p>\u201cEste servi\u00e7o faz parte do nosso trabalho cont\u00ednuo de manuten\u00e7\u00e3o das vias da cidade. A melhoria garante mais seguran\u00e7a, conforto e melhor trafegabilidade para todos que passam aqui. A determina\u00e7\u00e3o do prefeito David Almeida \u00e9 que devemos oferecer uma infraestrutura mais adequada \u00e0 popula\u00e7\u00e3o da cidade\u201d, afirma o vice-prefeito e secret\u00e1rio de Obras, Renato Junior.<\/p>\n\n\n\n<p>As equipes atuaram nos 60 metros de extens\u00e3o da via com o recapeamento manual, aplicando uma nova camada de massa asf\u00e1ltica, melhorando as condi\u00e7\u00f5es de trafegabilidade, e proporcionando mais seguran\u00e7a para os pedestres e condutores que utilizam a alameda.&nbsp;<\/p>\n\n\n\n<p>O servi\u00e7o contribui ainda para a melhoria da mobilidade urbana e qualidade de vida de quem vive na regi\u00e3o. Os moradores aprovaram a iniciativa da prefeitura.<\/p>\n\n\n\n<p>\u201cGra\u00e7as ao trabalho da prefeitura, ao trabalho da Secretaria de Infraestrutura, o resultado \u00e9 perfeito. Um Recapeamento no Bairro Parque 10 de Novembro com um asfalto de primeira qualidade, ficou uma beleza. Agrade\u00e7o muito por realizarem o servi\u00e7o\u201d, agradece o radialista Nilson Santos, de 60 anos.<\/p>\n\n\n\n<p>Ap\u00f3s a execu\u00e7\u00e3o do recapeamento, a via passa a apresentar melhores condi\u00e7\u00f5es de tr\u00e1fego, mais seguran\u00e7a e conforto para motoristas e pedestres. A a\u00e7\u00e3o integra o cronograma cont\u00ednuo de manuten\u00e7\u00e3o vi\u00e1ria da prefeitura.<\/p>\n\n\n\n<p>&#8212; &#8212; &#8212;<br><strong>Texto &#8211; <\/strong>Eduarda Lira\/Seminf<br><strong>Fotos &#8211; <\/strong>M\u00e1rcio Melo\/Seminf<\/p>\n","protected":false},"excerpt":{"rendered":"","protected":false},"author":68,"featured_media":7970,"comment_status":"closed","ping_status":"closed","sticky":false,"template":"","format":"standard","meta":{"footnotes":""},"categories":[3],"tags":[1843,43,2921,26],"acf":[],"yoast_head":"<!-- This site is optimized with the Yoast SEO plugin v23.0 - https:\/\/yoast.com\/wordpress\/plugins\/seo\/ -->\n<title>Prefeitura de Manaus realiza recapeamento no bairro Parque 10<\/title>\n<meta name=\"description\" content=\"A Prefeitura de Manaus atuou, nesta segunda-feira, 22\/12, na alameda Ivo Amazonense, no bairro Parque 10 de Novembro.\" \/>\n<meta name=\"robots\" content=\"index, follow, max-snippet:-1, max-image-preview:large, max-video-preview:-1\" \/>\n<link rel=\"canonical\" href=\"https:\/\/www.manaus.am.gov.br\/seminf\/recapeamento-bairro-parque-10\/\" \/>\n<meta property=\"og:locale\" content=\"pt_BR\" \/>\n<meta property=\"og:type\" content=\"article\" \/>\n<meta property=\"og:title\" content=\"Prefeitura de Manaus realiza recapeamento no bairro Parque 10\" \/>\n<meta property=\"og:description\" content=\"A Prefeitura de Manaus atuou, nesta segunda-feira, 22\/12, na alameda Ivo Amazonense, no bairro Parque 10 de Novembro.\" \/>\n<meta property=\"og:url\" content=\"https:\/\/www.manaus.am.gov.br\/seminf\/recapeamento-bairro-parque-10\/\" \/>\n<meta property=\"og:site_name\" content=\"SEMINF\" \/>\n<meta property=\"article:published_time\" content=\"2025-12-22T22:42:06+00:00\" \/>\n<meta property=\"article:modified_time\" content=\"2025-12-23T17:07:55+00:00\" \/>\n<meta property=\"og:image\" content=\"https:\/\/www.manaus.am.gov.br\/seminf\/wp-content\/uploads\/sites\/6\/2025\/12\/Prefeitura-de-Manaus-realiza-recapeamento-em-alameda-do-bairro-Parque-10-de-Novembro-3.jpg\" \/>\n\t<meta property=\"og:image:width\" content=\"1467\" \/>\n\t<meta property=\"og:image:height\" content=\"1104\" \/>\n\t<meta property=\"og:image:type\" content=\"image\/jpeg\" \/>\n<meta name=\"author\" content=\"bvalente\" \/>\n<meta name=\"twitter:card\" content=\"summary_large_image\" \/>\n<meta name=\"twitter:label1\" content=\"Written by\" \/>\n\t<meta name=\"twitter:data1\" content=\"bvalente\" \/>\n\t<meta name=\"twitter:label2\" content=\"Est. reading time\" \/>\n\t<meta name=\"twitter:data2\" content=\"2 minutos\" \/>\n<script type=\"application\/ld+json\" class=\"yoast-schema-graph\">{\"@context\":\"https:\/\/schema.org\",\"@graph\":[{\"@type\":\"WebPage\",\"@id\":\"https:\/\/www.manaus.am.gov.br\/seminf\/recapeamento-bairro-parque-10\/\",\"url\":\"https:\/\/www.manaus.am.gov.br\/seminf\/recapeamento-bairro-parque-10\/\",\"name\":\"Prefeitura de Manaus realiza recapeamento no bairro Parque 10\",\"isPartOf\":{\"@id\":\"https:\/\/www.manaus.am.gov.br\/seminf\/#website\"},\"primaryImageOfPage\":{\"@id\":\"https:\/\/www.manaus.am.gov.br\/seminf\/recapeamento-bairro-parque-10\/#primaryimage\"},\"image\":{\"@id\":\"https:\/\/www.manaus.am.gov.br\/seminf\/recapeamento-bairro-parque-10\/#primaryimage\"},\"thumbnailUrl\":\"https:\/\/www.manaus.am.gov.br\/seminf\/wp-content\/uploads\/sites\/6\/2025\/12\/Prefeitura-de-Manaus-realiza-recapeamento-em-alameda-do-bairro-Parque-10-de-Novembro-3.jpg\",\"datePublished\":\"2025-12-22T22:42:06+00:00\",\"dateModified\":\"2025-12-23T17:07:55+00:00\",\"author\":{\"@id\":\"https:\/\/www.manaus.am.gov.br\/seminf\/#\/schema\/person\/466a0e03ae4b6062809046bd560ac955\"},\"description\":\"A Prefeitura de Manaus atuou, nesta segunda-feira, 22\/12, na alameda Ivo Amazonense, no bairro Parque 10 de Novembro.\",\"inLanguage\":\"pt-BR\",\"potentialAction\":[{\"@type\":\"ReadAction\",\"target\":[\"https:\/\/www.manaus.am.gov.br\/seminf\/recapeamento-bairro-parque-10\/\"]}]},{\"@type\":\"ImageObject\",\"inLanguage\":\"pt-BR\",\"@id\":\"https:\/\/www.manaus.am.gov.br\/seminf\/recapeamento-bairro-parque-10\/#primaryimage\",\"url\":\"https:\/\/www.manaus.am.gov.br\/seminf\/wp-content\/uploads\/sites\/6\/2025\/12\/Prefeitura-de-Manaus-realiza-recapeamento-em-alameda-do-bairro-Parque-10-de-Novembro-3.jpg\",\"contentUrl\":\"https:\/\/www.manaus.am.gov.br\/seminf\/wp-content\/uploads\/sites\/6\/2025\/12\/Prefeitura-de-Manaus-realiza-recapeamento-em-alameda-do-bairro-Parque-10-de-Novembro-3.jpg\",\"width\":1467,\"height\":1104,\"caption\":\"#paratodosverem - Servidores da Seminf aplicam asfalto novo em via\"},{\"@type\":\"WebSite\",\"@id\":\"https:\/\/www.manaus.am.gov.br\/seminf\/#website\",\"url\":\"https:\/\/www.manaus.am.gov.br\/seminf\/\",\"name\":\"Secretaria de Infraestrutura\",\"description\":\"Secretaria Municipal de Infraestrutura\",\"potentialAction\":[{\"@type\":\"SearchAction\",\"target\":{\"@type\":\"EntryPoint\",\"urlTemplate\":\"https:\/\/www.manaus.am.gov.br\/seminf\/?s={search_term_string}\"},\"query-input\":\"required name=search_term_string\"}],\"inLanguage\":\"pt-BR\"},{\"@type\":\"Person\",\"@id\":\"https:\/\/www.manaus.am.gov.br\/seminf\/#\/schema\/person\/466a0e03ae4b6062809046bd560ac955\",\"name\":\"bvalente\",\"image\":{\"@type\":\"ImageObject\",\"inLanguage\":\"pt-BR\",\"@id\":\"https:\/\/www.manaus.am.gov.br\/seminf\/#\/schema\/person\/image\/\",\"url\":\"https:\/\/secure.gravatar.com\/avatar\/3e69bc2b014bdad41adfec3a39de07d2?s=96&d=mm&r=g\",\"contentUrl\":\"https:\/\/secure.gravatar.com\/avatar\/3e69bc2b014bdad41adfec3a39de07d2?s=96&d=mm&r=g\",\"caption\":\"bvalente\"}}]}<\/script>\n<!-- \/ Yoast SEO plugin. -->","yoast_head_json":{"title":"Prefeitura de Manaus realiza recapeamento no bairro Parque 10","description":"A Prefeitura de Manaus atuou, nesta segunda-feira, 22\/12, na alameda Ivo Amazonense, no bairro Parque 10 de Novembro.","robots":{"index":"index","follow":"follow","max-snippet":"max-snippet:-1","max-image-preview":"max-image-preview:large","max-video-preview":"max-video-preview:-1"},"canonical":"https:\/\/www.manaus.am.gov.br\/seminf\/recapeamento-bairro-parque-10\/","og_locale":"pt_BR","og_type":"article","og_title":"Prefeitura de Manaus realiza recapeamento no bairro Parque 10","og_description":"A Prefeitura de Manaus atuou, nesta segunda-feira, 22\/12, na alameda Ivo Amazonense, no bairro Parque 10 de Novembro.","og_url":"https:\/\/www.manaus.am.gov.br\/seminf\/recapeamento-bairro-parque-10\/","og_site_name":"SEMINF","article_published_time":"2025-12-22T22:42:06+00:00","article_modified_time":"2025-12-23T17:07:55+00:00","og_image":[{"width":1467,"height":1104,"url":"https:\/\/www.manaus.am.gov.br\/seminf\/wp-content\/uploads\/sites\/6\/2025\/12\/Prefeitura-de-Manaus-realiza-recapeamento-em-alameda-do-bairro-Parque-10-de-Novembro-3.jpg","type":"image\/jpeg"}],"author":"bvalente","twitter_card":"summary_large_image","twitter_misc":{"Written by":"bvalente","Est. reading time":"2 minutos"},"schema":{"@context":"https:\/\/schema.org","@graph":[{"@type":"WebPage","@id":"https:\/\/www.manaus.am.gov.br\/seminf\/recapeamento-bairro-parque-10\/","url":"https:\/\/www.manaus.am.gov.br\/seminf\/recapeamento-bairro-parque-10\/","name":"Prefeitura de Manaus realiza recapeamento no bairro Parque 10","isPartOf":{"@id":"https:\/\/www.manaus.am.gov.br\/seminf\/#website"},"primaryImageOfPage":{"@id":"https:\/\/www.manaus.am.gov.br\/seminf\/recapeamento-bairro-parque-10\/#primaryimage"},"image":{"@id":"https:\/\/www.manaus.am.gov.br\/seminf\/recapeamento-bairro-parque-10\/#primaryimage"},"thumbnailUrl":"https:\/\/www.manaus.am.gov.br\/seminf\/wp-content\/uploads\/sites\/6\/2025\/12\/Prefeitura-de-Manaus-realiza-recapeamento-em-alameda-do-bairro-Parque-10-de-Novembro-3.jpg","datePublished":"2025-12-22T22:42:06+00:00","dateModified":"2025-12-23T17:07:55+00:00","author":{"@id":"https:\/\/www.manaus.am.gov.br\/seminf\/#\/schema\/person\/466a0e03ae4b6062809046bd560ac955"},"description":"A Prefeitura de Manaus atuou, nesta segunda-feira, 22\/12, na alameda Ivo Amazonense, no bairro Parque 10 de Novembro.","inLanguage":"pt-BR","potentialAction":[{"@type":"ReadAction","target":["https:\/\/www.manaus.am.gov.br\/seminf\/recapeamento-bairro-parque-10\/"]}]},{"@type":"ImageObject","inLanguage":"pt-BR","@id":"https:\/\/www.manaus.am.gov.br\/seminf\/recapeamento-bairro-parque-10\/#primaryimage","url":"https:\/\/www.manaus.am.gov.br\/seminf\/wp-content\/uploads\/sites\/6\/2025\/12\/Prefeitura-de-Manaus-realiza-recapeamento-em-alameda-do-bairro-Parque-10-de-Novembro-3.jpg","contentUrl":"https:\/\/www.manaus.am.gov.br\/seminf\/wp-content\/uploads\/sites\/6\/2025\/12\/Prefeitura-de-Manaus-realiza-recapeamento-em-alameda-do-bairro-Parque-10-de-Novembro-3.jpg","width":1467,"height":1104,"caption":"#paratodosverem - Servidores da Seminf aplicam asfalto novo em via"},{"@type":"WebSite","@id":"https:\/\/www.manaus.am.gov.br\/seminf\/#website","url":"https:\/\/www.manaus.am.gov.br\/seminf\/","name":"Secretaria de Infraestrutura","description":"Secretaria Municipal de Infraestrutura","potentialAction":[{"@type":"SearchAction","target":{"@type":"EntryPoint","urlTemplate":"https:\/\/www.manaus.am.gov.br\/seminf\/?s={search_term_string}"},"query-input":"required name=search_term_string"}],"inLanguage":"pt-BR"},{"@type":"Person","@id":"https:\/\/www.manaus.am.gov.br\/seminf\/#\/schema\/person\/466a0e03ae4b6062809046bd560ac955","name":"bvalente","image":{"@type":"ImageObject","inLanguage":"pt-BR","@id":"https:\/\/www.manaus.am.gov.br\/seminf\/#\/schema\/person\/image\/","url":"https:\/\/secure.gravatar.com\/avatar\/3e69bc2b014bdad41adfec3a39de07d2?s=96&d=mm&r=g","contentUrl":"https:\/\/secure.gravatar.com\/avatar\/3e69bc2b014bdad41adfec3a39de07d2?s=96&d=mm&r=g","caption":"bvalente"}}]}},"_links":{"self":[{"href":"https:\/\/www.manaus.am.gov.br\/seminf\/wp-json\/wp\/v2\/posts\/7969"}],"collection":[{"href":"https:\/\/www.manaus.am.gov.br\/seminf\/wp-json\/wp\/v2\/posts"}],"about":[{"href":"https:\/\/www.manaus.am.gov.br\/seminf\/wp-json\/wp\/v2\/types\/post"}],"author":[{"embeddable":true,"href":"https:\/\/www.manaus.am.gov.br\/seminf\/wp-json\/wp\/v2\/users\/68"}],"replies":[{"embeddable":true,"href":"https:\/\/www.manaus.am.gov.br\/seminf\/wp-json\/wp\/v2\/comments?post=7969"}],"version-history":[{"count":1,"href":"https:\/\/www.manaus.am.gov.br\/seminf\/wp-json\/wp\/v2\/posts\/7969\/revisions"}],"predecessor-version":[{"id":7976,"href":"https:\/\/www.manaus.am.gov.br\/seminf\/wp-json\/wp\/v2\/posts\/7969\/revisions\/7976"}],"wp:featuredmedia":[{"embeddable":true,"href":"https:\/\/www.manaus.am.gov.br\/seminf\/wp-json\/wp\/v2\/media\/7970"}],"wp:attachment":[{"href":"https:\/\/www.manaus.am.gov.br\/seminf\/wp-json\/wp\/v2\/media?parent=7969"}],"wp:term":[{"taxonomy":"category","embeddable":true,"href":"https:\/\/www.manaus.am.gov.br\/seminf\/wp-json\/wp\/v2\/categories?post=7969"},{"taxonomy":"post_tag","embeddable":true,"href":"https:\/\/www.manaus.am.gov.br\/seminf\/wp-json\/wp\/v2\/tags?post=7969"}],"curies":[{"name":"wp","href":"https:\/\/api.w.org\/{rel}","templated":true}]}}