{"id":7963,"date":"2025-12-18T18:59:46","date_gmt":"2025-12-18T22:59:46","guid":{"rendered":"https:\/\/www.manaus.am.gov.br\/seminf\/servicos-manutencao-viaria\/"},"modified":"2025-12-18T18:59:47","modified_gmt":"2025-12-18T22:59:47","slug":"servicos-manutencao-viaria","status":"publish","type":"post","link":"https:\/\/www.manaus.am.gov.br\/seminf\/servicos-manutencao-viaria\/","title":{"rendered":"Prefeitura de Manaus avan\u00e7a na mobilidade urbana e revitaliza via no bairro Gilberto Mestrinho"},"content":{"rendered":"\n<p>A Prefeitura de Manaus segue fortalecendo as a\u00e7\u00f5es de infraestrutura e mobilidade urbana na zona Leste da capital. Nesta quinta-feira, 18\/12, equipes da Secretaria Municipal de Infraestrutura (Seminf) executaram a recupera\u00e7\u00e3o asf\u00e1ltica da rua Guairana, antiga rua Rezende, no bairro Gilberto Mestrinho, garantindo mais seguran\u00e7a, fluidez no tr\u00e1fego e conforto para motoristas e pedestres.<\/p>\n\n\n\n<p>A obra integra o cronograma cont\u00ednuo de manuten\u00e7\u00e3o vi\u00e1ria da gest\u00e3o municipal, que prioriza a melhoria da trafegabilidade e a valoriza\u00e7\u00e3o dos bairros.<\/p>\n\n\n\n<p>O vice-prefeito e secret\u00e1rio de Obras, Renato Junior, destacou que o trabalho das equipes reflete a proximidade da prefeitura com a popula\u00e7\u00e3o e o compromisso em entregar resultados concretos.<\/p>\n\n\n\n<p>\u201cNossas equipes da Seminf seguem diariamente nas ruas, transformando vias e fortalecendo os sistemas de infraestrutura da cidade. S\u00e3o servi\u00e7os que aproximam a prefeitura da popula\u00e7\u00e3o e promovem mais qualidade de vida para quem vive em Manaus\u201d, afirmou Renato Junior.<\/p>\n\n\n\n<p>Os servi\u00e7os foram executados com agilidade e efici\u00eancia pelas equipes dos distritos de obras, contemplando todas as etapas t\u00e9cnicas necess\u00e1rias: prepara\u00e7\u00e3o da base com limpeza e imprima\u00e7\u00e3o, aplica\u00e7\u00e3o da massa asf\u00e1ltica e compacta\u00e7\u00e3o final com rolo compressor, assegurando durabilidade e qualidade \u00e0 via revitalizada.<\/p>\n\n\n\n<p>Morador da \u00e1rea, o aut\u00f4nomo Horleir Pereira, 47 anos, elogiou a atua\u00e7\u00e3o da secretaria e refor\u00e7ou a import\u00e2ncia da colabora\u00e7\u00e3o da comunidade.<\/p>\n\n\n\n<p>\u201cA Seminf est\u00e1 de parab\u00e9ns pelo trabalho. Agora \u00e9 importante que todos os moradores ajudem a preservar a rua, porque cuidar do espa\u00e7o p\u00fablico \u00e9 uma responsabilidade de todos\u201d, destacou Horleir.<\/p>\n\n\n\n<p>A Prefeitura de Manaus mant\u00e9m frentes de obras ativas em diversas zonas da cidade, reafirmando o compromisso com o aprimoramento da infraestrutura urbana, a valoriza\u00e7\u00e3o dos bairros e a constru\u00e7\u00e3o de uma capital mais segura, organizada e desenvolvida.<\/p>\n\n\n\n<p>\u2014&#8211; \u2014&#8211; \u2014&#8211;<br><strong>Texto &#8211; <\/strong>Maria Amed\/ Seminf<br><strong>Fotos &#8211;<\/strong> M\u00e1rcio Melo\/ Seminf<\/p>\n","protected":false},"excerpt":{"rendered":"","protected":false},"author":68,"featured_media":7964,"comment_status":"closed","ping_status":"closed","sticky":false,"template":"","format":"standard","meta":{"footnotes":""},"categories":[8],"tags":[2919,43,26,2920],"acf":[],"yoast_head":"<!-- This site is optimized with the Yoast SEO plugin v23.0 - https:\/\/yoast.com\/wordpress\/plugins\/seo\/ -->\n<title>Prefeitura de Manaus avan\u00e7a na mobilidade urbana<\/title>\n<meta name=\"description\" content=\"A Prefeitura de Manaus segue fortalecendo as a\u00e7\u00f5es de infraestrutura e mobilidade urbana na zona Leste da capital.\" \/>\n<meta name=\"robots\" content=\"index, follow, max-snippet:-1, max-image-preview:large, max-video-preview:-1\" \/>\n<link rel=\"canonical\" href=\"https:\/\/www.manaus.am.gov.br\/seminf\/servicos-manutencao-viaria\/\" \/>\n<meta property=\"og:locale\" content=\"pt_BR\" \/>\n<meta property=\"og:type\" content=\"article\" \/>\n<meta property=\"og:title\" content=\"Prefeitura de Manaus avan\u00e7a na mobilidade urbana\" \/>\n<meta property=\"og:description\" content=\"A Prefeitura de Manaus segue fortalecendo as a\u00e7\u00f5es de infraestrutura e mobilidade urbana na zona Leste da capital.\" \/>\n<meta property=\"og:url\" content=\"https:\/\/www.manaus.am.gov.br\/seminf\/servicos-manutencao-viaria\/\" \/>\n<meta property=\"og:site_name\" content=\"SEMINF\" \/>\n<meta property=\"article:published_time\" content=\"2025-12-18T22:59:46+00:00\" \/>\n<meta property=\"article:modified_time\" content=\"2025-12-18T22:59:47+00:00\" \/>\n<meta property=\"og:image\" content=\"https:\/\/www.manaus.am.gov.br\/seminf\/wp-content\/uploads\/sites\/6\/2025\/12\/Prefeitura-de-Manaus-avanca-na-mobilidade-urbana-e-revitaliza-via-no-bairro-Gilberto-Mestrinho.jpg\" \/>\n\t<meta property=\"og:image:width\" content=\"1600\" \/>\n\t<meta property=\"og:image:height\" content=\"1067\" \/>\n\t<meta property=\"og:image:type\" content=\"image\/jpeg\" \/>\n<meta name=\"author\" content=\"bvalente\" \/>\n<meta name=\"twitter:card\" content=\"summary_large_image\" \/>\n<meta name=\"twitter:label1\" content=\"Written by\" \/>\n\t<meta name=\"twitter:data1\" content=\"bvalente\" \/>\n\t<meta name=\"twitter:label2\" content=\"Est. reading time\" \/>\n\t<meta name=\"twitter:data2\" content=\"2 minutos\" \/>\n<script type=\"application\/ld+json\" class=\"yoast-schema-graph\">{\"@context\":\"https:\/\/schema.org\",\"@graph\":[{\"@type\":\"WebPage\",\"@id\":\"https:\/\/www.manaus.am.gov.br\/seminf\/servicos-manutencao-viaria\/\",\"url\":\"https:\/\/www.manaus.am.gov.br\/seminf\/servicos-manutencao-viaria\/\",\"name\":\"Prefeitura de Manaus avan\u00e7a na mobilidade urbana\",\"isPartOf\":{\"@id\":\"https:\/\/www.manaus.am.gov.br\/seminf\/#website\"},\"primaryImageOfPage\":{\"@id\":\"https:\/\/www.manaus.am.gov.br\/seminf\/servicos-manutencao-viaria\/#primaryimage\"},\"image\":{\"@id\":\"https:\/\/www.manaus.am.gov.br\/seminf\/servicos-manutencao-viaria\/#primaryimage\"},\"thumbnailUrl\":\"https:\/\/www.manaus.am.gov.br\/seminf\/wp-content\/uploads\/sites\/6\/2025\/12\/Prefeitura-de-Manaus-avanca-na-mobilidade-urbana-e-revitaliza-via-no-bairro-Gilberto-Mestrinho.jpg\",\"datePublished\":\"2025-12-18T22:59:46+00:00\",\"dateModified\":\"2025-12-18T22:59:47+00:00\",\"author\":{\"@id\":\"https:\/\/www.manaus.am.gov.br\/seminf\/#\/schema\/person\/466a0e03ae4b6062809046bd560ac955\"},\"description\":\"A Prefeitura de Manaus segue fortalecendo as a\u00e7\u00f5es de infraestrutura e mobilidade urbana na zona Leste da capital.\",\"inLanguage\":\"pt-BR\",\"potentialAction\":[{\"@type\":\"ReadAction\",\"target\":[\"https:\/\/www.manaus.am.gov.br\/seminf\/servicos-manutencao-viaria\/\"]}]},{\"@type\":\"ImageObject\",\"inLanguage\":\"pt-BR\",\"@id\":\"https:\/\/www.manaus.am.gov.br\/seminf\/servicos-manutencao-viaria\/#primaryimage\",\"url\":\"https:\/\/www.manaus.am.gov.br\/seminf\/wp-content\/uploads\/sites\/6\/2025\/12\/Prefeitura-de-Manaus-avanca-na-mobilidade-urbana-e-revitaliza-via-no-bairro-Gilberto-Mestrinho.jpg\",\"contentUrl\":\"https:\/\/www.manaus.am.gov.br\/seminf\/wp-content\/uploads\/sites\/6\/2025\/12\/Prefeitura-de-Manaus-avanca-na-mobilidade-urbana-e-revitaliza-via-no-bairro-Gilberto-Mestrinho.jpg\",\"width\":1600,\"height\":1067,\"caption\":\"#paratodosverem - Equipe da Seminf realizando a recupera\u00e7\u00e3o asf\u00e1ltica da rua Guairana\"},{\"@type\":\"WebSite\",\"@id\":\"https:\/\/www.manaus.am.gov.br\/seminf\/#website\",\"url\":\"https:\/\/www.manaus.am.gov.br\/seminf\/\",\"name\":\"Secretaria de Infraestrutura\",\"description\":\"Secretaria Municipal de Infraestrutura\",\"potentialAction\":[{\"@type\":\"SearchAction\",\"target\":{\"@type\":\"EntryPoint\",\"urlTemplate\":\"https:\/\/www.manaus.am.gov.br\/seminf\/?s={search_term_string}\"},\"query-input\":\"required name=search_term_string\"}],\"inLanguage\":\"pt-BR\"},{\"@type\":\"Person\",\"@id\":\"https:\/\/www.manaus.am.gov.br\/seminf\/#\/schema\/person\/466a0e03ae4b6062809046bd560ac955\",\"name\":\"bvalente\",\"image\":{\"@type\":\"ImageObject\",\"inLanguage\":\"pt-BR\",\"@id\":\"https:\/\/www.manaus.am.gov.br\/seminf\/#\/schema\/person\/image\/\",\"url\":\"https:\/\/secure.gravatar.com\/avatar\/3e69bc2b014bdad41adfec3a39de07d2?s=96&d=mm&r=g\",\"contentUrl\":\"https:\/\/secure.gravatar.com\/avatar\/3e69bc2b014bdad41adfec3a39de07d2?s=96&d=mm&r=g\",\"caption\":\"bvalente\"}}]}<\/script>\n<!-- \/ Yoast SEO plugin. -->","yoast_head_json":{"title":"Prefeitura de Manaus avan\u00e7a na mobilidade urbana","description":"A Prefeitura de Manaus segue fortalecendo as a\u00e7\u00f5es de infraestrutura e mobilidade urbana na zona Leste da capital.","robots":{"index":"index","follow":"follow","max-snippet":"max-snippet:-1","max-image-preview":"max-image-preview:large","max-video-preview":"max-video-preview:-1"},"canonical":"https:\/\/www.manaus.am.gov.br\/seminf\/servicos-manutencao-viaria\/","og_locale":"pt_BR","og_type":"article","og_title":"Prefeitura de Manaus avan\u00e7a na mobilidade urbana","og_description":"A Prefeitura de Manaus segue fortalecendo as a\u00e7\u00f5es de infraestrutura e mobilidade urbana na zona Leste da capital.","og_url":"https:\/\/www.manaus.am.gov.br\/seminf\/servicos-manutencao-viaria\/","og_site_name":"SEMINF","article_published_time":"2025-12-18T22:59:46+00:00","article_modified_time":"2025-12-18T22:59:47+00:00","og_image":[{"width":1600,"height":1067,"url":"https:\/\/www.manaus.am.gov.br\/seminf\/wp-content\/uploads\/sites\/6\/2025\/12\/Prefeitura-de-Manaus-avanca-na-mobilidade-urbana-e-revitaliza-via-no-bairro-Gilberto-Mestrinho.jpg","type":"image\/jpeg"}],"author":"bvalente","twitter_card":"summary_large_image","twitter_misc":{"Written by":"bvalente","Est. reading time":"2 minutos"},"schema":{"@context":"https:\/\/schema.org","@graph":[{"@type":"WebPage","@id":"https:\/\/www.manaus.am.gov.br\/seminf\/servicos-manutencao-viaria\/","url":"https:\/\/www.manaus.am.gov.br\/seminf\/servicos-manutencao-viaria\/","name":"Prefeitura de Manaus avan\u00e7a na mobilidade urbana","isPartOf":{"@id":"https:\/\/www.manaus.am.gov.br\/seminf\/#website"},"primaryImageOfPage":{"@id":"https:\/\/www.manaus.am.gov.br\/seminf\/servicos-manutencao-viaria\/#primaryimage"},"image":{"@id":"https:\/\/www.manaus.am.gov.br\/seminf\/servicos-manutencao-viaria\/#primaryimage"},"thumbnailUrl":"https:\/\/www.manaus.am.gov.br\/seminf\/wp-content\/uploads\/sites\/6\/2025\/12\/Prefeitura-de-Manaus-avanca-na-mobilidade-urbana-e-revitaliza-via-no-bairro-Gilberto-Mestrinho.jpg","datePublished":"2025-12-18T22:59:46+00:00","dateModified":"2025-12-18T22:59:47+00:00","author":{"@id":"https:\/\/www.manaus.am.gov.br\/seminf\/#\/schema\/person\/466a0e03ae4b6062809046bd560ac955"},"description":"A Prefeitura de Manaus segue fortalecendo as a\u00e7\u00f5es de infraestrutura e mobilidade urbana na zona Leste da capital.","inLanguage":"pt-BR","potentialAction":[{"@type":"ReadAction","target":["https:\/\/www.manaus.am.gov.br\/seminf\/servicos-manutencao-viaria\/"]}]},{"@type":"ImageObject","inLanguage":"pt-BR","@id":"https:\/\/www.manaus.am.gov.br\/seminf\/servicos-manutencao-viaria\/#primaryimage","url":"https:\/\/www.manaus.am.gov.br\/seminf\/wp-content\/uploads\/sites\/6\/2025\/12\/Prefeitura-de-Manaus-avanca-na-mobilidade-urbana-e-revitaliza-via-no-bairro-Gilberto-Mestrinho.jpg","contentUrl":"https:\/\/www.manaus.am.gov.br\/seminf\/wp-content\/uploads\/sites\/6\/2025\/12\/Prefeitura-de-Manaus-avanca-na-mobilidade-urbana-e-revitaliza-via-no-bairro-Gilberto-Mestrinho.jpg","width":1600,"height":1067,"caption":"#paratodosverem - Equipe da Seminf realizando a recupera\u00e7\u00e3o asf\u00e1ltica da rua Guairana"},{"@type":"WebSite","@id":"https:\/\/www.manaus.am.gov.br\/seminf\/#website","url":"https:\/\/www.manaus.am.gov.br\/seminf\/","name":"Secretaria de Infraestrutura","description":"Secretaria Municipal de Infraestrutura","potentialAction":[{"@type":"SearchAction","target":{"@type":"EntryPoint","urlTemplate":"https:\/\/www.manaus.am.gov.br\/seminf\/?s={search_term_string}"},"query-input":"required name=search_term_string"}],"inLanguage":"pt-BR"},{"@type":"Person","@id":"https:\/\/www.manaus.am.gov.br\/seminf\/#\/schema\/person\/466a0e03ae4b6062809046bd560ac955","name":"bvalente","image":{"@type":"ImageObject","inLanguage":"pt-BR","@id":"https:\/\/www.manaus.am.gov.br\/seminf\/#\/schema\/person\/image\/","url":"https:\/\/secure.gravatar.com\/avatar\/3e69bc2b014bdad41adfec3a39de07d2?s=96&d=mm&r=g","contentUrl":"https:\/\/secure.gravatar.com\/avatar\/3e69bc2b014bdad41adfec3a39de07d2?s=96&d=mm&r=g","caption":"bvalente"}}]}},"_links":{"self":[{"href":"https:\/\/www.manaus.am.gov.br\/seminf\/wp-json\/wp\/v2\/posts\/7963"}],"collection":[{"href":"https:\/\/www.manaus.am.gov.br\/seminf\/wp-json\/wp\/v2\/posts"}],"about":[{"href":"https:\/\/www.manaus.am.gov.br\/seminf\/wp-json\/wp\/v2\/types\/post"}],"author":[{"embeddable":true,"href":"https:\/\/www.manaus.am.gov.br\/seminf\/wp-json\/wp\/v2\/users\/68"}],"replies":[{"embeddable":true,"href":"https:\/\/www.manaus.am.gov.br\/seminf\/wp-json\/wp\/v2\/comments?post=7963"}],"version-history":[{"count":0,"href":"https:\/\/www.manaus.am.gov.br\/seminf\/wp-json\/wp\/v2\/posts\/7963\/revisions"}],"wp:featuredmedia":[{"embeddable":true,"href":"https:\/\/www.manaus.am.gov.br\/seminf\/wp-json\/wp\/v2\/media\/7964"}],"wp:attachment":[{"href":"https:\/\/www.manaus.am.gov.br\/seminf\/wp-json\/wp\/v2\/media?parent=7963"}],"wp:term":[{"taxonomy":"category","embeddable":true,"href":"https:\/\/www.manaus.am.gov.br\/seminf\/wp-json\/wp\/v2\/categories?post=7963"},{"taxonomy":"post_tag","embeddable":true,"href":"https:\/\/www.manaus.am.gov.br\/seminf\/wp-json\/wp\/v2\/tags?post=7963"}],"curies":[{"name":"wp","href":"https:\/\/api.w.org\/{rel}","templated":true}]}}