{"id":7961,"date":"2025-12-18T18:47:32","date_gmt":"2025-12-18T22:47:32","guid":{"rendered":"https:\/\/www.manaus.am.gov.br\/seminf\/reforco-drenagem-profunda\/"},"modified":"2025-12-18T18:47:33","modified_gmt":"2025-12-18T22:47:33","slug":"reforco-drenagem-profunda","status":"publish","type":"post","link":"https:\/\/www.manaus.am.gov.br\/seminf\/reforco-drenagem-profunda\/","title":{"rendered":"Prefeitura de Manaus atua em galeria subterr\u00e2nea e refor\u00e7a drenagem profunda ap\u00f3s chuvas intensas"},"content":{"rendered":"\n<p>A Prefeitura de Manaus segue atuando de forma imediata e t\u00e9cnica para minimizar os impactos das fortes chuvas na capital. Nesta quinta-feira, 18\/12, equipes da Secretaria Municipal de Infraestrutura (Seminf) executaram uma a\u00e7\u00e3o intensiva de manuten\u00e7\u00e3o no sistema de drenagem profunda da rua Rio Mar, no bairro Nossa Senhora das Gra\u00e7as, zona Centro-Sul, com foco na restaura\u00e7\u00e3o da efici\u00eancia do escoamento das \u00e1guas pluviais.<\/p>\n\n\n\n<p>O servi\u00e7o, realizado em uma galeria subterr\u00e2nea, \u00e9 fundamental para prevenir alagamentos, garantir a seguran\u00e7a da via e preservar o pleno funcionamento da infraestrutura urbana, especialmente ap\u00f3s epis\u00f3dios de chuvas torrenciais na capital.<\/p>\n\n\n\n<p>O vice-prefeito e secret\u00e1rio de Obras, Renato Junior, destacou o rigor t\u00e9cnico e o comprometimento das equipes durante a execu\u00e7\u00e3o do trabalho.<\/p>\n\n\n\n<p>\u201c\u00c9 uma interven\u00e7\u00e3o que exige muito cuidado e responsabilidade. Por determina\u00e7\u00e3o do prefeito David Almeida, nossas equipes da Seminf atuam com empenho para garantir obras de qualidade e benef\u00edcios diretos \u00e0 popula\u00e7\u00e3o. Mesmo ap\u00f3s o grande volume de chuvas, seguimos com a\u00e7\u00f5es bem-sucedidas, recuperando a infraestrutura e assegurando o funcionamento adequado do sistema de drenagem\u201d, afirmou Renato Junior.<\/p>\n\n\n\n<p>Para a execu\u00e7\u00e3o do servi\u00e7o, foi necess\u00e1rio acessar a galeria subterr\u00e2nea por meio de uma caixa coletora com cerca de cinco metros de profundidade, projetada para suportar o volume de \u00e1gua da via. Utilizando equipamentos e t\u00e9cnicas especializadas, as equipes realizaram a recupera\u00e7\u00e3o do trecho comprometido do sistema de drenagem, garantindo seguran\u00e7a durante a execu\u00e7\u00e3o de todo servi\u00e7o.<\/p>\n\n\n\n<p>Na etapa de anelamento das manilhas de concreto, foi utilizado o material conhecido como \u201cperereca\u201d, uma mistura de barro e cimento que ao ser molhado se transforma em concreto e garante maior resist\u00eancia e durabilidade \u00e0s conex\u00f5es dos tubos. Com a conclus\u00e3o da manuten\u00e7\u00e3o, a Seminf entrega mais uma interven\u00e7\u00e3o essencial, refor\u00e7ando o cuidado com a popula\u00e7\u00e3o e a efici\u00eancia do sistema de drenagem da \u00e1rea.<\/p>\n\n\n\n<p>Morador da regi\u00e3o, o motorista Anselmo Lima, 30 anos, aprovou a iniciativa e ressaltou a import\u00e2ncia da obra para o dia a dia da comunidade.<\/p>\n\n\n\n<p>\u201cA gente precisa muito desse tipo de servi\u00e7o, principalmente por causa do escoamento da \u00e1gua da chuva. Com o tempo, acabam surgindo buracos e os bueiros precisam de manuten\u00e7\u00e3o. Ver a equipe trabalhando aqui \u00e9 muito satisfat\u00f3rio para todos n\u00f3s\u201d, destacou Anselmo.<\/p>\n\n\n\n<p>A Prefeitura de Manaus mant\u00e9m frentes de trabalho ativas em diferentes zonas da cidade, com a\u00e7\u00f5es preventivas e corretivas que fortalecem os sistemas de escoamento, reduzem riscos durante o per\u00edodo chuvoso e garantem mais seguran\u00e7a e qualidade de vida para a popula\u00e7\u00e3o.<\/p>\n\n\n\n<p>\u2014&#8211; \u2014&#8211; \u2014&#8211;<br><strong>Texto &#8211; <\/strong>Maria Amed\/ Seminf<br><strong>Fotos &#8211;<\/strong> M\u00e1rcio Melo\/ Seminf<\/p>\n","protected":false},"excerpt":{"rendered":"","protected":false},"author":68,"featured_media":7962,"comment_status":"closed","ping_status":"closed","sticky":false,"template":"","format":"standard","meta":{"footnotes":""},"categories":[6],"tags":[43,2918,26],"acf":[],"yoast_head":"<!-- This site is optimized with the Yoast SEO plugin v23.0 - https:\/\/yoast.com\/wordpress\/plugins\/seo\/ -->\n<title>Prefeitura atua em galeria subterr\u00e2nea e refor\u00e7a drenagem profunda<\/title>\n<meta name=\"description\" content=\"A Prefeitura de Manaus segue atuando de forma imediata e t\u00e9cnica para minimizar os impactos das fortes chuvas na capital.\" \/>\n<meta name=\"robots\" content=\"index, follow, max-snippet:-1, max-image-preview:large, max-video-preview:-1\" \/>\n<link rel=\"canonical\" href=\"https:\/\/www.manaus.am.gov.br\/seminf\/reforco-drenagem-profunda\/\" \/>\n<meta property=\"og:locale\" content=\"pt_BR\" \/>\n<meta property=\"og:type\" content=\"article\" \/>\n<meta property=\"og:title\" content=\"Prefeitura atua em galeria subterr\u00e2nea e refor\u00e7a drenagem profunda\" \/>\n<meta property=\"og:description\" content=\"A Prefeitura de Manaus segue atuando de forma imediata e t\u00e9cnica para minimizar os impactos das fortes chuvas na capital.\" \/>\n<meta property=\"og:url\" content=\"https:\/\/www.manaus.am.gov.br\/seminf\/reforco-drenagem-profunda\/\" \/>\n<meta property=\"og:site_name\" content=\"SEMINF\" \/>\n<meta property=\"article:published_time\" content=\"2025-12-18T22:47:32+00:00\" \/>\n<meta property=\"article:modified_time\" content=\"2025-12-18T22:47:33+00:00\" \/>\n<meta property=\"og:image\" content=\"https:\/\/www.manaus.am.gov.br\/seminf\/wp-content\/uploads\/sites\/6\/2025\/12\/736A4631-1024x683.jpg\" \/>\n\t<meta property=\"og:image:width\" content=\"1024\" \/>\n\t<meta property=\"og:image:height\" content=\"683\" \/>\n\t<meta property=\"og:image:type\" content=\"image\/jpeg\" \/>\n<meta name=\"author\" content=\"bvalente\" \/>\n<meta name=\"twitter:card\" content=\"summary_large_image\" \/>\n<meta name=\"twitter:label1\" content=\"Written by\" \/>\n\t<meta name=\"twitter:data1\" content=\"bvalente\" \/>\n\t<meta name=\"twitter:label2\" content=\"Est. reading time\" \/>\n\t<meta name=\"twitter:data2\" content=\"3 minutos\" \/>\n<script type=\"application\/ld+json\" class=\"yoast-schema-graph\">{\"@context\":\"https:\/\/schema.org\",\"@graph\":[{\"@type\":\"WebPage\",\"@id\":\"https:\/\/www.manaus.am.gov.br\/seminf\/reforco-drenagem-profunda\/\",\"url\":\"https:\/\/www.manaus.am.gov.br\/seminf\/reforco-drenagem-profunda\/\",\"name\":\"Prefeitura atua em galeria subterr\u00e2nea e refor\u00e7a drenagem profunda\",\"isPartOf\":{\"@id\":\"https:\/\/www.manaus.am.gov.br\/seminf\/#website\"},\"primaryImageOfPage\":{\"@id\":\"https:\/\/www.manaus.am.gov.br\/seminf\/reforco-drenagem-profunda\/#primaryimage\"},\"image\":{\"@id\":\"https:\/\/www.manaus.am.gov.br\/seminf\/reforco-drenagem-profunda\/#primaryimage\"},\"thumbnailUrl\":\"https:\/\/www.manaus.am.gov.br\/seminf\/wp-content\/uploads\/sites\/6\/2025\/12\/736A4631.jpg\",\"datePublished\":\"2025-12-18T22:47:32+00:00\",\"dateModified\":\"2025-12-18T22:47:33+00:00\",\"author\":{\"@id\":\"https:\/\/www.manaus.am.gov.br\/seminf\/#\/schema\/person\/466a0e03ae4b6062809046bd560ac955\"},\"description\":\"A Prefeitura de Manaus segue atuando de forma imediata e t\u00e9cnica para minimizar os impactos das fortes chuvas na capital.\",\"inLanguage\":\"pt-BR\",\"potentialAction\":[{\"@type\":\"ReadAction\",\"target\":[\"https:\/\/www.manaus.am.gov.br\/seminf\/reforco-drenagem-profunda\/\"]}]},{\"@type\":\"ImageObject\",\"inLanguage\":\"pt-BR\",\"@id\":\"https:\/\/www.manaus.am.gov.br\/seminf\/reforco-drenagem-profunda\/#primaryimage\",\"url\":\"https:\/\/www.manaus.am.gov.br\/seminf\/wp-content\/uploads\/sites\/6\/2025\/12\/736A4631.jpg\",\"contentUrl\":\"https:\/\/www.manaus.am.gov.br\/seminf\/wp-content\/uploads\/sites\/6\/2025\/12\/736A4631.jpg\",\"width\":6720,\"height\":4480,\"caption\":\"#paratodosverem - Equipe da Seminf realizando servi\u00e7os em rede de drenagem\"},{\"@type\":\"WebSite\",\"@id\":\"https:\/\/www.manaus.am.gov.br\/seminf\/#website\",\"url\":\"https:\/\/www.manaus.am.gov.br\/seminf\/\",\"name\":\"Secretaria de Infraestrutura\",\"description\":\"Secretaria Municipal de Infraestrutura\",\"potentialAction\":[{\"@type\":\"SearchAction\",\"target\":{\"@type\":\"EntryPoint\",\"urlTemplate\":\"https:\/\/www.manaus.am.gov.br\/seminf\/?s={search_term_string}\"},\"query-input\":\"required name=search_term_string\"}],\"inLanguage\":\"pt-BR\"},{\"@type\":\"Person\",\"@id\":\"https:\/\/www.manaus.am.gov.br\/seminf\/#\/schema\/person\/466a0e03ae4b6062809046bd560ac955\",\"name\":\"bvalente\",\"image\":{\"@type\":\"ImageObject\",\"inLanguage\":\"pt-BR\",\"@id\":\"https:\/\/www.manaus.am.gov.br\/seminf\/#\/schema\/person\/image\/\",\"url\":\"https:\/\/secure.gravatar.com\/avatar\/3e69bc2b014bdad41adfec3a39de07d2?s=96&d=mm&r=g\",\"contentUrl\":\"https:\/\/secure.gravatar.com\/avatar\/3e69bc2b014bdad41adfec3a39de07d2?s=96&d=mm&r=g\",\"caption\":\"bvalente\"}}]}<\/script>\n<!-- \/ Yoast SEO plugin. -->","yoast_head_json":{"title":"Prefeitura atua em galeria subterr\u00e2nea e refor\u00e7a drenagem profunda","description":"A Prefeitura de Manaus segue atuando de forma imediata e t\u00e9cnica para minimizar os impactos das fortes chuvas na capital.","robots":{"index":"index","follow":"follow","max-snippet":"max-snippet:-1","max-image-preview":"max-image-preview:large","max-video-preview":"max-video-preview:-1"},"canonical":"https:\/\/www.manaus.am.gov.br\/seminf\/reforco-drenagem-profunda\/","og_locale":"pt_BR","og_type":"article","og_title":"Prefeitura atua em galeria subterr\u00e2nea e refor\u00e7a drenagem profunda","og_description":"A Prefeitura de Manaus segue atuando de forma imediata e t\u00e9cnica para minimizar os impactos das fortes chuvas na capital.","og_url":"https:\/\/www.manaus.am.gov.br\/seminf\/reforco-drenagem-profunda\/","og_site_name":"SEMINF","article_published_time":"2025-12-18T22:47:32+00:00","article_modified_time":"2025-12-18T22:47:33+00:00","og_image":[{"width":1024,"height":683,"url":"https:\/\/www.manaus.am.gov.br\/seminf\/wp-content\/uploads\/sites\/6\/2025\/12\/736A4631-1024x683.jpg","type":"image\/jpeg"}],"author":"bvalente","twitter_card":"summary_large_image","twitter_misc":{"Written by":"bvalente","Est. reading time":"3 minutos"},"schema":{"@context":"https:\/\/schema.org","@graph":[{"@type":"WebPage","@id":"https:\/\/www.manaus.am.gov.br\/seminf\/reforco-drenagem-profunda\/","url":"https:\/\/www.manaus.am.gov.br\/seminf\/reforco-drenagem-profunda\/","name":"Prefeitura atua em galeria subterr\u00e2nea e refor\u00e7a drenagem profunda","isPartOf":{"@id":"https:\/\/www.manaus.am.gov.br\/seminf\/#website"},"primaryImageOfPage":{"@id":"https:\/\/www.manaus.am.gov.br\/seminf\/reforco-drenagem-profunda\/#primaryimage"},"image":{"@id":"https:\/\/www.manaus.am.gov.br\/seminf\/reforco-drenagem-profunda\/#primaryimage"},"thumbnailUrl":"https:\/\/www.manaus.am.gov.br\/seminf\/wp-content\/uploads\/sites\/6\/2025\/12\/736A4631.jpg","datePublished":"2025-12-18T22:47:32+00:00","dateModified":"2025-12-18T22:47:33+00:00","author":{"@id":"https:\/\/www.manaus.am.gov.br\/seminf\/#\/schema\/person\/466a0e03ae4b6062809046bd560ac955"},"description":"A Prefeitura de Manaus segue atuando de forma imediata e t\u00e9cnica para minimizar os impactos das fortes chuvas na capital.","inLanguage":"pt-BR","potentialAction":[{"@type":"ReadAction","target":["https:\/\/www.manaus.am.gov.br\/seminf\/reforco-drenagem-profunda\/"]}]},{"@type":"ImageObject","inLanguage":"pt-BR","@id":"https:\/\/www.manaus.am.gov.br\/seminf\/reforco-drenagem-profunda\/#primaryimage","url":"https:\/\/www.manaus.am.gov.br\/seminf\/wp-content\/uploads\/sites\/6\/2025\/12\/736A4631.jpg","contentUrl":"https:\/\/www.manaus.am.gov.br\/seminf\/wp-content\/uploads\/sites\/6\/2025\/12\/736A4631.jpg","width":6720,"height":4480,"caption":"#paratodosverem - Equipe da Seminf realizando servi\u00e7os em rede de drenagem"},{"@type":"WebSite","@id":"https:\/\/www.manaus.am.gov.br\/seminf\/#website","url":"https:\/\/www.manaus.am.gov.br\/seminf\/","name":"Secretaria de Infraestrutura","description":"Secretaria Municipal de Infraestrutura","potentialAction":[{"@type":"SearchAction","target":{"@type":"EntryPoint","urlTemplate":"https:\/\/www.manaus.am.gov.br\/seminf\/?s={search_term_string}"},"query-input":"required name=search_term_string"}],"inLanguage":"pt-BR"},{"@type":"Person","@id":"https:\/\/www.manaus.am.gov.br\/seminf\/#\/schema\/person\/466a0e03ae4b6062809046bd560ac955","name":"bvalente","image":{"@type":"ImageObject","inLanguage":"pt-BR","@id":"https:\/\/www.manaus.am.gov.br\/seminf\/#\/schema\/person\/image\/","url":"https:\/\/secure.gravatar.com\/avatar\/3e69bc2b014bdad41adfec3a39de07d2?s=96&d=mm&r=g","contentUrl":"https:\/\/secure.gravatar.com\/avatar\/3e69bc2b014bdad41adfec3a39de07d2?s=96&d=mm&r=g","caption":"bvalente"}}]}},"_links":{"self":[{"href":"https:\/\/www.manaus.am.gov.br\/seminf\/wp-json\/wp\/v2\/posts\/7961"}],"collection":[{"href":"https:\/\/www.manaus.am.gov.br\/seminf\/wp-json\/wp\/v2\/posts"}],"about":[{"href":"https:\/\/www.manaus.am.gov.br\/seminf\/wp-json\/wp\/v2\/types\/post"}],"author":[{"embeddable":true,"href":"https:\/\/www.manaus.am.gov.br\/seminf\/wp-json\/wp\/v2\/users\/68"}],"replies":[{"embeddable":true,"href":"https:\/\/www.manaus.am.gov.br\/seminf\/wp-json\/wp\/v2\/comments?post=7961"}],"version-history":[{"count":0,"href":"https:\/\/www.manaus.am.gov.br\/seminf\/wp-json\/wp\/v2\/posts\/7961\/revisions"}],"wp:featuredmedia":[{"embeddable":true,"href":"https:\/\/www.manaus.am.gov.br\/seminf\/wp-json\/wp\/v2\/media\/7962"}],"wp:attachment":[{"href":"https:\/\/www.manaus.am.gov.br\/seminf\/wp-json\/wp\/v2\/media?parent=7961"}],"wp:term":[{"taxonomy":"category","embeddable":true,"href":"https:\/\/www.manaus.am.gov.br\/seminf\/wp-json\/wp\/v2\/categories?post=7961"},{"taxonomy":"post_tag","embeddable":true,"href":"https:\/\/www.manaus.am.gov.br\/seminf\/wp-json\/wp\/v2\/tags?post=7961"}],"curies":[{"name":"wp","href":"https:\/\/api.w.org\/{rel}","templated":true}]}}