{"id":7956,"date":"2025-12-18T17:45:11","date_gmt":"2025-12-18T21:45:11","guid":{"rendered":"https:\/\/www.manaus.am.gov.br\/seminf\/intervencao-viaria-armando-mendes\/"},"modified":"2025-12-18T17:45:11","modified_gmt":"2025-12-18T21:45:11","slug":"intervencao-viaria-armando-mendes","status":"publish","type":"post","link":"https:\/\/www.manaus.am.gov.br\/seminf\/intervencao-viaria-armando-mendes\/","title":{"rendered":"Prefeitura avan\u00e7a com interven\u00e7\u00e3o vi\u00e1ria para melhorar mobilidade no bairro Armando Mendes"},"content":{"rendered":"\n<p>A Prefeitura de Manaus segue investindo em solu\u00e7\u00f5es vi\u00e1rias que promovem mais fluidez, seguran\u00e7a e organiza\u00e7\u00e3o do tr\u00e2nsito na capital. Nesta quinta-feira, 18\/12, equipes da Secretaria Municipal de Infraestrutura (Seminf) avan\u00e7am na interven\u00e7\u00e3o vi\u00e1ria em execu\u00e7\u00e3o no bairro Armando Mendes, zona Leste, com a implanta\u00e7\u00e3o do novo retorno semaf\u00f3rico no cruzamento das avenidas Autaz Mirim e Itacolomy.<\/p>\n\n\n\n<p>A obra \u00e9 estrat\u00e9gica para melhorar a trafegabilidade da regi\u00e3o, reduzir congestionamentos e garantir mais seguran\u00e7a a motoristas e pedestres, especialmente nos hor\u00e1rios de pico, beneficiando diretamente quem circula diariamente pelo trecho.<\/p>\n\n\n\n<p>O vice-prefeito e secret\u00e1rio municipal de Obras, Renato Junior, ressaltou o avan\u00e7o dos servi\u00e7os e o impacto positivo da interven\u00e7\u00e3o para a zona Leste.<\/p>\n\n\n\n<p>&nbsp;\u201cNossos trabalhos seguem avan\u00e7ando de forma intensa e, na gest\u00e3o do prefeito David Almeida, atuamos para garantir um tr\u00e2nsito mais fluido e seguro em toda a cidade. Esse novo retorno semaf\u00f3rico vai desafogar o tr\u00e1fego da zona Leste, principalmente nos hor\u00e1rios de maior movimento, refletindo o compromisso da administra\u00e7\u00e3o com a mobilidade urbana e a seguran\u00e7a vi\u00e1ria\u201d, afirmou Renato Junior.<\/p>\n\n\n\n<p>Ap\u00f3s a conclus\u00e3o das etapas de reconstru\u00e7\u00e3o da drenagem profunda e superficial, implanta\u00e7\u00e3o de baia de \u00f4nibus e rampas de acessibilidade, as equipes avan\u00e7am com o reajuste do canteiro central e a recupera\u00e7\u00e3o asf\u00e1ltica da via. Essas interven\u00e7\u00f5es viabilizam o funcionamento do retorno semaf\u00f3rico e asseguram melhores condi\u00e7\u00f5es de circula\u00e7\u00e3o, al\u00e9m de acessibilidade e seguran\u00e7a para pedestres, que tamb\u00e9m contar\u00e3o com sinaliza\u00e7\u00e3o vertical e horizontal adequadas.<\/p>\n\n\n\n<p>A Prefeitura de Manaus mant\u00e9m frentes de obras simult\u00e2neas em todas as zonas da cidade, reafirmando o compromisso com a melhoria da mobilidade urbana, a valoriza\u00e7\u00e3o dos bairros e o fortalecimento da infraestrutura, com resultados concretos que impactam positivamente o dia a dia da popula\u00e7\u00e3o.<\/p>\n\n\n\n<figure class=\"wp-block-image size-large\"><img loading=\"lazy\" decoding=\"async\" width=\"1024\" height=\"682\" src=\"https:\/\/www.manaus.am.gov.br\/seminf\/wp-content\/uploads\/sites\/6\/2025\/12\/WhatsApp-Image-2025-12-18-at-17.12.33-2-1024x682.jpeg\" alt=\"\" class=\"wp-image-7957\" srcset=\"https:\/\/www.manaus.am.gov.br\/seminf\/wp-content\/uploads\/sites\/6\/2025\/12\/WhatsApp-Image-2025-12-18-at-17.12.33-2-1024x682.jpeg 1024w, https:\/\/www.manaus.am.gov.br\/seminf\/wp-content\/uploads\/sites\/6\/2025\/12\/WhatsApp-Image-2025-12-18-at-17.12.33-2-300x200.jpeg 300w, https:\/\/www.manaus.am.gov.br\/seminf\/wp-content\/uploads\/sites\/6\/2025\/12\/WhatsApp-Image-2025-12-18-at-17.12.33-2-768x512.jpeg 768w, https:\/\/www.manaus.am.gov.br\/seminf\/wp-content\/uploads\/sites\/6\/2025\/12\/WhatsApp-Image-2025-12-18-at-17.12.33-2-1536x1023.jpeg 1536w, https:\/\/www.manaus.am.gov.br\/seminf\/wp-content\/uploads\/sites\/6\/2025\/12\/WhatsApp-Image-2025-12-18-at-17.12.33-2.jpeg 1600w\" sizes=\"(max-width: 1024px) 100vw, 1024px\" \/><figcaption class=\"wp-element-caption\">#paratodosverem &#8211; Recupera\u00e7\u00e3o asf\u00e1ltica<\/figcaption><\/figure>\n\n\n\n<p>&#8212; &#8212; &#8212;<\/p>\n\n\n\n<p><strong>Texto<\/strong> &#8211; Maria Amed\/Seminf<\/p>\n\n\n\n<p><strong>Fotos &#8211;<\/strong> M\u00e1rcio Melo\/Seminf<\/p>\n","protected":false},"excerpt":{"rendered":"","protected":false},"author":39,"featured_media":7959,"comment_status":"closed","ping_status":"closed","sticky":false,"template":"","format":"standard","meta":{"footnotes":""},"categories":[4],"tags":[1434,873,43,26,391],"acf":[],"yoast_head":"<!-- This site is optimized with the Yoast SEO plugin v23.0 - https:\/\/yoast.com\/wordpress\/plugins\/seo\/ -->\n<title>Interven\u00e7\u00e3o vi\u00e1ria para melhorar mobilidade no Armando Mendes<\/title>\n<meta name=\"description\" content=\"Prefeitura de Manaus, por meio da Seminf, avan\u00e7a com interven\u00e7\u00e3o vi\u00e1ria para melhorar mobilidade no bairro Armando Mendes.\" \/>\n<meta name=\"robots\" content=\"index, follow, max-snippet:-1, max-image-preview:large, max-video-preview:-1\" \/>\n<link rel=\"canonical\" href=\"https:\/\/www.manaus.am.gov.br\/seminf\/intervencao-viaria-armando-mendes\/\" \/>\n<meta property=\"og:locale\" content=\"pt_BR\" \/>\n<meta property=\"og:type\" content=\"article\" \/>\n<meta property=\"og:title\" content=\"Interven\u00e7\u00e3o vi\u00e1ria para melhorar mobilidade no Armando Mendes\" \/>\n<meta property=\"og:description\" content=\"Prefeitura de Manaus, por meio da Seminf, avan\u00e7a com interven\u00e7\u00e3o vi\u00e1ria para melhorar mobilidade no bairro Armando Mendes.\" \/>\n<meta property=\"og:url\" content=\"https:\/\/www.manaus.am.gov.br\/seminf\/intervencao-viaria-armando-mendes\/\" \/>\n<meta property=\"og:site_name\" content=\"SEMINF\" \/>\n<meta property=\"article:published_time\" content=\"2025-12-18T21:45:11+00:00\" \/>\n<meta property=\"og:image\" content=\"https:\/\/www.manaus.am.gov.br\/seminf\/wp-content\/uploads\/sites\/6\/2025\/12\/WhatsApp-Image-2025-12-18-at-17.12.33-4.jpeg\" \/>\n\t<meta property=\"og:image:width\" content=\"1600\" \/>\n\t<meta property=\"og:image:height\" content=\"1066\" \/>\n\t<meta property=\"og:image:type\" content=\"image\/jpeg\" \/>\n<meta name=\"author\" content=\"Bruna Greco\" \/>\n<meta name=\"twitter:card\" content=\"summary_large_image\" \/>\n<meta name=\"twitter:label1\" content=\"Written by\" \/>\n\t<meta name=\"twitter:data1\" content=\"Bruna Greco\" \/>\n\t<meta name=\"twitter:label2\" content=\"Est. reading time\" \/>\n\t<meta name=\"twitter:data2\" content=\"3 minutos\" \/>\n<script type=\"application\/ld+json\" class=\"yoast-schema-graph\">{\"@context\":\"https:\/\/schema.org\",\"@graph\":[{\"@type\":\"WebPage\",\"@id\":\"https:\/\/www.manaus.am.gov.br\/seminf\/intervencao-viaria-armando-mendes\/\",\"url\":\"https:\/\/www.manaus.am.gov.br\/seminf\/intervencao-viaria-armando-mendes\/\",\"name\":\"Interven\u00e7\u00e3o vi\u00e1ria para melhorar mobilidade no Armando Mendes\",\"isPartOf\":{\"@id\":\"https:\/\/www.manaus.am.gov.br\/seminf\/#website\"},\"primaryImageOfPage\":{\"@id\":\"https:\/\/www.manaus.am.gov.br\/seminf\/intervencao-viaria-armando-mendes\/#primaryimage\"},\"image\":{\"@id\":\"https:\/\/www.manaus.am.gov.br\/seminf\/intervencao-viaria-armando-mendes\/#primaryimage\"},\"thumbnailUrl\":\"https:\/\/www.manaus.am.gov.br\/seminf\/wp-content\/uploads\/sites\/6\/2025\/12\/WhatsApp-Image-2025-12-18-at-17.12.33-4.jpeg\",\"datePublished\":\"2025-12-18T21:45:11+00:00\",\"dateModified\":\"2025-12-18T21:45:11+00:00\",\"author\":{\"@id\":\"https:\/\/www.manaus.am.gov.br\/seminf\/#\/schema\/person\/05d223aea2bf115f9883a6ff3683d81b\"},\"description\":\"Prefeitura de Manaus, por meio da Seminf, avan\u00e7a com interven\u00e7\u00e3o vi\u00e1ria para melhorar mobilidade no bairro Armando Mendes.\",\"inLanguage\":\"pt-BR\",\"potentialAction\":[{\"@type\":\"ReadAction\",\"target\":[\"https:\/\/www.manaus.am.gov.br\/seminf\/intervencao-viaria-armando-mendes\/\"]}]},{\"@type\":\"ImageObject\",\"inLanguage\":\"pt-BR\",\"@id\":\"https:\/\/www.manaus.am.gov.br\/seminf\/intervencao-viaria-armando-mendes\/#primaryimage\",\"url\":\"https:\/\/www.manaus.am.gov.br\/seminf\/wp-content\/uploads\/sites\/6\/2025\/12\/WhatsApp-Image-2025-12-18-at-17.12.33-4.jpeg\",\"contentUrl\":\"https:\/\/www.manaus.am.gov.br\/seminf\/wp-content\/uploads\/sites\/6\/2025\/12\/WhatsApp-Image-2025-12-18-at-17.12.33-4.jpeg\",\"width\":1600,\"height\":1066,\"caption\":\"#paratodosverem - Equipe da Seminf realizando o recapeamento asf\u00e1ltico de via no bairro Armando Mendes\"},{\"@type\":\"WebSite\",\"@id\":\"https:\/\/www.manaus.am.gov.br\/seminf\/#website\",\"url\":\"https:\/\/www.manaus.am.gov.br\/seminf\/\",\"name\":\"Secretaria de Infraestrutura\",\"description\":\"Secretaria Municipal de Infraestrutura\",\"potentialAction\":[{\"@type\":\"SearchAction\",\"target\":{\"@type\":\"EntryPoint\",\"urlTemplate\":\"https:\/\/www.manaus.am.gov.br\/seminf\/?s={search_term_string}\"},\"query-input\":\"required name=search_term_string\"}],\"inLanguage\":\"pt-BR\"},{\"@type\":\"Person\",\"@id\":\"https:\/\/www.manaus.am.gov.br\/seminf\/#\/schema\/person\/05d223aea2bf115f9883a6ff3683d81b\",\"name\":\"Bruna Greco\",\"image\":{\"@type\":\"ImageObject\",\"inLanguage\":\"pt-BR\",\"@id\":\"https:\/\/www.manaus.am.gov.br\/seminf\/#\/schema\/person\/image\/\",\"url\":\"https:\/\/secure.gravatar.com\/avatar\/9c877d1a6adc2a055330e5c09a8653ce?s=96&d=mm&r=g\",\"contentUrl\":\"https:\/\/secure.gravatar.com\/avatar\/9c877d1a6adc2a055330e5c09a8653ce?s=96&d=mm&r=g\",\"caption\":\"Bruna Greco\"}}]}<\/script>\n<!-- \/ Yoast SEO plugin. -->","yoast_head_json":{"title":"Interven\u00e7\u00e3o vi\u00e1ria para melhorar mobilidade no Armando Mendes","description":"Prefeitura de Manaus, por meio da Seminf, avan\u00e7a com interven\u00e7\u00e3o vi\u00e1ria para melhorar mobilidade no bairro Armando Mendes.","robots":{"index":"index","follow":"follow","max-snippet":"max-snippet:-1","max-image-preview":"max-image-preview:large","max-video-preview":"max-video-preview:-1"},"canonical":"https:\/\/www.manaus.am.gov.br\/seminf\/intervencao-viaria-armando-mendes\/","og_locale":"pt_BR","og_type":"article","og_title":"Interven\u00e7\u00e3o vi\u00e1ria para melhorar mobilidade no Armando Mendes","og_description":"Prefeitura de Manaus, por meio da Seminf, avan\u00e7a com interven\u00e7\u00e3o vi\u00e1ria para melhorar mobilidade no bairro Armando Mendes.","og_url":"https:\/\/www.manaus.am.gov.br\/seminf\/intervencao-viaria-armando-mendes\/","og_site_name":"SEMINF","article_published_time":"2025-12-18T21:45:11+00:00","og_image":[{"width":1600,"height":1066,"url":"https:\/\/www.manaus.am.gov.br\/seminf\/wp-content\/uploads\/sites\/6\/2025\/12\/WhatsApp-Image-2025-12-18-at-17.12.33-4.jpeg","type":"image\/jpeg"}],"author":"Bruna Greco","twitter_card":"summary_large_image","twitter_misc":{"Written by":"Bruna Greco","Est. reading time":"3 minutos"},"schema":{"@context":"https:\/\/schema.org","@graph":[{"@type":"WebPage","@id":"https:\/\/www.manaus.am.gov.br\/seminf\/intervencao-viaria-armando-mendes\/","url":"https:\/\/www.manaus.am.gov.br\/seminf\/intervencao-viaria-armando-mendes\/","name":"Interven\u00e7\u00e3o vi\u00e1ria para melhorar mobilidade no Armando Mendes","isPartOf":{"@id":"https:\/\/www.manaus.am.gov.br\/seminf\/#website"},"primaryImageOfPage":{"@id":"https:\/\/www.manaus.am.gov.br\/seminf\/intervencao-viaria-armando-mendes\/#primaryimage"},"image":{"@id":"https:\/\/www.manaus.am.gov.br\/seminf\/intervencao-viaria-armando-mendes\/#primaryimage"},"thumbnailUrl":"https:\/\/www.manaus.am.gov.br\/seminf\/wp-content\/uploads\/sites\/6\/2025\/12\/WhatsApp-Image-2025-12-18-at-17.12.33-4.jpeg","datePublished":"2025-12-18T21:45:11+00:00","dateModified":"2025-12-18T21:45:11+00:00","author":{"@id":"https:\/\/www.manaus.am.gov.br\/seminf\/#\/schema\/person\/05d223aea2bf115f9883a6ff3683d81b"},"description":"Prefeitura de Manaus, por meio da Seminf, avan\u00e7a com interven\u00e7\u00e3o vi\u00e1ria para melhorar mobilidade no bairro Armando Mendes.","inLanguage":"pt-BR","potentialAction":[{"@type":"ReadAction","target":["https:\/\/www.manaus.am.gov.br\/seminf\/intervencao-viaria-armando-mendes\/"]}]},{"@type":"ImageObject","inLanguage":"pt-BR","@id":"https:\/\/www.manaus.am.gov.br\/seminf\/intervencao-viaria-armando-mendes\/#primaryimage","url":"https:\/\/www.manaus.am.gov.br\/seminf\/wp-content\/uploads\/sites\/6\/2025\/12\/WhatsApp-Image-2025-12-18-at-17.12.33-4.jpeg","contentUrl":"https:\/\/www.manaus.am.gov.br\/seminf\/wp-content\/uploads\/sites\/6\/2025\/12\/WhatsApp-Image-2025-12-18-at-17.12.33-4.jpeg","width":1600,"height":1066,"caption":"#paratodosverem - Equipe da Seminf realizando o recapeamento asf\u00e1ltico de via no bairro Armando Mendes"},{"@type":"WebSite","@id":"https:\/\/www.manaus.am.gov.br\/seminf\/#website","url":"https:\/\/www.manaus.am.gov.br\/seminf\/","name":"Secretaria de Infraestrutura","description":"Secretaria Municipal de Infraestrutura","potentialAction":[{"@type":"SearchAction","target":{"@type":"EntryPoint","urlTemplate":"https:\/\/www.manaus.am.gov.br\/seminf\/?s={search_term_string}"},"query-input":"required name=search_term_string"}],"inLanguage":"pt-BR"},{"@type":"Person","@id":"https:\/\/www.manaus.am.gov.br\/seminf\/#\/schema\/person\/05d223aea2bf115f9883a6ff3683d81b","name":"Bruna Greco","image":{"@type":"ImageObject","inLanguage":"pt-BR","@id":"https:\/\/www.manaus.am.gov.br\/seminf\/#\/schema\/person\/image\/","url":"https:\/\/secure.gravatar.com\/avatar\/9c877d1a6adc2a055330e5c09a8653ce?s=96&d=mm&r=g","contentUrl":"https:\/\/secure.gravatar.com\/avatar\/9c877d1a6adc2a055330e5c09a8653ce?s=96&d=mm&r=g","caption":"Bruna Greco"}}]}},"_links":{"self":[{"href":"https:\/\/www.manaus.am.gov.br\/seminf\/wp-json\/wp\/v2\/posts\/7956"}],"collection":[{"href":"https:\/\/www.manaus.am.gov.br\/seminf\/wp-json\/wp\/v2\/posts"}],"about":[{"href":"https:\/\/www.manaus.am.gov.br\/seminf\/wp-json\/wp\/v2\/types\/post"}],"author":[{"embeddable":true,"href":"https:\/\/www.manaus.am.gov.br\/seminf\/wp-json\/wp\/v2\/users\/39"}],"replies":[{"embeddable":true,"href":"https:\/\/www.manaus.am.gov.br\/seminf\/wp-json\/wp\/v2\/comments?post=7956"}],"version-history":[{"count":1,"href":"https:\/\/www.manaus.am.gov.br\/seminf\/wp-json\/wp\/v2\/posts\/7956\/revisions"}],"predecessor-version":[{"id":7960,"href":"https:\/\/www.manaus.am.gov.br\/seminf\/wp-json\/wp\/v2\/posts\/7956\/revisions\/7960"}],"wp:featuredmedia":[{"embeddable":true,"href":"https:\/\/www.manaus.am.gov.br\/seminf\/wp-json\/wp\/v2\/media\/7959"}],"wp:attachment":[{"href":"https:\/\/www.manaus.am.gov.br\/seminf\/wp-json\/wp\/v2\/media?parent=7956"}],"wp:term":[{"taxonomy":"category","embeddable":true,"href":"https:\/\/www.manaus.am.gov.br\/seminf\/wp-json\/wp\/v2\/categories?post=7956"},{"taxonomy":"post_tag","embeddable":true,"href":"https:\/\/www.manaus.am.gov.br\/seminf\/wp-json\/wp\/v2\/tags?post=7956"}],"curies":[{"name":"wp","href":"https:\/\/api.w.org\/{rel}","templated":true}]}}