{"id":7947,"date":"2025-12-18T17:02:27","date_gmt":"2025-12-18T21:02:27","guid":{"rendered":"https:\/\/www.manaus.am.gov.br\/seminf\/frentes-obras-centro-historico\/"},"modified":"2025-12-18T17:07:59","modified_gmt":"2025-12-18T21:07:59","slug":"frentes-obras-centro-historico","status":"publish","type":"post","link":"https:\/\/www.manaus.am.gov.br\/seminf\/frentes-obras-centro-historico\/","title":{"rendered":"Prefeitura de Manaus intensifica frentes de obras e refor\u00e7a infraestrutura no centro hist\u00f3rico"},"content":{"rendered":"\n<p>A Prefeitura de Manaus segue avan\u00e7ando com a\u00e7\u00f5es estrat\u00e9gicas de manuten\u00e7\u00e3o urbana no cora\u00e7\u00e3o da capital. Nesta quinta-feira, 18\/12, equipes da Secretaria Municipal de Infraestrutura (Seminf) atuam em diferentes frentes de obras no centro hist\u00f3rico, zona Sul, com servi\u00e7os voltados \u00e0 melhoria do passeio p\u00fablico, desobstru\u00e7\u00e3o de bueiros e manuten\u00e7\u00e3o das redes de drenagem, garantindo mais seguran\u00e7a, mobilidade e qualidade de vida para quem vive e circula pela regi\u00e3o.<\/p>\n\n\n\n<p>As interven\u00e7\u00f5es s\u00e3o fundamentais para prevenir alagamentos, preservar o patrim\u00f4nio urbano e assegurar melhores condi\u00e7\u00f5es de tr\u00e1fego, especialmente em uma \u00e1rea de grande fluxo de ve\u00edculos, pedestres e atividades comerciais.<\/p>\n\n\n\n<p>O vice-prefeito e secret\u00e1rio de Obras, Renato Junior, destacou a atua\u00e7\u00e3o cont\u00ednua da gest\u00e3o municipal no Centro.<\/p>\n\n\n\n<p>\u201cEstamos trabalhando de forma permanente na manuten\u00e7\u00e3o da infraestrutura do centro hist\u00f3rico, com servi\u00e7os que v\u00e3o desde a recupera\u00e7\u00e3o do passeio p\u00fablico at\u00e9 a limpeza e manuten\u00e7\u00e3o das drenagens, al\u00e9m dos servi\u00e7os de manuten\u00e7\u00e3o das vias. Essas a\u00e7\u00f5es s\u00e3o essenciais para garantir mais seguran\u00e7a e mobilidade, conforme determina\u00e7\u00e3o do prefeito David Almeida, que prioriza o cuidado com a cidade em todas as zonas da capital\u201d, afirmou Renato Junior.<\/p>\n\n\n\n<p>Na tradicional avenida Eduardo Ribeiro, uma das frentes de obra atua na manuten\u00e7\u00e3o do pavimento em paver. O servi\u00e7o inclui a remo\u00e7\u00e3o dos blocos danificados e a instala\u00e7\u00e3o de novas pe\u00e7as de concreto, proporcionando maior durabilidade, seguran\u00e7a e trafegabilidade em um dos principais cart\u00f5es-postais da cidade, que recebe intenso fluxo di\u00e1rio de ve\u00edculos e pedestres.<\/p>\n\n\n\n<p>De forma simult\u00e2nea, equipes realizam a desobstru\u00e7\u00e3o de caixas coletoras em importantes vias do Centro, como as avenidas Constantino Nery e Ramos Ferreira, al\u00e9m da rua dos Bar\u00e9s. Os servi\u00e7os eliminam lixos acumulados que s\u00e3o&nbsp;descartados em via p\u00fablica de forma irregular e comprometiam o escoamento das \u00e1guas pluviais e provocavam alagamentos durante o per\u00edodo chuvoso. A Seminf tamb\u00e9m executa manuten\u00e7\u00e3o na rede de drenagem profunda da avenida Japur\u00e1, refor\u00e7ando a efici\u00eancia do sistema.<\/p>\n\n\n\n<p>As a\u00e7\u00f5es simult\u00e2neas no centro hist\u00f3rico reafirmam o compromisso da Prefeitura de Manaus com a preserva\u00e7\u00e3o, seguran\u00e7a e bem-estar de moradores, comerciantes, trabalhadores e visitantes, assegurando melhores condi\u00e7\u00f5es de uso e valoriza\u00e7\u00e3o de uma das regi\u00f5es mais emblem\u00e1ticas da capital amazonense.<\/p>\n\n\n\n<figure class=\"wp-block-image size-large\"><img loading=\"lazy\" decoding=\"async\" width=\"1024\" height=\"1024\" src=\"https:\/\/www.manaus.am.gov.br\/seminf\/wp-content\/uploads\/sites\/6\/2025\/12\/WhatsApp-Image-2025-12-18-at-16.57.28-1024x1024.jpeg\" alt=\"\" class=\"wp-image-7950\" srcset=\"https:\/\/www.manaus.am.gov.br\/seminf\/wp-content\/uploads\/sites\/6\/2025\/12\/WhatsApp-Image-2025-12-18-at-16.57.28-1024x1024.jpeg 1024w, https:\/\/www.manaus.am.gov.br\/seminf\/wp-content\/uploads\/sites\/6\/2025\/12\/WhatsApp-Image-2025-12-18-at-16.57.28-300x300.jpeg 300w, https:\/\/www.manaus.am.gov.br\/seminf\/wp-content\/uploads\/sites\/6\/2025\/12\/WhatsApp-Image-2025-12-18-at-16.57.28-150x150.jpeg 150w, https:\/\/www.manaus.am.gov.br\/seminf\/wp-content\/uploads\/sites\/6\/2025\/12\/WhatsApp-Image-2025-12-18-at-16.57.28-768x768.jpeg 768w, https:\/\/www.manaus.am.gov.br\/seminf\/wp-content\/uploads\/sites\/6\/2025\/12\/WhatsApp-Image-2025-12-18-at-16.57.28.jpeg 1128w\" sizes=\"(max-width: 1024px) 100vw, 1024px\" \/><figcaption class=\"wp-element-caption\">#paratodosverem &#8211; Desobstru\u00e7\u00e3o de caixa coletora<\/figcaption><\/figure>\n\n\n\n<p>&#8212; &#8212; &#8212;<\/p>\n\n\n\n<p><strong>Texto<\/strong>&nbsp;&#8211; Eduarda Lira\/Seminf<\/p>\n\n\n\n<p><strong>Fotos <\/strong>&#8211; Divulga\u00e7\u00e3o\/Seminf<\/p>\n\n\n\n<p> <\/p>\n","protected":false},"excerpt":{"rendered":"","protected":false},"author":39,"featured_media":7948,"comment_status":"closed","ping_status":"closed","sticky":false,"template":"","format":"standard","meta":{"footnotes":""},"categories":[6],"tags":[2917,1600,1572,43,26],"acf":[],"yoast_head":"<!-- This site is optimized with the Yoast SEO plugin v23.0 - https:\/\/yoast.com\/wordpress\/plugins\/seo\/ -->\n<title>Prefeitura intensifica frentes de obras e refor\u00e7a infraestrutura no centro hist\u00f3rico<\/title>\n<meta name=\"description\" content=\"Prefeitura de Manaus, por meio da Seminf, intensifica frentes de obras e refor\u00e7a infraestrutura no centro hist\u00f3rico.\" \/>\n<meta name=\"robots\" content=\"index, follow, max-snippet:-1, max-image-preview:large, max-video-preview:-1\" \/>\n<link rel=\"canonical\" href=\"https:\/\/www.manaus.am.gov.br\/seminf\/frentes-obras-centro-historico\/\" \/>\n<meta property=\"og:locale\" content=\"pt_BR\" \/>\n<meta property=\"og:type\" content=\"article\" \/>\n<meta property=\"og:title\" content=\"Prefeitura intensifica frentes de obras e refor\u00e7a infraestrutura no centro hist\u00f3rico\" \/>\n<meta property=\"og:description\" content=\"Prefeitura de Manaus, por meio da Seminf, intensifica frentes de obras e refor\u00e7a infraestrutura no centro hist\u00f3rico.\" \/>\n<meta property=\"og:url\" content=\"https:\/\/www.manaus.am.gov.br\/seminf\/frentes-obras-centro-historico\/\" \/>\n<meta property=\"og:site_name\" content=\"SEMINF\" \/>\n<meta property=\"article:published_time\" content=\"2025-12-18T21:02:27+00:00\" \/>\n<meta property=\"article:modified_time\" content=\"2025-12-18T21:07:59+00:00\" \/>\n<meta property=\"og:image\" content=\"https:\/\/www.manaus.am.gov.br\/seminf\/wp-content\/uploads\/sites\/6\/2025\/12\/WhatsApp-Image-2025-12-18-at-16.57.28-1.jpeg\" \/>\n\t<meta property=\"og:image:width\" content=\"1600\" \/>\n\t<meta property=\"og:image:height\" content=\"863\" \/>\n\t<meta property=\"og:image:type\" content=\"image\/jpeg\" \/>\n<meta name=\"author\" content=\"Bruna Greco\" \/>\n<meta name=\"twitter:card\" content=\"summary_large_image\" \/>\n<meta name=\"twitter:label1\" content=\"Written by\" \/>\n\t<meta name=\"twitter:data1\" content=\"Bruna Greco\" \/>\n\t<meta name=\"twitter:label2\" content=\"Est. reading time\" \/>\n\t<meta name=\"twitter:data2\" content=\"3 minutos\" \/>\n<script type=\"application\/ld+json\" class=\"yoast-schema-graph\">{\"@context\":\"https:\/\/schema.org\",\"@graph\":[{\"@type\":\"WebPage\",\"@id\":\"https:\/\/www.manaus.am.gov.br\/seminf\/frentes-obras-centro-historico\/\",\"url\":\"https:\/\/www.manaus.am.gov.br\/seminf\/frentes-obras-centro-historico\/\",\"name\":\"Prefeitura intensifica frentes de obras e refor\u00e7a infraestrutura no centro hist\u00f3rico\",\"isPartOf\":{\"@id\":\"https:\/\/www.manaus.am.gov.br\/seminf\/#website\"},\"primaryImageOfPage\":{\"@id\":\"https:\/\/www.manaus.am.gov.br\/seminf\/frentes-obras-centro-historico\/#primaryimage\"},\"image\":{\"@id\":\"https:\/\/www.manaus.am.gov.br\/seminf\/frentes-obras-centro-historico\/#primaryimage\"},\"thumbnailUrl\":\"https:\/\/www.manaus.am.gov.br\/seminf\/wp-content\/uploads\/sites\/6\/2025\/12\/WhatsApp-Image-2025-12-18-at-16.57.28-1.jpeg\",\"datePublished\":\"2025-12-18T21:02:27+00:00\",\"dateModified\":\"2025-12-18T21:07:59+00:00\",\"author\":{\"@id\":\"https:\/\/www.manaus.am.gov.br\/seminf\/#\/schema\/person\/05d223aea2bf115f9883a6ff3683d81b\"},\"description\":\"Prefeitura de Manaus, por meio da Seminf, intensifica frentes de obras e refor\u00e7a infraestrutura no centro hist\u00f3rico.\",\"inLanguage\":\"pt-BR\",\"potentialAction\":[{\"@type\":\"ReadAction\",\"target\":[\"https:\/\/www.manaus.am.gov.br\/seminf\/frentes-obras-centro-historico\/\"]}]},{\"@type\":\"ImageObject\",\"inLanguage\":\"pt-BR\",\"@id\":\"https:\/\/www.manaus.am.gov.br\/seminf\/frentes-obras-centro-historico\/#primaryimage\",\"url\":\"https:\/\/www.manaus.am.gov.br\/seminf\/wp-content\/uploads\/sites\/6\/2025\/12\/WhatsApp-Image-2025-12-18-at-16.57.28-1.jpeg\",\"contentUrl\":\"https:\/\/www.manaus.am.gov.br\/seminf\/wp-content\/uploads\/sites\/6\/2025\/12\/WhatsApp-Image-2025-12-18-at-16.57.28-1.jpeg\",\"width\":1600,\"height\":863,\"caption\":\"#paratodosverem - Equipe da Seminf realizando servi\u00e7o de infraestrutura em via do centro da cidade\"},{\"@type\":\"WebSite\",\"@id\":\"https:\/\/www.manaus.am.gov.br\/seminf\/#website\",\"url\":\"https:\/\/www.manaus.am.gov.br\/seminf\/\",\"name\":\"Secretaria de Infraestrutura\",\"description\":\"Secretaria Municipal de Infraestrutura\",\"potentialAction\":[{\"@type\":\"SearchAction\",\"target\":{\"@type\":\"EntryPoint\",\"urlTemplate\":\"https:\/\/www.manaus.am.gov.br\/seminf\/?s={search_term_string}\"},\"query-input\":\"required name=search_term_string\"}],\"inLanguage\":\"pt-BR\"},{\"@type\":\"Person\",\"@id\":\"https:\/\/www.manaus.am.gov.br\/seminf\/#\/schema\/person\/05d223aea2bf115f9883a6ff3683d81b\",\"name\":\"Bruna Greco\",\"image\":{\"@type\":\"ImageObject\",\"inLanguage\":\"pt-BR\",\"@id\":\"https:\/\/www.manaus.am.gov.br\/seminf\/#\/schema\/person\/image\/\",\"url\":\"https:\/\/secure.gravatar.com\/avatar\/9c877d1a6adc2a055330e5c09a8653ce?s=96&d=mm&r=g\",\"contentUrl\":\"https:\/\/secure.gravatar.com\/avatar\/9c877d1a6adc2a055330e5c09a8653ce?s=96&d=mm&r=g\",\"caption\":\"Bruna Greco\"}}]}<\/script>\n<!-- \/ Yoast SEO plugin. -->","yoast_head_json":{"title":"Prefeitura intensifica frentes de obras e refor\u00e7a infraestrutura no centro hist\u00f3rico","description":"Prefeitura de Manaus, por meio da Seminf, intensifica frentes de obras e refor\u00e7a infraestrutura no centro hist\u00f3rico.","robots":{"index":"index","follow":"follow","max-snippet":"max-snippet:-1","max-image-preview":"max-image-preview:large","max-video-preview":"max-video-preview:-1"},"canonical":"https:\/\/www.manaus.am.gov.br\/seminf\/frentes-obras-centro-historico\/","og_locale":"pt_BR","og_type":"article","og_title":"Prefeitura intensifica frentes de obras e refor\u00e7a infraestrutura no centro hist\u00f3rico","og_description":"Prefeitura de Manaus, por meio da Seminf, intensifica frentes de obras e refor\u00e7a infraestrutura no centro hist\u00f3rico.","og_url":"https:\/\/www.manaus.am.gov.br\/seminf\/frentes-obras-centro-historico\/","og_site_name":"SEMINF","article_published_time":"2025-12-18T21:02:27+00:00","article_modified_time":"2025-12-18T21:07:59+00:00","og_image":[{"width":1600,"height":863,"url":"https:\/\/www.manaus.am.gov.br\/seminf\/wp-content\/uploads\/sites\/6\/2025\/12\/WhatsApp-Image-2025-12-18-at-16.57.28-1.jpeg","type":"image\/jpeg"}],"author":"Bruna Greco","twitter_card":"summary_large_image","twitter_misc":{"Written by":"Bruna Greco","Est. reading time":"3 minutos"},"schema":{"@context":"https:\/\/schema.org","@graph":[{"@type":"WebPage","@id":"https:\/\/www.manaus.am.gov.br\/seminf\/frentes-obras-centro-historico\/","url":"https:\/\/www.manaus.am.gov.br\/seminf\/frentes-obras-centro-historico\/","name":"Prefeitura intensifica frentes de obras e refor\u00e7a infraestrutura no centro hist\u00f3rico","isPartOf":{"@id":"https:\/\/www.manaus.am.gov.br\/seminf\/#website"},"primaryImageOfPage":{"@id":"https:\/\/www.manaus.am.gov.br\/seminf\/frentes-obras-centro-historico\/#primaryimage"},"image":{"@id":"https:\/\/www.manaus.am.gov.br\/seminf\/frentes-obras-centro-historico\/#primaryimage"},"thumbnailUrl":"https:\/\/www.manaus.am.gov.br\/seminf\/wp-content\/uploads\/sites\/6\/2025\/12\/WhatsApp-Image-2025-12-18-at-16.57.28-1.jpeg","datePublished":"2025-12-18T21:02:27+00:00","dateModified":"2025-12-18T21:07:59+00:00","author":{"@id":"https:\/\/www.manaus.am.gov.br\/seminf\/#\/schema\/person\/05d223aea2bf115f9883a6ff3683d81b"},"description":"Prefeitura de Manaus, por meio da Seminf, intensifica frentes de obras e refor\u00e7a infraestrutura no centro hist\u00f3rico.","inLanguage":"pt-BR","potentialAction":[{"@type":"ReadAction","target":["https:\/\/www.manaus.am.gov.br\/seminf\/frentes-obras-centro-historico\/"]}]},{"@type":"ImageObject","inLanguage":"pt-BR","@id":"https:\/\/www.manaus.am.gov.br\/seminf\/frentes-obras-centro-historico\/#primaryimage","url":"https:\/\/www.manaus.am.gov.br\/seminf\/wp-content\/uploads\/sites\/6\/2025\/12\/WhatsApp-Image-2025-12-18-at-16.57.28-1.jpeg","contentUrl":"https:\/\/www.manaus.am.gov.br\/seminf\/wp-content\/uploads\/sites\/6\/2025\/12\/WhatsApp-Image-2025-12-18-at-16.57.28-1.jpeg","width":1600,"height":863,"caption":"#paratodosverem - Equipe da Seminf realizando servi\u00e7o de infraestrutura em via do centro da cidade"},{"@type":"WebSite","@id":"https:\/\/www.manaus.am.gov.br\/seminf\/#website","url":"https:\/\/www.manaus.am.gov.br\/seminf\/","name":"Secretaria de Infraestrutura","description":"Secretaria Municipal de Infraestrutura","potentialAction":[{"@type":"SearchAction","target":{"@type":"EntryPoint","urlTemplate":"https:\/\/www.manaus.am.gov.br\/seminf\/?s={search_term_string}"},"query-input":"required name=search_term_string"}],"inLanguage":"pt-BR"},{"@type":"Person","@id":"https:\/\/www.manaus.am.gov.br\/seminf\/#\/schema\/person\/05d223aea2bf115f9883a6ff3683d81b","name":"Bruna Greco","image":{"@type":"ImageObject","inLanguage":"pt-BR","@id":"https:\/\/www.manaus.am.gov.br\/seminf\/#\/schema\/person\/image\/","url":"https:\/\/secure.gravatar.com\/avatar\/9c877d1a6adc2a055330e5c09a8653ce?s=96&d=mm&r=g","contentUrl":"https:\/\/secure.gravatar.com\/avatar\/9c877d1a6adc2a055330e5c09a8653ce?s=96&d=mm&r=g","caption":"Bruna Greco"}}]}},"_links":{"self":[{"href":"https:\/\/www.manaus.am.gov.br\/seminf\/wp-json\/wp\/v2\/posts\/7947"}],"collection":[{"href":"https:\/\/www.manaus.am.gov.br\/seminf\/wp-json\/wp\/v2\/posts"}],"about":[{"href":"https:\/\/www.manaus.am.gov.br\/seminf\/wp-json\/wp\/v2\/types\/post"}],"author":[{"embeddable":true,"href":"https:\/\/www.manaus.am.gov.br\/seminf\/wp-json\/wp\/v2\/users\/39"}],"replies":[{"embeddable":true,"href":"https:\/\/www.manaus.am.gov.br\/seminf\/wp-json\/wp\/v2\/comments?post=7947"}],"version-history":[{"count":6,"href":"https:\/\/www.manaus.am.gov.br\/seminf\/wp-json\/wp\/v2\/posts\/7947\/revisions"}],"predecessor-version":[{"id":7955,"href":"https:\/\/www.manaus.am.gov.br\/seminf\/wp-json\/wp\/v2\/posts\/7947\/revisions\/7955"}],"wp:featuredmedia":[{"embeddable":true,"href":"https:\/\/www.manaus.am.gov.br\/seminf\/wp-json\/wp\/v2\/media\/7948"}],"wp:attachment":[{"href":"https:\/\/www.manaus.am.gov.br\/seminf\/wp-json\/wp\/v2\/media?parent=7947"}],"wp:term":[{"taxonomy":"category","embeddable":true,"href":"https:\/\/www.manaus.am.gov.br\/seminf\/wp-json\/wp\/v2\/categories?post=7947"},{"taxonomy":"post_tag","embeddable":true,"href":"https:\/\/www.manaus.am.gov.br\/seminf\/wp-json\/wp\/v2\/tags?post=7947"}],"curies":[{"name":"wp","href":"https:\/\/api.w.org\/{rel}","templated":true}]}}