{"id":7945,"date":"2025-12-18T16:55:55","date_gmt":"2025-12-18T20:55:55","guid":{"rendered":"https:\/\/www.manaus.am.gov.br\/seminf\/servicos-de-limpeza-de-drenagem\/"},"modified":"2025-12-18T16:55:57","modified_gmt":"2025-12-18T20:55:57","slug":"servicos-de-limpeza-de-drenagem","status":"publish","type":"post","link":"https:\/\/www.manaus.am.gov.br\/seminf\/servicos-de-limpeza-de-drenagem\/","title":{"rendered":"Prefeitura de Manaus intensifica servi\u00e7os de limpeza de drenagem e previne alagamentos no bairro L\u00edrio do Vale"},"content":{"rendered":"\n<p>A Prefeitura de Manaus segue refor\u00e7ando as a\u00e7\u00f5es preventivas de infraestrutura em todas as zonas da capital. Nesta quinta-feira, 18\/12, equipes da Secretaria Municipal de Infraestrutura (Seminf) realizaram servi\u00e7os de limpeza e desobstru\u00e7\u00e3o da caixa coletora na avenida Laguna, no bairro L\u00edrio do Vale, garantindo o pleno funcionamento do sistema de drenagem da \u00e1rea.<\/p>\n\n\n\n<p>A interven\u00e7\u00e3o \u00e9 essencial para assegurar o escoamento adequado das \u00e1guas pluviais, reduzir riscos de alagamentos e proporcionar mais seguran\u00e7a e tranquilidade aos moradores, especialmente durante o per\u00edodo chuvoso.<\/p>\n\n\n\n<p>O vice-prefeito e secret\u00e1rio de Obras, Renato Junior, destacou a import\u00e2ncia das manuten\u00e7\u00f5es preventivas realizadas diariamente pela gest\u00e3o municipal.<\/p>\n\n\n\n<p>\u201cO descarte irregular de lixo em via p\u00fablica continua sendo um grande desafio para o pleno funcionamento do sistema de drenagem.&nbsp; Sacolas, embalagens, m\u00f3veis e res\u00edduos jogados nas ruas acabam sendo arrastados pelas chuvas, obstruindo a rede de drenagem e provocando transtornos para toda a popula\u00e7\u00e3o. Por determina\u00e7\u00e3o do prefeito David Almeida, esse trabalho de limpeza e preven\u00e7\u00e3o \u00e9 realizado diariamente em todas as zonas de Manaus, para reduzir riscos de alagamentos e garantir mais seguran\u00e7a e qualidade de vida para a popula\u00e7\u00e3o&#8221;, afirma Renato Junior.<\/p>\n\n\n\n<p>Com o servi\u00e7o de limpeza preventiva, o risco desses transtornos \u00e9 significativamente reduzido, permitindo que a \u00e1gua da chuva escoe com mais rapidez e efici\u00eancia, protegendo a infraestrutura urbana e o dia a dia da popula\u00e7\u00e3o.<\/p>\n\n\n\n<p>A Prefeitura de Manaus mant\u00e9m equipes atuando de forma cont\u00ednua, de Norte a Sul, de Leste a Oeste da capital, refor\u00e7ando o compromisso com a preven\u00e7\u00e3o, a seguran\u00e7a e a melhoria da qualidade de vida dos manauaras, sobretudo neste per\u00edodo de chuvas intensas.<\/p>\n\n\n\n<p>\u2014&#8211; \u2014&#8211; \u2014-<br><strong>Texto <\/strong>&#8211; Rayana Coutinho\/ Seminf<br><strong>Fotos &#8211; <\/strong>Divulga\u00e7\u00e3o \/ Seminf<\/p>\n","protected":false},"excerpt":{"rendered":"","protected":false},"author":68,"featured_media":7946,"comment_status":"closed","ping_status":"closed","sticky":false,"template":"","format":"standard","meta":{"footnotes":""},"categories":[3],"tags":[2915,2916,43,26],"acf":[],"yoast_head":"<!-- This site is optimized with the Yoast SEO plugin v23.0 - https:\/\/yoast.com\/wordpress\/plugins\/seo\/ -->\n<title>Prefeitura de Manaus intensifica servi\u00e7os de limpeza de drenagem<\/title>\n<meta name=\"description\" content=\"A Prefeitura de Manaus segue refor\u00e7ando as a\u00e7\u00f5es preventivas de infraestrutura em todas as zonas da capital.\" \/>\n<meta name=\"robots\" content=\"index, follow, max-snippet:-1, max-image-preview:large, max-video-preview:-1\" \/>\n<link rel=\"canonical\" href=\"https:\/\/www.manaus.am.gov.br\/seminf\/servicos-de-limpeza-de-drenagem\/\" \/>\n<meta property=\"og:locale\" content=\"pt_BR\" \/>\n<meta property=\"og:type\" content=\"article\" \/>\n<meta property=\"og:title\" content=\"Prefeitura de Manaus intensifica servi\u00e7os de limpeza de drenagem\" \/>\n<meta property=\"og:description\" content=\"A Prefeitura de Manaus segue refor\u00e7ando as a\u00e7\u00f5es preventivas de infraestrutura em todas as zonas da capital.\" \/>\n<meta property=\"og:url\" content=\"https:\/\/www.manaus.am.gov.br\/seminf\/servicos-de-limpeza-de-drenagem\/\" \/>\n<meta property=\"og:site_name\" content=\"SEMINF\" \/>\n<meta property=\"article:published_time\" content=\"2025-12-18T20:55:55+00:00\" \/>\n<meta property=\"article:modified_time\" content=\"2025-12-18T20:55:57+00:00\" \/>\n<meta property=\"og:image\" content=\"https:\/\/www.manaus.am.gov.br\/seminf\/wp-content\/uploads\/sites\/6\/2025\/12\/Prefeitura-de-Manaus-intensifica-servicos-de-limpeza-de-drenagem-e-previne-alagamentos-no-bairro-Lirio-do-Vale-3.jpg\" \/>\n\t<meta property=\"og:image:width\" content=\"1600\" \/>\n\t<meta property=\"og:image:height\" content=\"1200\" \/>\n\t<meta property=\"og:image:type\" content=\"image\/jpeg\" \/>\n<meta name=\"author\" content=\"bvalente\" \/>\n<meta name=\"twitter:card\" content=\"summary_large_image\" \/>\n<meta name=\"twitter:label1\" content=\"Written by\" \/>\n\t<meta name=\"twitter:data1\" content=\"bvalente\" \/>\n\t<meta name=\"twitter:label2\" content=\"Est. reading time\" \/>\n\t<meta name=\"twitter:data2\" content=\"2 minutos\" \/>\n<script type=\"application\/ld+json\" class=\"yoast-schema-graph\">{\"@context\":\"https:\/\/schema.org\",\"@graph\":[{\"@type\":\"WebPage\",\"@id\":\"https:\/\/www.manaus.am.gov.br\/seminf\/servicos-de-limpeza-de-drenagem\/\",\"url\":\"https:\/\/www.manaus.am.gov.br\/seminf\/servicos-de-limpeza-de-drenagem\/\",\"name\":\"Prefeitura de Manaus intensifica servi\u00e7os de limpeza de drenagem\",\"isPartOf\":{\"@id\":\"https:\/\/www.manaus.am.gov.br\/seminf\/#website\"},\"primaryImageOfPage\":{\"@id\":\"https:\/\/www.manaus.am.gov.br\/seminf\/servicos-de-limpeza-de-drenagem\/#primaryimage\"},\"image\":{\"@id\":\"https:\/\/www.manaus.am.gov.br\/seminf\/servicos-de-limpeza-de-drenagem\/#primaryimage\"},\"thumbnailUrl\":\"https:\/\/www.manaus.am.gov.br\/seminf\/wp-content\/uploads\/sites\/6\/2025\/12\/Prefeitura-de-Manaus-intensifica-servicos-de-limpeza-de-drenagem-e-previne-alagamentos-no-bairro-Lirio-do-Vale-3.jpg\",\"datePublished\":\"2025-12-18T20:55:55+00:00\",\"dateModified\":\"2025-12-18T20:55:57+00:00\",\"author\":{\"@id\":\"https:\/\/www.manaus.am.gov.br\/seminf\/#\/schema\/person\/466a0e03ae4b6062809046bd560ac955\"},\"description\":\"A Prefeitura de Manaus segue refor\u00e7ando as a\u00e7\u00f5es preventivas de infraestrutura em todas as zonas da capital.\",\"inLanguage\":\"pt-BR\",\"potentialAction\":[{\"@type\":\"ReadAction\",\"target\":[\"https:\/\/www.manaus.am.gov.br\/seminf\/servicos-de-limpeza-de-drenagem\/\"]}]},{\"@type\":\"ImageObject\",\"inLanguage\":\"pt-BR\",\"@id\":\"https:\/\/www.manaus.am.gov.br\/seminf\/servicos-de-limpeza-de-drenagem\/#primaryimage\",\"url\":\"https:\/\/www.manaus.am.gov.br\/seminf\/wp-content\/uploads\/sites\/6\/2025\/12\/Prefeitura-de-Manaus-intensifica-servicos-de-limpeza-de-drenagem-e-previne-alagamentos-no-bairro-Lirio-do-Vale-3.jpg\",\"contentUrl\":\"https:\/\/www.manaus.am.gov.br\/seminf\/wp-content\/uploads\/sites\/6\/2025\/12\/Prefeitura-de-Manaus-intensifica-servicos-de-limpeza-de-drenagem-e-previne-alagamentos-no-bairro-Lirio-do-Vale-3.jpg\",\"width\":1600,\"height\":1200,\"caption\":\"#paratodosverem - Equipe da Seminf realizando limpeza de caixa coletora\"},{\"@type\":\"WebSite\",\"@id\":\"https:\/\/www.manaus.am.gov.br\/seminf\/#website\",\"url\":\"https:\/\/www.manaus.am.gov.br\/seminf\/\",\"name\":\"Secretaria de Infraestrutura\",\"description\":\"Secretaria Municipal de Infraestrutura\",\"potentialAction\":[{\"@type\":\"SearchAction\",\"target\":{\"@type\":\"EntryPoint\",\"urlTemplate\":\"https:\/\/www.manaus.am.gov.br\/seminf\/?s={search_term_string}\"},\"query-input\":\"required name=search_term_string\"}],\"inLanguage\":\"pt-BR\"},{\"@type\":\"Person\",\"@id\":\"https:\/\/www.manaus.am.gov.br\/seminf\/#\/schema\/person\/466a0e03ae4b6062809046bd560ac955\",\"name\":\"bvalente\",\"image\":{\"@type\":\"ImageObject\",\"inLanguage\":\"pt-BR\",\"@id\":\"https:\/\/www.manaus.am.gov.br\/seminf\/#\/schema\/person\/image\/\",\"url\":\"https:\/\/secure.gravatar.com\/avatar\/3e69bc2b014bdad41adfec3a39de07d2?s=96&d=mm&r=g\",\"contentUrl\":\"https:\/\/secure.gravatar.com\/avatar\/3e69bc2b014bdad41adfec3a39de07d2?s=96&d=mm&r=g\",\"caption\":\"bvalente\"}}]}<\/script>\n<!-- \/ Yoast SEO plugin. -->","yoast_head_json":{"title":"Prefeitura de Manaus intensifica servi\u00e7os de limpeza de drenagem","description":"A Prefeitura de Manaus segue refor\u00e7ando as a\u00e7\u00f5es preventivas de infraestrutura em todas as zonas da capital.","robots":{"index":"index","follow":"follow","max-snippet":"max-snippet:-1","max-image-preview":"max-image-preview:large","max-video-preview":"max-video-preview:-1"},"canonical":"https:\/\/www.manaus.am.gov.br\/seminf\/servicos-de-limpeza-de-drenagem\/","og_locale":"pt_BR","og_type":"article","og_title":"Prefeitura de Manaus intensifica servi\u00e7os de limpeza de drenagem","og_description":"A Prefeitura de Manaus segue refor\u00e7ando as a\u00e7\u00f5es preventivas de infraestrutura em todas as zonas da capital.","og_url":"https:\/\/www.manaus.am.gov.br\/seminf\/servicos-de-limpeza-de-drenagem\/","og_site_name":"SEMINF","article_published_time":"2025-12-18T20:55:55+00:00","article_modified_time":"2025-12-18T20:55:57+00:00","og_image":[{"width":1600,"height":1200,"url":"https:\/\/www.manaus.am.gov.br\/seminf\/wp-content\/uploads\/sites\/6\/2025\/12\/Prefeitura-de-Manaus-intensifica-servicos-de-limpeza-de-drenagem-e-previne-alagamentos-no-bairro-Lirio-do-Vale-3.jpg","type":"image\/jpeg"}],"author":"bvalente","twitter_card":"summary_large_image","twitter_misc":{"Written by":"bvalente","Est. reading time":"2 minutos"},"schema":{"@context":"https:\/\/schema.org","@graph":[{"@type":"WebPage","@id":"https:\/\/www.manaus.am.gov.br\/seminf\/servicos-de-limpeza-de-drenagem\/","url":"https:\/\/www.manaus.am.gov.br\/seminf\/servicos-de-limpeza-de-drenagem\/","name":"Prefeitura de Manaus intensifica servi\u00e7os de limpeza de drenagem","isPartOf":{"@id":"https:\/\/www.manaus.am.gov.br\/seminf\/#website"},"primaryImageOfPage":{"@id":"https:\/\/www.manaus.am.gov.br\/seminf\/servicos-de-limpeza-de-drenagem\/#primaryimage"},"image":{"@id":"https:\/\/www.manaus.am.gov.br\/seminf\/servicos-de-limpeza-de-drenagem\/#primaryimage"},"thumbnailUrl":"https:\/\/www.manaus.am.gov.br\/seminf\/wp-content\/uploads\/sites\/6\/2025\/12\/Prefeitura-de-Manaus-intensifica-servicos-de-limpeza-de-drenagem-e-previne-alagamentos-no-bairro-Lirio-do-Vale-3.jpg","datePublished":"2025-12-18T20:55:55+00:00","dateModified":"2025-12-18T20:55:57+00:00","author":{"@id":"https:\/\/www.manaus.am.gov.br\/seminf\/#\/schema\/person\/466a0e03ae4b6062809046bd560ac955"},"description":"A Prefeitura de Manaus segue refor\u00e7ando as a\u00e7\u00f5es preventivas de infraestrutura em todas as zonas da capital.","inLanguage":"pt-BR","potentialAction":[{"@type":"ReadAction","target":["https:\/\/www.manaus.am.gov.br\/seminf\/servicos-de-limpeza-de-drenagem\/"]}]},{"@type":"ImageObject","inLanguage":"pt-BR","@id":"https:\/\/www.manaus.am.gov.br\/seminf\/servicos-de-limpeza-de-drenagem\/#primaryimage","url":"https:\/\/www.manaus.am.gov.br\/seminf\/wp-content\/uploads\/sites\/6\/2025\/12\/Prefeitura-de-Manaus-intensifica-servicos-de-limpeza-de-drenagem-e-previne-alagamentos-no-bairro-Lirio-do-Vale-3.jpg","contentUrl":"https:\/\/www.manaus.am.gov.br\/seminf\/wp-content\/uploads\/sites\/6\/2025\/12\/Prefeitura-de-Manaus-intensifica-servicos-de-limpeza-de-drenagem-e-previne-alagamentos-no-bairro-Lirio-do-Vale-3.jpg","width":1600,"height":1200,"caption":"#paratodosverem - Equipe da Seminf realizando limpeza de caixa coletora"},{"@type":"WebSite","@id":"https:\/\/www.manaus.am.gov.br\/seminf\/#website","url":"https:\/\/www.manaus.am.gov.br\/seminf\/","name":"Secretaria de Infraestrutura","description":"Secretaria Municipal de Infraestrutura","potentialAction":[{"@type":"SearchAction","target":{"@type":"EntryPoint","urlTemplate":"https:\/\/www.manaus.am.gov.br\/seminf\/?s={search_term_string}"},"query-input":"required name=search_term_string"}],"inLanguage":"pt-BR"},{"@type":"Person","@id":"https:\/\/www.manaus.am.gov.br\/seminf\/#\/schema\/person\/466a0e03ae4b6062809046bd560ac955","name":"bvalente","image":{"@type":"ImageObject","inLanguage":"pt-BR","@id":"https:\/\/www.manaus.am.gov.br\/seminf\/#\/schema\/person\/image\/","url":"https:\/\/secure.gravatar.com\/avatar\/3e69bc2b014bdad41adfec3a39de07d2?s=96&d=mm&r=g","contentUrl":"https:\/\/secure.gravatar.com\/avatar\/3e69bc2b014bdad41adfec3a39de07d2?s=96&d=mm&r=g","caption":"bvalente"}}]}},"_links":{"self":[{"href":"https:\/\/www.manaus.am.gov.br\/seminf\/wp-json\/wp\/v2\/posts\/7945"}],"collection":[{"href":"https:\/\/www.manaus.am.gov.br\/seminf\/wp-json\/wp\/v2\/posts"}],"about":[{"href":"https:\/\/www.manaus.am.gov.br\/seminf\/wp-json\/wp\/v2\/types\/post"}],"author":[{"embeddable":true,"href":"https:\/\/www.manaus.am.gov.br\/seminf\/wp-json\/wp\/v2\/users\/68"}],"replies":[{"embeddable":true,"href":"https:\/\/www.manaus.am.gov.br\/seminf\/wp-json\/wp\/v2\/comments?post=7945"}],"version-history":[{"count":0,"href":"https:\/\/www.manaus.am.gov.br\/seminf\/wp-json\/wp\/v2\/posts\/7945\/revisions"}],"wp:featuredmedia":[{"embeddable":true,"href":"https:\/\/www.manaus.am.gov.br\/seminf\/wp-json\/wp\/v2\/media\/7946"}],"wp:attachment":[{"href":"https:\/\/www.manaus.am.gov.br\/seminf\/wp-json\/wp\/v2\/media?parent=7945"}],"wp:term":[{"taxonomy":"category","embeddable":true,"href":"https:\/\/www.manaus.am.gov.br\/seminf\/wp-json\/wp\/v2\/categories?post=7945"},{"taxonomy":"post_tag","embeddable":true,"href":"https:\/\/www.manaus.am.gov.br\/seminf\/wp-json\/wp\/v2\/tags?post=7945"}],"curies":[{"name":"wp","href":"https:\/\/api.w.org\/{rel}","templated":true}]}}