{"id":7935,"date":"2025-12-18T14:53:54","date_gmt":"2025-12-18T18:53:54","guid":{"rendered":"https:\/\/www.manaus.am.gov.br\/seminf\/edital-14o-premios-literarios-cidade-de-manaus-2025\/"},"modified":"2025-12-18T14:53:55","modified_gmt":"2025-12-18T18:53:55","slug":"edital-14o-premios-literarios-cidade-de-manaus-2025","status":"publish","type":"post","link":"https:\/\/www.manaus.am.gov.br\/seminf\/edital-14o-premios-literarios-cidade-de-manaus-2025\/","title":{"rendered":"Prefeitura lan\u00e7a Edital do \u201814\u00ba Pr\u00eamios Liter\u00e1rios Cidade de Manaus 2025\u2019"},"content":{"rendered":"\n<p>A Prefeitura de Manaus, por meio do Conselho Municipal de Cultura (Concultura), lan\u00e7a, nesta&nbsp;quinta-feira, 18\/12, o&nbsp;Edital do \u201c14\u00ba Pr\u00eamios Liter\u00e1rios Cidade de Manaus 2025\u201d, que busca valorizar e premiar&nbsp;obras in\u00e9ditas&nbsp;de autores e autoras residentes no Estado do Amazonas.<\/p>\n\n\n\n<p>O certame \u00e9 regido pela&nbsp;Lei n\u00ba 2.960\/22, recentemente alterada pela Lei n\u00ba 3.580, de 10 de dezembro de 2025. As mudan\u00e7as representam uma conquista para a classe liter\u00e1ria, garantindo que os recursos sejam destinados exclusivamente a obras amazonenses. O investimento \u00e9 oriundo do&nbsp;Fundo Municipal de Cultura.<\/p>\n\n\n\n<p>Para ter acesso ao Edital e toda a documenta\u00e7\u00e3o necess\u00e1ria para inscri\u00e7\u00e3o, o (a) proponente dever\u00e1 acessar o site:&nbsp;<a href=\"https:\/\/www.portadaculturamanaus.com.br\/editais\/premios-literarios\" target=\"_blank\" rel=\"noreferrer noopener\">https:\/\/www.portadaculturamanaus.com.br\/editais\/premios-literarios<\/a>.<\/p>\n\n\n\n<p>Mais informa\u00e7\u00f5es poder\u00e3o ser acessadas pelos canais oficiais do Concultura:&nbsp;<a href=\"https:\/\/concultura.manaus.am.gov.br\/\" target=\"_blank\" rel=\"noreferrer noopener\">https:\/\/concultura.manaus.am.gov.br\/<\/a>&nbsp;e&nbsp;<a href=\"https:\/\/www.instagram.com\/conculturamao\/\" target=\"_blank\" rel=\"noreferrer noopener\">https:\/\/www.instagram.com\/conculturamao\/<\/a>.<\/p>\n\n\n\n<p>\u201cOs&nbsp;\u2018Pr\u00eamios Liter\u00e1rios Cidade de Manaus\u2019 reafirmam o compromisso da prefeitura com a valoriza\u00e7\u00e3o da produ\u00e7\u00e3o intelectual amazonense, fortalecendo nossa identidade cultural e garantindo que a voz dos nossos escritores e escritoras seja reconhecida e preservada para as futuras gera\u00e7\u00f5es\u201d, afirmou o presidente do Concultura, Tony Medeiros.<\/p>\n\n\n\n<p><strong>Categorias<\/strong><\/p>\n\n\n\n<p>O edital contempla dez categorias de premia\u00e7\u00e3o: Pr\u00eamio \u00c1lvaro Maia, destinado ao melhor romance ou novela; Pr\u00eamio Arthur Engr\u00e1cio, para o melhor livro de contos; Pr\u00eamio P\u00e9ricles Moraes, voltado ao melhor livro de cr\u00f4nicas; Pr\u00eamio Violeta Branca Menescal, que reconhece o melhor livro de poesia; Pr\u00eamio Samuel Benchimol, para o melhor livro de ensaios; Pr\u00eamio \u00c1ureo Nonato, dedicado ao melhor livro de mem\u00f3ria e\/ou jornalismo liter\u00e1rio; Pr\u00eamio Alfredo Fernandes, destinado \u00e0 melhor obra de literatura infantojuvenil; Pr\u00eamio \u00c1lvaro Braga, para o melhor livro de teatro; Pr\u00eamio M\u00e1rio Ypiranga Monteiro, que premia o melhor ensaio sobre tradi\u00e7\u00f5es populares; e Pr\u00eamio Djalma Batista, voltado \u00e0 melhor obra de tem\u00e1tica amaz\u00f4nica.<\/p>\n\n\n\n<p>Entre as regras principais est\u00e3o: cada autor(a) poder\u00e1 se inscrever em apenas uma \u00fanica categoria, sendo permitida a apresenta\u00e7\u00e3o de apenas uma obra; e n\u00e3o ser\u00e3o aceitas inscri\u00e7\u00f5es em coautoria.<\/p>\n\n\n\n<p>Vale ressaltar que a premia\u00e7\u00e3o poder\u00e1 ser concedida mesmo que haja apenas uma obra inscrita na categoria, desde que esta seja considerada apta pela comiss\u00e3o julgadora.<\/p>\n\n\n\n<p><strong>Cronograma<\/strong><\/p>\n\n\n\n<p>O cronograma do edital prev\u00ea a publica\u00e7\u00e3o no Di\u00e1rio Oficial do Munic\u00edpio (DOM) no dia 18 de dezembro de 2025. A fase de consulta p\u00fablica e impugna\u00e7\u00e3o do edital ocorrer\u00e1 at\u00e9 23\/12.<\/p>\n\n\n\n<p>As inscri\u00e7\u00f5es estar\u00e3o abertas no per\u00edodo de 26\/12 a 14\/1. A an\u00e1lise das obras ser\u00e1 realizada de 15\/1 a 13\/2. A publica\u00e7\u00e3o dos resultados no DOM est\u00e1 prevista para o dia 23\/2, com prazo de at\u00e9 dez dias ap\u00f3s essa publica\u00e7\u00e3o para interposi\u00e7\u00e3o de recurso administrativo.<\/p>\n\n\n\n<p>O resultado final ser\u00e1 divulgado em 9\/3, e o envio da documenta\u00e7\u00e3o dever\u00e1 ser feito at\u00e9 o dia 19\/3.<\/p>\n\n\n\n<p>Os&nbsp;\u201cPr\u00eamios Liter\u00e1rios Cidade de Manaus\u201d s\u00e3o um dos mais importantes instrumentos de valoriza\u00e7\u00e3o da produ\u00e7\u00e3o liter\u00e1ria regional e reafirmam o compromisso da Prefeitura de Manaus com o fortalecimento da cultura e da identidade amaz\u00f4nica.<\/p>\n\n\n\n<p>&#8212; &#8212; &#8212;<\/p>\n\n\n\n<p><strong>Texto e foto \u2013&nbsp;<\/strong>Divulga\u00e7\u00e3o\/Concultura<\/p>\n","protected":false},"excerpt":{"rendered":"","protected":false},"author":39,"featured_media":7936,"comment_status":"closed","ping_status":"closed","sticky":false,"template":"","format":"standard","meta":{"footnotes":""},"categories":[2906],"tags":[2907,2908,2909,1461,43],"acf":[],"yoast_head":"<!-- This site is optimized with the Yoast SEO plugin v23.0 - https:\/\/yoast.com\/wordpress\/plugins\/seo\/ -->\n<title>Prefeitura lan\u00e7a Edital do \u201814\u00ba Pr\u00eamios Liter\u00e1rios Cidade de Manaus 2025\u2019<\/title>\n<meta name=\"description\" content=\"Prefeitura de Manaus, por meio do Concultura, lan\u00e7a Edital do \u201814\u00ba Pr\u00eamios Liter\u00e1rios Cidade de Manaus 2025\u2019.\" \/>\n<meta name=\"robots\" content=\"index, follow, max-snippet:-1, max-image-preview:large, max-video-preview:-1\" \/>\n<link rel=\"canonical\" href=\"https:\/\/www.manaus.am.gov.br\/seminf\/edital-14o-premios-literarios-cidade-de-manaus-2025\/\" \/>\n<meta property=\"og:locale\" content=\"pt_BR\" \/>\n<meta property=\"og:type\" content=\"article\" \/>\n<meta property=\"og:title\" content=\"Prefeitura lan\u00e7a Edital do \u201814\u00ba Pr\u00eamios Liter\u00e1rios Cidade de Manaus 2025\u2019\" \/>\n<meta property=\"og:description\" content=\"Prefeitura de Manaus, por meio do Concultura, lan\u00e7a Edital do \u201814\u00ba Pr\u00eamios Liter\u00e1rios Cidade de Manaus 2025\u2019.\" \/>\n<meta property=\"og:url\" content=\"https:\/\/www.manaus.am.gov.br\/seminf\/edital-14o-premios-literarios-cidade-de-manaus-2025\/\" \/>\n<meta property=\"og:site_name\" content=\"SEMINF\" \/>\n<meta property=\"article:published_time\" content=\"2025-12-18T18:53:54+00:00\" \/>\n<meta property=\"article:modified_time\" content=\"2025-12-18T18:53:55+00:00\" \/>\n<meta property=\"og:image\" content=\"https:\/\/www.manaus.am.gov.br\/seminf\/wp-content\/uploads\/sites\/6\/2025\/12\/Cultura.jpeg\" \/>\n\t<meta property=\"og:image:width\" content=\"1215\" \/>\n\t<meta property=\"og:image:height\" content=\"911\" \/>\n\t<meta property=\"og:image:type\" content=\"image\/jpeg\" \/>\n<meta name=\"author\" content=\"Bruna Greco\" \/>\n<meta name=\"twitter:card\" content=\"summary_large_image\" \/>\n<meta name=\"twitter:label1\" content=\"Written by\" \/>\n\t<meta name=\"twitter:data1\" content=\"Bruna Greco\" \/>\n\t<meta name=\"twitter:label2\" content=\"Est. reading time\" \/>\n\t<meta name=\"twitter:data2\" content=\"3 minutos\" \/>\n<script type=\"application\/ld+json\" class=\"yoast-schema-graph\">{\"@context\":\"https:\/\/schema.org\",\"@graph\":[{\"@type\":\"WebPage\",\"@id\":\"https:\/\/www.manaus.am.gov.br\/seminf\/edital-14o-premios-literarios-cidade-de-manaus-2025\/\",\"url\":\"https:\/\/www.manaus.am.gov.br\/seminf\/edital-14o-premios-literarios-cidade-de-manaus-2025\/\",\"name\":\"Prefeitura lan\u00e7a Edital do \u201814\u00ba Pr\u00eamios Liter\u00e1rios Cidade de Manaus 2025\u2019\",\"isPartOf\":{\"@id\":\"https:\/\/www.manaus.am.gov.br\/seminf\/#website\"},\"primaryImageOfPage\":{\"@id\":\"https:\/\/www.manaus.am.gov.br\/seminf\/edital-14o-premios-literarios-cidade-de-manaus-2025\/#primaryimage\"},\"image\":{\"@id\":\"https:\/\/www.manaus.am.gov.br\/seminf\/edital-14o-premios-literarios-cidade-de-manaus-2025\/#primaryimage\"},\"thumbnailUrl\":\"https:\/\/www.manaus.am.gov.br\/seminf\/wp-content\/uploads\/sites\/6\/2025\/12\/Cultura.jpeg\",\"datePublished\":\"2025-12-18T18:53:54+00:00\",\"dateModified\":\"2025-12-18T18:53:55+00:00\",\"author\":{\"@id\":\"https:\/\/www.manaus.am.gov.br\/seminf\/#\/schema\/person\/05d223aea2bf115f9883a6ff3683d81b\"},\"description\":\"Prefeitura de Manaus, por meio do Concultura, lan\u00e7a Edital do \u201814\u00ba Pr\u00eamios Liter\u00e1rios Cidade de Manaus 2025\u2019.\",\"inLanguage\":\"pt-BR\",\"potentialAction\":[{\"@type\":\"ReadAction\",\"target\":[\"https:\/\/www.manaus.am.gov.br\/seminf\/edital-14o-premios-literarios-cidade-de-manaus-2025\/\"]}]},{\"@type\":\"ImageObject\",\"inLanguage\":\"pt-BR\",\"@id\":\"https:\/\/www.manaus.am.gov.br\/seminf\/edital-14o-premios-literarios-cidade-de-manaus-2025\/#primaryimage\",\"url\":\"https:\/\/www.manaus.am.gov.br\/seminf\/wp-content\/uploads\/sites\/6\/2025\/12\/Cultura.jpeg\",\"contentUrl\":\"https:\/\/www.manaus.am.gov.br\/seminf\/wp-content\/uploads\/sites\/6\/2025\/12\/Cultura.jpeg\",\"width\":1215,\"height\":911,\"caption\":\"#paratodosverem - Cerim\u00f4nia de lan\u00e7amento do Edital do \\\"14\u00ba Pr\u00eamios Liter\u00e1rios Cidade de Manaus 2025\\\"\"},{\"@type\":\"WebSite\",\"@id\":\"https:\/\/www.manaus.am.gov.br\/seminf\/#website\",\"url\":\"https:\/\/www.manaus.am.gov.br\/seminf\/\",\"name\":\"Secretaria de Infraestrutura\",\"description\":\"Secretaria Municipal de Infraestrutura\",\"potentialAction\":[{\"@type\":\"SearchAction\",\"target\":{\"@type\":\"EntryPoint\",\"urlTemplate\":\"https:\/\/www.manaus.am.gov.br\/seminf\/?s={search_term_string}\"},\"query-input\":\"required name=search_term_string\"}],\"inLanguage\":\"pt-BR\"},{\"@type\":\"Person\",\"@id\":\"https:\/\/www.manaus.am.gov.br\/seminf\/#\/schema\/person\/05d223aea2bf115f9883a6ff3683d81b\",\"name\":\"Bruna Greco\",\"image\":{\"@type\":\"ImageObject\",\"inLanguage\":\"pt-BR\",\"@id\":\"https:\/\/www.manaus.am.gov.br\/seminf\/#\/schema\/person\/image\/\",\"url\":\"https:\/\/secure.gravatar.com\/avatar\/9c877d1a6adc2a055330e5c09a8653ce?s=96&d=mm&r=g\",\"contentUrl\":\"https:\/\/secure.gravatar.com\/avatar\/9c877d1a6adc2a055330e5c09a8653ce?s=96&d=mm&r=g\",\"caption\":\"Bruna Greco\"}}]}<\/script>\n<!-- \/ Yoast SEO plugin. -->","yoast_head_json":{"title":"Prefeitura lan\u00e7a Edital do \u201814\u00ba Pr\u00eamios Liter\u00e1rios Cidade de Manaus 2025\u2019","description":"Prefeitura de Manaus, por meio do Concultura, lan\u00e7a Edital do \u201814\u00ba Pr\u00eamios Liter\u00e1rios Cidade de Manaus 2025\u2019.","robots":{"index":"index","follow":"follow","max-snippet":"max-snippet:-1","max-image-preview":"max-image-preview:large","max-video-preview":"max-video-preview:-1"},"canonical":"https:\/\/www.manaus.am.gov.br\/seminf\/edital-14o-premios-literarios-cidade-de-manaus-2025\/","og_locale":"pt_BR","og_type":"article","og_title":"Prefeitura lan\u00e7a Edital do \u201814\u00ba Pr\u00eamios Liter\u00e1rios Cidade de Manaus 2025\u2019","og_description":"Prefeitura de Manaus, por meio do Concultura, lan\u00e7a Edital do \u201814\u00ba Pr\u00eamios Liter\u00e1rios Cidade de Manaus 2025\u2019.","og_url":"https:\/\/www.manaus.am.gov.br\/seminf\/edital-14o-premios-literarios-cidade-de-manaus-2025\/","og_site_name":"SEMINF","article_published_time":"2025-12-18T18:53:54+00:00","article_modified_time":"2025-12-18T18:53:55+00:00","og_image":[{"width":1215,"height":911,"url":"https:\/\/www.manaus.am.gov.br\/seminf\/wp-content\/uploads\/sites\/6\/2025\/12\/Cultura.jpeg","type":"image\/jpeg"}],"author":"Bruna Greco","twitter_card":"summary_large_image","twitter_misc":{"Written by":"Bruna Greco","Est. reading time":"3 minutos"},"schema":{"@context":"https:\/\/schema.org","@graph":[{"@type":"WebPage","@id":"https:\/\/www.manaus.am.gov.br\/seminf\/edital-14o-premios-literarios-cidade-de-manaus-2025\/","url":"https:\/\/www.manaus.am.gov.br\/seminf\/edital-14o-premios-literarios-cidade-de-manaus-2025\/","name":"Prefeitura lan\u00e7a Edital do \u201814\u00ba Pr\u00eamios Liter\u00e1rios Cidade de Manaus 2025\u2019","isPartOf":{"@id":"https:\/\/www.manaus.am.gov.br\/seminf\/#website"},"primaryImageOfPage":{"@id":"https:\/\/www.manaus.am.gov.br\/seminf\/edital-14o-premios-literarios-cidade-de-manaus-2025\/#primaryimage"},"image":{"@id":"https:\/\/www.manaus.am.gov.br\/seminf\/edital-14o-premios-literarios-cidade-de-manaus-2025\/#primaryimage"},"thumbnailUrl":"https:\/\/www.manaus.am.gov.br\/seminf\/wp-content\/uploads\/sites\/6\/2025\/12\/Cultura.jpeg","datePublished":"2025-12-18T18:53:54+00:00","dateModified":"2025-12-18T18:53:55+00:00","author":{"@id":"https:\/\/www.manaus.am.gov.br\/seminf\/#\/schema\/person\/05d223aea2bf115f9883a6ff3683d81b"},"description":"Prefeitura de Manaus, por meio do Concultura, lan\u00e7a Edital do \u201814\u00ba Pr\u00eamios Liter\u00e1rios Cidade de Manaus 2025\u2019.","inLanguage":"pt-BR","potentialAction":[{"@type":"ReadAction","target":["https:\/\/www.manaus.am.gov.br\/seminf\/edital-14o-premios-literarios-cidade-de-manaus-2025\/"]}]},{"@type":"ImageObject","inLanguage":"pt-BR","@id":"https:\/\/www.manaus.am.gov.br\/seminf\/edital-14o-premios-literarios-cidade-de-manaus-2025\/#primaryimage","url":"https:\/\/www.manaus.am.gov.br\/seminf\/wp-content\/uploads\/sites\/6\/2025\/12\/Cultura.jpeg","contentUrl":"https:\/\/www.manaus.am.gov.br\/seminf\/wp-content\/uploads\/sites\/6\/2025\/12\/Cultura.jpeg","width":1215,"height":911,"caption":"#paratodosverem - Cerim\u00f4nia de lan\u00e7amento do Edital do \"14\u00ba Pr\u00eamios Liter\u00e1rios Cidade de Manaus 2025\""},{"@type":"WebSite","@id":"https:\/\/www.manaus.am.gov.br\/seminf\/#website","url":"https:\/\/www.manaus.am.gov.br\/seminf\/","name":"Secretaria de Infraestrutura","description":"Secretaria Municipal de Infraestrutura","potentialAction":[{"@type":"SearchAction","target":{"@type":"EntryPoint","urlTemplate":"https:\/\/www.manaus.am.gov.br\/seminf\/?s={search_term_string}"},"query-input":"required name=search_term_string"}],"inLanguage":"pt-BR"},{"@type":"Person","@id":"https:\/\/www.manaus.am.gov.br\/seminf\/#\/schema\/person\/05d223aea2bf115f9883a6ff3683d81b","name":"Bruna Greco","image":{"@type":"ImageObject","inLanguage":"pt-BR","@id":"https:\/\/www.manaus.am.gov.br\/seminf\/#\/schema\/person\/image\/","url":"https:\/\/secure.gravatar.com\/avatar\/9c877d1a6adc2a055330e5c09a8653ce?s=96&d=mm&r=g","contentUrl":"https:\/\/secure.gravatar.com\/avatar\/9c877d1a6adc2a055330e5c09a8653ce?s=96&d=mm&r=g","caption":"Bruna Greco"}}]}},"_links":{"self":[{"href":"https:\/\/www.manaus.am.gov.br\/seminf\/wp-json\/wp\/v2\/posts\/7935"}],"collection":[{"href":"https:\/\/www.manaus.am.gov.br\/seminf\/wp-json\/wp\/v2\/posts"}],"about":[{"href":"https:\/\/www.manaus.am.gov.br\/seminf\/wp-json\/wp\/v2\/types\/post"}],"author":[{"embeddable":true,"href":"https:\/\/www.manaus.am.gov.br\/seminf\/wp-json\/wp\/v2\/users\/39"}],"replies":[{"embeddable":true,"href":"https:\/\/www.manaus.am.gov.br\/seminf\/wp-json\/wp\/v2\/comments?post=7935"}],"version-history":[{"count":0,"href":"https:\/\/www.manaus.am.gov.br\/seminf\/wp-json\/wp\/v2\/posts\/7935\/revisions"}],"wp:featuredmedia":[{"embeddable":true,"href":"https:\/\/www.manaus.am.gov.br\/seminf\/wp-json\/wp\/v2\/media\/7936"}],"wp:attachment":[{"href":"https:\/\/www.manaus.am.gov.br\/seminf\/wp-json\/wp\/v2\/media?parent=7935"}],"wp:term":[{"taxonomy":"category","embeddable":true,"href":"https:\/\/www.manaus.am.gov.br\/seminf\/wp-json\/wp\/v2\/categories?post=7935"},{"taxonomy":"post_tag","embeddable":true,"href":"https:\/\/www.manaus.am.gov.br\/seminf\/wp-json\/wp\/v2\/tags?post=7935"}],"curies":[{"name":"wp","href":"https:\/\/api.w.org\/{rel}","templated":true}]}}