{"id":7929,"date":"2025-12-17T15:11:17","date_gmt":"2025-12-17T19:11:17","guid":{"rendered":"https:\/\/www.manaus.am.gov.br\/seminf\/recuperacao-drenagem-trecho-sao-jose\/"},"modified":"2025-12-17T15:11:17","modified_gmt":"2025-12-17T19:11:17","slug":"recuperacao-drenagem-trecho-sao-jose","status":"publish","type":"post","link":"https:\/\/www.manaus.am.gov.br\/seminf\/recuperacao-drenagem-trecho-sao-jose\/","title":{"rendered":"Prefeitura de Manaus recupera sistema de drenagem em trecho do bairro S\u00e3o Jos\u00e9"},"content":{"rendered":"\n<p>A Prefeitura de Manaus, por meio da Secretaria Municipal de Infraestrutura (Seminf), deu in\u00edcio, nesta quarta-feira, 17\/12, a uma frente de obra intensiva no servi\u00e7o de recupera\u00e7\u00e3o de rede de drenagem profunda na rua Ant\u00f4nio Matias, no bairro S\u00e3o Jos\u00e9 Oper\u00e1rio, zona Leste da capital, para a garantir um melhor escoamento das \u00e1guas pluviais na via.<\/p>\n\n\n\n<p>O vice-prefeito e secret\u00e1rio de Obras, Renato Junior, ressaltou que a iniciativa da administra\u00e7\u00e3o municipal tem como foco melhorias na infraestrutura da cidade, e destaca o empenho das equipes dos distritos de obras.<\/p>\n\n\n\n<p>\u201cNa Seminf, temos um ex\u00e9rcito preparado para enfrentar os desafios com muito trabalho. Seguimos conforme a gest\u00e3o do nosso prefeito David Almeida, que determina que os trabalhos avancem todos os dias. Fa\u00e7a chuva ou fa\u00e7a sol, seja dia ou noite, nossas equipes evoluem com sucesso nas melhorias da infraestrutura da nossa cidade, e assim reafirmamos nosso compromisso com o cuidado de toda a popula\u00e7\u00e3o, por meio de obras transformadoras\u201d, afirmou Renato Junior.<\/p>\n\n\n\n<p>A obra \u00e9 realizada de forma c\u00e9lere e eficiente, as equipes trabalham na substitui\u00e7\u00e3o dos tubos que estavam deteriorados em decorr\u00eancia das chuvas torrenciais dos dias anteriores. O volume de \u00e1gua associado ao descarte incorreto do lixo sobrecarregou o sistema de escoamento e causou o rompimento do trecho da tubula\u00e7\u00e3o.<\/p>\n\n\n\n<p>Com as obras em execu\u00e7\u00e3o para as melhorias da infraestrutura na \u00e1rea, a popula\u00e7\u00e3o fica satisfeita com o empenho das equipes nos servi\u00e7os e declara a seguran\u00e7a promovida pela prefeitura por meio da obra em andamento.<\/p>\n\n\n\n<p>\u201cEu quero agradecer, porque est\u00e1 ficando muito bom. Quando chove aparecem muitos buracos, e por isso eu quero agradecer a prefeitura por estar promovendo esse trabalho maravilhoso na nossa \u00e1rea, na nossa vizinhan\u00e7a, na rua onde moramos\u201d, declarou a moradora da \u00e1rea, servi\u00e7os gerais Rosa Silva, de 49 anos, que demonstrou sua imensa satisfa\u00e7\u00e3o ao observar a frente de obra.<\/p>\n\n\n\n<figure class=\"wp-block-image size-large\"><img loading=\"lazy\" decoding=\"async\" width=\"1024\" height=\"683\" src=\"https:\/\/www.manaus.am.gov.br\/seminf\/wp-content\/uploads\/sites\/6\/2025\/12\/736A4505-1024x683.jpg\" alt=\"\" class=\"wp-image-7931\" srcset=\"https:\/\/www.manaus.am.gov.br\/seminf\/wp-content\/uploads\/sites\/6\/2025\/12\/736A4505-1024x683.jpg 1024w, https:\/\/www.manaus.am.gov.br\/seminf\/wp-content\/uploads\/sites\/6\/2025\/12\/736A4505-300x200.jpg 300w, https:\/\/www.manaus.am.gov.br\/seminf\/wp-content\/uploads\/sites\/6\/2025\/12\/736A4505-768x512.jpg 768w, https:\/\/www.manaus.am.gov.br\/seminf\/wp-content\/uploads\/sites\/6\/2025\/12\/736A4505-1536x1024.jpg 1536w, https:\/\/www.manaus.am.gov.br\/seminf\/wp-content\/uploads\/sites\/6\/2025\/12\/736A4505-2048x1365.jpg 2048w\" sizes=\"(max-width: 1024px) 100vw, 1024px\" \/><figcaption class=\"wp-element-caption\">#paratodosverem &#8211; Recupera\u00e7\u00e3o de drenagem<\/figcaption><\/figure>\n\n\n\n<p>&#8212; &#8212; &#8212;<\/p>\n\n\n\n<p><strong>Texto&nbsp;<\/strong>&#8211; Maria Amed\/Seminf<\/p>\n\n\n\n<p><strong>Fotos<\/strong> &#8211; M\u00e1rcio Melo\/Seminf<\/p>\n","protected":false},"excerpt":{"rendered":"","protected":false},"author":39,"featured_media":7930,"comment_status":"closed","ping_status":"closed","sticky":false,"template":"","format":"standard","meta":{"footnotes":""},"categories":[4],"tags":[2901,43,2606,2902,26],"acf":[],"yoast_head":"<!-- This site is optimized with the Yoast SEO plugin v23.0 - https:\/\/yoast.com\/wordpress\/plugins\/seo\/ -->\n<title>Recupera\u00e7\u00e3o do sistema de drenagem em trecho do S\u00e3o Jos\u00e9<\/title>\n<meta name=\"description\" content=\"Prefeitura de Manaus, por meio da Seminf, recupera sistema de drenagem em trecho do bairro S\u00e3o Jos\u00e9 Oper\u00e1rio.\" \/>\n<meta name=\"robots\" content=\"index, follow, max-snippet:-1, max-image-preview:large, max-video-preview:-1\" \/>\n<link rel=\"canonical\" href=\"https:\/\/www.manaus.am.gov.br\/seminf\/recuperacao-drenagem-trecho-sao-jose\/\" \/>\n<meta property=\"og:locale\" content=\"pt_BR\" \/>\n<meta property=\"og:type\" content=\"article\" \/>\n<meta property=\"og:title\" content=\"Recupera\u00e7\u00e3o do sistema de drenagem em trecho do S\u00e3o Jos\u00e9\" \/>\n<meta property=\"og:description\" content=\"Prefeitura de Manaus, por meio da Seminf, recupera sistema de drenagem em trecho do bairro S\u00e3o Jos\u00e9 Oper\u00e1rio.\" \/>\n<meta property=\"og:url\" content=\"https:\/\/www.manaus.am.gov.br\/seminf\/recuperacao-drenagem-trecho-sao-jose\/\" \/>\n<meta property=\"og:site_name\" content=\"SEMINF\" \/>\n<meta property=\"article:published_time\" content=\"2025-12-17T19:11:17+00:00\" \/>\n<meta property=\"og:image\" content=\"https:\/\/www.manaus.am.gov.br\/seminf\/wp-content\/uploads\/sites\/6\/2025\/12\/736A4503-1024x683.jpg\" \/>\n\t<meta property=\"og:image:width\" content=\"1024\" \/>\n\t<meta property=\"og:image:height\" content=\"683\" \/>\n\t<meta property=\"og:image:type\" content=\"image\/jpeg\" \/>\n<meta name=\"author\" content=\"Bruna Greco\" \/>\n<meta name=\"twitter:card\" content=\"summary_large_image\" \/>\n<meta name=\"twitter:label1\" content=\"Written by\" \/>\n\t<meta name=\"twitter:data1\" content=\"Bruna Greco\" \/>\n\t<meta name=\"twitter:label2\" content=\"Est. reading time\" \/>\n\t<meta name=\"twitter:data2\" content=\"3 minutos\" \/>\n<script type=\"application\/ld+json\" class=\"yoast-schema-graph\">{\"@context\":\"https:\/\/schema.org\",\"@graph\":[{\"@type\":\"WebPage\",\"@id\":\"https:\/\/www.manaus.am.gov.br\/seminf\/recuperacao-drenagem-trecho-sao-jose\/\",\"url\":\"https:\/\/www.manaus.am.gov.br\/seminf\/recuperacao-drenagem-trecho-sao-jose\/\",\"name\":\"Recupera\u00e7\u00e3o do sistema de drenagem em trecho do S\u00e3o Jos\u00e9\",\"isPartOf\":{\"@id\":\"https:\/\/www.manaus.am.gov.br\/seminf\/#website\"},\"primaryImageOfPage\":{\"@id\":\"https:\/\/www.manaus.am.gov.br\/seminf\/recuperacao-drenagem-trecho-sao-jose\/#primaryimage\"},\"image\":{\"@id\":\"https:\/\/www.manaus.am.gov.br\/seminf\/recuperacao-drenagem-trecho-sao-jose\/#primaryimage\"},\"thumbnailUrl\":\"https:\/\/www.manaus.am.gov.br\/seminf\/wp-content\/uploads\/sites\/6\/2025\/12\/736A4503.jpg\",\"datePublished\":\"2025-12-17T19:11:17+00:00\",\"dateModified\":\"2025-12-17T19:11:17+00:00\",\"author\":{\"@id\":\"https:\/\/www.manaus.am.gov.br\/seminf\/#\/schema\/person\/05d223aea2bf115f9883a6ff3683d81b\"},\"description\":\"Prefeitura de Manaus, por meio da Seminf, recupera sistema de drenagem em trecho do bairro S\u00e3o Jos\u00e9 Oper\u00e1rio.\",\"inLanguage\":\"pt-BR\",\"potentialAction\":[{\"@type\":\"ReadAction\",\"target\":[\"https:\/\/www.manaus.am.gov.br\/seminf\/recuperacao-drenagem-trecho-sao-jose\/\"]}]},{\"@type\":\"ImageObject\",\"inLanguage\":\"pt-BR\",\"@id\":\"https:\/\/www.manaus.am.gov.br\/seminf\/recuperacao-drenagem-trecho-sao-jose\/#primaryimage\",\"url\":\"https:\/\/www.manaus.am.gov.br\/seminf\/wp-content\/uploads\/sites\/6\/2025\/12\/736A4503.jpg\",\"contentUrl\":\"https:\/\/www.manaus.am.gov.br\/seminf\/wp-content\/uploads\/sites\/6\/2025\/12\/736A4503.jpg\",\"width\":4464,\"height\":2976,\"caption\":\"#paratodosverem - Equipe da Seminf realizando a recupera\u00e7\u00e3o de rede de drenagem profunda na rua Ant\u00f4nio Matias, no bairro S\u00e3o Jos\u00e9 Oper\u00e1rio\"},{\"@type\":\"WebSite\",\"@id\":\"https:\/\/www.manaus.am.gov.br\/seminf\/#website\",\"url\":\"https:\/\/www.manaus.am.gov.br\/seminf\/\",\"name\":\"Secretaria de Infraestrutura\",\"description\":\"Secretaria Municipal de Infraestrutura\",\"potentialAction\":[{\"@type\":\"SearchAction\",\"target\":{\"@type\":\"EntryPoint\",\"urlTemplate\":\"https:\/\/www.manaus.am.gov.br\/seminf\/?s={search_term_string}\"},\"query-input\":\"required name=search_term_string\"}],\"inLanguage\":\"pt-BR\"},{\"@type\":\"Person\",\"@id\":\"https:\/\/www.manaus.am.gov.br\/seminf\/#\/schema\/person\/05d223aea2bf115f9883a6ff3683d81b\",\"name\":\"Bruna Greco\",\"image\":{\"@type\":\"ImageObject\",\"inLanguage\":\"pt-BR\",\"@id\":\"https:\/\/www.manaus.am.gov.br\/seminf\/#\/schema\/person\/image\/\",\"url\":\"https:\/\/secure.gravatar.com\/avatar\/9c877d1a6adc2a055330e5c09a8653ce?s=96&d=mm&r=g\",\"contentUrl\":\"https:\/\/secure.gravatar.com\/avatar\/9c877d1a6adc2a055330e5c09a8653ce?s=96&d=mm&r=g\",\"caption\":\"Bruna Greco\"}}]}<\/script>\n<!-- \/ Yoast SEO plugin. -->","yoast_head_json":{"title":"Recupera\u00e7\u00e3o do sistema de drenagem em trecho do S\u00e3o Jos\u00e9","description":"Prefeitura de Manaus, por meio da Seminf, recupera sistema de drenagem em trecho do bairro S\u00e3o Jos\u00e9 Oper\u00e1rio.","robots":{"index":"index","follow":"follow","max-snippet":"max-snippet:-1","max-image-preview":"max-image-preview:large","max-video-preview":"max-video-preview:-1"},"canonical":"https:\/\/www.manaus.am.gov.br\/seminf\/recuperacao-drenagem-trecho-sao-jose\/","og_locale":"pt_BR","og_type":"article","og_title":"Recupera\u00e7\u00e3o do sistema de drenagem em trecho do S\u00e3o Jos\u00e9","og_description":"Prefeitura de Manaus, por meio da Seminf, recupera sistema de drenagem em trecho do bairro S\u00e3o Jos\u00e9 Oper\u00e1rio.","og_url":"https:\/\/www.manaus.am.gov.br\/seminf\/recuperacao-drenagem-trecho-sao-jose\/","og_site_name":"SEMINF","article_published_time":"2025-12-17T19:11:17+00:00","og_image":[{"width":1024,"height":683,"url":"https:\/\/www.manaus.am.gov.br\/seminf\/wp-content\/uploads\/sites\/6\/2025\/12\/736A4503-1024x683.jpg","type":"image\/jpeg"}],"author":"Bruna Greco","twitter_card":"summary_large_image","twitter_misc":{"Written by":"Bruna Greco","Est. reading time":"3 minutos"},"schema":{"@context":"https:\/\/schema.org","@graph":[{"@type":"WebPage","@id":"https:\/\/www.manaus.am.gov.br\/seminf\/recuperacao-drenagem-trecho-sao-jose\/","url":"https:\/\/www.manaus.am.gov.br\/seminf\/recuperacao-drenagem-trecho-sao-jose\/","name":"Recupera\u00e7\u00e3o do sistema de drenagem em trecho do S\u00e3o Jos\u00e9","isPartOf":{"@id":"https:\/\/www.manaus.am.gov.br\/seminf\/#website"},"primaryImageOfPage":{"@id":"https:\/\/www.manaus.am.gov.br\/seminf\/recuperacao-drenagem-trecho-sao-jose\/#primaryimage"},"image":{"@id":"https:\/\/www.manaus.am.gov.br\/seminf\/recuperacao-drenagem-trecho-sao-jose\/#primaryimage"},"thumbnailUrl":"https:\/\/www.manaus.am.gov.br\/seminf\/wp-content\/uploads\/sites\/6\/2025\/12\/736A4503.jpg","datePublished":"2025-12-17T19:11:17+00:00","dateModified":"2025-12-17T19:11:17+00:00","author":{"@id":"https:\/\/www.manaus.am.gov.br\/seminf\/#\/schema\/person\/05d223aea2bf115f9883a6ff3683d81b"},"description":"Prefeitura de Manaus, por meio da Seminf, recupera sistema de drenagem em trecho do bairro S\u00e3o Jos\u00e9 Oper\u00e1rio.","inLanguage":"pt-BR","potentialAction":[{"@type":"ReadAction","target":["https:\/\/www.manaus.am.gov.br\/seminf\/recuperacao-drenagem-trecho-sao-jose\/"]}]},{"@type":"ImageObject","inLanguage":"pt-BR","@id":"https:\/\/www.manaus.am.gov.br\/seminf\/recuperacao-drenagem-trecho-sao-jose\/#primaryimage","url":"https:\/\/www.manaus.am.gov.br\/seminf\/wp-content\/uploads\/sites\/6\/2025\/12\/736A4503.jpg","contentUrl":"https:\/\/www.manaus.am.gov.br\/seminf\/wp-content\/uploads\/sites\/6\/2025\/12\/736A4503.jpg","width":4464,"height":2976,"caption":"#paratodosverem - Equipe da Seminf realizando a recupera\u00e7\u00e3o de rede de drenagem profunda na rua Ant\u00f4nio Matias, no bairro S\u00e3o Jos\u00e9 Oper\u00e1rio"},{"@type":"WebSite","@id":"https:\/\/www.manaus.am.gov.br\/seminf\/#website","url":"https:\/\/www.manaus.am.gov.br\/seminf\/","name":"Secretaria de Infraestrutura","description":"Secretaria Municipal de Infraestrutura","potentialAction":[{"@type":"SearchAction","target":{"@type":"EntryPoint","urlTemplate":"https:\/\/www.manaus.am.gov.br\/seminf\/?s={search_term_string}"},"query-input":"required name=search_term_string"}],"inLanguage":"pt-BR"},{"@type":"Person","@id":"https:\/\/www.manaus.am.gov.br\/seminf\/#\/schema\/person\/05d223aea2bf115f9883a6ff3683d81b","name":"Bruna Greco","image":{"@type":"ImageObject","inLanguage":"pt-BR","@id":"https:\/\/www.manaus.am.gov.br\/seminf\/#\/schema\/person\/image\/","url":"https:\/\/secure.gravatar.com\/avatar\/9c877d1a6adc2a055330e5c09a8653ce?s=96&d=mm&r=g","contentUrl":"https:\/\/secure.gravatar.com\/avatar\/9c877d1a6adc2a055330e5c09a8653ce?s=96&d=mm&r=g","caption":"Bruna Greco"}}]}},"_links":{"self":[{"href":"https:\/\/www.manaus.am.gov.br\/seminf\/wp-json\/wp\/v2\/posts\/7929"}],"collection":[{"href":"https:\/\/www.manaus.am.gov.br\/seminf\/wp-json\/wp\/v2\/posts"}],"about":[{"href":"https:\/\/www.manaus.am.gov.br\/seminf\/wp-json\/wp\/v2\/types\/post"}],"author":[{"embeddable":true,"href":"https:\/\/www.manaus.am.gov.br\/seminf\/wp-json\/wp\/v2\/users\/39"}],"replies":[{"embeddable":true,"href":"https:\/\/www.manaus.am.gov.br\/seminf\/wp-json\/wp\/v2\/comments?post=7929"}],"version-history":[{"count":1,"href":"https:\/\/www.manaus.am.gov.br\/seminf\/wp-json\/wp\/v2\/posts\/7929\/revisions"}],"predecessor-version":[{"id":7932,"href":"https:\/\/www.manaus.am.gov.br\/seminf\/wp-json\/wp\/v2\/posts\/7929\/revisions\/7932"}],"wp:featuredmedia":[{"embeddable":true,"href":"https:\/\/www.manaus.am.gov.br\/seminf\/wp-json\/wp\/v2\/media\/7930"}],"wp:attachment":[{"href":"https:\/\/www.manaus.am.gov.br\/seminf\/wp-json\/wp\/v2\/media?parent=7929"}],"wp:term":[{"taxonomy":"category","embeddable":true,"href":"https:\/\/www.manaus.am.gov.br\/seminf\/wp-json\/wp\/v2\/categories?post=7929"},{"taxonomy":"post_tag","embeddable":true,"href":"https:\/\/www.manaus.am.gov.br\/seminf\/wp-json\/wp\/v2\/tags?post=7929"}],"curies":[{"name":"wp","href":"https:\/\/api.w.org\/{rel}","templated":true}]}}