{"id":7867,"date":"2025-12-12T19:26:06","date_gmt":"2025-12-12T23:26:06","guid":{"rendered":"https:\/\/www.manaus.am.gov.br\/seminf\/obras-ponte-avenida-do-turismo\/"},"modified":"2025-12-16T10:46:43","modified_gmt":"2025-12-16T14:46:43","slug":"obras-ponte-avenida-do-turismo","status":"publish","type":"post","link":"https:\/\/www.manaus.am.gov.br\/seminf\/obras-ponte-avenida-do-turismo\/","title":{"rendered":"Prefeitura de Manaus trabalha com tr\u00eas frentes de obras em ponte da avenida do Turismo\u00a0"},"content":{"rendered":"\n<p>Nesta sexta-feira, 12\/12, a <a href=\"https:\/\/www.manaus.am.gov.br\/\">Prefeitura de Manaus<\/a>, por meio da Secretaria Municipal de Infraestrutura (Seminf), trabalha de forma c\u00e9lere na ponte da avenida do Turismo, com tr\u00eas frentes de obras, que avan\u00e7am de forma integrada para garantir mais seguran\u00e7a, fluidez e durabilidade \u00e0 estrutura e ao tr\u00e2nsito na regi\u00e3o.<\/p>\n\n\n\n<p>\u201cEstou acompanhando a obra da ponte, que entra na fase final. Estamos em ritmo intenso para entregar ainda em dezembro toda essa obra completa, que contou com alargamento das vias, drenagem superficial e profunda, paisagismo, alargamento dos retornos, tudo pensado em mais seguran\u00e7a, construindo um futuro melhor\u201d, afirma o vice-prefeito e secret\u00e1rio de Obras, Renato Junior.&nbsp;<\/p>\n\n\n\n<p>A obra entrou em uma etapa importante de estrutura\u00e7\u00e3o. As equipes trabalharam durante o dia e a noite da \u00faltima quinta-feira, 11, e avan\u00e7aram com a instala\u00e7\u00e3o das vigas met\u00e1licas, e a instala\u00e7\u00e3o da pr\u00e9-laje. Nesta fase, as equipes executam a arma\u00e7\u00e3o da laje que dar\u00e1 resist\u00eancia e estabilidade \u00e0 estrutura.&nbsp;<\/p>\n\n\n\n<p>\u201cVai ficar bem melhor, porque quando chega o fim do ano, o fluxo de ve\u00edculos aumenta e com as tr\u00eas faixas vai melhorar muito, s\u00f3 tenho a agradecer \u00e0 <a href=\"https:\/\/www.instagram.com\/prefeiturademanaus\">Prefeitura de Manaus<\/a> que est\u00e1 com tudo\u201d, relata o motorista Wendel Mota, 38 anos.\u00a0<\/p>\n\n\n\n<p>Paralelamente, est\u00e1 sendo realizada a terraplanagem para a implanta\u00e7\u00e3o da terceira faixa, e a implanta\u00e7\u00e3o de uma caixa coletora, que faz parte do sistema de drenagem e \u00e9 respons\u00e1vel por captar e conduzir a \u00e1gua das chuvas, evitando alagamentos e melhorando o desempenho da via.<\/p>\n\n\n\n<p>\u2014- \u2014- \u2014-<br><strong>Texto &#8211;<\/strong> Rayana Coutinho\/ Seminf<br><strong>Fotos <\/strong>&#8211;&nbsp; M\u00e1rcio Melo\/ Seminf&nbsp;<\/p>\n","protected":false},"excerpt":{"rendered":"","protected":false},"author":68,"featured_media":7868,"comment_status":"closed","ping_status":"closed","sticky":false,"template":"","format":"standard","meta":{"footnotes":""},"categories":[397],"tags":[2889,43,26,2890,2891],"acf":[],"yoast_head":"<!-- This site is optimized with the Yoast SEO plugin v23.0 - https:\/\/yoast.com\/wordpress\/plugins\/seo\/ -->\n<title>Prefeitura trabalha com tr\u00eas frentes de obras em ponte da avenida do Turismo\u00a0<\/title>\n<meta name=\"description\" content=\"A Prefeitura, por meio da Secretaria Municipal de Infraestrutura, trabalha de forma c\u00e9lere na ponte da avenida do Turismo, com tr\u00eas frentes de obras.\" \/>\n<meta name=\"robots\" content=\"index, follow, max-snippet:-1, max-image-preview:large, max-video-preview:-1\" \/>\n<link rel=\"canonical\" href=\"https:\/\/www.manaus.am.gov.br\/seminf\/obras-ponte-avenida-do-turismo\/\" \/>\n<meta property=\"og:locale\" content=\"pt_BR\" \/>\n<meta property=\"og:type\" content=\"article\" \/>\n<meta property=\"og:title\" content=\"Prefeitura trabalha com tr\u00eas frentes de obras em ponte da avenida do Turismo\u00a0\" \/>\n<meta property=\"og:description\" content=\"A Prefeitura, por meio da Secretaria Municipal de Infraestrutura, trabalha de forma c\u00e9lere na ponte da avenida do Turismo, com tr\u00eas frentes de obras.\" \/>\n<meta property=\"og:url\" content=\"https:\/\/www.manaus.am.gov.br\/seminf\/obras-ponte-avenida-do-turismo\/\" \/>\n<meta property=\"og:site_name\" content=\"SEMINF\" \/>\n<meta property=\"article:published_time\" content=\"2025-12-12T23:26:06+00:00\" \/>\n<meta property=\"article:modified_time\" content=\"2025-12-16T14:46:43+00:00\" \/>\n<meta property=\"og:image\" content=\"https:\/\/www.manaus.am.gov.br\/seminf\/wp-content\/uploads\/sites\/6\/2025\/12\/736A4340-1024x683.jpg\" \/>\n\t<meta property=\"og:image:width\" content=\"1024\" \/>\n\t<meta property=\"og:image:height\" content=\"683\" \/>\n\t<meta property=\"og:image:type\" content=\"image\/jpeg\" \/>\n<meta name=\"author\" content=\"bvalente\" \/>\n<meta name=\"twitter:card\" content=\"summary_large_image\" \/>\n<meta name=\"twitter:label1\" content=\"Written by\" \/>\n\t<meta name=\"twitter:data1\" content=\"bvalente\" \/>\n\t<meta name=\"twitter:label2\" content=\"Est. reading time\" \/>\n\t<meta name=\"twitter:data2\" content=\"2 minutos\" \/>\n<script type=\"application\/ld+json\" class=\"yoast-schema-graph\">{\"@context\":\"https:\/\/schema.org\",\"@graph\":[{\"@type\":\"WebPage\",\"@id\":\"https:\/\/www.manaus.am.gov.br\/seminf\/obras-ponte-avenida-do-turismo\/\",\"url\":\"https:\/\/www.manaus.am.gov.br\/seminf\/obras-ponte-avenida-do-turismo\/\",\"name\":\"Prefeitura trabalha com tr\u00eas frentes de obras em ponte da avenida do Turismo\u00a0\",\"isPartOf\":{\"@id\":\"https:\/\/www.manaus.am.gov.br\/seminf\/#website\"},\"primaryImageOfPage\":{\"@id\":\"https:\/\/www.manaus.am.gov.br\/seminf\/obras-ponte-avenida-do-turismo\/#primaryimage\"},\"image\":{\"@id\":\"https:\/\/www.manaus.am.gov.br\/seminf\/obras-ponte-avenida-do-turismo\/#primaryimage\"},\"thumbnailUrl\":\"https:\/\/www.manaus.am.gov.br\/seminf\/wp-content\/uploads\/sites\/6\/2025\/12\/736A4340.jpg\",\"datePublished\":\"2025-12-12T23:26:06+00:00\",\"dateModified\":\"2025-12-16T14:46:43+00:00\",\"author\":{\"@id\":\"https:\/\/www.manaus.am.gov.br\/seminf\/#\/schema\/person\/466a0e03ae4b6062809046bd560ac955\"},\"description\":\"A Prefeitura, por meio da Secretaria Municipal de Infraestrutura, trabalha de forma c\u00e9lere na ponte da avenida do Turismo, com tr\u00eas frentes de obras.\",\"inLanguage\":\"pt-BR\",\"potentialAction\":[{\"@type\":\"ReadAction\",\"target\":[\"https:\/\/www.manaus.am.gov.br\/seminf\/obras-ponte-avenida-do-turismo\/\"]}]},{\"@type\":\"ImageObject\",\"inLanguage\":\"pt-BR\",\"@id\":\"https:\/\/www.manaus.am.gov.br\/seminf\/obras-ponte-avenida-do-turismo\/#primaryimage\",\"url\":\"https:\/\/www.manaus.am.gov.br\/seminf\/wp-content\/uploads\/sites\/6\/2025\/12\/736A4340.jpg\",\"contentUrl\":\"https:\/\/www.manaus.am.gov.br\/seminf\/wp-content\/uploads\/sites\/6\/2025\/12\/736A4340.jpg\",\"width\":4464,\"height\":2976,\"caption\":\"#paratodosverem - Equipes da Seminf durante obras na ponte da avenida do Turismo\"},{\"@type\":\"WebSite\",\"@id\":\"https:\/\/www.manaus.am.gov.br\/seminf\/#website\",\"url\":\"https:\/\/www.manaus.am.gov.br\/seminf\/\",\"name\":\"Secretaria de Infraestrutura\",\"description\":\"Secretaria Municipal de Infraestrutura\",\"potentialAction\":[{\"@type\":\"SearchAction\",\"target\":{\"@type\":\"EntryPoint\",\"urlTemplate\":\"https:\/\/www.manaus.am.gov.br\/seminf\/?s={search_term_string}\"},\"query-input\":\"required name=search_term_string\"}],\"inLanguage\":\"pt-BR\"},{\"@type\":\"Person\",\"@id\":\"https:\/\/www.manaus.am.gov.br\/seminf\/#\/schema\/person\/466a0e03ae4b6062809046bd560ac955\",\"name\":\"bvalente\",\"image\":{\"@type\":\"ImageObject\",\"inLanguage\":\"pt-BR\",\"@id\":\"https:\/\/www.manaus.am.gov.br\/seminf\/#\/schema\/person\/image\/\",\"url\":\"https:\/\/secure.gravatar.com\/avatar\/3e69bc2b014bdad41adfec3a39de07d2?s=96&d=mm&r=g\",\"contentUrl\":\"https:\/\/secure.gravatar.com\/avatar\/3e69bc2b014bdad41adfec3a39de07d2?s=96&d=mm&r=g\",\"caption\":\"bvalente\"}}]}<\/script>\n<!-- \/ Yoast SEO plugin. -->","yoast_head_json":{"title":"Prefeitura trabalha com tr\u00eas frentes de obras em ponte da avenida do Turismo\u00a0","description":"A Prefeitura, por meio da Secretaria Municipal de Infraestrutura, trabalha de forma c\u00e9lere na ponte da avenida do Turismo, com tr\u00eas frentes de obras.","robots":{"index":"index","follow":"follow","max-snippet":"max-snippet:-1","max-image-preview":"max-image-preview:large","max-video-preview":"max-video-preview:-1"},"canonical":"https:\/\/www.manaus.am.gov.br\/seminf\/obras-ponte-avenida-do-turismo\/","og_locale":"pt_BR","og_type":"article","og_title":"Prefeitura trabalha com tr\u00eas frentes de obras em ponte da avenida do Turismo\u00a0","og_description":"A Prefeitura, por meio da Secretaria Municipal de Infraestrutura, trabalha de forma c\u00e9lere na ponte da avenida do Turismo, com tr\u00eas frentes de obras.","og_url":"https:\/\/www.manaus.am.gov.br\/seminf\/obras-ponte-avenida-do-turismo\/","og_site_name":"SEMINF","article_published_time":"2025-12-12T23:26:06+00:00","article_modified_time":"2025-12-16T14:46:43+00:00","og_image":[{"width":1024,"height":683,"url":"https:\/\/www.manaus.am.gov.br\/seminf\/wp-content\/uploads\/sites\/6\/2025\/12\/736A4340-1024x683.jpg","type":"image\/jpeg"}],"author":"bvalente","twitter_card":"summary_large_image","twitter_misc":{"Written by":"bvalente","Est. reading time":"2 minutos"},"schema":{"@context":"https:\/\/schema.org","@graph":[{"@type":"WebPage","@id":"https:\/\/www.manaus.am.gov.br\/seminf\/obras-ponte-avenida-do-turismo\/","url":"https:\/\/www.manaus.am.gov.br\/seminf\/obras-ponte-avenida-do-turismo\/","name":"Prefeitura trabalha com tr\u00eas frentes de obras em ponte da avenida do Turismo\u00a0","isPartOf":{"@id":"https:\/\/www.manaus.am.gov.br\/seminf\/#website"},"primaryImageOfPage":{"@id":"https:\/\/www.manaus.am.gov.br\/seminf\/obras-ponte-avenida-do-turismo\/#primaryimage"},"image":{"@id":"https:\/\/www.manaus.am.gov.br\/seminf\/obras-ponte-avenida-do-turismo\/#primaryimage"},"thumbnailUrl":"https:\/\/www.manaus.am.gov.br\/seminf\/wp-content\/uploads\/sites\/6\/2025\/12\/736A4340.jpg","datePublished":"2025-12-12T23:26:06+00:00","dateModified":"2025-12-16T14:46:43+00:00","author":{"@id":"https:\/\/www.manaus.am.gov.br\/seminf\/#\/schema\/person\/466a0e03ae4b6062809046bd560ac955"},"description":"A Prefeitura, por meio da Secretaria Municipal de Infraestrutura, trabalha de forma c\u00e9lere na ponte da avenida do Turismo, com tr\u00eas frentes de obras.","inLanguage":"pt-BR","potentialAction":[{"@type":"ReadAction","target":["https:\/\/www.manaus.am.gov.br\/seminf\/obras-ponte-avenida-do-turismo\/"]}]},{"@type":"ImageObject","inLanguage":"pt-BR","@id":"https:\/\/www.manaus.am.gov.br\/seminf\/obras-ponte-avenida-do-turismo\/#primaryimage","url":"https:\/\/www.manaus.am.gov.br\/seminf\/wp-content\/uploads\/sites\/6\/2025\/12\/736A4340.jpg","contentUrl":"https:\/\/www.manaus.am.gov.br\/seminf\/wp-content\/uploads\/sites\/6\/2025\/12\/736A4340.jpg","width":4464,"height":2976,"caption":"#paratodosverem - Equipes da Seminf durante obras na ponte da avenida do Turismo"},{"@type":"WebSite","@id":"https:\/\/www.manaus.am.gov.br\/seminf\/#website","url":"https:\/\/www.manaus.am.gov.br\/seminf\/","name":"Secretaria de Infraestrutura","description":"Secretaria Municipal de Infraestrutura","potentialAction":[{"@type":"SearchAction","target":{"@type":"EntryPoint","urlTemplate":"https:\/\/www.manaus.am.gov.br\/seminf\/?s={search_term_string}"},"query-input":"required name=search_term_string"}],"inLanguage":"pt-BR"},{"@type":"Person","@id":"https:\/\/www.manaus.am.gov.br\/seminf\/#\/schema\/person\/466a0e03ae4b6062809046bd560ac955","name":"bvalente","image":{"@type":"ImageObject","inLanguage":"pt-BR","@id":"https:\/\/www.manaus.am.gov.br\/seminf\/#\/schema\/person\/image\/","url":"https:\/\/secure.gravatar.com\/avatar\/3e69bc2b014bdad41adfec3a39de07d2?s=96&d=mm&r=g","contentUrl":"https:\/\/secure.gravatar.com\/avatar\/3e69bc2b014bdad41adfec3a39de07d2?s=96&d=mm&r=g","caption":"bvalente"}}]}},"_links":{"self":[{"href":"https:\/\/www.manaus.am.gov.br\/seminf\/wp-json\/wp\/v2\/posts\/7867"}],"collection":[{"href":"https:\/\/www.manaus.am.gov.br\/seminf\/wp-json\/wp\/v2\/posts"}],"about":[{"href":"https:\/\/www.manaus.am.gov.br\/seminf\/wp-json\/wp\/v2\/types\/post"}],"author":[{"embeddable":true,"href":"https:\/\/www.manaus.am.gov.br\/seminf\/wp-json\/wp\/v2\/users\/68"}],"replies":[{"embeddable":true,"href":"https:\/\/www.manaus.am.gov.br\/seminf\/wp-json\/wp\/v2\/comments?post=7867"}],"version-history":[{"count":1,"href":"https:\/\/www.manaus.am.gov.br\/seminf\/wp-json\/wp\/v2\/posts\/7867\/revisions"}],"predecessor-version":[{"id":7903,"href":"https:\/\/www.manaus.am.gov.br\/seminf\/wp-json\/wp\/v2\/posts\/7867\/revisions\/7903"}],"wp:featuredmedia":[{"embeddable":true,"href":"https:\/\/www.manaus.am.gov.br\/seminf\/wp-json\/wp\/v2\/media\/7868"}],"wp:attachment":[{"href":"https:\/\/www.manaus.am.gov.br\/seminf\/wp-json\/wp\/v2\/media?parent=7867"}],"wp:term":[{"taxonomy":"category","embeddable":true,"href":"https:\/\/www.manaus.am.gov.br\/seminf\/wp-json\/wp\/v2\/categories?post=7867"},{"taxonomy":"post_tag","embeddable":true,"href":"https:\/\/www.manaus.am.gov.br\/seminf\/wp-json\/wp\/v2\/tags?post=7867"}],"curies":[{"name":"wp","href":"https:\/\/api.w.org\/{rel}","templated":true}]}}