{"id":7855,"date":"2025-12-12T14:22:24","date_gmt":"2025-12-12T18:22:24","guid":{"rendered":"https:\/\/www.manaus.am.gov.br\/seminf\/recuperacao-drenagem-rua-maua-da-serra\/"},"modified":"2025-12-16T11:52:25","modified_gmt":"2025-12-16T15:52:25","slug":"recuperacao-drenagem-rua-maua-da-serra","status":"publish","type":"post","link":"https:\/\/www.manaus.am.gov.br\/seminf\/recuperacao-drenagem-rua-maua-da-serra\/","title":{"rendered":"Prefeitura intensifica recupera\u00e7\u00e3o da drenagem superficial e profunda na rua Mau\u00e1 da Serra, no bairro Zumbi dos Palmares"},"content":{"rendered":"\n<p>A Prefeitura de Manaus, por meio da Secretaria Municipal de Infraestrutura (Seminf), segue avan\u00e7ando com a\u00e7\u00f5es emergenciais e preventivas de recupera\u00e7\u00e3o da drenagem superficial e profunda na rua Mau\u00e1 da Serra, no bairro Zumbi dos Palmares, zona Leste da capital. Nesta sexta-feira, 12\/12, as equipes est\u00e3o atuando na desobstru\u00e7\u00e3o total da rede, que se encontrava comprometida devido ao ac\u00famulo de lixo e sedimentos ao longo da tubula\u00e7\u00e3o.<\/p>\n\n\n\n<p>De acordo com o vice-prefeito e secret\u00e1rio de Obras, Renato Junior, os servi\u00e7os foram iniciados ap\u00f3s a identifica\u00e7\u00e3o de pontos cr\u00edticos de alagamento na via, que afetavam diretamente pedestres, motoristas e moradores.<\/p>\n\n\n\n<p>\u201cEstamos trabalhando para restabelecer o fluxo adequado da \u00e1gua da chuva e devolver a seguran\u00e7a a quem precisa trafegar todos os dias pela Mau\u00e1 da Serra. Essa \u00e9 uma determina\u00e7\u00e3o do prefeito David Almeida, que tem priorizado a\u00e7\u00f5es r\u00e1pidas e resolutivas em todas as zonas da cidade\u201d, destacou Renato Junior.<\/p>\n\n\n\n<p>As equipes t\u00e9cnicas da Seminf realizam a limpeza, desobstru\u00e7\u00e3o de bueiros, corre\u00e7\u00e3o das conex\u00f5es da drenagem profunda. O trabalho \u00e9 executado com apoio de caminh\u00f5es hidrojato que atuam na suc\u00e7\u00e3o dos res\u00edduos, para garantir a efici\u00eancia total do sistema, prevenindo novos alagamentos.<\/p>\n\n\n\n<p>Renato Junior refor\u00e7a que a recupera\u00e7\u00e3o da drenagem \u00e9 fundamental para manter a trafegabilidade e evitar preju\u00edzos nas resid\u00eancias pr\u00f3ximas. \u201cEstamos atuando de forma cont\u00ednua. Onde h\u00e1 risco de alagamento ou drenagem obstru\u00edda, nossas equipes chegam imediatamente para resolver. Nosso compromisso \u00e9 garantir qualidade de vida e infraestrutura digna para os moradores e refor\u00e7amos o apelo para que o lixo n\u00e3o seja descartado de forma irregular em via p\u00fablica\u201d, afirmou.<\/p>\n\n\n\n<p>As a\u00e7\u00f5es fazem parte do plano municipal de preven\u00e7\u00e3o a alaga\u00e7\u00f5es, que intensifica interven\u00e7\u00f5es estruturais e manuten\u00e7\u00e3o dos sistemas de drenagem, promovendo mais seguran\u00e7a, mobilidade e bem-estar \u00e0 popula\u00e7\u00e3o.<\/p>\n\n\n\n<figure class=\"wp-block-image size-large\"><img loading=\"lazy\" decoding=\"async\" width=\"1024\" height=\"769\" src=\"https:\/\/www.manaus.am.gov.br\/seminf\/wp-content\/uploads\/sites\/6\/2025\/12\/Acao-emergencial-1-1024x769.jpeg\" alt=\"\" class=\"wp-image-7856\" srcset=\"https:\/\/www.manaus.am.gov.br\/seminf\/wp-content\/uploads\/sites\/6\/2025\/12\/Acao-emergencial-1-1024x769.jpeg 1024w, https:\/\/www.manaus.am.gov.br\/seminf\/wp-content\/uploads\/sites\/6\/2025\/12\/Acao-emergencial-1-300x225.jpeg 300w, https:\/\/www.manaus.am.gov.br\/seminf\/wp-content\/uploads\/sites\/6\/2025\/12\/Acao-emergencial-1-768x577.jpeg 768w, https:\/\/www.manaus.am.gov.br\/seminf\/wp-content\/uploads\/sites\/6\/2025\/12\/Acao-emergencial-1.jpeg 1329w\" sizes=\"(max-width: 1024px) 100vw, 1024px\" \/><figcaption class=\"wp-element-caption\">#paratodosverem &#8211; Equipe da Seminf realizando a limpeza da rede de drenagem<\/figcaption><\/figure>\n\n\n\n<p>&#8212; &#8212; &#8212;<\/p>\n\n\n\n<p><strong>Texto &#8211;<\/strong> Valesca Martins\/Seminf<\/p>\n\n\n\n<p><strong>Fotos <\/strong>&#8211; Divulga\u00e7\u00e3o\/Seminf<\/p>\n","protected":false},"excerpt":{"rendered":"","protected":false},"author":39,"featured_media":7857,"comment_status":"closed","ping_status":"closed","sticky":false,"template":"","format":"standard","meta":{"footnotes":""},"categories":[12],"tags":[392,544,43,2884,26],"acf":[],"yoast_head":"<!-- This site is optimized with the Yoast SEO plugin v23.0 - https:\/\/yoast.com\/wordpress\/plugins\/seo\/ -->\n<title>Recupera\u00e7\u00e3o da drenagem superficial e profunda na rua Mau\u00e1 da Serra<\/title>\n<meta name=\"description\" content=\"Prefeitura intensifica recupera\u00e7\u00e3o da drenagem superficial e profunda na rua Mau\u00e1 da Serra, no bairro Zumbi dos Palmares.\" \/>\n<meta name=\"robots\" content=\"index, follow, max-snippet:-1, max-image-preview:large, max-video-preview:-1\" \/>\n<link rel=\"canonical\" href=\"https:\/\/www.manaus.am.gov.br\/seminf\/recuperacao-drenagem-rua-maua-da-serra\/\" \/>\n<meta property=\"og:locale\" content=\"pt_BR\" \/>\n<meta property=\"og:type\" content=\"article\" \/>\n<meta property=\"og:title\" content=\"Recupera\u00e7\u00e3o da drenagem superficial e profunda na rua Mau\u00e1 da Serra\" \/>\n<meta property=\"og:description\" content=\"Prefeitura intensifica recupera\u00e7\u00e3o da drenagem superficial e profunda na rua Mau\u00e1 da Serra, no bairro Zumbi dos Palmares.\" \/>\n<meta property=\"og:url\" content=\"https:\/\/www.manaus.am.gov.br\/seminf\/recuperacao-drenagem-rua-maua-da-serra\/\" \/>\n<meta property=\"og:site_name\" content=\"SEMINF\" \/>\n<meta property=\"article:published_time\" content=\"2025-12-12T18:22:24+00:00\" \/>\n<meta property=\"article:modified_time\" content=\"2025-12-16T15:52:25+00:00\" \/>\n<meta property=\"og:image\" content=\"https:\/\/www.manaus.am.gov.br\/seminf\/wp-content\/uploads\/sites\/6\/2025\/12\/Acao-emergencial-9.jpeg\" \/>\n\t<meta property=\"og:image:width\" content=\"1600\" \/>\n\t<meta property=\"og:image:height\" content=\"1200\" \/>\n\t<meta property=\"og:image:type\" content=\"image\/jpeg\" \/>\n<meta name=\"author\" content=\"Bruna Greco\" \/>\n<meta name=\"twitter:card\" content=\"summary_large_image\" \/>\n<meta name=\"twitter:label1\" content=\"Written by\" \/>\n\t<meta name=\"twitter:data1\" content=\"Bruna Greco\" \/>\n\t<meta name=\"twitter:label2\" content=\"Est. reading time\" \/>\n\t<meta name=\"twitter:data2\" content=\"3 minutos\" \/>\n<script type=\"application\/ld+json\" class=\"yoast-schema-graph\">{\"@context\":\"https:\/\/schema.org\",\"@graph\":[{\"@type\":\"WebPage\",\"@id\":\"https:\/\/www.manaus.am.gov.br\/seminf\/recuperacao-drenagem-rua-maua-da-serra\/\",\"url\":\"https:\/\/www.manaus.am.gov.br\/seminf\/recuperacao-drenagem-rua-maua-da-serra\/\",\"name\":\"Recupera\u00e7\u00e3o da drenagem superficial e profunda na rua Mau\u00e1 da Serra\",\"isPartOf\":{\"@id\":\"https:\/\/www.manaus.am.gov.br\/seminf\/#website\"},\"primaryImageOfPage\":{\"@id\":\"https:\/\/www.manaus.am.gov.br\/seminf\/recuperacao-drenagem-rua-maua-da-serra\/#primaryimage\"},\"image\":{\"@id\":\"https:\/\/www.manaus.am.gov.br\/seminf\/recuperacao-drenagem-rua-maua-da-serra\/#primaryimage\"},\"thumbnailUrl\":\"https:\/\/www.manaus.am.gov.br\/seminf\/wp-content\/uploads\/sites\/6\/2025\/12\/Acao-emergencial-9.jpeg\",\"datePublished\":\"2025-12-12T18:22:24+00:00\",\"dateModified\":\"2025-12-16T15:52:25+00:00\",\"author\":{\"@id\":\"https:\/\/www.manaus.am.gov.br\/seminf\/#\/schema\/person\/05d223aea2bf115f9883a6ff3683d81b\"},\"description\":\"Prefeitura intensifica recupera\u00e7\u00e3o da drenagem superficial e profunda na rua Mau\u00e1 da Serra, no bairro Zumbi dos Palmares.\",\"inLanguage\":\"pt-BR\",\"potentialAction\":[{\"@type\":\"ReadAction\",\"target\":[\"https:\/\/www.manaus.am.gov.br\/seminf\/recuperacao-drenagem-rua-maua-da-serra\/\"]}]},{\"@type\":\"ImageObject\",\"inLanguage\":\"pt-BR\",\"@id\":\"https:\/\/www.manaus.am.gov.br\/seminf\/recuperacao-drenagem-rua-maua-da-serra\/#primaryimage\",\"url\":\"https:\/\/www.manaus.am.gov.br\/seminf\/wp-content\/uploads\/sites\/6\/2025\/12\/Acao-emergencial-9.jpeg\",\"contentUrl\":\"https:\/\/www.manaus.am.gov.br\/seminf\/wp-content\/uploads\/sites\/6\/2025\/12\/Acao-emergencial-9.jpeg\",\"width\":1600,\"height\":1200,\"caption\":\"#paratodosverem - Equipe da Seminf realizando a recupera\u00e7\u00e3o de drenagem na rua Mau\u00e1 da Serra, no bairro Zumbi dos Palmares\"},{\"@type\":\"WebSite\",\"@id\":\"https:\/\/www.manaus.am.gov.br\/seminf\/#website\",\"url\":\"https:\/\/www.manaus.am.gov.br\/seminf\/\",\"name\":\"Secretaria de Infraestrutura\",\"description\":\"Secretaria Municipal de Infraestrutura\",\"potentialAction\":[{\"@type\":\"SearchAction\",\"target\":{\"@type\":\"EntryPoint\",\"urlTemplate\":\"https:\/\/www.manaus.am.gov.br\/seminf\/?s={search_term_string}\"},\"query-input\":\"required name=search_term_string\"}],\"inLanguage\":\"pt-BR\"},{\"@type\":\"Person\",\"@id\":\"https:\/\/www.manaus.am.gov.br\/seminf\/#\/schema\/person\/05d223aea2bf115f9883a6ff3683d81b\",\"name\":\"Bruna Greco\",\"image\":{\"@type\":\"ImageObject\",\"inLanguage\":\"pt-BR\",\"@id\":\"https:\/\/www.manaus.am.gov.br\/seminf\/#\/schema\/person\/image\/\",\"url\":\"https:\/\/secure.gravatar.com\/avatar\/9c877d1a6adc2a055330e5c09a8653ce?s=96&d=mm&r=g\",\"contentUrl\":\"https:\/\/secure.gravatar.com\/avatar\/9c877d1a6adc2a055330e5c09a8653ce?s=96&d=mm&r=g\",\"caption\":\"Bruna Greco\"}}]}<\/script>\n<!-- \/ Yoast SEO plugin. -->","yoast_head_json":{"title":"Recupera\u00e7\u00e3o da drenagem superficial e profunda na rua Mau\u00e1 da Serra","description":"Prefeitura intensifica recupera\u00e7\u00e3o da drenagem superficial e profunda na rua Mau\u00e1 da Serra, no bairro Zumbi dos Palmares.","robots":{"index":"index","follow":"follow","max-snippet":"max-snippet:-1","max-image-preview":"max-image-preview:large","max-video-preview":"max-video-preview:-1"},"canonical":"https:\/\/www.manaus.am.gov.br\/seminf\/recuperacao-drenagem-rua-maua-da-serra\/","og_locale":"pt_BR","og_type":"article","og_title":"Recupera\u00e7\u00e3o da drenagem superficial e profunda na rua Mau\u00e1 da Serra","og_description":"Prefeitura intensifica recupera\u00e7\u00e3o da drenagem superficial e profunda na rua Mau\u00e1 da Serra, no bairro Zumbi dos Palmares.","og_url":"https:\/\/www.manaus.am.gov.br\/seminf\/recuperacao-drenagem-rua-maua-da-serra\/","og_site_name":"SEMINF","article_published_time":"2025-12-12T18:22:24+00:00","article_modified_time":"2025-12-16T15:52:25+00:00","og_image":[{"width":1600,"height":1200,"url":"https:\/\/www.manaus.am.gov.br\/seminf\/wp-content\/uploads\/sites\/6\/2025\/12\/Acao-emergencial-9.jpeg","type":"image\/jpeg"}],"author":"Bruna Greco","twitter_card":"summary_large_image","twitter_misc":{"Written by":"Bruna Greco","Est. reading time":"3 minutos"},"schema":{"@context":"https:\/\/schema.org","@graph":[{"@type":"WebPage","@id":"https:\/\/www.manaus.am.gov.br\/seminf\/recuperacao-drenagem-rua-maua-da-serra\/","url":"https:\/\/www.manaus.am.gov.br\/seminf\/recuperacao-drenagem-rua-maua-da-serra\/","name":"Recupera\u00e7\u00e3o da drenagem superficial e profunda na rua Mau\u00e1 da Serra","isPartOf":{"@id":"https:\/\/www.manaus.am.gov.br\/seminf\/#website"},"primaryImageOfPage":{"@id":"https:\/\/www.manaus.am.gov.br\/seminf\/recuperacao-drenagem-rua-maua-da-serra\/#primaryimage"},"image":{"@id":"https:\/\/www.manaus.am.gov.br\/seminf\/recuperacao-drenagem-rua-maua-da-serra\/#primaryimage"},"thumbnailUrl":"https:\/\/www.manaus.am.gov.br\/seminf\/wp-content\/uploads\/sites\/6\/2025\/12\/Acao-emergencial-9.jpeg","datePublished":"2025-12-12T18:22:24+00:00","dateModified":"2025-12-16T15:52:25+00:00","author":{"@id":"https:\/\/www.manaus.am.gov.br\/seminf\/#\/schema\/person\/05d223aea2bf115f9883a6ff3683d81b"},"description":"Prefeitura intensifica recupera\u00e7\u00e3o da drenagem superficial e profunda na rua Mau\u00e1 da Serra, no bairro Zumbi dos Palmares.","inLanguage":"pt-BR","potentialAction":[{"@type":"ReadAction","target":["https:\/\/www.manaus.am.gov.br\/seminf\/recuperacao-drenagem-rua-maua-da-serra\/"]}]},{"@type":"ImageObject","inLanguage":"pt-BR","@id":"https:\/\/www.manaus.am.gov.br\/seminf\/recuperacao-drenagem-rua-maua-da-serra\/#primaryimage","url":"https:\/\/www.manaus.am.gov.br\/seminf\/wp-content\/uploads\/sites\/6\/2025\/12\/Acao-emergencial-9.jpeg","contentUrl":"https:\/\/www.manaus.am.gov.br\/seminf\/wp-content\/uploads\/sites\/6\/2025\/12\/Acao-emergencial-9.jpeg","width":1600,"height":1200,"caption":"#paratodosverem - Equipe da Seminf realizando a recupera\u00e7\u00e3o de drenagem na rua Mau\u00e1 da Serra, no bairro Zumbi dos Palmares"},{"@type":"WebSite","@id":"https:\/\/www.manaus.am.gov.br\/seminf\/#website","url":"https:\/\/www.manaus.am.gov.br\/seminf\/","name":"Secretaria de Infraestrutura","description":"Secretaria Municipal de Infraestrutura","potentialAction":[{"@type":"SearchAction","target":{"@type":"EntryPoint","urlTemplate":"https:\/\/www.manaus.am.gov.br\/seminf\/?s={search_term_string}"},"query-input":"required name=search_term_string"}],"inLanguage":"pt-BR"},{"@type":"Person","@id":"https:\/\/www.manaus.am.gov.br\/seminf\/#\/schema\/person\/05d223aea2bf115f9883a6ff3683d81b","name":"Bruna Greco","image":{"@type":"ImageObject","inLanguage":"pt-BR","@id":"https:\/\/www.manaus.am.gov.br\/seminf\/#\/schema\/person\/image\/","url":"https:\/\/secure.gravatar.com\/avatar\/9c877d1a6adc2a055330e5c09a8653ce?s=96&d=mm&r=g","contentUrl":"https:\/\/secure.gravatar.com\/avatar\/9c877d1a6adc2a055330e5c09a8653ce?s=96&d=mm&r=g","caption":"Bruna Greco"}}]}},"_links":{"self":[{"href":"https:\/\/www.manaus.am.gov.br\/seminf\/wp-json\/wp\/v2\/posts\/7855"}],"collection":[{"href":"https:\/\/www.manaus.am.gov.br\/seminf\/wp-json\/wp\/v2\/posts"}],"about":[{"href":"https:\/\/www.manaus.am.gov.br\/seminf\/wp-json\/wp\/v2\/types\/post"}],"author":[{"embeddable":true,"href":"https:\/\/www.manaus.am.gov.br\/seminf\/wp-json\/wp\/v2\/users\/39"}],"replies":[{"embeddable":true,"href":"https:\/\/www.manaus.am.gov.br\/seminf\/wp-json\/wp\/v2\/comments?post=7855"}],"version-history":[{"count":5,"href":"https:\/\/www.manaus.am.gov.br\/seminf\/wp-json\/wp\/v2\/posts\/7855\/revisions"}],"predecessor-version":[{"id":7906,"href":"https:\/\/www.manaus.am.gov.br\/seminf\/wp-json\/wp\/v2\/posts\/7855\/revisions\/7906"}],"wp:featuredmedia":[{"embeddable":true,"href":"https:\/\/www.manaus.am.gov.br\/seminf\/wp-json\/wp\/v2\/media\/7857"}],"wp:attachment":[{"href":"https:\/\/www.manaus.am.gov.br\/seminf\/wp-json\/wp\/v2\/media?parent=7855"}],"wp:term":[{"taxonomy":"category","embeddable":true,"href":"https:\/\/www.manaus.am.gov.br\/seminf\/wp-json\/wp\/v2\/categories?post=7855"},{"taxonomy":"post_tag","embeddable":true,"href":"https:\/\/www.manaus.am.gov.br\/seminf\/wp-json\/wp\/v2\/tags?post=7855"}],"curies":[{"name":"wp","href":"https:\/\/api.w.org\/{rel}","templated":true}]}}