{"id":7842,"date":"2025-12-10T19:23:45","date_gmt":"2025-12-10T23:23:45","guid":{"rendered":"https:\/\/www.manaus.am.gov.br\/seminf\/atividades-recreativas-educacao-transito\/"},"modified":"2025-12-10T19:23:46","modified_gmt":"2025-12-10T23:23:46","slug":"atividades-recreativas-educacao-transito","status":"publish","type":"post","link":"https:\/\/www.manaus.am.gov.br\/seminf\/atividades-recreativas-educacao-transito\/","title":{"rendered":"Prefeitura realiza a\u00e7\u00f5es recreativas e de educa\u00e7\u00e3o no tr\u00e2nsito para crian\u00e7as da rede municipal no parque Cidade da Crian\u00e7a"},"content":{"rendered":"\n<p>A Prefeitura de Manaus, por meio da Unidade Executora do Programa de Infraestrutura Urbana e Ambiental (UEP), da Secretaria Municipal de Infraestrutura (Seminf), promoveu, nesta quarta-feira, 10\/12, atividades recreativas para crian\u00e7as do 4\u00ba ano do ensino fundamental da escola municipal Jos\u00e9 Carlos Martins Mestrinho, no parque Cidade da Crian\u00e7a, localizado no bairro Aleixo. A a\u00e7\u00e3o visa a integra\u00e7\u00e3o das crian\u00e7as diretamente com a natureza e com atividades socioambientais.&nbsp;<\/p>\n\n\n\n<p>\u201cA gest\u00e3o do prefeito David Almeida entende que cuidar da infraestrutura da cidade tamb\u00e9m significa investir nas pr\u00f3ximas gera\u00e7\u00f5es. Por isso a\u00e7\u00f5es socioambientais, educativas, aproximam as crian\u00e7as da educa\u00e7\u00e3o ambiental e de tr\u00e2nsito, de forma divertida e segura. Um trabalho que estamos realizando, que refor\u00e7a o compromisso da gest\u00e3o do prefeito David Almeida em construir uma cidade conciente\u201d, explica o vice-prefeito e secret\u00e1rio de Obras, Renato Junior.<\/p>\n\n\n\n<p>As crian\u00e7as realizaram o passeio pelo parque Cidade da Crian\u00e7a, onde encontraram diferentes brinquedos que contribuem para os ensinamentos de educa\u00e7\u00e3o de tr\u00e2nsito e cuidados com o meio ambiente, aprendendo enquanto brincavam.<\/p>\n\n\n\n<p>\u201cAs atividades da UEP-Seminf, fazem parte do programa de recupera\u00e7\u00e3o e revitaliza\u00e7\u00e3o do igarap\u00e9 do Mind\u00fa. A proposta da nossa atividade \u00e9 de trazer as crian\u00e7as para esse ambiente l\u00fadico, confort\u00e1vel, que possam ter esse contato direto com a natureza, al\u00e9m das excelentes atividades do IMMU\u201d, afirma a assistente social e respons\u00e1vel pelo passeio, Kelly Dolzani de 48 anos.<\/p>\n\n\n\n<p>Em parceria com o Instituto Municipal de Mobilidade Urbana (IMMU), equipes pedag\u00f3gicas participaram da excurs\u00e3o com atividades de educa\u00e7\u00e3o de tr\u00e2nsito, visando preparar e educar as crian\u00e7as para andar no tr\u00e2nsito com suas fam\u00edlias ou para quando se tornarem futuros condutores.&nbsp;<\/p>\n\n\n\n<p>\u201cA Prefeitura de Manaus se preocupa com o futuro das crian\u00e7as, com isso estamos promovendo essas atividades, a Seminf com o IMMU, para que essas crian\u00e7as possam se tornar bons e educados condutores no futuro\u201d, explica a psic\u00f3loga e respons\u00e1vel pelas atividades de educa\u00e7\u00e3o de tr\u00e2nsito, Keily Brasil, de 58 anos.&nbsp;<\/p>\n\n\n\n<p>A\u00e7\u00f5es integradas entre secretarias refor\u00e7am o compromisso da Prefeitura de Manaus em ensinar, desde a inf\u00e2ncia, de forma l\u00fadica, cuidados com a cidade, natureza e no tr\u00e2nsito, contribuindo para a forma\u00e7\u00e3o de adultos conscientes.<\/p>\n\n\n\n<p>\u2014- \u2014- \u2014-<br><strong>Texto &#8211;<\/strong> Eduarda Lira\/Seminf<br><strong>Fotos &#8211;\u00a0 <\/strong>M\u00e1rcio Melo\/Seminf<\/p>\n","protected":false},"excerpt":{"rendered":"","protected":false},"author":68,"featured_media":7843,"comment_status":"closed","ping_status":"closed","sticky":false,"template":"","format":"standard","meta":{"footnotes":""},"categories":[12],"tags":[2877,43,26],"acf":[],"yoast_head":"<!-- This site is optimized with the Yoast SEO plugin v23.0 - https:\/\/yoast.com\/wordpress\/plugins\/seo\/ -->\n<title>Prefeitura realiza a\u00e7\u00f5es recreativas e de educa\u00e7\u00e3o no tr\u00e2nsito<\/title>\n<meta name=\"description\" content=\"A Prefeitura de Manaus, por meio da Unidade Executora do Programa de Infraestrutura Urbana e Ambiental (UEP), da Secretaria Municipal de Infraestrutura (Seminf), promoveu, nesta quarta-feira, 10\/12, atividades recreativas para crian\u00e7as do 4\u00ba ano do ensino fundamental da escola municipal Jos\u00e9 Carlos Martins Mestrinho, no parque Cidade da Crian\u00e7a, localizado no bairro Aleixo. A a\u00e7\u00e3o visa a integra\u00e7\u00e3o das crian\u00e7as diretamente com a natureza e com atividades socioambientais.\" \/>\n<meta name=\"robots\" content=\"index, follow, max-snippet:-1, max-image-preview:large, max-video-preview:-1\" \/>\n<link rel=\"canonical\" href=\"https:\/\/www.manaus.am.gov.br\/seminf\/atividades-recreativas-educacao-transito\/\" \/>\n<meta property=\"og:locale\" content=\"pt_BR\" \/>\n<meta property=\"og:type\" content=\"article\" \/>\n<meta property=\"og:title\" content=\"Prefeitura realiza a\u00e7\u00f5es recreativas e de educa\u00e7\u00e3o no tr\u00e2nsito\" \/>\n<meta property=\"og:description\" content=\"A Prefeitura de Manaus, por meio da Unidade Executora do Programa de Infraestrutura Urbana e Ambiental (UEP), da Secretaria Municipal de Infraestrutura (Seminf), promoveu, nesta quarta-feira, 10\/12, atividades recreativas para crian\u00e7as do 4\u00ba ano do ensino fundamental da escola municipal Jos\u00e9 Carlos Martins Mestrinho, no parque Cidade da Crian\u00e7a, localizado no bairro Aleixo. A a\u00e7\u00e3o visa a integra\u00e7\u00e3o das crian\u00e7as diretamente com a natureza e com atividades socioambientais.\" \/>\n<meta property=\"og:url\" content=\"https:\/\/www.manaus.am.gov.br\/seminf\/atividades-recreativas-educacao-transito\/\" \/>\n<meta property=\"og:site_name\" content=\"SEMINF\" \/>\n<meta property=\"article:published_time\" content=\"2025-12-10T23:23:45+00:00\" \/>\n<meta property=\"article:modified_time\" content=\"2025-12-10T23:23:46+00:00\" \/>\n<meta property=\"og:image\" content=\"https:\/\/www.manaus.am.gov.br\/seminf\/wp-content\/uploads\/sites\/6\/2025\/12\/736A3811-1024x683.jpg\" \/>\n\t<meta property=\"og:image:width\" content=\"1024\" \/>\n\t<meta property=\"og:image:height\" content=\"683\" \/>\n\t<meta property=\"og:image:type\" content=\"image\/jpeg\" \/>\n<meta name=\"author\" content=\"bvalente\" \/>\n<meta name=\"twitter:card\" content=\"summary_large_image\" \/>\n<meta name=\"twitter:label1\" content=\"Written by\" \/>\n\t<meta name=\"twitter:data1\" content=\"bvalente\" \/>\n\t<meta name=\"twitter:label2\" content=\"Est. reading time\" \/>\n\t<meta name=\"twitter:data2\" content=\"3 minutos\" \/>\n<script type=\"application\/ld+json\" class=\"yoast-schema-graph\">{\"@context\":\"https:\/\/schema.org\",\"@graph\":[{\"@type\":\"WebPage\",\"@id\":\"https:\/\/www.manaus.am.gov.br\/seminf\/atividades-recreativas-educacao-transito\/\",\"url\":\"https:\/\/www.manaus.am.gov.br\/seminf\/atividades-recreativas-educacao-transito\/\",\"name\":\"Prefeitura realiza a\u00e7\u00f5es recreativas e de educa\u00e7\u00e3o no tr\u00e2nsito\",\"isPartOf\":{\"@id\":\"https:\/\/www.manaus.am.gov.br\/seminf\/#website\"},\"primaryImageOfPage\":{\"@id\":\"https:\/\/www.manaus.am.gov.br\/seminf\/atividades-recreativas-educacao-transito\/#primaryimage\"},\"image\":{\"@id\":\"https:\/\/www.manaus.am.gov.br\/seminf\/atividades-recreativas-educacao-transito\/#primaryimage\"},\"thumbnailUrl\":\"https:\/\/www.manaus.am.gov.br\/seminf\/wp-content\/uploads\/sites\/6\/2025\/12\/736A3811.jpg\",\"datePublished\":\"2025-12-10T23:23:45+00:00\",\"dateModified\":\"2025-12-10T23:23:46+00:00\",\"author\":{\"@id\":\"https:\/\/www.manaus.am.gov.br\/seminf\/#\/schema\/person\/466a0e03ae4b6062809046bd560ac955\"},\"description\":\"A Prefeitura de Manaus, por meio da Unidade Executora do Programa de Infraestrutura Urbana e Ambiental (UEP), da Secretaria Municipal de Infraestrutura (Seminf), promoveu, nesta quarta-feira, 10\/12, atividades recreativas para crian\u00e7as do 4\u00ba ano do ensino fundamental da escola municipal Jos\u00e9 Carlos Martins Mestrinho, no parque Cidade da Crian\u00e7a, localizado no bairro Aleixo. A a\u00e7\u00e3o visa a integra\u00e7\u00e3o das crian\u00e7as diretamente com a natureza e com atividades socioambientais.\",\"inLanguage\":\"pt-BR\",\"potentialAction\":[{\"@type\":\"ReadAction\",\"target\":[\"https:\/\/www.manaus.am.gov.br\/seminf\/atividades-recreativas-educacao-transito\/\"]}]},{\"@type\":\"ImageObject\",\"inLanguage\":\"pt-BR\",\"@id\":\"https:\/\/www.manaus.am.gov.br\/seminf\/atividades-recreativas-educacao-transito\/#primaryimage\",\"url\":\"https:\/\/www.manaus.am.gov.br\/seminf\/wp-content\/uploads\/sites\/6\/2025\/12\/736A3811.jpg\",\"contentUrl\":\"https:\/\/www.manaus.am.gov.br\/seminf\/wp-content\/uploads\/sites\/6\/2025\/12\/736A3811.jpg\",\"width\":6720,\"height\":4480,\"caption\":\"#paratodosverem - Equipes da Seminf e do IMMU durante a\u00e7\u00e3o recreativa com crian\u00e7as\"},{\"@type\":\"WebSite\",\"@id\":\"https:\/\/www.manaus.am.gov.br\/seminf\/#website\",\"url\":\"https:\/\/www.manaus.am.gov.br\/seminf\/\",\"name\":\"Secretaria de Infraestrutura\",\"description\":\"Secretaria Municipal de Infraestrutura\",\"potentialAction\":[{\"@type\":\"SearchAction\",\"target\":{\"@type\":\"EntryPoint\",\"urlTemplate\":\"https:\/\/www.manaus.am.gov.br\/seminf\/?s={search_term_string}\"},\"query-input\":\"required name=search_term_string\"}],\"inLanguage\":\"pt-BR\"},{\"@type\":\"Person\",\"@id\":\"https:\/\/www.manaus.am.gov.br\/seminf\/#\/schema\/person\/466a0e03ae4b6062809046bd560ac955\",\"name\":\"bvalente\",\"image\":{\"@type\":\"ImageObject\",\"inLanguage\":\"pt-BR\",\"@id\":\"https:\/\/www.manaus.am.gov.br\/seminf\/#\/schema\/person\/image\/\",\"url\":\"https:\/\/secure.gravatar.com\/avatar\/3e69bc2b014bdad41adfec3a39de07d2?s=96&d=mm&r=g\",\"contentUrl\":\"https:\/\/secure.gravatar.com\/avatar\/3e69bc2b014bdad41adfec3a39de07d2?s=96&d=mm&r=g\",\"caption\":\"bvalente\"}}]}<\/script>\n<!-- \/ Yoast SEO plugin. -->","yoast_head_json":{"title":"Prefeitura realiza a\u00e7\u00f5es recreativas e de educa\u00e7\u00e3o no tr\u00e2nsito","description":"A Prefeitura de Manaus, por meio da Unidade Executora do Programa de Infraestrutura Urbana e Ambiental (UEP), da Secretaria Municipal de Infraestrutura (Seminf), promoveu, nesta quarta-feira, 10\/12, atividades recreativas para crian\u00e7as do 4\u00ba ano do ensino fundamental da escola municipal Jos\u00e9 Carlos Martins Mestrinho, no parque Cidade da Crian\u00e7a, localizado no bairro Aleixo. A a\u00e7\u00e3o visa a integra\u00e7\u00e3o das crian\u00e7as diretamente com a natureza e com atividades socioambientais.","robots":{"index":"index","follow":"follow","max-snippet":"max-snippet:-1","max-image-preview":"max-image-preview:large","max-video-preview":"max-video-preview:-1"},"canonical":"https:\/\/www.manaus.am.gov.br\/seminf\/atividades-recreativas-educacao-transito\/","og_locale":"pt_BR","og_type":"article","og_title":"Prefeitura realiza a\u00e7\u00f5es recreativas e de educa\u00e7\u00e3o no tr\u00e2nsito","og_description":"A Prefeitura de Manaus, por meio da Unidade Executora do Programa de Infraestrutura Urbana e Ambiental (UEP), da Secretaria Municipal de Infraestrutura (Seminf), promoveu, nesta quarta-feira, 10\/12, atividades recreativas para crian\u00e7as do 4\u00ba ano do ensino fundamental da escola municipal Jos\u00e9 Carlos Martins Mestrinho, no parque Cidade da Crian\u00e7a, localizado no bairro Aleixo. A a\u00e7\u00e3o visa a integra\u00e7\u00e3o das crian\u00e7as diretamente com a natureza e com atividades socioambientais.","og_url":"https:\/\/www.manaus.am.gov.br\/seminf\/atividades-recreativas-educacao-transito\/","og_site_name":"SEMINF","article_published_time":"2025-12-10T23:23:45+00:00","article_modified_time":"2025-12-10T23:23:46+00:00","og_image":[{"width":1024,"height":683,"url":"https:\/\/www.manaus.am.gov.br\/seminf\/wp-content\/uploads\/sites\/6\/2025\/12\/736A3811-1024x683.jpg","type":"image\/jpeg"}],"author":"bvalente","twitter_card":"summary_large_image","twitter_misc":{"Written by":"bvalente","Est. reading time":"3 minutos"},"schema":{"@context":"https:\/\/schema.org","@graph":[{"@type":"WebPage","@id":"https:\/\/www.manaus.am.gov.br\/seminf\/atividades-recreativas-educacao-transito\/","url":"https:\/\/www.manaus.am.gov.br\/seminf\/atividades-recreativas-educacao-transito\/","name":"Prefeitura realiza a\u00e7\u00f5es recreativas e de educa\u00e7\u00e3o no tr\u00e2nsito","isPartOf":{"@id":"https:\/\/www.manaus.am.gov.br\/seminf\/#website"},"primaryImageOfPage":{"@id":"https:\/\/www.manaus.am.gov.br\/seminf\/atividades-recreativas-educacao-transito\/#primaryimage"},"image":{"@id":"https:\/\/www.manaus.am.gov.br\/seminf\/atividades-recreativas-educacao-transito\/#primaryimage"},"thumbnailUrl":"https:\/\/www.manaus.am.gov.br\/seminf\/wp-content\/uploads\/sites\/6\/2025\/12\/736A3811.jpg","datePublished":"2025-12-10T23:23:45+00:00","dateModified":"2025-12-10T23:23:46+00:00","author":{"@id":"https:\/\/www.manaus.am.gov.br\/seminf\/#\/schema\/person\/466a0e03ae4b6062809046bd560ac955"},"description":"A Prefeitura de Manaus, por meio da Unidade Executora do Programa de Infraestrutura Urbana e Ambiental (UEP), da Secretaria Municipal de Infraestrutura (Seminf), promoveu, nesta quarta-feira, 10\/12, atividades recreativas para crian\u00e7as do 4\u00ba ano do ensino fundamental da escola municipal Jos\u00e9 Carlos Martins Mestrinho, no parque Cidade da Crian\u00e7a, localizado no bairro Aleixo. A a\u00e7\u00e3o visa a integra\u00e7\u00e3o das crian\u00e7as diretamente com a natureza e com atividades socioambientais.","inLanguage":"pt-BR","potentialAction":[{"@type":"ReadAction","target":["https:\/\/www.manaus.am.gov.br\/seminf\/atividades-recreativas-educacao-transito\/"]}]},{"@type":"ImageObject","inLanguage":"pt-BR","@id":"https:\/\/www.manaus.am.gov.br\/seminf\/atividades-recreativas-educacao-transito\/#primaryimage","url":"https:\/\/www.manaus.am.gov.br\/seminf\/wp-content\/uploads\/sites\/6\/2025\/12\/736A3811.jpg","contentUrl":"https:\/\/www.manaus.am.gov.br\/seminf\/wp-content\/uploads\/sites\/6\/2025\/12\/736A3811.jpg","width":6720,"height":4480,"caption":"#paratodosverem - Equipes da Seminf e do IMMU durante a\u00e7\u00e3o recreativa com crian\u00e7as"},{"@type":"WebSite","@id":"https:\/\/www.manaus.am.gov.br\/seminf\/#website","url":"https:\/\/www.manaus.am.gov.br\/seminf\/","name":"Secretaria de Infraestrutura","description":"Secretaria Municipal de Infraestrutura","potentialAction":[{"@type":"SearchAction","target":{"@type":"EntryPoint","urlTemplate":"https:\/\/www.manaus.am.gov.br\/seminf\/?s={search_term_string}"},"query-input":"required name=search_term_string"}],"inLanguage":"pt-BR"},{"@type":"Person","@id":"https:\/\/www.manaus.am.gov.br\/seminf\/#\/schema\/person\/466a0e03ae4b6062809046bd560ac955","name":"bvalente","image":{"@type":"ImageObject","inLanguage":"pt-BR","@id":"https:\/\/www.manaus.am.gov.br\/seminf\/#\/schema\/person\/image\/","url":"https:\/\/secure.gravatar.com\/avatar\/3e69bc2b014bdad41adfec3a39de07d2?s=96&d=mm&r=g","contentUrl":"https:\/\/secure.gravatar.com\/avatar\/3e69bc2b014bdad41adfec3a39de07d2?s=96&d=mm&r=g","caption":"bvalente"}}]}},"_links":{"self":[{"href":"https:\/\/www.manaus.am.gov.br\/seminf\/wp-json\/wp\/v2\/posts\/7842"}],"collection":[{"href":"https:\/\/www.manaus.am.gov.br\/seminf\/wp-json\/wp\/v2\/posts"}],"about":[{"href":"https:\/\/www.manaus.am.gov.br\/seminf\/wp-json\/wp\/v2\/types\/post"}],"author":[{"embeddable":true,"href":"https:\/\/www.manaus.am.gov.br\/seminf\/wp-json\/wp\/v2\/users\/68"}],"replies":[{"embeddable":true,"href":"https:\/\/www.manaus.am.gov.br\/seminf\/wp-json\/wp\/v2\/comments?post=7842"}],"version-history":[{"count":0,"href":"https:\/\/www.manaus.am.gov.br\/seminf\/wp-json\/wp\/v2\/posts\/7842\/revisions"}],"wp:featuredmedia":[{"embeddable":true,"href":"https:\/\/www.manaus.am.gov.br\/seminf\/wp-json\/wp\/v2\/media\/7843"}],"wp:attachment":[{"href":"https:\/\/www.manaus.am.gov.br\/seminf\/wp-json\/wp\/v2\/media?parent=7842"}],"wp:term":[{"taxonomy":"category","embeddable":true,"href":"https:\/\/www.manaus.am.gov.br\/seminf\/wp-json\/wp\/v2\/categories?post=7842"},{"taxonomy":"post_tag","embeddable":true,"href":"https:\/\/www.manaus.am.gov.br\/seminf\/wp-json\/wp\/v2\/tags?post=7842"}],"curies":[{"name":"wp","href":"https:\/\/api.w.org\/{rel}","templated":true}]}}