{"id":781,"date":"2023-02-22T20:44:10","date_gmt":"2023-02-23T00:44:10","guid":{"rendered":"https:\/\/www.manaus.am.gov.br\/seminf\/prefeito-david-almeida-anuncia-liberacao-da-avenida-djalma-batista-para-11h-desta-quinta-feira\/"},"modified":"2023-02-24T15:10:57","modified_gmt":"2023-02-24T19:10:57","slug":"prefeito-david-almeida-anuncia-liberacao-da-avenida-djalma-batista-para-11h-desta-quinta-feira","status":"publish","type":"post","link":"https:\/\/www.manaus.am.gov.br\/seminf\/prefeito-david-almeida-anuncia-liberacao-da-avenida-djalma-batista-para-11h-desta-quinta-feira\/","title":{"rendered":"<strong>Prefeito David Almeida anuncia libera\u00e7\u00e3o da avenida Djalma Batista para 11h desta quinta-feira<\/strong>"},"content":{"rendered":"\n<p>O prefeito de Manaus, David Almeida, anunciou, na noite desta quarta-feira, 22\/2, durante uma vistoria nas obras de recupera\u00e7\u00e3o da drenagem profunda de um trecho da avenida Djalma Batista, que a via ser\u00e1 liberada para a tr\u00e1fego vi\u00e1rio \u00e0s 11h desta quinta-feira, 23. O local estava interditado h\u00e1 uma semana.<\/p>\n\n\n\n<p>Acompanhado do titular da Secretaria Municipal de Infraestrutura (Seminf), Renato J\u00fanior, e da ent\u00e3o prefeita em exerc\u00edcio Yomara Lins, David Almeida destacou a agilidade do servi\u00e7o realizado pelos servidores municipais, visto que, a primeira previs\u00e3o de conclus\u00e3o da obra era de 20 dias.<\/p>\n\n\n\n<p>\u201cSe estimava de 15 a 20 dias em fun\u00e7\u00e3o das chuvas, mas com o volume de trabalho muito grande, 24 horas por sete dias seguidos, a grande quantidade de equipamentos, m\u00e1quinas, a presen\u00e7a constante do secret\u00e1rio (Renato J\u00fanior), dos subsecret\u00e1rios e o empenho dos trabalhadores da Seminf, que est\u00e3o de parab\u00e9ns, n\u00f3s vamos antecipar a entrega dessa obra que \u00e9 de fundamental import\u00e2ncia para o tr\u00e2nsito, para a trafegabilidade da nossa cidade. Amanh\u00e3, \u00e0s 11h, temos a previs\u00e3o de entregar os dois lados da via\u201d, afirmou Almeida.<\/p>\n\n\n\n<p>Para a realiza\u00e7\u00e3o da obra, as equipes da Seminf contam com o apoio de 12 m\u00e1quinas, entre escavadeiras, patrol e rolo compactador, al\u00e9m de 45 ca\u00e7ambas.<\/p>\n\n\n\n<p>O prefeito de Manaus explicou que mesmo ap\u00f3s a entrega da via para a retomada do tr\u00e1fego vi\u00e1rio, o local ainda receber\u00e1 a\u00e7\u00f5es de infraestrutura.<\/p>\n\n\n\n<p>&#8220;Ap\u00f3s essa entrega, vamos fazer a recupera\u00e7\u00e3o do meio-fio, da sarjeta, da cal\u00e7ada, mas a trafegabilidade j\u00e1 vamos fazer a entrega no dia de amanh\u00e3. Vamos realizar um servi\u00e7o de qualidade e duradouro. Eu parabenizo o excelente trabalho realizado por toda a equipe da Seminf sob o comando do secret\u00e1rio Renato J\u00fanior&#8221;, destacou o gestor.<\/p>\n\n\n\n<p>Renato J\u00fanior enfatizou que toda a a\u00e7\u00e3o foi realizada pela pr\u00f3pria secretaria com os servidores municipais. Al\u00e9m disso, outras trechos do entorno da via tamb\u00e9m foram recuperados.<\/p>\n\n\n\n<p>\u201cNeste momento, estamos recapeando a avenida Pedro Teixeira, no trecho da Constantino Nery at\u00e9 a Djalma Batista, e a rua das Ind\u00fastrias. Estamos recapeando a Djalma Batista do trecho da entrada do conjunto Eldorado at\u00e9 a Pedro Teixeira para que n\u00e3o fique nenhuma lombada ou desn\u00edvel nesta via. Hoje estamos no s\u00e9timo dia de obra. Uma a\u00e7\u00e3o que n\u00e3o foi uma dispensa de licita\u00e7\u00e3o, uma obra executada pela pr\u00f3pria secretaria com servidores desta casa. Uma obra muito mais barata para o poder p\u00fablico. Isso \u00e9 algo que o prefeito David prioriza, economia, mas um bom trabalho sendo executado para a cidade de Manaus\u201d, concluiu.<\/p>\n\n\n\n<p>&#8212; &#8212; &#8212;<\/p>\n\n\n\n<p><strong>Texto<\/strong> \u2013 Thiago Fernando \/ Semcom<\/p>\n\n\n\n<p><strong>Fotos<\/strong> \u2013 Cl\u00f3vis Miranda e Ruan Souza \/ Semcom<\/p>\n\n\n\n<p><strong>Dispon\u00edveis em<\/strong> &#8211; https:\/\/flic.kr\/s\/aHBqjAtcyZ<\/p>\n","protected":false},"excerpt":{"rendered":"","protected":false},"author":25,"featured_media":782,"comment_status":"closed","ping_status":"closed","sticky":false,"template":"","format":"standard","meta":{"footnotes":""},"categories":[15],"tags":[28,222,30,26],"acf":[],"yoast_head":"<!-- This site is optimized with the Yoast SEO plugin v23.0 - https:\/\/yoast.com\/wordpress\/plugins\/seo\/ -->\n<title>Prefeito anuncia libera\u00e7\u00e3o da avenida Djalma Batista para quinta<\/title>\n<meta name=\"description\" content=\"O prefeito de Manaus, David Almeida, anunciou, durante uma vistoria nas obras de recupera\u00e7\u00e3o da drenagem de um trecho da Djalma Batista\" \/>\n<meta name=\"robots\" content=\"index, follow, max-snippet:-1, max-image-preview:large, max-video-preview:-1\" \/>\n<link rel=\"canonical\" href=\"https:\/\/www.manaus.am.gov.br\/seminf\/prefeito-david-almeida-anuncia-liberacao-da-avenida-djalma-batista-para-11h-desta-quinta-feira\/\" \/>\n<meta property=\"og:locale\" content=\"pt_BR\" \/>\n<meta property=\"og:type\" content=\"article\" \/>\n<meta property=\"og:title\" content=\"Prefeito anuncia libera\u00e7\u00e3o da avenida Djalma Batista para quinta\" \/>\n<meta property=\"og:description\" content=\"O prefeito de Manaus, David Almeida, anunciou, durante uma vistoria nas obras de recupera\u00e7\u00e3o da drenagem de um trecho da Djalma Batista\" \/>\n<meta property=\"og:url\" content=\"https:\/\/www.manaus.am.gov.br\/seminf\/prefeito-david-almeida-anuncia-liberacao-da-avenida-djalma-batista-para-11h-desta-quinta-feira\/\" \/>\n<meta property=\"og:site_name\" content=\"SEMINF\" \/>\n<meta property=\"article:published_time\" content=\"2023-02-23T00:44:10+00:00\" \/>\n<meta property=\"article:modified_time\" content=\"2023-02-24T19:10:57+00:00\" \/>\n<meta property=\"og:image\" content=\"https:\/\/www.manaus.am.gov.br\/seminf\/wp-content\/uploads\/sites\/6\/2023\/02\/52705610869_08e4c8dde0_c.jpg\" \/>\n\t<meta property=\"og:image:width\" content=\"799\" \/>\n\t<meta property=\"og:image:height\" content=\"533\" \/>\n\t<meta property=\"og:image:type\" content=\"image\/jpeg\" \/>\n<meta name=\"author\" content=\"Maur\u00edcio Freire\" \/>\n<meta name=\"twitter:card\" content=\"summary_large_image\" \/>\n<meta name=\"twitter:label1\" content=\"Written by\" \/>\n\t<meta name=\"twitter:data1\" content=\"Maur\u00edcio Freire\" \/>\n\t<meta name=\"twitter:label2\" content=\"Est. reading time\" \/>\n\t<meta name=\"twitter:data2\" content=\"3 minutos\" \/>\n<script type=\"application\/ld+json\" class=\"yoast-schema-graph\">{\"@context\":\"https:\/\/schema.org\",\"@graph\":[{\"@type\":\"WebPage\",\"@id\":\"https:\/\/www.manaus.am.gov.br\/seminf\/prefeito-david-almeida-anuncia-liberacao-da-avenida-djalma-batista-para-11h-desta-quinta-feira\/\",\"url\":\"https:\/\/www.manaus.am.gov.br\/seminf\/prefeito-david-almeida-anuncia-liberacao-da-avenida-djalma-batista-para-11h-desta-quinta-feira\/\",\"name\":\"Prefeito anuncia libera\u00e7\u00e3o da avenida Djalma Batista para quinta\",\"isPartOf\":{\"@id\":\"https:\/\/www.manaus.am.gov.br\/seminf\/#website\"},\"primaryImageOfPage\":{\"@id\":\"https:\/\/www.manaus.am.gov.br\/seminf\/prefeito-david-almeida-anuncia-liberacao-da-avenida-djalma-batista-para-11h-desta-quinta-feira\/#primaryimage\"},\"image\":{\"@id\":\"https:\/\/www.manaus.am.gov.br\/seminf\/prefeito-david-almeida-anuncia-liberacao-da-avenida-djalma-batista-para-11h-desta-quinta-feira\/#primaryimage\"},\"thumbnailUrl\":\"https:\/\/www.manaus.am.gov.br\/seminf\/wp-content\/uploads\/sites\/6\/2023\/02\/52705610869_08e4c8dde0_c.jpg\",\"datePublished\":\"2023-02-23T00:44:10+00:00\",\"dateModified\":\"2023-02-24T19:10:57+00:00\",\"author\":{\"@id\":\"https:\/\/www.manaus.am.gov.br\/seminf\/#\/schema\/person\/587989a23a463cde5618e6a028977a9a\"},\"description\":\"O prefeito de Manaus, David Almeida, anunciou, durante uma vistoria nas obras de recupera\u00e7\u00e3o da drenagem de um trecho da Djalma Batista\",\"inLanguage\":\"pt-BR\",\"potentialAction\":[{\"@type\":\"ReadAction\",\"target\":[\"https:\/\/www.manaus.am.gov.br\/seminf\/prefeito-david-almeida-anuncia-liberacao-da-avenida-djalma-batista-para-11h-desta-quinta-feira\/\"]}]},{\"@type\":\"ImageObject\",\"inLanguage\":\"pt-BR\",\"@id\":\"https:\/\/www.manaus.am.gov.br\/seminf\/prefeito-david-almeida-anuncia-liberacao-da-avenida-djalma-batista-para-11h-desta-quinta-feira\/#primaryimage\",\"url\":\"https:\/\/www.manaus.am.gov.br\/seminf\/wp-content\/uploads\/sites\/6\/2023\/02\/52705610869_08e4c8dde0_c.jpg\",\"contentUrl\":\"https:\/\/www.manaus.am.gov.br\/seminf\/wp-content\/uploads\/sites\/6\/2023\/02\/52705610869_08e4c8dde0_c.jpg\",\"width\":799,\"height\":533},{\"@type\":\"WebSite\",\"@id\":\"https:\/\/www.manaus.am.gov.br\/seminf\/#website\",\"url\":\"https:\/\/www.manaus.am.gov.br\/seminf\/\",\"name\":\"Secretaria de Infraestrutura\",\"description\":\"Secretaria Municipal de Infraestrutura\",\"potentialAction\":[{\"@type\":\"SearchAction\",\"target\":{\"@type\":\"EntryPoint\",\"urlTemplate\":\"https:\/\/www.manaus.am.gov.br\/seminf\/?s={search_term_string}\"},\"query-input\":\"required name=search_term_string\"}],\"inLanguage\":\"pt-BR\"},{\"@type\":\"Person\",\"@id\":\"https:\/\/www.manaus.am.gov.br\/seminf\/#\/schema\/person\/587989a23a463cde5618e6a028977a9a\",\"name\":\"Maur\u00edcio Freire\",\"image\":{\"@type\":\"ImageObject\",\"inLanguage\":\"pt-BR\",\"@id\":\"https:\/\/www.manaus.am.gov.br\/seminf\/#\/schema\/person\/image\/\",\"url\":\"https:\/\/secure.gravatar.com\/avatar\/dc1481799a1f75c733ac3b2634cd6749?s=96&d=mm&r=g\",\"contentUrl\":\"https:\/\/secure.gravatar.com\/avatar\/dc1481799a1f75c733ac3b2634cd6749?s=96&d=mm&r=g\",\"caption\":\"Maur\u00edcio Freire\"}}]}<\/script>\n<!-- \/ Yoast SEO plugin. -->","yoast_head_json":{"title":"Prefeito anuncia libera\u00e7\u00e3o da avenida Djalma Batista para quinta","description":"O prefeito de Manaus, David Almeida, anunciou, durante uma vistoria nas obras de recupera\u00e7\u00e3o da drenagem de um trecho da Djalma Batista","robots":{"index":"index","follow":"follow","max-snippet":"max-snippet:-1","max-image-preview":"max-image-preview:large","max-video-preview":"max-video-preview:-1"},"canonical":"https:\/\/www.manaus.am.gov.br\/seminf\/prefeito-david-almeida-anuncia-liberacao-da-avenida-djalma-batista-para-11h-desta-quinta-feira\/","og_locale":"pt_BR","og_type":"article","og_title":"Prefeito anuncia libera\u00e7\u00e3o da avenida Djalma Batista para quinta","og_description":"O prefeito de Manaus, David Almeida, anunciou, durante uma vistoria nas obras de recupera\u00e7\u00e3o da drenagem de um trecho da Djalma Batista","og_url":"https:\/\/www.manaus.am.gov.br\/seminf\/prefeito-david-almeida-anuncia-liberacao-da-avenida-djalma-batista-para-11h-desta-quinta-feira\/","og_site_name":"SEMINF","article_published_time":"2023-02-23T00:44:10+00:00","article_modified_time":"2023-02-24T19:10:57+00:00","og_image":[{"width":799,"height":533,"url":"https:\/\/www.manaus.am.gov.br\/seminf\/wp-content\/uploads\/sites\/6\/2023\/02\/52705610869_08e4c8dde0_c.jpg","type":"image\/jpeg"}],"author":"Maur\u00edcio Freire","twitter_card":"summary_large_image","twitter_misc":{"Written by":"Maur\u00edcio Freire","Est. reading time":"3 minutos"},"schema":{"@context":"https:\/\/schema.org","@graph":[{"@type":"WebPage","@id":"https:\/\/www.manaus.am.gov.br\/seminf\/prefeito-david-almeida-anuncia-liberacao-da-avenida-djalma-batista-para-11h-desta-quinta-feira\/","url":"https:\/\/www.manaus.am.gov.br\/seminf\/prefeito-david-almeida-anuncia-liberacao-da-avenida-djalma-batista-para-11h-desta-quinta-feira\/","name":"Prefeito anuncia libera\u00e7\u00e3o da avenida Djalma Batista para quinta","isPartOf":{"@id":"https:\/\/www.manaus.am.gov.br\/seminf\/#website"},"primaryImageOfPage":{"@id":"https:\/\/www.manaus.am.gov.br\/seminf\/prefeito-david-almeida-anuncia-liberacao-da-avenida-djalma-batista-para-11h-desta-quinta-feira\/#primaryimage"},"image":{"@id":"https:\/\/www.manaus.am.gov.br\/seminf\/prefeito-david-almeida-anuncia-liberacao-da-avenida-djalma-batista-para-11h-desta-quinta-feira\/#primaryimage"},"thumbnailUrl":"https:\/\/www.manaus.am.gov.br\/seminf\/wp-content\/uploads\/sites\/6\/2023\/02\/52705610869_08e4c8dde0_c.jpg","datePublished":"2023-02-23T00:44:10+00:00","dateModified":"2023-02-24T19:10:57+00:00","author":{"@id":"https:\/\/www.manaus.am.gov.br\/seminf\/#\/schema\/person\/587989a23a463cde5618e6a028977a9a"},"description":"O prefeito de Manaus, David Almeida, anunciou, durante uma vistoria nas obras de recupera\u00e7\u00e3o da drenagem de um trecho da Djalma Batista","inLanguage":"pt-BR","potentialAction":[{"@type":"ReadAction","target":["https:\/\/www.manaus.am.gov.br\/seminf\/prefeito-david-almeida-anuncia-liberacao-da-avenida-djalma-batista-para-11h-desta-quinta-feira\/"]}]},{"@type":"ImageObject","inLanguage":"pt-BR","@id":"https:\/\/www.manaus.am.gov.br\/seminf\/prefeito-david-almeida-anuncia-liberacao-da-avenida-djalma-batista-para-11h-desta-quinta-feira\/#primaryimage","url":"https:\/\/www.manaus.am.gov.br\/seminf\/wp-content\/uploads\/sites\/6\/2023\/02\/52705610869_08e4c8dde0_c.jpg","contentUrl":"https:\/\/www.manaus.am.gov.br\/seminf\/wp-content\/uploads\/sites\/6\/2023\/02\/52705610869_08e4c8dde0_c.jpg","width":799,"height":533},{"@type":"WebSite","@id":"https:\/\/www.manaus.am.gov.br\/seminf\/#website","url":"https:\/\/www.manaus.am.gov.br\/seminf\/","name":"Secretaria de Infraestrutura","description":"Secretaria Municipal de Infraestrutura","potentialAction":[{"@type":"SearchAction","target":{"@type":"EntryPoint","urlTemplate":"https:\/\/www.manaus.am.gov.br\/seminf\/?s={search_term_string}"},"query-input":"required name=search_term_string"}],"inLanguage":"pt-BR"},{"@type":"Person","@id":"https:\/\/www.manaus.am.gov.br\/seminf\/#\/schema\/person\/587989a23a463cde5618e6a028977a9a","name":"Maur\u00edcio Freire","image":{"@type":"ImageObject","inLanguage":"pt-BR","@id":"https:\/\/www.manaus.am.gov.br\/seminf\/#\/schema\/person\/image\/","url":"https:\/\/secure.gravatar.com\/avatar\/dc1481799a1f75c733ac3b2634cd6749?s=96&d=mm&r=g","contentUrl":"https:\/\/secure.gravatar.com\/avatar\/dc1481799a1f75c733ac3b2634cd6749?s=96&d=mm&r=g","caption":"Maur\u00edcio Freire"}}]}},"_links":{"self":[{"href":"https:\/\/www.manaus.am.gov.br\/seminf\/wp-json\/wp\/v2\/posts\/781"}],"collection":[{"href":"https:\/\/www.manaus.am.gov.br\/seminf\/wp-json\/wp\/v2\/posts"}],"about":[{"href":"https:\/\/www.manaus.am.gov.br\/seminf\/wp-json\/wp\/v2\/types\/post"}],"author":[{"embeddable":true,"href":"https:\/\/www.manaus.am.gov.br\/seminf\/wp-json\/wp\/v2\/users\/25"}],"replies":[{"embeddable":true,"href":"https:\/\/www.manaus.am.gov.br\/seminf\/wp-json\/wp\/v2\/comments?post=781"}],"version-history":[{"count":1,"href":"https:\/\/www.manaus.am.gov.br\/seminf\/wp-json\/wp\/v2\/posts\/781\/revisions"}],"predecessor-version":[{"id":783,"href":"https:\/\/www.manaus.am.gov.br\/seminf\/wp-json\/wp\/v2\/posts\/781\/revisions\/783"}],"wp:featuredmedia":[{"embeddable":true,"href":"https:\/\/www.manaus.am.gov.br\/seminf\/wp-json\/wp\/v2\/media\/782"}],"wp:attachment":[{"href":"https:\/\/www.manaus.am.gov.br\/seminf\/wp-json\/wp\/v2\/media?parent=781"}],"wp:term":[{"taxonomy":"category","embeddable":true,"href":"https:\/\/www.manaus.am.gov.br\/seminf\/wp-json\/wp\/v2\/categories?post=781"},{"taxonomy":"post_tag","embeddable":true,"href":"https:\/\/www.manaus.am.gov.br\/seminf\/wp-json\/wp\/v2\/tags?post=781"}],"curies":[{"name":"wp","href":"https:\/\/api.w.org\/{rel}","templated":true}]}}