{"id":7809,"date":"2025-12-05T19:26:22","date_gmt":"2025-12-05T23:26:22","guid":{"rendered":"https:\/\/www.manaus.am.gov.br\/seminf\/obras-drenagem-profunda\/"},"modified":"2025-12-05T19:26:23","modified_gmt":"2025-12-05T23:26:23","slug":"obras-drenagem-profunda","status":"publish","type":"post","link":"https:\/\/www.manaus.am.gov.br\/seminf\/obras-drenagem-profunda\/","title":{"rendered":"Prefeitura de Manaus recupera drenagem profunda em via do bairro S\u00e3o Jorge"},"content":{"rendered":"\n<p>A Prefeitura de Manaus, por meio da Secretaria Municipal de Infraestrutura (Seminf), atuou, nesta sexta-feira, 5\/12, na recupera\u00e7\u00e3o da rede de drenagem profunda da rua S\u00e3o Crist\u00f3v\u00e3o, no bairro S\u00e3o Jorge, zona Oeste. A interven\u00e7\u00e3o busca restaurar a seguran\u00e7a da via, que foi danificada ap\u00f3s o rompimento de parte da galeria subterr\u00e2nea provocado pelas fortes chuvas dos \u00faltimos dias.<\/p>\n\n\n\n<p>Segundo o vice-prefeito e secret\u00e1rio de Obras, Renato Junior, a resposta imediata \u00e0s demandas da popula\u00e7\u00e3o tem sido prioridade da gest\u00e3o.<\/p>\n\n\n\n<p>\u201cA orienta\u00e7\u00e3o do prefeito David Almeida \u00e9 que cada interven\u00e7\u00e3o represente cuidado real com as pessoas. Nosso compromisso \u00e9 garantir infraestrutura segura, duradoura e alinhada \u00e0s necessidades de cada comunidade. Seguimos trabalhando para fortalecer os bairros, levando dignidade e seguran\u00e7a a todas as fam\u00edlias\u201d, afirmou o vice-prefeito e secret\u00e1rio de Obras, Renato Junior.<\/p>\n\n\n\n<p>Ap\u00f3s vistoria t\u00e9cnica, as equipes identificaram fuga de material e a abertura de uma cratera na via. Com aux\u00edlio de retroescavadeira, os trabalhadores realizaram a substitui\u00e7\u00e3o dos tubos antigos por novas manilhas de concreto armado e refor\u00e7aram cerca de 10 metros do trecho danificado, ampliando a capacidade da rede e garantindo melhor escoamento das \u00e1guas pluviais.<\/p>\n\n\n\n<p>A a\u00e7\u00e3o representa al\u00edvio para moradores da regi\u00e3o, que acompanharam de perto a situa\u00e7\u00e3o. A dona de casa Paula do Nascimento, 47 anos, aprovou a rapidez no atendimento.<\/p>\n\n\n\n<p>\u201cFoi imediato. Fizemos a solicita\u00e7\u00e3o, eles vieram fazer a visita e j\u00e1 iniciaram os servi\u00e7os. \u00c9 um trabalho bem feito e muito importante para n\u00f3s\u201d, afirmou a moradora.<\/p>\n\n\n\n<p>Com a interven\u00e7\u00e3o, a Prefeitura de Manaus refor\u00e7a o compromisso de prevenir transtornos, assegurar o tr\u00e2nsito de pedestres e promover melhorias constantes na infraestrutura urbana da capital.<\/p>\n\n\n\n<p>\u2014 \u2014- \u2014-<br><strong>Texto &#8211;<\/strong> Eduarda Lira\/Seminf<\/p>\n\n\n\n<p><strong>Fotos &#8211; <\/strong>M\u00e1rcio Melo\/Seminf<\/p>\n","protected":false},"excerpt":{"rendered":"","protected":false},"author":68,"featured_media":7810,"comment_status":"closed","ping_status":"closed","sticky":false,"template":"","format":"standard","meta":{"footnotes":""},"categories":[8],"tags":[2858,43,2859,26],"acf":[],"yoast_head":"<!-- This site is optimized with the Yoast SEO plugin v23.0 - https:\/\/yoast.com\/wordpress\/plugins\/seo\/ -->\n<title>Prefeitura recupera drenagem profunda em via do bairro S\u00e3o Jorge<\/title>\n<meta name=\"description\" content=\"A Prefeitura atuou, nesta sexta-feira, na recupera\u00e7\u00e3o da rede de drenagem profunda da rua S\u00e3o Crist\u00f3v\u00e3o, no bairro S\u00e3o Jorge, zona Oeste.\" \/>\n<meta name=\"robots\" content=\"index, follow, max-snippet:-1, max-image-preview:large, max-video-preview:-1\" \/>\n<link rel=\"canonical\" href=\"https:\/\/www.manaus.am.gov.br\/seminf\/obras-drenagem-profunda\/\" \/>\n<meta property=\"og:locale\" content=\"pt_BR\" \/>\n<meta property=\"og:type\" content=\"article\" \/>\n<meta property=\"og:title\" content=\"Prefeitura recupera drenagem profunda em via do bairro S\u00e3o Jorge\" \/>\n<meta property=\"og:description\" content=\"A Prefeitura atuou, nesta sexta-feira, na recupera\u00e7\u00e3o da rede de drenagem profunda da rua S\u00e3o Crist\u00f3v\u00e3o, no bairro S\u00e3o Jorge, zona Oeste.\" \/>\n<meta property=\"og:url\" content=\"https:\/\/www.manaus.am.gov.br\/seminf\/obras-drenagem-profunda\/\" \/>\n<meta property=\"og:site_name\" content=\"SEMINF\" \/>\n<meta property=\"article:published_time\" content=\"2025-12-05T23:26:22+00:00\" \/>\n<meta property=\"article:modified_time\" content=\"2025-12-05T23:26:23+00:00\" \/>\n<meta property=\"og:image\" content=\"https:\/\/www.manaus.am.gov.br\/seminf\/wp-content\/uploads\/sites\/6\/2025\/12\/736A2827-1024x683.jpg\" \/>\n\t<meta property=\"og:image:width\" content=\"1024\" \/>\n\t<meta property=\"og:image:height\" content=\"683\" \/>\n\t<meta property=\"og:image:type\" content=\"image\/jpeg\" \/>\n<meta name=\"author\" content=\"bvalente\" \/>\n<meta name=\"twitter:card\" content=\"summary_large_image\" \/>\n<meta name=\"twitter:label1\" content=\"Written by\" \/>\n\t<meta name=\"twitter:data1\" content=\"bvalente\" \/>\n\t<meta name=\"twitter:label2\" content=\"Est. reading time\" \/>\n\t<meta name=\"twitter:data2\" content=\"2 minutos\" \/>\n<script type=\"application\/ld+json\" class=\"yoast-schema-graph\">{\"@context\":\"https:\/\/schema.org\",\"@graph\":[{\"@type\":\"WebPage\",\"@id\":\"https:\/\/www.manaus.am.gov.br\/seminf\/obras-drenagem-profunda\/\",\"url\":\"https:\/\/www.manaus.am.gov.br\/seminf\/obras-drenagem-profunda\/\",\"name\":\"Prefeitura recupera drenagem profunda em via do bairro S\u00e3o Jorge\",\"isPartOf\":{\"@id\":\"https:\/\/www.manaus.am.gov.br\/seminf\/#website\"},\"primaryImageOfPage\":{\"@id\":\"https:\/\/www.manaus.am.gov.br\/seminf\/obras-drenagem-profunda\/#primaryimage\"},\"image\":{\"@id\":\"https:\/\/www.manaus.am.gov.br\/seminf\/obras-drenagem-profunda\/#primaryimage\"},\"thumbnailUrl\":\"https:\/\/www.manaus.am.gov.br\/seminf\/wp-content\/uploads\/sites\/6\/2025\/12\/736A2827.jpg\",\"datePublished\":\"2025-12-05T23:26:22+00:00\",\"dateModified\":\"2025-12-05T23:26:23+00:00\",\"author\":{\"@id\":\"https:\/\/www.manaus.am.gov.br\/seminf\/#\/schema\/person\/466a0e03ae4b6062809046bd560ac955\"},\"description\":\"A Prefeitura atuou, nesta sexta-feira, na recupera\u00e7\u00e3o da rede de drenagem profunda da rua S\u00e3o Crist\u00f3v\u00e3o, no bairro S\u00e3o Jorge, zona Oeste.\",\"inLanguage\":\"pt-BR\",\"potentialAction\":[{\"@type\":\"ReadAction\",\"target\":[\"https:\/\/www.manaus.am.gov.br\/seminf\/obras-drenagem-profunda\/\"]}]},{\"@type\":\"ImageObject\",\"inLanguage\":\"pt-BR\",\"@id\":\"https:\/\/www.manaus.am.gov.br\/seminf\/obras-drenagem-profunda\/#primaryimage\",\"url\":\"https:\/\/www.manaus.am.gov.br\/seminf\/wp-content\/uploads\/sites\/6\/2025\/12\/736A2827.jpg\",\"contentUrl\":\"https:\/\/www.manaus.am.gov.br\/seminf\/wp-content\/uploads\/sites\/6\/2025\/12\/736A2827.jpg\",\"width\":4464,\"height\":2976,\"caption\":\"#paratodosverem - Equipe da Seminf realizando a recupera\u00e7\u00e3o da rede de drenagem\"},{\"@type\":\"WebSite\",\"@id\":\"https:\/\/www.manaus.am.gov.br\/seminf\/#website\",\"url\":\"https:\/\/www.manaus.am.gov.br\/seminf\/\",\"name\":\"Secretaria de Infraestrutura\",\"description\":\"Secretaria Municipal de Infraestrutura\",\"potentialAction\":[{\"@type\":\"SearchAction\",\"target\":{\"@type\":\"EntryPoint\",\"urlTemplate\":\"https:\/\/www.manaus.am.gov.br\/seminf\/?s={search_term_string}\"},\"query-input\":\"required name=search_term_string\"}],\"inLanguage\":\"pt-BR\"},{\"@type\":\"Person\",\"@id\":\"https:\/\/www.manaus.am.gov.br\/seminf\/#\/schema\/person\/466a0e03ae4b6062809046bd560ac955\",\"name\":\"bvalente\",\"image\":{\"@type\":\"ImageObject\",\"inLanguage\":\"pt-BR\",\"@id\":\"https:\/\/www.manaus.am.gov.br\/seminf\/#\/schema\/person\/image\/\",\"url\":\"https:\/\/secure.gravatar.com\/avatar\/3e69bc2b014bdad41adfec3a39de07d2?s=96&d=mm&r=g\",\"contentUrl\":\"https:\/\/secure.gravatar.com\/avatar\/3e69bc2b014bdad41adfec3a39de07d2?s=96&d=mm&r=g\",\"caption\":\"bvalente\"}}]}<\/script>\n<!-- \/ Yoast SEO plugin. -->","yoast_head_json":{"title":"Prefeitura recupera drenagem profunda em via do bairro S\u00e3o Jorge","description":"A Prefeitura atuou, nesta sexta-feira, na recupera\u00e7\u00e3o da rede de drenagem profunda da rua S\u00e3o Crist\u00f3v\u00e3o, no bairro S\u00e3o Jorge, zona Oeste.","robots":{"index":"index","follow":"follow","max-snippet":"max-snippet:-1","max-image-preview":"max-image-preview:large","max-video-preview":"max-video-preview:-1"},"canonical":"https:\/\/www.manaus.am.gov.br\/seminf\/obras-drenagem-profunda\/","og_locale":"pt_BR","og_type":"article","og_title":"Prefeitura recupera drenagem profunda em via do bairro S\u00e3o Jorge","og_description":"A Prefeitura atuou, nesta sexta-feira, na recupera\u00e7\u00e3o da rede de drenagem profunda da rua S\u00e3o Crist\u00f3v\u00e3o, no bairro S\u00e3o Jorge, zona Oeste.","og_url":"https:\/\/www.manaus.am.gov.br\/seminf\/obras-drenagem-profunda\/","og_site_name":"SEMINF","article_published_time":"2025-12-05T23:26:22+00:00","article_modified_time":"2025-12-05T23:26:23+00:00","og_image":[{"width":1024,"height":683,"url":"https:\/\/www.manaus.am.gov.br\/seminf\/wp-content\/uploads\/sites\/6\/2025\/12\/736A2827-1024x683.jpg","type":"image\/jpeg"}],"author":"bvalente","twitter_card":"summary_large_image","twitter_misc":{"Written by":"bvalente","Est. reading time":"2 minutos"},"schema":{"@context":"https:\/\/schema.org","@graph":[{"@type":"WebPage","@id":"https:\/\/www.manaus.am.gov.br\/seminf\/obras-drenagem-profunda\/","url":"https:\/\/www.manaus.am.gov.br\/seminf\/obras-drenagem-profunda\/","name":"Prefeitura recupera drenagem profunda em via do bairro S\u00e3o Jorge","isPartOf":{"@id":"https:\/\/www.manaus.am.gov.br\/seminf\/#website"},"primaryImageOfPage":{"@id":"https:\/\/www.manaus.am.gov.br\/seminf\/obras-drenagem-profunda\/#primaryimage"},"image":{"@id":"https:\/\/www.manaus.am.gov.br\/seminf\/obras-drenagem-profunda\/#primaryimage"},"thumbnailUrl":"https:\/\/www.manaus.am.gov.br\/seminf\/wp-content\/uploads\/sites\/6\/2025\/12\/736A2827.jpg","datePublished":"2025-12-05T23:26:22+00:00","dateModified":"2025-12-05T23:26:23+00:00","author":{"@id":"https:\/\/www.manaus.am.gov.br\/seminf\/#\/schema\/person\/466a0e03ae4b6062809046bd560ac955"},"description":"A Prefeitura atuou, nesta sexta-feira, na recupera\u00e7\u00e3o da rede de drenagem profunda da rua S\u00e3o Crist\u00f3v\u00e3o, no bairro S\u00e3o Jorge, zona Oeste.","inLanguage":"pt-BR","potentialAction":[{"@type":"ReadAction","target":["https:\/\/www.manaus.am.gov.br\/seminf\/obras-drenagem-profunda\/"]}]},{"@type":"ImageObject","inLanguage":"pt-BR","@id":"https:\/\/www.manaus.am.gov.br\/seminf\/obras-drenagem-profunda\/#primaryimage","url":"https:\/\/www.manaus.am.gov.br\/seminf\/wp-content\/uploads\/sites\/6\/2025\/12\/736A2827.jpg","contentUrl":"https:\/\/www.manaus.am.gov.br\/seminf\/wp-content\/uploads\/sites\/6\/2025\/12\/736A2827.jpg","width":4464,"height":2976,"caption":"#paratodosverem - Equipe da Seminf realizando a recupera\u00e7\u00e3o da rede de drenagem"},{"@type":"WebSite","@id":"https:\/\/www.manaus.am.gov.br\/seminf\/#website","url":"https:\/\/www.manaus.am.gov.br\/seminf\/","name":"Secretaria de Infraestrutura","description":"Secretaria Municipal de Infraestrutura","potentialAction":[{"@type":"SearchAction","target":{"@type":"EntryPoint","urlTemplate":"https:\/\/www.manaus.am.gov.br\/seminf\/?s={search_term_string}"},"query-input":"required name=search_term_string"}],"inLanguage":"pt-BR"},{"@type":"Person","@id":"https:\/\/www.manaus.am.gov.br\/seminf\/#\/schema\/person\/466a0e03ae4b6062809046bd560ac955","name":"bvalente","image":{"@type":"ImageObject","inLanguage":"pt-BR","@id":"https:\/\/www.manaus.am.gov.br\/seminf\/#\/schema\/person\/image\/","url":"https:\/\/secure.gravatar.com\/avatar\/3e69bc2b014bdad41adfec3a39de07d2?s=96&d=mm&r=g","contentUrl":"https:\/\/secure.gravatar.com\/avatar\/3e69bc2b014bdad41adfec3a39de07d2?s=96&d=mm&r=g","caption":"bvalente"}}]}},"_links":{"self":[{"href":"https:\/\/www.manaus.am.gov.br\/seminf\/wp-json\/wp\/v2\/posts\/7809"}],"collection":[{"href":"https:\/\/www.manaus.am.gov.br\/seminf\/wp-json\/wp\/v2\/posts"}],"about":[{"href":"https:\/\/www.manaus.am.gov.br\/seminf\/wp-json\/wp\/v2\/types\/post"}],"author":[{"embeddable":true,"href":"https:\/\/www.manaus.am.gov.br\/seminf\/wp-json\/wp\/v2\/users\/68"}],"replies":[{"embeddable":true,"href":"https:\/\/www.manaus.am.gov.br\/seminf\/wp-json\/wp\/v2\/comments?post=7809"}],"version-history":[{"count":0,"href":"https:\/\/www.manaus.am.gov.br\/seminf\/wp-json\/wp\/v2\/posts\/7809\/revisions"}],"wp:featuredmedia":[{"embeddable":true,"href":"https:\/\/www.manaus.am.gov.br\/seminf\/wp-json\/wp\/v2\/media\/7810"}],"wp:attachment":[{"href":"https:\/\/www.manaus.am.gov.br\/seminf\/wp-json\/wp\/v2\/media?parent=7809"}],"wp:term":[{"taxonomy":"category","embeddable":true,"href":"https:\/\/www.manaus.am.gov.br\/seminf\/wp-json\/wp\/v2\/categories?post=7809"},{"taxonomy":"post_tag","embeddable":true,"href":"https:\/\/www.manaus.am.gov.br\/seminf\/wp-json\/wp\/v2\/tags?post=7809"}],"curies":[{"name":"wp","href":"https:\/\/api.w.org\/{rel}","templated":true}]}}