{"id":7803,"date":"2025-12-04T21:20:13","date_gmt":"2025-12-05T01:20:13","guid":{"rendered":"https:\/\/www.manaus.am.gov.br\/seminf\/obra-de-concretagem-de-ponte\/"},"modified":"2025-12-04T21:20:15","modified_gmt":"2025-12-05T01:20:15","slug":"obra-de-concretagem-de-ponte","status":"publish","type":"post","link":"https:\/\/www.manaus.am.gov.br\/seminf\/obra-de-concretagem-de-ponte\/","title":{"rendered":"Prefeitura de Manaus avan\u00e7a em obra de concretagem de ponte para o alargamento da avenida do Turismo"},"content":{"rendered":"\n<p>Nesta quinta-feira, 4\/12, a Prefeitura de Manaus, por meio da Secretaria Municipal de Infraestrutura (Seminf), deu continuidade \u00e0s a\u00e7\u00f5es do projeto de alargamento da avenida do Turismo, no bairro Ponta Negra, zona Oeste da capital. As obras incluem o processo de concretagem do bloco de encontro no trecho da ponte, etapa que garante a sustenta\u00e7\u00e3o da estrutura.<\/p>\n\n\n\n<p>\u201cO trabalho \u00e9 a nossa marca, e na gest\u00e3o do prefeito David Almeida respondemos com essa marca aos desafios. Somos a gest\u00e3o que teve coragem de entrar em a\u00e7\u00e3o com uma obra dessa. A avenida do Turismo liga nosso aeroporto ao complexo tur\u00edstico da Ponta Negra, e \u00e9 um dos corredores vi\u00e1rios com mais movimenta\u00e7\u00e3o na nossa cidade, mais de 4.500 ve\u00edculos passam por hora por aqui. Esses trabalhos fazem uma diferen\u00e7a enorme, e com muito cuidado e amor pelo nosso povo, vamos seguir avan\u00e7ando nas obras, o trabalho n\u00e3o para\u201d, destacou o vice-prefeito e secret\u00e1rio de obras, Renato Junior.&nbsp;<\/p>\n\n\n\n<p>Inicialmente, as equipes realizaram os trabalhos nas estacas raiz, que s\u00e3o a funda\u00e7\u00e3o da ponte em uma base com 10 metros de profundidade. Em seguida, foi realizada a etapa de estrutura\u00e7\u00e3o do bloco de coroamento para a sustenta\u00e7\u00e3o total do projeto. A terceira etapa \u00e9 no bloco de encontro, onde \u00e9 realizada a concretagem para a posterior implanta\u00e7\u00e3o de vigas met\u00e1licas e confec\u00e7\u00e3o de laje, para a parte superficial da ponte.<\/p>\n\n\n\n<p>Ap\u00f3s a conclus\u00e3o das etapas da obra no trecho da ponte, de aproximadamente 14 metros de extens\u00e3o, as equipes dar\u00e3o in\u00edcio ao recapeamento e sinaliza\u00e7\u00e3o, com a conclus\u00e3o da obra de amplia\u00e7\u00e3o das pistas, com tr\u00eas faixas em cada sentido da via.<\/p>\n\n\n\n<p>\u201c\u00c9 uma iniciativa muito positiva, at\u00e9 porque a gente sabe como \u00e9 o tr\u00e2nsito por aqui, ent\u00e3o eu acredito que \u00e9 ben\u00e9fico para todos n\u00f3s e melhora muito o tr\u00e2nsito, com certeza. \u00c9 um \u00f3timo trabalho, muitas pessoas passam por aqui, tamb\u00e9m melhora o deslocamento dos \u00f4nibus. Agrade\u00e7o mesmo pela iniciativa, continuem firmes\u201d, afirmou a personal trainer, Diane da Silva, 33 anos, destacando sua satisfa\u00e7\u00e3o pelo avan\u00e7o da obra.<\/p>\n\n\n\n<p>O projeto garante mais mobilidade, seguran\u00e7a, e melhor condi\u00e7\u00e3o vi\u00e1ria para a trafegabilidade dos condutores que transitam pela \u00e1rea.<\/p>\n\n\n\n<p>\u2014- \u2014&#8211; \u2014-<br><strong>Texto &#8211;<\/strong> Maria Amed\/ Seminf<br><strong>Fotos &#8211; <\/strong>M\u00e1rcio Melo\/ Seminf<\/p>\n","protected":false},"excerpt":{"rendered":"","protected":false},"author":68,"featured_media":7804,"comment_status":"closed","ping_status":"closed","sticky":false,"template":"","format":"standard","meta":{"footnotes":""},"categories":[3],"tags":[2854,2855,43,26],"acf":[],"yoast_head":"<!-- This site is optimized with the Yoast SEO plugin v23.0 - https:\/\/yoast.com\/wordpress\/plugins\/seo\/ -->\n<title>Prefeitura de Manaus avan\u00e7a em obra de concretagem de ponte<\/title>\n<meta name=\"description\" content=\"Nesta quinta-feira, 4\/12, a Prefeitura de Manaus, deu continuidade \u00e0s a\u00e7\u00f5es do projeto de alargamento da avenida do Turismo.\" \/>\n<meta name=\"robots\" content=\"index, follow, max-snippet:-1, max-image-preview:large, max-video-preview:-1\" \/>\n<link rel=\"canonical\" href=\"https:\/\/www.manaus.am.gov.br\/seminf\/obra-de-concretagem-de-ponte\/\" \/>\n<meta property=\"og:locale\" content=\"pt_BR\" \/>\n<meta property=\"og:type\" content=\"article\" \/>\n<meta property=\"og:title\" content=\"Prefeitura de Manaus avan\u00e7a em obra de concretagem de ponte\" \/>\n<meta property=\"og:description\" content=\"Nesta quinta-feira, 4\/12, a Prefeitura de Manaus, deu continuidade \u00e0s a\u00e7\u00f5es do projeto de alargamento da avenida do Turismo.\" \/>\n<meta property=\"og:url\" content=\"https:\/\/www.manaus.am.gov.br\/seminf\/obra-de-concretagem-de-ponte\/\" \/>\n<meta property=\"og:site_name\" content=\"SEMINF\" \/>\n<meta property=\"article:published_time\" content=\"2025-12-05T01:20:13+00:00\" \/>\n<meta property=\"article:modified_time\" content=\"2025-12-05T01:20:15+00:00\" \/>\n<meta property=\"og:image\" content=\"https:\/\/www.manaus.am.gov.br\/seminf\/wp-content\/uploads\/sites\/6\/2025\/12\/Prefeitura-de-Manaus-avanca-em-obra-de-concretagem-da-ponte-para-o-alargamento-da-avenida-do-Turismo-4.jpg\" \/>\n\t<meta property=\"og:image:width\" content=\"1600\" \/>\n\t<meta property=\"og:image:height\" content=\"1067\" \/>\n\t<meta property=\"og:image:type\" content=\"image\/jpeg\" \/>\n<meta name=\"author\" content=\"bvalente\" \/>\n<meta name=\"twitter:card\" content=\"summary_large_image\" \/>\n<meta name=\"twitter:label1\" content=\"Written by\" \/>\n\t<meta name=\"twitter:data1\" content=\"bvalente\" \/>\n\t<meta name=\"twitter:label2\" content=\"Est. reading time\" \/>\n\t<meta name=\"twitter:data2\" content=\"3 minutos\" \/>\n<script type=\"application\/ld+json\" class=\"yoast-schema-graph\">{\"@context\":\"https:\/\/schema.org\",\"@graph\":[{\"@type\":\"WebPage\",\"@id\":\"https:\/\/www.manaus.am.gov.br\/seminf\/obra-de-concretagem-de-ponte\/\",\"url\":\"https:\/\/www.manaus.am.gov.br\/seminf\/obra-de-concretagem-de-ponte\/\",\"name\":\"Prefeitura de Manaus avan\u00e7a em obra de concretagem de ponte\",\"isPartOf\":{\"@id\":\"https:\/\/www.manaus.am.gov.br\/seminf\/#website\"},\"primaryImageOfPage\":{\"@id\":\"https:\/\/www.manaus.am.gov.br\/seminf\/obra-de-concretagem-de-ponte\/#primaryimage\"},\"image\":{\"@id\":\"https:\/\/www.manaus.am.gov.br\/seminf\/obra-de-concretagem-de-ponte\/#primaryimage\"},\"thumbnailUrl\":\"https:\/\/www.manaus.am.gov.br\/seminf\/wp-content\/uploads\/sites\/6\/2025\/12\/Prefeitura-de-Manaus-avanca-em-obra-de-concretagem-da-ponte-para-o-alargamento-da-avenida-do-Turismo-4.jpg\",\"datePublished\":\"2025-12-05T01:20:13+00:00\",\"dateModified\":\"2025-12-05T01:20:15+00:00\",\"author\":{\"@id\":\"https:\/\/www.manaus.am.gov.br\/seminf\/#\/schema\/person\/466a0e03ae4b6062809046bd560ac955\"},\"description\":\"Nesta quinta-feira, 4\/12, a Prefeitura de Manaus, deu continuidade \u00e0s a\u00e7\u00f5es do projeto de alargamento da avenida do Turismo.\",\"inLanguage\":\"pt-BR\",\"potentialAction\":[{\"@type\":\"ReadAction\",\"target\":[\"https:\/\/www.manaus.am.gov.br\/seminf\/obra-de-concretagem-de-ponte\/\"]}]},{\"@type\":\"ImageObject\",\"inLanguage\":\"pt-BR\",\"@id\":\"https:\/\/www.manaus.am.gov.br\/seminf\/obra-de-concretagem-de-ponte\/#primaryimage\",\"url\":\"https:\/\/www.manaus.am.gov.br\/seminf\/wp-content\/uploads\/sites\/6\/2025\/12\/Prefeitura-de-Manaus-avanca-em-obra-de-concretagem-da-ponte-para-o-alargamento-da-avenida-do-Turismo-4.jpg\",\"contentUrl\":\"https:\/\/www.manaus.am.gov.br\/seminf\/wp-content\/uploads\/sites\/6\/2025\/12\/Prefeitura-de-Manaus-avanca-em-obra-de-concretagem-da-ponte-para-o-alargamento-da-avenida-do-Turismo-4.jpg\",\"width\":1600,\"height\":1067,\"caption\":\"#paratodosverem - Trabalhadores da Seminf atuando nas obras de amplia\u00e7\u00e3o da ponte da avenida do Turismo\"},{\"@type\":\"WebSite\",\"@id\":\"https:\/\/www.manaus.am.gov.br\/seminf\/#website\",\"url\":\"https:\/\/www.manaus.am.gov.br\/seminf\/\",\"name\":\"Secretaria de Infraestrutura\",\"description\":\"Secretaria Municipal de Infraestrutura\",\"potentialAction\":[{\"@type\":\"SearchAction\",\"target\":{\"@type\":\"EntryPoint\",\"urlTemplate\":\"https:\/\/www.manaus.am.gov.br\/seminf\/?s={search_term_string}\"},\"query-input\":\"required name=search_term_string\"}],\"inLanguage\":\"pt-BR\"},{\"@type\":\"Person\",\"@id\":\"https:\/\/www.manaus.am.gov.br\/seminf\/#\/schema\/person\/466a0e03ae4b6062809046bd560ac955\",\"name\":\"bvalente\",\"image\":{\"@type\":\"ImageObject\",\"inLanguage\":\"pt-BR\",\"@id\":\"https:\/\/www.manaus.am.gov.br\/seminf\/#\/schema\/person\/image\/\",\"url\":\"https:\/\/secure.gravatar.com\/avatar\/3e69bc2b014bdad41adfec3a39de07d2?s=96&d=mm&r=g\",\"contentUrl\":\"https:\/\/secure.gravatar.com\/avatar\/3e69bc2b014bdad41adfec3a39de07d2?s=96&d=mm&r=g\",\"caption\":\"bvalente\"}}]}<\/script>\n<!-- \/ Yoast SEO plugin. -->","yoast_head_json":{"title":"Prefeitura de Manaus avan\u00e7a em obra de concretagem de ponte","description":"Nesta quinta-feira, 4\/12, a Prefeitura de Manaus, deu continuidade \u00e0s a\u00e7\u00f5es do projeto de alargamento da avenida do Turismo.","robots":{"index":"index","follow":"follow","max-snippet":"max-snippet:-1","max-image-preview":"max-image-preview:large","max-video-preview":"max-video-preview:-1"},"canonical":"https:\/\/www.manaus.am.gov.br\/seminf\/obra-de-concretagem-de-ponte\/","og_locale":"pt_BR","og_type":"article","og_title":"Prefeitura de Manaus avan\u00e7a em obra de concretagem de ponte","og_description":"Nesta quinta-feira, 4\/12, a Prefeitura de Manaus, deu continuidade \u00e0s a\u00e7\u00f5es do projeto de alargamento da avenida do Turismo.","og_url":"https:\/\/www.manaus.am.gov.br\/seminf\/obra-de-concretagem-de-ponte\/","og_site_name":"SEMINF","article_published_time":"2025-12-05T01:20:13+00:00","article_modified_time":"2025-12-05T01:20:15+00:00","og_image":[{"width":1600,"height":1067,"url":"https:\/\/www.manaus.am.gov.br\/seminf\/wp-content\/uploads\/sites\/6\/2025\/12\/Prefeitura-de-Manaus-avanca-em-obra-de-concretagem-da-ponte-para-o-alargamento-da-avenida-do-Turismo-4.jpg","type":"image\/jpeg"}],"author":"bvalente","twitter_card":"summary_large_image","twitter_misc":{"Written by":"bvalente","Est. reading time":"3 minutos"},"schema":{"@context":"https:\/\/schema.org","@graph":[{"@type":"WebPage","@id":"https:\/\/www.manaus.am.gov.br\/seminf\/obra-de-concretagem-de-ponte\/","url":"https:\/\/www.manaus.am.gov.br\/seminf\/obra-de-concretagem-de-ponte\/","name":"Prefeitura de Manaus avan\u00e7a em obra de concretagem de ponte","isPartOf":{"@id":"https:\/\/www.manaus.am.gov.br\/seminf\/#website"},"primaryImageOfPage":{"@id":"https:\/\/www.manaus.am.gov.br\/seminf\/obra-de-concretagem-de-ponte\/#primaryimage"},"image":{"@id":"https:\/\/www.manaus.am.gov.br\/seminf\/obra-de-concretagem-de-ponte\/#primaryimage"},"thumbnailUrl":"https:\/\/www.manaus.am.gov.br\/seminf\/wp-content\/uploads\/sites\/6\/2025\/12\/Prefeitura-de-Manaus-avanca-em-obra-de-concretagem-da-ponte-para-o-alargamento-da-avenida-do-Turismo-4.jpg","datePublished":"2025-12-05T01:20:13+00:00","dateModified":"2025-12-05T01:20:15+00:00","author":{"@id":"https:\/\/www.manaus.am.gov.br\/seminf\/#\/schema\/person\/466a0e03ae4b6062809046bd560ac955"},"description":"Nesta quinta-feira, 4\/12, a Prefeitura de Manaus, deu continuidade \u00e0s a\u00e7\u00f5es do projeto de alargamento da avenida do Turismo.","inLanguage":"pt-BR","potentialAction":[{"@type":"ReadAction","target":["https:\/\/www.manaus.am.gov.br\/seminf\/obra-de-concretagem-de-ponte\/"]}]},{"@type":"ImageObject","inLanguage":"pt-BR","@id":"https:\/\/www.manaus.am.gov.br\/seminf\/obra-de-concretagem-de-ponte\/#primaryimage","url":"https:\/\/www.manaus.am.gov.br\/seminf\/wp-content\/uploads\/sites\/6\/2025\/12\/Prefeitura-de-Manaus-avanca-em-obra-de-concretagem-da-ponte-para-o-alargamento-da-avenida-do-Turismo-4.jpg","contentUrl":"https:\/\/www.manaus.am.gov.br\/seminf\/wp-content\/uploads\/sites\/6\/2025\/12\/Prefeitura-de-Manaus-avanca-em-obra-de-concretagem-da-ponte-para-o-alargamento-da-avenida-do-Turismo-4.jpg","width":1600,"height":1067,"caption":"#paratodosverem - Trabalhadores da Seminf atuando nas obras de amplia\u00e7\u00e3o da ponte da avenida do Turismo"},{"@type":"WebSite","@id":"https:\/\/www.manaus.am.gov.br\/seminf\/#website","url":"https:\/\/www.manaus.am.gov.br\/seminf\/","name":"Secretaria de Infraestrutura","description":"Secretaria Municipal de Infraestrutura","potentialAction":[{"@type":"SearchAction","target":{"@type":"EntryPoint","urlTemplate":"https:\/\/www.manaus.am.gov.br\/seminf\/?s={search_term_string}"},"query-input":"required name=search_term_string"}],"inLanguage":"pt-BR"},{"@type":"Person","@id":"https:\/\/www.manaus.am.gov.br\/seminf\/#\/schema\/person\/466a0e03ae4b6062809046bd560ac955","name":"bvalente","image":{"@type":"ImageObject","inLanguage":"pt-BR","@id":"https:\/\/www.manaus.am.gov.br\/seminf\/#\/schema\/person\/image\/","url":"https:\/\/secure.gravatar.com\/avatar\/3e69bc2b014bdad41adfec3a39de07d2?s=96&d=mm&r=g","contentUrl":"https:\/\/secure.gravatar.com\/avatar\/3e69bc2b014bdad41adfec3a39de07d2?s=96&d=mm&r=g","caption":"bvalente"}}]}},"_links":{"self":[{"href":"https:\/\/www.manaus.am.gov.br\/seminf\/wp-json\/wp\/v2\/posts\/7803"}],"collection":[{"href":"https:\/\/www.manaus.am.gov.br\/seminf\/wp-json\/wp\/v2\/posts"}],"about":[{"href":"https:\/\/www.manaus.am.gov.br\/seminf\/wp-json\/wp\/v2\/types\/post"}],"author":[{"embeddable":true,"href":"https:\/\/www.manaus.am.gov.br\/seminf\/wp-json\/wp\/v2\/users\/68"}],"replies":[{"embeddable":true,"href":"https:\/\/www.manaus.am.gov.br\/seminf\/wp-json\/wp\/v2\/comments?post=7803"}],"version-history":[{"count":0,"href":"https:\/\/www.manaus.am.gov.br\/seminf\/wp-json\/wp\/v2\/posts\/7803\/revisions"}],"wp:featuredmedia":[{"embeddable":true,"href":"https:\/\/www.manaus.am.gov.br\/seminf\/wp-json\/wp\/v2\/media\/7804"}],"wp:attachment":[{"href":"https:\/\/www.manaus.am.gov.br\/seminf\/wp-json\/wp\/v2\/media?parent=7803"}],"wp:term":[{"taxonomy":"category","embeddable":true,"href":"https:\/\/www.manaus.am.gov.br\/seminf\/wp-json\/wp\/v2\/categories?post=7803"},{"taxonomy":"post_tag","embeddable":true,"href":"https:\/\/www.manaus.am.gov.br\/seminf\/wp-json\/wp\/v2\/tags?post=7803"}],"curies":[{"name":"wp","href":"https:\/\/api.w.org\/{rel}","templated":true}]}}