{"id":7796,"date":"2025-12-03T19:05:00","date_gmt":"2025-12-03T23:05:00","guid":{"rendered":"https:\/\/www.manaus.am.gov.br\/seminf\/ampliacao-ponte-da-avenida-do-turismo\/"},"modified":"2025-12-03T19:05:01","modified_gmt":"2025-12-03T23:05:01","slug":"ampliacao-ponte-da-avenida-do-turismo","status":"publish","type":"post","link":"https:\/\/www.manaus.am.gov.br\/seminf\/ampliacao-ponte-da-avenida-do-turismo\/","title":{"rendered":"Prefeitura de Manaus amplia ponte da avenida do Turismo para tr\u00eas faixas e melhora fluxo vi\u00e1rio na Ponta Negra"},"content":{"rendered":"\n<p>A Prefeitura de Manaus, por meio da Secretaria Municipal de Infraestrutura (Seminf), avan\u00e7ou, nesta quarta-feira, 3\/12, nas obras de amplia\u00e7\u00e3o da ponte da avenida do Turismo, nas proximidades do complexo tur\u00edstico Ponta Negra, zona Oeste. A estrutura, antes limitada a duas faixas, est\u00e1 sendo ampliada para tr\u00eas, garantindo maior fluidez e seguran\u00e7a no tr\u00e1fego de uma das vias mais movimentadas da capital.<\/p>\n\n\n\n<p>O vice-prefeito e secret\u00e1rio de Obras, Renato Junior, destacou o impacto da interven\u00e7\u00e3o para a mobilidade da regi\u00e3o e para a qualidade de vida da popula\u00e7\u00e3o.<\/p>\n\n\n\n<p>\u201cEsse \u00e9 um dos maiores investimentos j\u00e1 feitos nessa \u00e1rea. A determina\u00e7\u00e3o do prefeito David Almeida \u00e9 levar melhorias reais para \u00e1reas estrat\u00e9gicas da cidade, acabando com os riscos de alagamentos e ampliando a capacidade vi\u00e1ria. Nosso compromisso \u00e9 entregar obras que realmente fazem diferen\u00e7a no dia a dia das pessoas e que preparam Manaus para crescer com planejamento e efici\u00eancia\u201d, afirmou Renato Junior.<\/p>\n\n\n\n<p>A avenida do Turismo recebe, em m\u00e9dia, 4,5 mil ve\u00edculos por hora. A ponte ampliada fica sob um igarap\u00e9 que passa sob a superf\u00edcie da via, exigindo uma obra robusta de engenharia. As equipes executam a arma\u00e7\u00e3o do bloco de coroamento que dar\u00e1 apoio aos pilares da ponte. Na sequ\u00eancia, ser\u00e1 realizada a concretagem da base, etapa que antecede a implanta\u00e7\u00e3o dos pilares e das vigas met\u00e1licas. O processo termina com a constru\u00e7\u00e3o da laje concretada, preparando a estrutura para receber o novo pavimento.<\/p>\n\n\n\n<p>Condutores que utilizam a avenida diariamente j\u00e1 percebem os resultados. O caminhoneiro Kennedy Fernandes, 33 anos, afirma que a obra traz ganhos diretos na rotina de quem precisa trafegar pelo local. \u201cPasso aqui todos os dias e \u00e9 n\u00edtido o quanto essa obra est\u00e1 melhorando tudo. \u00c9 uma grande diferen\u00e7a para quem depende desse trecho\u201d, disse.<\/p>\n\n\n\n<p>O entregador de delivery Ant\u00f4nio Barbosa, 39 anos, tamb\u00e9m elogiou a interven\u00e7\u00e3o. \u201cA avenida est\u00e1 mais larga, o tr\u00e2nsito flui melhor. D\u00e1 para ver que a locomo\u00e7\u00e3o ficou mais r\u00e1pida. Com a rua ampliada e asfaltada, a melhora \u00e9 evidente, o engarrafamento praticamente sumiu\u201d, comentou.<\/p>\n\n\n\n<p>A amplia\u00e7\u00e3o da ponte integra um pacote completo de obras executado pela Prefeitura de Manaus na avenida do Turismo, que inclui fresagem, recapeamento, implanta\u00e7\u00e3o de sarjeta e meio-fio, amplia\u00e7\u00e3o das caixas coletoras e readequa\u00e7\u00e3o da pista.<\/p>\n\n\n\n<p><strong>\u2014- \u2014- \u2014<br>Texto &#8211; <\/strong>Rayana Coutinho\/ Seminf<br><strong>Fotos &#8211;\u00a0 <\/strong>Alessandro Ara\u00fajo\/ Seminf<\/p>\n","protected":false},"excerpt":{"rendered":"","protected":false},"author":68,"featured_media":7797,"comment_status":"closed","ping_status":"closed","sticky":false,"template":"","format":"standard","meta":{"footnotes":""},"categories":[3],"tags":[2847,69,43,26],"acf":[],"yoast_head":"<!-- This site is optimized with the Yoast SEO plugin v23.0 - https:\/\/yoast.com\/wordpress\/plugins\/seo\/ -->\n<title>Prefeitura de Manaus amplia ponte da avenida do Turismo<\/title>\n<meta name=\"description\" content=\"A Prefeitura de Manaus, avan\u00e7ou, nesta quarta-feira, 3\/12, nas obras de amplia\u00e7\u00e3o da ponte da avenida do Turismo.\" \/>\n<meta name=\"robots\" content=\"index, follow, max-snippet:-1, max-image-preview:large, max-video-preview:-1\" \/>\n<link rel=\"canonical\" href=\"https:\/\/www.manaus.am.gov.br\/seminf\/ampliacao-ponte-da-avenida-do-turismo\/\" \/>\n<meta property=\"og:locale\" content=\"pt_BR\" \/>\n<meta property=\"og:type\" content=\"article\" \/>\n<meta property=\"og:title\" content=\"Prefeitura de Manaus amplia ponte da avenida do Turismo\" \/>\n<meta property=\"og:description\" content=\"A Prefeitura de Manaus, avan\u00e7ou, nesta quarta-feira, 3\/12, nas obras de amplia\u00e7\u00e3o da ponte da avenida do Turismo.\" \/>\n<meta property=\"og:url\" content=\"https:\/\/www.manaus.am.gov.br\/seminf\/ampliacao-ponte-da-avenida-do-turismo\/\" \/>\n<meta property=\"og:site_name\" content=\"SEMINF\" \/>\n<meta property=\"article:published_time\" content=\"2025-12-03T23:05:00+00:00\" \/>\n<meta property=\"article:modified_time\" content=\"2025-12-03T23:05:01+00:00\" \/>\n<meta property=\"og:image\" content=\"https:\/\/www.manaus.am.gov.br\/seminf\/wp-content\/uploads\/sites\/6\/2025\/12\/Prefeitura-de-Manaus-amplia-ponte-da-avenida-do-Turismo-para-tres-faixas-e-melhora-fluxo-viario-na-Ponta-Negra.jpg\" \/>\n\t<meta property=\"og:image:width\" content=\"1600\" \/>\n\t<meta property=\"og:image:height\" content=\"900\" \/>\n\t<meta property=\"og:image:type\" content=\"image\/jpeg\" \/>\n<meta name=\"author\" content=\"bvalente\" \/>\n<meta name=\"twitter:card\" content=\"summary_large_image\" \/>\n<meta name=\"twitter:label1\" content=\"Written by\" \/>\n\t<meta name=\"twitter:data1\" content=\"bvalente\" \/>\n\t<meta name=\"twitter:label2\" content=\"Est. reading time\" \/>\n\t<meta name=\"twitter:data2\" content=\"3 minutos\" \/>\n<script type=\"application\/ld+json\" class=\"yoast-schema-graph\">{\"@context\":\"https:\/\/schema.org\",\"@graph\":[{\"@type\":\"WebPage\",\"@id\":\"https:\/\/www.manaus.am.gov.br\/seminf\/ampliacao-ponte-da-avenida-do-turismo\/\",\"url\":\"https:\/\/www.manaus.am.gov.br\/seminf\/ampliacao-ponte-da-avenida-do-turismo\/\",\"name\":\"Prefeitura de Manaus amplia ponte da avenida do Turismo\",\"isPartOf\":{\"@id\":\"https:\/\/www.manaus.am.gov.br\/seminf\/#website\"},\"primaryImageOfPage\":{\"@id\":\"https:\/\/www.manaus.am.gov.br\/seminf\/ampliacao-ponte-da-avenida-do-turismo\/#primaryimage\"},\"image\":{\"@id\":\"https:\/\/www.manaus.am.gov.br\/seminf\/ampliacao-ponte-da-avenida-do-turismo\/#primaryimage\"},\"thumbnailUrl\":\"https:\/\/www.manaus.am.gov.br\/seminf\/wp-content\/uploads\/sites\/6\/2025\/12\/Prefeitura-de-Manaus-amplia-ponte-da-avenida-do-Turismo-para-tres-faixas-e-melhora-fluxo-viario-na-Ponta-Negra.jpg\",\"datePublished\":\"2025-12-03T23:05:00+00:00\",\"dateModified\":\"2025-12-03T23:05:01+00:00\",\"author\":{\"@id\":\"https:\/\/www.manaus.am.gov.br\/seminf\/#\/schema\/person\/466a0e03ae4b6062809046bd560ac955\"},\"description\":\"A Prefeitura de Manaus, avan\u00e7ou, nesta quarta-feira, 3\/12, nas obras de amplia\u00e7\u00e3o da ponte da avenida do Turismo.\",\"inLanguage\":\"pt-BR\",\"potentialAction\":[{\"@type\":\"ReadAction\",\"target\":[\"https:\/\/www.manaus.am.gov.br\/seminf\/ampliacao-ponte-da-avenida-do-turismo\/\"]}]},{\"@type\":\"ImageObject\",\"inLanguage\":\"pt-BR\",\"@id\":\"https:\/\/www.manaus.am.gov.br\/seminf\/ampliacao-ponte-da-avenida-do-turismo\/#primaryimage\",\"url\":\"https:\/\/www.manaus.am.gov.br\/seminf\/wp-content\/uploads\/sites\/6\/2025\/12\/Prefeitura-de-Manaus-amplia-ponte-da-avenida-do-Turismo-para-tres-faixas-e-melhora-fluxo-viario-na-Ponta-Negra.jpg\",\"contentUrl\":\"https:\/\/www.manaus.am.gov.br\/seminf\/wp-content\/uploads\/sites\/6\/2025\/12\/Prefeitura-de-Manaus-amplia-ponte-da-avenida-do-Turismo-para-tres-faixas-e-melhora-fluxo-viario-na-Ponta-Negra.jpg\",\"width\":1600,\"height\":900,\"caption\":\"#paratodosverem - Trabalhadores da Seminf atuando nas obras de amplia\u00e7\u00e3o da ponte da avenida do Turismo\"},{\"@type\":\"WebSite\",\"@id\":\"https:\/\/www.manaus.am.gov.br\/seminf\/#website\",\"url\":\"https:\/\/www.manaus.am.gov.br\/seminf\/\",\"name\":\"Secretaria de Infraestrutura\",\"description\":\"Secretaria Municipal de Infraestrutura\",\"potentialAction\":[{\"@type\":\"SearchAction\",\"target\":{\"@type\":\"EntryPoint\",\"urlTemplate\":\"https:\/\/www.manaus.am.gov.br\/seminf\/?s={search_term_string}\"},\"query-input\":\"required name=search_term_string\"}],\"inLanguage\":\"pt-BR\"},{\"@type\":\"Person\",\"@id\":\"https:\/\/www.manaus.am.gov.br\/seminf\/#\/schema\/person\/466a0e03ae4b6062809046bd560ac955\",\"name\":\"bvalente\",\"image\":{\"@type\":\"ImageObject\",\"inLanguage\":\"pt-BR\",\"@id\":\"https:\/\/www.manaus.am.gov.br\/seminf\/#\/schema\/person\/image\/\",\"url\":\"https:\/\/secure.gravatar.com\/avatar\/3e69bc2b014bdad41adfec3a39de07d2?s=96&d=mm&r=g\",\"contentUrl\":\"https:\/\/secure.gravatar.com\/avatar\/3e69bc2b014bdad41adfec3a39de07d2?s=96&d=mm&r=g\",\"caption\":\"bvalente\"}}]}<\/script>\n<!-- \/ Yoast SEO plugin. -->","yoast_head_json":{"title":"Prefeitura de Manaus amplia ponte da avenida do Turismo","description":"A Prefeitura de Manaus, avan\u00e7ou, nesta quarta-feira, 3\/12, nas obras de amplia\u00e7\u00e3o da ponte da avenida do Turismo.","robots":{"index":"index","follow":"follow","max-snippet":"max-snippet:-1","max-image-preview":"max-image-preview:large","max-video-preview":"max-video-preview:-1"},"canonical":"https:\/\/www.manaus.am.gov.br\/seminf\/ampliacao-ponte-da-avenida-do-turismo\/","og_locale":"pt_BR","og_type":"article","og_title":"Prefeitura de Manaus amplia ponte da avenida do Turismo","og_description":"A Prefeitura de Manaus, avan\u00e7ou, nesta quarta-feira, 3\/12, nas obras de amplia\u00e7\u00e3o da ponte da avenida do Turismo.","og_url":"https:\/\/www.manaus.am.gov.br\/seminf\/ampliacao-ponte-da-avenida-do-turismo\/","og_site_name":"SEMINF","article_published_time":"2025-12-03T23:05:00+00:00","article_modified_time":"2025-12-03T23:05:01+00:00","og_image":[{"width":1600,"height":900,"url":"https:\/\/www.manaus.am.gov.br\/seminf\/wp-content\/uploads\/sites\/6\/2025\/12\/Prefeitura-de-Manaus-amplia-ponte-da-avenida-do-Turismo-para-tres-faixas-e-melhora-fluxo-viario-na-Ponta-Negra.jpg","type":"image\/jpeg"}],"author":"bvalente","twitter_card":"summary_large_image","twitter_misc":{"Written by":"bvalente","Est. reading time":"3 minutos"},"schema":{"@context":"https:\/\/schema.org","@graph":[{"@type":"WebPage","@id":"https:\/\/www.manaus.am.gov.br\/seminf\/ampliacao-ponte-da-avenida-do-turismo\/","url":"https:\/\/www.manaus.am.gov.br\/seminf\/ampliacao-ponte-da-avenida-do-turismo\/","name":"Prefeitura de Manaus amplia ponte da avenida do Turismo","isPartOf":{"@id":"https:\/\/www.manaus.am.gov.br\/seminf\/#website"},"primaryImageOfPage":{"@id":"https:\/\/www.manaus.am.gov.br\/seminf\/ampliacao-ponte-da-avenida-do-turismo\/#primaryimage"},"image":{"@id":"https:\/\/www.manaus.am.gov.br\/seminf\/ampliacao-ponte-da-avenida-do-turismo\/#primaryimage"},"thumbnailUrl":"https:\/\/www.manaus.am.gov.br\/seminf\/wp-content\/uploads\/sites\/6\/2025\/12\/Prefeitura-de-Manaus-amplia-ponte-da-avenida-do-Turismo-para-tres-faixas-e-melhora-fluxo-viario-na-Ponta-Negra.jpg","datePublished":"2025-12-03T23:05:00+00:00","dateModified":"2025-12-03T23:05:01+00:00","author":{"@id":"https:\/\/www.manaus.am.gov.br\/seminf\/#\/schema\/person\/466a0e03ae4b6062809046bd560ac955"},"description":"A Prefeitura de Manaus, avan\u00e7ou, nesta quarta-feira, 3\/12, nas obras de amplia\u00e7\u00e3o da ponte da avenida do Turismo.","inLanguage":"pt-BR","potentialAction":[{"@type":"ReadAction","target":["https:\/\/www.manaus.am.gov.br\/seminf\/ampliacao-ponte-da-avenida-do-turismo\/"]}]},{"@type":"ImageObject","inLanguage":"pt-BR","@id":"https:\/\/www.manaus.am.gov.br\/seminf\/ampliacao-ponte-da-avenida-do-turismo\/#primaryimage","url":"https:\/\/www.manaus.am.gov.br\/seminf\/wp-content\/uploads\/sites\/6\/2025\/12\/Prefeitura-de-Manaus-amplia-ponte-da-avenida-do-Turismo-para-tres-faixas-e-melhora-fluxo-viario-na-Ponta-Negra.jpg","contentUrl":"https:\/\/www.manaus.am.gov.br\/seminf\/wp-content\/uploads\/sites\/6\/2025\/12\/Prefeitura-de-Manaus-amplia-ponte-da-avenida-do-Turismo-para-tres-faixas-e-melhora-fluxo-viario-na-Ponta-Negra.jpg","width":1600,"height":900,"caption":"#paratodosverem - Trabalhadores da Seminf atuando nas obras de amplia\u00e7\u00e3o da ponte da avenida do Turismo"},{"@type":"WebSite","@id":"https:\/\/www.manaus.am.gov.br\/seminf\/#website","url":"https:\/\/www.manaus.am.gov.br\/seminf\/","name":"Secretaria de Infraestrutura","description":"Secretaria Municipal de Infraestrutura","potentialAction":[{"@type":"SearchAction","target":{"@type":"EntryPoint","urlTemplate":"https:\/\/www.manaus.am.gov.br\/seminf\/?s={search_term_string}"},"query-input":"required name=search_term_string"}],"inLanguage":"pt-BR"},{"@type":"Person","@id":"https:\/\/www.manaus.am.gov.br\/seminf\/#\/schema\/person\/466a0e03ae4b6062809046bd560ac955","name":"bvalente","image":{"@type":"ImageObject","inLanguage":"pt-BR","@id":"https:\/\/www.manaus.am.gov.br\/seminf\/#\/schema\/person\/image\/","url":"https:\/\/secure.gravatar.com\/avatar\/3e69bc2b014bdad41adfec3a39de07d2?s=96&d=mm&r=g","contentUrl":"https:\/\/secure.gravatar.com\/avatar\/3e69bc2b014bdad41adfec3a39de07d2?s=96&d=mm&r=g","caption":"bvalente"}}]}},"_links":{"self":[{"href":"https:\/\/www.manaus.am.gov.br\/seminf\/wp-json\/wp\/v2\/posts\/7796"}],"collection":[{"href":"https:\/\/www.manaus.am.gov.br\/seminf\/wp-json\/wp\/v2\/posts"}],"about":[{"href":"https:\/\/www.manaus.am.gov.br\/seminf\/wp-json\/wp\/v2\/types\/post"}],"author":[{"embeddable":true,"href":"https:\/\/www.manaus.am.gov.br\/seminf\/wp-json\/wp\/v2\/users\/68"}],"replies":[{"embeddable":true,"href":"https:\/\/www.manaus.am.gov.br\/seminf\/wp-json\/wp\/v2\/comments?post=7796"}],"version-history":[{"count":0,"href":"https:\/\/www.manaus.am.gov.br\/seminf\/wp-json\/wp\/v2\/posts\/7796\/revisions"}],"wp:featuredmedia":[{"embeddable":true,"href":"https:\/\/www.manaus.am.gov.br\/seminf\/wp-json\/wp\/v2\/media\/7797"}],"wp:attachment":[{"href":"https:\/\/www.manaus.am.gov.br\/seminf\/wp-json\/wp\/v2\/media?parent=7796"}],"wp:term":[{"taxonomy":"category","embeddable":true,"href":"https:\/\/www.manaus.am.gov.br\/seminf\/wp-json\/wp\/v2\/categories?post=7796"},{"taxonomy":"post_tag","embeddable":true,"href":"https:\/\/www.manaus.am.gov.br\/seminf\/wp-json\/wp\/v2\/tags?post=7796"}],"curies":[{"name":"wp","href":"https:\/\/api.w.org\/{rel}","templated":true}]}}