{"id":7794,"date":"2025-12-03T17:32:10","date_gmt":"2025-12-03T21:32:10","guid":{"rendered":"https:\/\/www.manaus.am.gov.br\/seminf\/prefeitura-seminf-drenagem-saojorge\/"},"modified":"2025-12-03T17:32:12","modified_gmt":"2025-12-03T21:32:12","slug":"prefeitura-seminf-drenagem-saojorge","status":"publish","type":"post","link":"https:\/\/www.manaus.am.gov.br\/seminf\/prefeitura-seminf-drenagem-saojorge\/","title":{"rendered":"Prefeitura inicia recupera\u00e7\u00e3o de drenagem profunda no S\u00e3o Jorge"},"content":{"rendered":"\n<p>A Prefeitura de Manaus avan\u00e7ou, nesta quarta-feira, 3\/12, com uma a\u00e7\u00e3o estrat\u00e9gica de infraestrutura no bairro S\u00e3o Jorge, zona Oeste da capital. Equipes da Secretaria Municipal de Infraestrutura (Seminf) deram in\u00edcio \u00e0 recupera\u00e7\u00e3o do sistema de drenagem profunda na rua S\u00e3o Domingos, obra essencial para garantir mais seguran\u00e7a e estabilidade ao solo da regi\u00e3o.<\/p>\n\n\n\n<p>A interven\u00e7\u00e3o marca o atendimento direto a uma demanda da comunidade e integra o conjunto de a\u00e7\u00f5es que a gest\u00e3o municipal vem realizando em toda a cidade para modernizar e fortalecer a infraestrutura urbana.<\/p>\n\n\n\n<p>O vice-prefeito e secret\u00e1rio de Obras, Renato Junior, destacou que o trabalho representa o comprometimento da prefeitura com as necessidades da popula\u00e7\u00e3o.<\/p>\n\n\n\n<p>\u201cCada vez que entramos em um bairro para iniciar uma obra como essa, n\u00f3s estamos cuidando das pessoas. A drenagem profunda \u00e9 um servi\u00e7o complexo, mas fundamental para preservar a seguran\u00e7a das fam\u00edlias e evitar problemas futuros. Na gest\u00e3o do prefeito David Almeida, seguimos com equipes empenhadas, atuando com responsabilidade e aten\u00e7\u00e3o para entregar melhorias reais ao dia a dia da popula\u00e7\u00e3o\u201d, afirmou Renato Junior.<\/p>\n\n\n\n<p>As equipes da Seminf executam todas as etapas necess\u00e1rias para recompor o sistema de drenagem, garantindo que a estrutura tenha durabilidade e funcione de forma eficiente, especialmente no per\u00edodo de maior intensidade de chuvas. A obra tamb\u00e9m contribui para a valoriza\u00e7\u00e3o da \u00e1rea e para a tranquilidade dos moradores que dependem de vias mais seguras e est\u00e1veis.<\/p>\n\n\n\n<p>Com frentes de trabalho distribu\u00eddas por toda a cidade, a Prefeitura de Manaus mant\u00e9m o ritmo acelerado de entregas e refor\u00e7a o compromisso de transformar os bairros com obras planejadas, executadas por equipes especializadas e com foco na qualidade dos servi\u00e7os prestados.<\/p>\n\n\n\n<p>&#8212; &#8212; &#8212;<\/p>\n\n\n\n<p><strong>Texto\u00a0<\/strong>&#8211; Maria Amed\/ Seminf<\/p>\n\n\n\n<p><strong>Fotos\u00a0<\/strong>&#8211; Divulga\u00e7\u00e3o Seminf<\/p>\n","protected":false},"excerpt":{"rendered":"","protected":false},"author":23,"featured_media":7795,"comment_status":"closed","ping_status":"closed","sticky":false,"template":"","format":"standard","meta":{"footnotes":""},"categories":[4],"tags":[47,43,2077,349,26],"acf":[],"yoast_head":"<!-- This site is optimized with the Yoast SEO plugin v23.0 - https:\/\/yoast.com\/wordpress\/plugins\/seo\/ -->\n<title>Prefeitura inicia recupera\u00e7\u00e3o de drenagem profunda no S\u00e3o Jorge<\/title>\n<meta name=\"description\" content=\"A Prefeitura de Manaus avan\u00e7ou, nesta quarta-feira, 3\/12, com uma a\u00e7\u00e3o estrat\u00e9gica de infraestrutura no bairro S\u00e3o Jorge, zona Oeste da capital.\" \/>\n<meta name=\"robots\" content=\"index, follow, max-snippet:-1, max-image-preview:large, max-video-preview:-1\" \/>\n<link rel=\"canonical\" href=\"https:\/\/www.manaus.am.gov.br\/seminf\/prefeitura-seminf-drenagem-saojorge\/\" \/>\n<meta property=\"og:locale\" content=\"pt_BR\" \/>\n<meta property=\"og:type\" content=\"article\" \/>\n<meta property=\"og:title\" content=\"Prefeitura inicia recupera\u00e7\u00e3o de drenagem profunda no S\u00e3o Jorge\" \/>\n<meta property=\"og:description\" content=\"A Prefeitura de Manaus avan\u00e7ou, nesta quarta-feira, 3\/12, com uma a\u00e7\u00e3o estrat\u00e9gica de infraestrutura no bairro S\u00e3o Jorge, zona Oeste da capital.\" \/>\n<meta property=\"og:url\" content=\"https:\/\/www.manaus.am.gov.br\/seminf\/prefeitura-seminf-drenagem-saojorge\/\" \/>\n<meta property=\"og:site_name\" content=\"SEMINF\" \/>\n<meta property=\"article:published_time\" content=\"2025-12-03T21:32:10+00:00\" \/>\n<meta property=\"article:modified_time\" content=\"2025-12-03T21:32:12+00:00\" \/>\n<meta property=\"og:image\" content=\"https:\/\/www.manaus.am.gov.br\/seminf\/wp-content\/uploads\/sites\/6\/2025\/12\/WhatsApp-Image-2025-12-03-at-17.30.16.jpeg\" \/>\n\t<meta property=\"og:image:width\" content=\"1280\" \/>\n\t<meta property=\"og:image:height\" content=\"853\" \/>\n\t<meta property=\"og:image:type\" content=\"image\/jpeg\" \/>\n<meta name=\"author\" content=\"Adriana Costa\" \/>\n<meta name=\"twitter:card\" content=\"summary_large_image\" \/>\n<meta name=\"twitter:label1\" content=\"Written by\" \/>\n\t<meta name=\"twitter:data1\" content=\"Adriana Costa\" \/>\n\t<meta name=\"twitter:label2\" content=\"Est. reading time\" \/>\n\t<meta name=\"twitter:data2\" content=\"2 minutos\" \/>\n<script type=\"application\/ld+json\" class=\"yoast-schema-graph\">{\"@context\":\"https:\/\/schema.org\",\"@graph\":[{\"@type\":\"WebPage\",\"@id\":\"https:\/\/www.manaus.am.gov.br\/seminf\/prefeitura-seminf-drenagem-saojorge\/\",\"url\":\"https:\/\/www.manaus.am.gov.br\/seminf\/prefeitura-seminf-drenagem-saojorge\/\",\"name\":\"Prefeitura inicia recupera\u00e7\u00e3o de drenagem profunda no S\u00e3o Jorge\",\"isPartOf\":{\"@id\":\"https:\/\/www.manaus.am.gov.br\/seminf\/#website\"},\"primaryImageOfPage\":{\"@id\":\"https:\/\/www.manaus.am.gov.br\/seminf\/prefeitura-seminf-drenagem-saojorge\/#primaryimage\"},\"image\":{\"@id\":\"https:\/\/www.manaus.am.gov.br\/seminf\/prefeitura-seminf-drenagem-saojorge\/#primaryimage\"},\"thumbnailUrl\":\"https:\/\/www.manaus.am.gov.br\/seminf\/wp-content\/uploads\/sites\/6\/2025\/12\/WhatsApp-Image-2025-12-03-at-17.30.16.jpeg\",\"datePublished\":\"2025-12-03T21:32:10+00:00\",\"dateModified\":\"2025-12-03T21:32:12+00:00\",\"author\":{\"@id\":\"https:\/\/www.manaus.am.gov.br\/seminf\/#\/schema\/person\/4e49f4e267757a06ca072ec61b2b9968\"},\"description\":\"A Prefeitura de Manaus avan\u00e7ou, nesta quarta-feira, 3\/12, com uma a\u00e7\u00e3o estrat\u00e9gica de infraestrutura no bairro S\u00e3o Jorge, zona Oeste da capital.\",\"inLanguage\":\"pt-BR\",\"potentialAction\":[{\"@type\":\"ReadAction\",\"target\":[\"https:\/\/www.manaus.am.gov.br\/seminf\/prefeitura-seminf-drenagem-saojorge\/\"]}]},{\"@type\":\"ImageObject\",\"inLanguage\":\"pt-BR\",\"@id\":\"https:\/\/www.manaus.am.gov.br\/seminf\/prefeitura-seminf-drenagem-saojorge\/#primaryimage\",\"url\":\"https:\/\/www.manaus.am.gov.br\/seminf\/wp-content\/uploads\/sites\/6\/2025\/12\/WhatsApp-Image-2025-12-03-at-17.30.16.jpeg\",\"contentUrl\":\"https:\/\/www.manaus.am.gov.br\/seminf\/wp-content\/uploads\/sites\/6\/2025\/12\/WhatsApp-Image-2025-12-03-at-17.30.16.jpeg\",\"width\":1280,\"height\":853,\"caption\":\"#paratodosverem - Servi\u00e7o de drenagem profunda no bairro S\u00e3o Jorge\"},{\"@type\":\"WebSite\",\"@id\":\"https:\/\/www.manaus.am.gov.br\/seminf\/#website\",\"url\":\"https:\/\/www.manaus.am.gov.br\/seminf\/\",\"name\":\"Secretaria de Infraestrutura\",\"description\":\"Secretaria Municipal de Infraestrutura\",\"potentialAction\":[{\"@type\":\"SearchAction\",\"target\":{\"@type\":\"EntryPoint\",\"urlTemplate\":\"https:\/\/www.manaus.am.gov.br\/seminf\/?s={search_term_string}\"},\"query-input\":\"required name=search_term_string\"}],\"inLanguage\":\"pt-BR\"},{\"@type\":\"Person\",\"@id\":\"https:\/\/www.manaus.am.gov.br\/seminf\/#\/schema\/person\/4e49f4e267757a06ca072ec61b2b9968\",\"name\":\"Adriana Costa\",\"image\":{\"@type\":\"ImageObject\",\"inLanguage\":\"pt-BR\",\"@id\":\"https:\/\/www.manaus.am.gov.br\/seminf\/#\/schema\/person\/image\/\",\"url\":\"https:\/\/secure.gravatar.com\/avatar\/576258617ef7194f718179e766d57bd4?s=96&d=mm&r=g\",\"contentUrl\":\"https:\/\/secure.gravatar.com\/avatar\/576258617ef7194f718179e766d57bd4?s=96&d=mm&r=g\",\"caption\":\"Adriana Costa\"}}]}<\/script>\n<!-- \/ Yoast SEO plugin. -->","yoast_head_json":{"title":"Prefeitura inicia recupera\u00e7\u00e3o de drenagem profunda no S\u00e3o Jorge","description":"A Prefeitura de Manaus avan\u00e7ou, nesta quarta-feira, 3\/12, com uma a\u00e7\u00e3o estrat\u00e9gica de infraestrutura no bairro S\u00e3o Jorge, zona Oeste da capital.","robots":{"index":"index","follow":"follow","max-snippet":"max-snippet:-1","max-image-preview":"max-image-preview:large","max-video-preview":"max-video-preview:-1"},"canonical":"https:\/\/www.manaus.am.gov.br\/seminf\/prefeitura-seminf-drenagem-saojorge\/","og_locale":"pt_BR","og_type":"article","og_title":"Prefeitura inicia recupera\u00e7\u00e3o de drenagem profunda no S\u00e3o Jorge","og_description":"A Prefeitura de Manaus avan\u00e7ou, nesta quarta-feira, 3\/12, com uma a\u00e7\u00e3o estrat\u00e9gica de infraestrutura no bairro S\u00e3o Jorge, zona Oeste da capital.","og_url":"https:\/\/www.manaus.am.gov.br\/seminf\/prefeitura-seminf-drenagem-saojorge\/","og_site_name":"SEMINF","article_published_time":"2025-12-03T21:32:10+00:00","article_modified_time":"2025-12-03T21:32:12+00:00","og_image":[{"width":1280,"height":853,"url":"https:\/\/www.manaus.am.gov.br\/seminf\/wp-content\/uploads\/sites\/6\/2025\/12\/WhatsApp-Image-2025-12-03-at-17.30.16.jpeg","type":"image\/jpeg"}],"author":"Adriana Costa","twitter_card":"summary_large_image","twitter_misc":{"Written by":"Adriana Costa","Est. reading time":"2 minutos"},"schema":{"@context":"https:\/\/schema.org","@graph":[{"@type":"WebPage","@id":"https:\/\/www.manaus.am.gov.br\/seminf\/prefeitura-seminf-drenagem-saojorge\/","url":"https:\/\/www.manaus.am.gov.br\/seminf\/prefeitura-seminf-drenagem-saojorge\/","name":"Prefeitura inicia recupera\u00e7\u00e3o de drenagem profunda no S\u00e3o Jorge","isPartOf":{"@id":"https:\/\/www.manaus.am.gov.br\/seminf\/#website"},"primaryImageOfPage":{"@id":"https:\/\/www.manaus.am.gov.br\/seminf\/prefeitura-seminf-drenagem-saojorge\/#primaryimage"},"image":{"@id":"https:\/\/www.manaus.am.gov.br\/seminf\/prefeitura-seminf-drenagem-saojorge\/#primaryimage"},"thumbnailUrl":"https:\/\/www.manaus.am.gov.br\/seminf\/wp-content\/uploads\/sites\/6\/2025\/12\/WhatsApp-Image-2025-12-03-at-17.30.16.jpeg","datePublished":"2025-12-03T21:32:10+00:00","dateModified":"2025-12-03T21:32:12+00:00","author":{"@id":"https:\/\/www.manaus.am.gov.br\/seminf\/#\/schema\/person\/4e49f4e267757a06ca072ec61b2b9968"},"description":"A Prefeitura de Manaus avan\u00e7ou, nesta quarta-feira, 3\/12, com uma a\u00e7\u00e3o estrat\u00e9gica de infraestrutura no bairro S\u00e3o Jorge, zona Oeste da capital.","inLanguage":"pt-BR","potentialAction":[{"@type":"ReadAction","target":["https:\/\/www.manaus.am.gov.br\/seminf\/prefeitura-seminf-drenagem-saojorge\/"]}]},{"@type":"ImageObject","inLanguage":"pt-BR","@id":"https:\/\/www.manaus.am.gov.br\/seminf\/prefeitura-seminf-drenagem-saojorge\/#primaryimage","url":"https:\/\/www.manaus.am.gov.br\/seminf\/wp-content\/uploads\/sites\/6\/2025\/12\/WhatsApp-Image-2025-12-03-at-17.30.16.jpeg","contentUrl":"https:\/\/www.manaus.am.gov.br\/seminf\/wp-content\/uploads\/sites\/6\/2025\/12\/WhatsApp-Image-2025-12-03-at-17.30.16.jpeg","width":1280,"height":853,"caption":"#paratodosverem - Servi\u00e7o de drenagem profunda no bairro S\u00e3o Jorge"},{"@type":"WebSite","@id":"https:\/\/www.manaus.am.gov.br\/seminf\/#website","url":"https:\/\/www.manaus.am.gov.br\/seminf\/","name":"Secretaria de Infraestrutura","description":"Secretaria Municipal de Infraestrutura","potentialAction":[{"@type":"SearchAction","target":{"@type":"EntryPoint","urlTemplate":"https:\/\/www.manaus.am.gov.br\/seminf\/?s={search_term_string}"},"query-input":"required name=search_term_string"}],"inLanguage":"pt-BR"},{"@type":"Person","@id":"https:\/\/www.manaus.am.gov.br\/seminf\/#\/schema\/person\/4e49f4e267757a06ca072ec61b2b9968","name":"Adriana Costa","image":{"@type":"ImageObject","inLanguage":"pt-BR","@id":"https:\/\/www.manaus.am.gov.br\/seminf\/#\/schema\/person\/image\/","url":"https:\/\/secure.gravatar.com\/avatar\/576258617ef7194f718179e766d57bd4?s=96&d=mm&r=g","contentUrl":"https:\/\/secure.gravatar.com\/avatar\/576258617ef7194f718179e766d57bd4?s=96&d=mm&r=g","caption":"Adriana Costa"}}]}},"_links":{"self":[{"href":"https:\/\/www.manaus.am.gov.br\/seminf\/wp-json\/wp\/v2\/posts\/7794"}],"collection":[{"href":"https:\/\/www.manaus.am.gov.br\/seminf\/wp-json\/wp\/v2\/posts"}],"about":[{"href":"https:\/\/www.manaus.am.gov.br\/seminf\/wp-json\/wp\/v2\/types\/post"}],"author":[{"embeddable":true,"href":"https:\/\/www.manaus.am.gov.br\/seminf\/wp-json\/wp\/v2\/users\/23"}],"replies":[{"embeddable":true,"href":"https:\/\/www.manaus.am.gov.br\/seminf\/wp-json\/wp\/v2\/comments?post=7794"}],"version-history":[{"count":0,"href":"https:\/\/www.manaus.am.gov.br\/seminf\/wp-json\/wp\/v2\/posts\/7794\/revisions"}],"wp:featuredmedia":[{"embeddable":true,"href":"https:\/\/www.manaus.am.gov.br\/seminf\/wp-json\/wp\/v2\/media\/7795"}],"wp:attachment":[{"href":"https:\/\/www.manaus.am.gov.br\/seminf\/wp-json\/wp\/v2\/media?parent=7794"}],"wp:term":[{"taxonomy":"category","embeddable":true,"href":"https:\/\/www.manaus.am.gov.br\/seminf\/wp-json\/wp\/v2\/categories?post=7794"},{"taxonomy":"post_tag","embeddable":true,"href":"https:\/\/www.manaus.am.gov.br\/seminf\/wp-json\/wp\/v2\/tags?post=7794"}],"curies":[{"name":"wp","href":"https:\/\/api.w.org\/{rel}","templated":true}]}}