{"id":7790,"date":"2025-12-03T17:12:38","date_gmt":"2025-12-03T21:12:38","guid":{"rendered":"https:\/\/www.manaus.am.gov.br\/seminf\/obras-no-bairro-monte-das-oliveiras\/"},"modified":"2025-12-03T17:12:38","modified_gmt":"2025-12-03T21:12:38","slug":"obras-no-bairro-monte-das-oliveiras","status":"publish","type":"post","link":"https:\/\/www.manaus.am.gov.br\/seminf\/obras-no-bairro-monte-das-oliveiras\/","title":{"rendered":"Prefeitura intensifica obras que refor\u00e7am seguran\u00e7a e qualidade de vida no bairro Monte das Oliveiras"},"content":{"rendered":"\n<p>A Prefeitura de Manaus, por meio da Secretaria Municipal de Infraestrutura (Seminf), avan\u00e7ou, nesta quarta-feira, 3\/12, com frentes de trabalho estrat\u00e9gicas para fortalecer a infraestrutura da zona Norte. As equipes atuaram na rua A\u00e7apuva, com implanta\u00e7\u00e3o de rip-rap, e na rua Elias Ramiro, onde realizaram limpeza de um trecho do sistema de drenagem e do igarap\u00e9, no bairro Monte das Oliveiras.<\/p>\n\n\n\n<p>As interven\u00e7\u00f5es t\u00eam impacto direto na rotina dos moradores. A instala\u00e7\u00e3o do rip-rap funciona como um importante sistema de conten\u00e7\u00e3o, evitando eros\u00f5es e garantindo maior estabilidade das margens do igarap\u00e9. J\u00e1 a limpeza da tubula\u00e7\u00e3o e do curso d\u2019\u00e1gua assegura o escoamento adequado das \u00e1guas das chuvas, prevenindo alagamentos e impedindo que res\u00edduos descartados irregularmente comprometam a galeria subterr\u00e2nea.<\/p>\n\n\n\n<p>O vice-prefeito e secret\u00e1rio de Obras, Renato Junior, acompanhou o trabalho e refor\u00e7ou que a atua\u00e7\u00e3o cont\u00ednua da Seminf \u00e9 essencial para manter a cidade protegida, especialmente no per\u00edodo chuvoso.<\/p>\n\n\n\n<p>\u201cQuando a gente entra em \u00e1reas como essa, a nossa miss\u00e3o \u00e9 proteger vidas. Uma drenagem limpa e um igarap\u00e9 desobstru\u00eddo fazem toda a diferen\u00e7a para evitar alagamentos e preju\u00edzos aos moradores. Seguimos, na gest\u00e3o do prefeito David Almeida, trabalhando com responsabilidade, agilidade e equipes comprometidas. Mas \u00e9 fundamental que cada morador fa\u00e7a sua parte e descarte o lixo corretamente. Cuidar da nossa cidade \u00e9 um trabalho de m\u00e3os dadas com a popula\u00e7\u00e3o\u201d, afirmou Renato Junior.<\/p>\n\n\n\n<p>Com obras que melhoram o fluxo das \u00e1guas pluviais e refor\u00e7am a seguran\u00e7a dos moradores, a Prefeitura de Manaus segue atuando de forma intensiva e preventiva na zona Norte, refor\u00e7ando a import\u00e2ncia da conserva\u00e7\u00e3o dos espa\u00e7os p\u00fablicos e do descarte respons\u00e1vel de res\u00edduos para o bom funcionamento da infraestrutura urbana.<\/p>\n\n\n\n<p>\u2014- \u2014- \u2014<br><strong>Texto &#8211; <\/strong>Maria Amed\/ Seminf<br><strong>Fotos &#8211;<\/strong>\u00a0 Divulga\u00e7\u00e3o \/ Seminf<\/p>\n","protected":false},"excerpt":{"rendered":"","protected":false},"author":68,"featured_media":7791,"comment_status":"closed","ping_status":"closed","sticky":false,"template":"","format":"standard","meta":{"footnotes":""},"categories":[3],"tags":[2845,2846,43,26],"acf":[],"yoast_head":"<!-- This site is optimized with the Yoast SEO plugin v23.0 - https:\/\/yoast.com\/wordpress\/plugins\/seo\/ -->\n<title>Prefeitura intensifica obras no bairro Monte das Oliveiras<\/title>\n<meta name=\"description\" content=\"A Prefeitura de Manaus, avan\u00e7ou, nesta quarta-feira, 3, com frentes de trabalho estrat\u00e9gicas para fortalecer a infraestrutura da zona Norte.\" \/>\n<meta name=\"robots\" content=\"index, follow, max-snippet:-1, max-image-preview:large, max-video-preview:-1\" \/>\n<link rel=\"canonical\" href=\"https:\/\/www.manaus.am.gov.br\/seminf\/obras-no-bairro-monte-das-oliveiras\/\" \/>\n<meta property=\"og:locale\" content=\"pt_BR\" \/>\n<meta property=\"og:type\" content=\"article\" \/>\n<meta property=\"og:title\" content=\"Prefeitura intensifica obras no bairro Monte das Oliveiras\" \/>\n<meta property=\"og:description\" content=\"A Prefeitura de Manaus, avan\u00e7ou, nesta quarta-feira, 3, com frentes de trabalho estrat\u00e9gicas para fortalecer a infraestrutura da zona Norte.\" \/>\n<meta property=\"og:url\" content=\"https:\/\/www.manaus.am.gov.br\/seminf\/obras-no-bairro-monte-das-oliveiras\/\" \/>\n<meta property=\"og:site_name\" content=\"SEMINF\" \/>\n<meta property=\"article:published_time\" content=\"2025-12-03T21:12:38+00:00\" \/>\n<meta property=\"og:image\" content=\"https:\/\/www.manaus.am.gov.br\/seminf\/wp-content\/uploads\/sites\/6\/2025\/12\/Prefeitura-intensifica-obras-que-reforcam-seguranca-e-qualidade-de-vida-no-bairro-Monte-das-Oliveiras.jpg\" \/>\n\t<meta property=\"og:image:width\" content=\"1200\" \/>\n\t<meta property=\"og:image:height\" content=\"900\" \/>\n\t<meta property=\"og:image:type\" content=\"image\/jpeg\" \/>\n<meta name=\"author\" content=\"bvalente\" \/>\n<meta name=\"twitter:card\" content=\"summary_large_image\" \/>\n<meta name=\"twitter:label1\" content=\"Written by\" \/>\n\t<meta name=\"twitter:data1\" content=\"bvalente\" \/>\n\t<meta name=\"twitter:label2\" content=\"Est. reading time\" \/>\n\t<meta name=\"twitter:data2\" content=\"2 minutos\" \/>\n<script type=\"application\/ld+json\" class=\"yoast-schema-graph\">{\"@context\":\"https:\/\/schema.org\",\"@graph\":[{\"@type\":\"WebPage\",\"@id\":\"https:\/\/www.manaus.am.gov.br\/seminf\/obras-no-bairro-monte-das-oliveiras\/\",\"url\":\"https:\/\/www.manaus.am.gov.br\/seminf\/obras-no-bairro-monte-das-oliveiras\/\",\"name\":\"Prefeitura intensifica obras no bairro Monte das Oliveiras\",\"isPartOf\":{\"@id\":\"https:\/\/www.manaus.am.gov.br\/seminf\/#website\"},\"primaryImageOfPage\":{\"@id\":\"https:\/\/www.manaus.am.gov.br\/seminf\/obras-no-bairro-monte-das-oliveiras\/#primaryimage\"},\"image\":{\"@id\":\"https:\/\/www.manaus.am.gov.br\/seminf\/obras-no-bairro-monte-das-oliveiras\/#primaryimage\"},\"thumbnailUrl\":\"https:\/\/www.manaus.am.gov.br\/seminf\/wp-content\/uploads\/sites\/6\/2025\/12\/Prefeitura-intensifica-obras-que-reforcam-seguranca-e-qualidade-de-vida-no-bairro-Monte-das-Oliveiras.jpg\",\"datePublished\":\"2025-12-03T21:12:38+00:00\",\"dateModified\":\"2025-12-03T21:12:38+00:00\",\"author\":{\"@id\":\"https:\/\/www.manaus.am.gov.br\/seminf\/#\/schema\/person\/466a0e03ae4b6062809046bd560ac955\"},\"description\":\"A Prefeitura de Manaus, avan\u00e7ou, nesta quarta-feira, 3, com frentes de trabalho estrat\u00e9gicas para fortalecer a infraestrutura da zona Norte.\",\"inLanguage\":\"pt-BR\",\"potentialAction\":[{\"@type\":\"ReadAction\",\"target\":[\"https:\/\/www.manaus.am.gov.br\/seminf\/obras-no-bairro-monte-das-oliveiras\/\"]}]},{\"@type\":\"ImageObject\",\"inLanguage\":\"pt-BR\",\"@id\":\"https:\/\/www.manaus.am.gov.br\/seminf\/obras-no-bairro-monte-das-oliveiras\/#primaryimage\",\"url\":\"https:\/\/www.manaus.am.gov.br\/seminf\/wp-content\/uploads\/sites\/6\/2025\/12\/Prefeitura-intensifica-obras-que-reforcam-seguranca-e-qualidade-de-vida-no-bairro-Monte-das-Oliveiras.jpg\",\"contentUrl\":\"https:\/\/www.manaus.am.gov.br\/seminf\/wp-content\/uploads\/sites\/6\/2025\/12\/Prefeitura-intensifica-obras-que-reforcam-seguranca-e-qualidade-de-vida-no-bairro-Monte-das-Oliveiras.jpg\",\"width\":1200,\"height\":900,\"caption\":\"#paratodosverem - Equipe da Seminf realizando a limpeza de um trecho do sistema de drenagem e igarap\u00e9\"},{\"@type\":\"WebSite\",\"@id\":\"https:\/\/www.manaus.am.gov.br\/seminf\/#website\",\"url\":\"https:\/\/www.manaus.am.gov.br\/seminf\/\",\"name\":\"Secretaria de Infraestrutura\",\"description\":\"Secretaria Municipal de Infraestrutura\",\"potentialAction\":[{\"@type\":\"SearchAction\",\"target\":{\"@type\":\"EntryPoint\",\"urlTemplate\":\"https:\/\/www.manaus.am.gov.br\/seminf\/?s={search_term_string}\"},\"query-input\":\"required name=search_term_string\"}],\"inLanguage\":\"pt-BR\"},{\"@type\":\"Person\",\"@id\":\"https:\/\/www.manaus.am.gov.br\/seminf\/#\/schema\/person\/466a0e03ae4b6062809046bd560ac955\",\"name\":\"bvalente\",\"image\":{\"@type\":\"ImageObject\",\"inLanguage\":\"pt-BR\",\"@id\":\"https:\/\/www.manaus.am.gov.br\/seminf\/#\/schema\/person\/image\/\",\"url\":\"https:\/\/secure.gravatar.com\/avatar\/3e69bc2b014bdad41adfec3a39de07d2?s=96&d=mm&r=g\",\"contentUrl\":\"https:\/\/secure.gravatar.com\/avatar\/3e69bc2b014bdad41adfec3a39de07d2?s=96&d=mm&r=g\",\"caption\":\"bvalente\"}}]}<\/script>\n<!-- \/ Yoast SEO plugin. -->","yoast_head_json":{"title":"Prefeitura intensifica obras no bairro Monte das Oliveiras","description":"A Prefeitura de Manaus, avan\u00e7ou, nesta quarta-feira, 3, com frentes de trabalho estrat\u00e9gicas para fortalecer a infraestrutura da zona Norte.","robots":{"index":"index","follow":"follow","max-snippet":"max-snippet:-1","max-image-preview":"max-image-preview:large","max-video-preview":"max-video-preview:-1"},"canonical":"https:\/\/www.manaus.am.gov.br\/seminf\/obras-no-bairro-monte-das-oliveiras\/","og_locale":"pt_BR","og_type":"article","og_title":"Prefeitura intensifica obras no bairro Monte das Oliveiras","og_description":"A Prefeitura de Manaus, avan\u00e7ou, nesta quarta-feira, 3, com frentes de trabalho estrat\u00e9gicas para fortalecer a infraestrutura da zona Norte.","og_url":"https:\/\/www.manaus.am.gov.br\/seminf\/obras-no-bairro-monte-das-oliveiras\/","og_site_name":"SEMINF","article_published_time":"2025-12-03T21:12:38+00:00","og_image":[{"width":1200,"height":900,"url":"https:\/\/www.manaus.am.gov.br\/seminf\/wp-content\/uploads\/sites\/6\/2025\/12\/Prefeitura-intensifica-obras-que-reforcam-seguranca-e-qualidade-de-vida-no-bairro-Monte-das-Oliveiras.jpg","type":"image\/jpeg"}],"author":"bvalente","twitter_card":"summary_large_image","twitter_misc":{"Written by":"bvalente","Est. reading time":"2 minutos"},"schema":{"@context":"https:\/\/schema.org","@graph":[{"@type":"WebPage","@id":"https:\/\/www.manaus.am.gov.br\/seminf\/obras-no-bairro-monte-das-oliveiras\/","url":"https:\/\/www.manaus.am.gov.br\/seminf\/obras-no-bairro-monte-das-oliveiras\/","name":"Prefeitura intensifica obras no bairro Monte das Oliveiras","isPartOf":{"@id":"https:\/\/www.manaus.am.gov.br\/seminf\/#website"},"primaryImageOfPage":{"@id":"https:\/\/www.manaus.am.gov.br\/seminf\/obras-no-bairro-monte-das-oliveiras\/#primaryimage"},"image":{"@id":"https:\/\/www.manaus.am.gov.br\/seminf\/obras-no-bairro-monte-das-oliveiras\/#primaryimage"},"thumbnailUrl":"https:\/\/www.manaus.am.gov.br\/seminf\/wp-content\/uploads\/sites\/6\/2025\/12\/Prefeitura-intensifica-obras-que-reforcam-seguranca-e-qualidade-de-vida-no-bairro-Monte-das-Oliveiras.jpg","datePublished":"2025-12-03T21:12:38+00:00","dateModified":"2025-12-03T21:12:38+00:00","author":{"@id":"https:\/\/www.manaus.am.gov.br\/seminf\/#\/schema\/person\/466a0e03ae4b6062809046bd560ac955"},"description":"A Prefeitura de Manaus, avan\u00e7ou, nesta quarta-feira, 3, com frentes de trabalho estrat\u00e9gicas para fortalecer a infraestrutura da zona Norte.","inLanguage":"pt-BR","potentialAction":[{"@type":"ReadAction","target":["https:\/\/www.manaus.am.gov.br\/seminf\/obras-no-bairro-monte-das-oliveiras\/"]}]},{"@type":"ImageObject","inLanguage":"pt-BR","@id":"https:\/\/www.manaus.am.gov.br\/seminf\/obras-no-bairro-monte-das-oliveiras\/#primaryimage","url":"https:\/\/www.manaus.am.gov.br\/seminf\/wp-content\/uploads\/sites\/6\/2025\/12\/Prefeitura-intensifica-obras-que-reforcam-seguranca-e-qualidade-de-vida-no-bairro-Monte-das-Oliveiras.jpg","contentUrl":"https:\/\/www.manaus.am.gov.br\/seminf\/wp-content\/uploads\/sites\/6\/2025\/12\/Prefeitura-intensifica-obras-que-reforcam-seguranca-e-qualidade-de-vida-no-bairro-Monte-das-Oliveiras.jpg","width":1200,"height":900,"caption":"#paratodosverem - Equipe da Seminf realizando a limpeza de um trecho do sistema de drenagem e igarap\u00e9"},{"@type":"WebSite","@id":"https:\/\/www.manaus.am.gov.br\/seminf\/#website","url":"https:\/\/www.manaus.am.gov.br\/seminf\/","name":"Secretaria de Infraestrutura","description":"Secretaria Municipal de Infraestrutura","potentialAction":[{"@type":"SearchAction","target":{"@type":"EntryPoint","urlTemplate":"https:\/\/www.manaus.am.gov.br\/seminf\/?s={search_term_string}"},"query-input":"required name=search_term_string"}],"inLanguage":"pt-BR"},{"@type":"Person","@id":"https:\/\/www.manaus.am.gov.br\/seminf\/#\/schema\/person\/466a0e03ae4b6062809046bd560ac955","name":"bvalente","image":{"@type":"ImageObject","inLanguage":"pt-BR","@id":"https:\/\/www.manaus.am.gov.br\/seminf\/#\/schema\/person\/image\/","url":"https:\/\/secure.gravatar.com\/avatar\/3e69bc2b014bdad41adfec3a39de07d2?s=96&d=mm&r=g","contentUrl":"https:\/\/secure.gravatar.com\/avatar\/3e69bc2b014bdad41adfec3a39de07d2?s=96&d=mm&r=g","caption":"bvalente"}}]}},"_links":{"self":[{"href":"https:\/\/www.manaus.am.gov.br\/seminf\/wp-json\/wp\/v2\/posts\/7790"}],"collection":[{"href":"https:\/\/www.manaus.am.gov.br\/seminf\/wp-json\/wp\/v2\/posts"}],"about":[{"href":"https:\/\/www.manaus.am.gov.br\/seminf\/wp-json\/wp\/v2\/types\/post"}],"author":[{"embeddable":true,"href":"https:\/\/www.manaus.am.gov.br\/seminf\/wp-json\/wp\/v2\/users\/68"}],"replies":[{"embeddable":true,"href":"https:\/\/www.manaus.am.gov.br\/seminf\/wp-json\/wp\/v2\/comments?post=7790"}],"version-history":[{"count":0,"href":"https:\/\/www.manaus.am.gov.br\/seminf\/wp-json\/wp\/v2\/posts\/7790\/revisions"}],"wp:featuredmedia":[{"embeddable":true,"href":"https:\/\/www.manaus.am.gov.br\/seminf\/wp-json\/wp\/v2\/media\/7791"}],"wp:attachment":[{"href":"https:\/\/www.manaus.am.gov.br\/seminf\/wp-json\/wp\/v2\/media?parent=7790"}],"wp:term":[{"taxonomy":"category","embeddable":true,"href":"https:\/\/www.manaus.am.gov.br\/seminf\/wp-json\/wp\/v2\/categories?post=7790"},{"taxonomy":"post_tag","embeddable":true,"href":"https:\/\/www.manaus.am.gov.br\/seminf\/wp-json\/wp\/v2\/tags?post=7790"}],"curies":[{"name":"wp","href":"https:\/\/api.w.org\/{rel}","templated":true}]}}