{"id":7782,"date":"2025-12-02T18:51:25","date_gmt":"2025-12-02T22:51:25","guid":{"rendered":"https:\/\/www.manaus.am.gov.br\/seminf\/acoes-de-limpeza-de-caixas-coletoras\/"},"modified":"2025-12-02T18:51:26","modified_gmt":"2025-12-02T22:51:26","slug":"acoes-de-limpeza-de-caixas-coletoras","status":"publish","type":"post","link":"https:\/\/www.manaus.am.gov.br\/seminf\/acoes-de-limpeza-de-caixas-coletoras\/","title":{"rendered":"Prefeitura de Manaus intensifica a\u00e7\u00f5es de limpeza de caixas coletoras no bairro Jorge Teixeira para evitar alagamentos"},"content":{"rendered":"\n<p>A Prefeitura de Manaus ampliou, nesta ter\u00e7a-feira, 2\/12, as frentes de trabalho no bairro Jorge Teixeira, zona Leste, com servi\u00e7os de limpeza e desobstru\u00e7\u00e3o das caixas coletoras da rua Belford Roxo. A a\u00e7\u00e3o, coordenada pela Secretaria Municipal de Infraestrutura (Seminf), refor\u00e7a o plano preventivo da gest\u00e3o para reduzir riscos de alagamentos neste per\u00edodo de chuvas intensas.<\/p>\n\n\n\n<p>O vice-prefeito e secret\u00e1rio de Obras, Renato Junior, acompanhou a atua\u00e7\u00e3o das equipes e destacou o compromisso da prefeitura em manter a cidade protegida, especialmente nesta \u00e9poca do ano.<\/p>\n\n\n\n<p>\u201cChegamos ao per\u00edodo em que as chuvas s\u00e3o mais fortes e imprevis\u00edveis. Por isso, nosso trabalho precisa de mais cuidado e aten\u00e7\u00e3o. Estamos nas ruas todos os dias, de manh\u00e3, de noite, fa\u00e7a sol ou chuva, porque sabemos o quanto esse servi\u00e7o faz diferen\u00e7a na vida das pessoas. Essa \u00e9 a determina\u00e7\u00e3o do prefeito David Almeida: cuidar da cidade e garantir seguran\u00e7a para quem vive aqui\u201d, afirmou Renato Junior.<\/p>\n\n\n\n<p>Durante a interven\u00e7\u00e3o, os trabalhadores removeram grande quantidade de res\u00edduos descartados de forma irregular, como garrafas, sacolas, copos pl\u00e1sticos e objetos dom\u00e9sticos, materiais que impedem o escoamento da \u00e1gua e est\u00e3o entre os principais causadores de alagamentos.<\/p>\n\n\n\n<p>A dona de casa Francilene Le\u00e3o, 23, moradora da \u00e1rea, conta que a situa\u00e7\u00e3o era dif\u00edcil em dias de chuvas fortes, e que o servi\u00e7o trouxe al\u00edvio para quem depende da via.<\/p>\n\n\n\n<p>\u201cQuando chovia, alagava muito. Agora, com essa manuten\u00e7\u00e3o da Prefeitura de Manaus, ainda mais nesse m\u00eas em que chove sem parar, j\u00e1 sentimos uma melhora grande\u201d, disse a moradora.<\/p>\n\n\n\n<p>\u2014- \u2014- \u2014-<br><strong>Texto &#8211; <\/strong>Rayana Coutinho\/ Seminf\u00a0<br><strong>Fotos &#8211;<\/strong> Alessandro Ara\u00fajo\/ Seminf<\/p>\n","protected":false},"excerpt":{"rendered":"","protected":false},"author":68,"featured_media":7783,"comment_status":"closed","ping_status":"closed","sticky":false,"template":"","format":"standard","meta":{"footnotes":""},"categories":[6],"tags":[2836,2837,43,26,2838],"acf":[],"yoast_head":"<!-- This site is optimized with the Yoast SEO plugin v23.0 - https:\/\/yoast.com\/wordpress\/plugins\/seo\/ -->\n<title>Prefeitura intensifica a\u00e7\u00f5es de limpeza de caixas coletoras<\/title>\n<meta name=\"description\" content=\"A Prefeitura ampliou, nesta ter\u00e7a-feira, as frentes de trabalho no bairro Jorge Teixeira, zona Leste, com servi\u00e7os de limpeza e desobstru\u00e7\u00e3o.\" \/>\n<meta name=\"robots\" content=\"index, follow, max-snippet:-1, max-image-preview:large, max-video-preview:-1\" \/>\n<link rel=\"canonical\" href=\"https:\/\/www.manaus.am.gov.br\/seminf\/acoes-de-limpeza-de-caixas-coletoras\/\" \/>\n<meta property=\"og:locale\" content=\"pt_BR\" \/>\n<meta property=\"og:type\" content=\"article\" \/>\n<meta property=\"og:title\" content=\"Prefeitura intensifica a\u00e7\u00f5es de limpeza de caixas coletoras\" \/>\n<meta property=\"og:description\" content=\"A Prefeitura ampliou, nesta ter\u00e7a-feira, as frentes de trabalho no bairro Jorge Teixeira, zona Leste, com servi\u00e7os de limpeza e desobstru\u00e7\u00e3o.\" \/>\n<meta property=\"og:url\" content=\"https:\/\/www.manaus.am.gov.br\/seminf\/acoes-de-limpeza-de-caixas-coletoras\/\" \/>\n<meta property=\"og:site_name\" content=\"SEMINF\" \/>\n<meta property=\"article:published_time\" content=\"2025-12-02T22:51:25+00:00\" \/>\n<meta property=\"article:modified_time\" content=\"2025-12-02T22:51:26+00:00\" \/>\n<meta property=\"og:image\" content=\"https:\/\/www.manaus.am.gov.br\/seminf\/wp-content\/uploads\/sites\/6\/2025\/12\/Prefeitura-de-Manaus-intensifica-acoes-de-limpeza-de-caixas-coletoras-no-bairro-Jorge-Teixeira-para-evitar-alagamentos-3-1024x576.jpg\" \/>\n\t<meta property=\"og:image:width\" content=\"1024\" \/>\n\t<meta property=\"og:image:height\" content=\"576\" \/>\n\t<meta property=\"og:image:type\" content=\"image\/jpeg\" \/>\n<meta name=\"author\" content=\"bvalente\" \/>\n<meta name=\"twitter:card\" content=\"summary_large_image\" \/>\n<meta name=\"twitter:label1\" content=\"Written by\" \/>\n\t<meta name=\"twitter:data1\" content=\"bvalente\" \/>\n\t<meta name=\"twitter:label2\" content=\"Est. reading time\" \/>\n\t<meta name=\"twitter:data2\" content=\"2 minutos\" \/>\n<script type=\"application\/ld+json\" class=\"yoast-schema-graph\">{\"@context\":\"https:\/\/schema.org\",\"@graph\":[{\"@type\":\"WebPage\",\"@id\":\"https:\/\/www.manaus.am.gov.br\/seminf\/acoes-de-limpeza-de-caixas-coletoras\/\",\"url\":\"https:\/\/www.manaus.am.gov.br\/seminf\/acoes-de-limpeza-de-caixas-coletoras\/\",\"name\":\"Prefeitura intensifica a\u00e7\u00f5es de limpeza de caixas coletoras\",\"isPartOf\":{\"@id\":\"https:\/\/www.manaus.am.gov.br\/seminf\/#website\"},\"primaryImageOfPage\":{\"@id\":\"https:\/\/www.manaus.am.gov.br\/seminf\/acoes-de-limpeza-de-caixas-coletoras\/#primaryimage\"},\"image\":{\"@id\":\"https:\/\/www.manaus.am.gov.br\/seminf\/acoes-de-limpeza-de-caixas-coletoras\/#primaryimage\"},\"thumbnailUrl\":\"https:\/\/www.manaus.am.gov.br\/seminf\/wp-content\/uploads\/sites\/6\/2025\/12\/Prefeitura-de-Manaus-intensifica-acoes-de-limpeza-de-caixas-coletoras-no-bairro-Jorge-Teixeira-para-evitar-alagamentos-3.jpg\",\"datePublished\":\"2025-12-02T22:51:25+00:00\",\"dateModified\":\"2025-12-02T22:51:26+00:00\",\"author\":{\"@id\":\"https:\/\/www.manaus.am.gov.br\/seminf\/#\/schema\/person\/466a0e03ae4b6062809046bd560ac955\"},\"description\":\"A Prefeitura ampliou, nesta ter\u00e7a-feira, as frentes de trabalho no bairro Jorge Teixeira, zona Leste, com servi\u00e7os de limpeza e desobstru\u00e7\u00e3o.\",\"inLanguage\":\"pt-BR\",\"potentialAction\":[{\"@type\":\"ReadAction\",\"target\":[\"https:\/\/www.manaus.am.gov.br\/seminf\/acoes-de-limpeza-de-caixas-coletoras\/\"]}]},{\"@type\":\"ImageObject\",\"inLanguage\":\"pt-BR\",\"@id\":\"https:\/\/www.manaus.am.gov.br\/seminf\/acoes-de-limpeza-de-caixas-coletoras\/#primaryimage\",\"url\":\"https:\/\/www.manaus.am.gov.br\/seminf\/wp-content\/uploads\/sites\/6\/2025\/12\/Prefeitura-de-Manaus-intensifica-acoes-de-limpeza-de-caixas-coletoras-no-bairro-Jorge-Teixeira-para-evitar-alagamentos-3.jpg\",\"contentUrl\":\"https:\/\/www.manaus.am.gov.br\/seminf\/wp-content\/uploads\/sites\/6\/2025\/12\/Prefeitura-de-Manaus-intensifica-acoes-de-limpeza-de-caixas-coletoras-no-bairro-Jorge-Teixeira-para-evitar-alagamentos-3.jpg\",\"width\":3520,\"height\":1980,\"caption\":\"#paratodosverem - Servidores da Seminf realizando a limpeza e desobstru\u00e7\u00e3o em caixas coletoras\"},{\"@type\":\"WebSite\",\"@id\":\"https:\/\/www.manaus.am.gov.br\/seminf\/#website\",\"url\":\"https:\/\/www.manaus.am.gov.br\/seminf\/\",\"name\":\"Secretaria de Infraestrutura\",\"description\":\"Secretaria Municipal de Infraestrutura\",\"potentialAction\":[{\"@type\":\"SearchAction\",\"target\":{\"@type\":\"EntryPoint\",\"urlTemplate\":\"https:\/\/www.manaus.am.gov.br\/seminf\/?s={search_term_string}\"},\"query-input\":\"required name=search_term_string\"}],\"inLanguage\":\"pt-BR\"},{\"@type\":\"Person\",\"@id\":\"https:\/\/www.manaus.am.gov.br\/seminf\/#\/schema\/person\/466a0e03ae4b6062809046bd560ac955\",\"name\":\"bvalente\",\"image\":{\"@type\":\"ImageObject\",\"inLanguage\":\"pt-BR\",\"@id\":\"https:\/\/www.manaus.am.gov.br\/seminf\/#\/schema\/person\/image\/\",\"url\":\"https:\/\/secure.gravatar.com\/avatar\/3e69bc2b014bdad41adfec3a39de07d2?s=96&d=mm&r=g\",\"contentUrl\":\"https:\/\/secure.gravatar.com\/avatar\/3e69bc2b014bdad41adfec3a39de07d2?s=96&d=mm&r=g\",\"caption\":\"bvalente\"}}]}<\/script>\n<!-- \/ Yoast SEO plugin. -->","yoast_head_json":{"title":"Prefeitura intensifica a\u00e7\u00f5es de limpeza de caixas coletoras","description":"A Prefeitura ampliou, nesta ter\u00e7a-feira, as frentes de trabalho no bairro Jorge Teixeira, zona Leste, com servi\u00e7os de limpeza e desobstru\u00e7\u00e3o.","robots":{"index":"index","follow":"follow","max-snippet":"max-snippet:-1","max-image-preview":"max-image-preview:large","max-video-preview":"max-video-preview:-1"},"canonical":"https:\/\/www.manaus.am.gov.br\/seminf\/acoes-de-limpeza-de-caixas-coletoras\/","og_locale":"pt_BR","og_type":"article","og_title":"Prefeitura intensifica a\u00e7\u00f5es de limpeza de caixas coletoras","og_description":"A Prefeitura ampliou, nesta ter\u00e7a-feira, as frentes de trabalho no bairro Jorge Teixeira, zona Leste, com servi\u00e7os de limpeza e desobstru\u00e7\u00e3o.","og_url":"https:\/\/www.manaus.am.gov.br\/seminf\/acoes-de-limpeza-de-caixas-coletoras\/","og_site_name":"SEMINF","article_published_time":"2025-12-02T22:51:25+00:00","article_modified_time":"2025-12-02T22:51:26+00:00","og_image":[{"width":1024,"height":576,"url":"https:\/\/www.manaus.am.gov.br\/seminf\/wp-content\/uploads\/sites\/6\/2025\/12\/Prefeitura-de-Manaus-intensifica-acoes-de-limpeza-de-caixas-coletoras-no-bairro-Jorge-Teixeira-para-evitar-alagamentos-3-1024x576.jpg","type":"image\/jpeg"}],"author":"bvalente","twitter_card":"summary_large_image","twitter_misc":{"Written by":"bvalente","Est. reading time":"2 minutos"},"schema":{"@context":"https:\/\/schema.org","@graph":[{"@type":"WebPage","@id":"https:\/\/www.manaus.am.gov.br\/seminf\/acoes-de-limpeza-de-caixas-coletoras\/","url":"https:\/\/www.manaus.am.gov.br\/seminf\/acoes-de-limpeza-de-caixas-coletoras\/","name":"Prefeitura intensifica a\u00e7\u00f5es de limpeza de caixas coletoras","isPartOf":{"@id":"https:\/\/www.manaus.am.gov.br\/seminf\/#website"},"primaryImageOfPage":{"@id":"https:\/\/www.manaus.am.gov.br\/seminf\/acoes-de-limpeza-de-caixas-coletoras\/#primaryimage"},"image":{"@id":"https:\/\/www.manaus.am.gov.br\/seminf\/acoes-de-limpeza-de-caixas-coletoras\/#primaryimage"},"thumbnailUrl":"https:\/\/www.manaus.am.gov.br\/seminf\/wp-content\/uploads\/sites\/6\/2025\/12\/Prefeitura-de-Manaus-intensifica-acoes-de-limpeza-de-caixas-coletoras-no-bairro-Jorge-Teixeira-para-evitar-alagamentos-3.jpg","datePublished":"2025-12-02T22:51:25+00:00","dateModified":"2025-12-02T22:51:26+00:00","author":{"@id":"https:\/\/www.manaus.am.gov.br\/seminf\/#\/schema\/person\/466a0e03ae4b6062809046bd560ac955"},"description":"A Prefeitura ampliou, nesta ter\u00e7a-feira, as frentes de trabalho no bairro Jorge Teixeira, zona Leste, com servi\u00e7os de limpeza e desobstru\u00e7\u00e3o.","inLanguage":"pt-BR","potentialAction":[{"@type":"ReadAction","target":["https:\/\/www.manaus.am.gov.br\/seminf\/acoes-de-limpeza-de-caixas-coletoras\/"]}]},{"@type":"ImageObject","inLanguage":"pt-BR","@id":"https:\/\/www.manaus.am.gov.br\/seminf\/acoes-de-limpeza-de-caixas-coletoras\/#primaryimage","url":"https:\/\/www.manaus.am.gov.br\/seminf\/wp-content\/uploads\/sites\/6\/2025\/12\/Prefeitura-de-Manaus-intensifica-acoes-de-limpeza-de-caixas-coletoras-no-bairro-Jorge-Teixeira-para-evitar-alagamentos-3.jpg","contentUrl":"https:\/\/www.manaus.am.gov.br\/seminf\/wp-content\/uploads\/sites\/6\/2025\/12\/Prefeitura-de-Manaus-intensifica-acoes-de-limpeza-de-caixas-coletoras-no-bairro-Jorge-Teixeira-para-evitar-alagamentos-3.jpg","width":3520,"height":1980,"caption":"#paratodosverem - Servidores da Seminf realizando a limpeza e desobstru\u00e7\u00e3o em caixas coletoras"},{"@type":"WebSite","@id":"https:\/\/www.manaus.am.gov.br\/seminf\/#website","url":"https:\/\/www.manaus.am.gov.br\/seminf\/","name":"Secretaria de Infraestrutura","description":"Secretaria Municipal de Infraestrutura","potentialAction":[{"@type":"SearchAction","target":{"@type":"EntryPoint","urlTemplate":"https:\/\/www.manaus.am.gov.br\/seminf\/?s={search_term_string}"},"query-input":"required name=search_term_string"}],"inLanguage":"pt-BR"},{"@type":"Person","@id":"https:\/\/www.manaus.am.gov.br\/seminf\/#\/schema\/person\/466a0e03ae4b6062809046bd560ac955","name":"bvalente","image":{"@type":"ImageObject","inLanguage":"pt-BR","@id":"https:\/\/www.manaus.am.gov.br\/seminf\/#\/schema\/person\/image\/","url":"https:\/\/secure.gravatar.com\/avatar\/3e69bc2b014bdad41adfec3a39de07d2?s=96&d=mm&r=g","contentUrl":"https:\/\/secure.gravatar.com\/avatar\/3e69bc2b014bdad41adfec3a39de07d2?s=96&d=mm&r=g","caption":"bvalente"}}]}},"_links":{"self":[{"href":"https:\/\/www.manaus.am.gov.br\/seminf\/wp-json\/wp\/v2\/posts\/7782"}],"collection":[{"href":"https:\/\/www.manaus.am.gov.br\/seminf\/wp-json\/wp\/v2\/posts"}],"about":[{"href":"https:\/\/www.manaus.am.gov.br\/seminf\/wp-json\/wp\/v2\/types\/post"}],"author":[{"embeddable":true,"href":"https:\/\/www.manaus.am.gov.br\/seminf\/wp-json\/wp\/v2\/users\/68"}],"replies":[{"embeddable":true,"href":"https:\/\/www.manaus.am.gov.br\/seminf\/wp-json\/wp\/v2\/comments?post=7782"}],"version-history":[{"count":0,"href":"https:\/\/www.manaus.am.gov.br\/seminf\/wp-json\/wp\/v2\/posts\/7782\/revisions"}],"wp:featuredmedia":[{"embeddable":true,"href":"https:\/\/www.manaus.am.gov.br\/seminf\/wp-json\/wp\/v2\/media\/7783"}],"wp:attachment":[{"href":"https:\/\/www.manaus.am.gov.br\/seminf\/wp-json\/wp\/v2\/media?parent=7782"}],"wp:term":[{"taxonomy":"category","embeddable":true,"href":"https:\/\/www.manaus.am.gov.br\/seminf\/wp-json\/wp\/v2\/categories?post=7782"},{"taxonomy":"post_tag","embeddable":true,"href":"https:\/\/www.manaus.am.gov.br\/seminf\/wp-json\/wp\/v2\/tags?post=7782"}],"curies":[{"name":"wp","href":"https:\/\/api.w.org\/{rel}","templated":true}]}}