{"id":7710,"date":"2025-11-24T19:21:11","date_gmt":"2025-11-24T23:21:11","guid":{"rendered":"https:\/\/www.manaus.am.gov.br\/seminf\/recuperacao-de-drenagens-2\/"},"modified":"2025-11-24T19:21:13","modified_gmt":"2025-11-24T23:21:13","slug":"recuperacao-de-drenagens-2","status":"publish","type":"post","link":"https:\/\/www.manaus.am.gov.br\/seminf\/recuperacao-de-drenagens-2\/","title":{"rendered":"Prefeitura de Manaus garante melhorias na infraestrutura do bairro Santo Ant\u00f4nio com recupera\u00e7\u00e3o de drenagens"},"content":{"rendered":"\n<p>As drenagens profunda e superficial da rua Padre Francisco, no bairro Santo Ant\u00f4nio, zona Oeste da capital, receberam servi\u00e7os de manuten\u00e7\u00e3o nesta segunda-feira, 24\/11, pela Prefeitura de Manaus, por meio da Secretaria Municipal de Infraestrutura (Seminf). As obras garantem um melhor sistema de escoamento de \u00e1guas pluviais na \u00e1rea.<\/p>\n\n\n\n<p>As equipes da Seminf trabalharam na reconstru\u00e7\u00e3o das estruturas que estavam deterioradas em decorr\u00eancia do descarte irregular do lixo, associado \u00e0 intensidade das chuvas. Tamb\u00e9m foi realizada a substitui\u00e7\u00e3o por novos equipamentos modernos para garantir que as \u00e1guas das chuvas sejam escoadas de forma eficiente, evitando alagamentos e transtornos \u00e0 popula\u00e7\u00e3o.<\/p>\n\n\n\n<p>A recupera\u00e7\u00e3o das drenagens \u00e9 fundamental para garantir a seguran\u00e7a e a mobilidade dos moradores e condutores que circulam pela \u00e1rea. O vice-prefeito e secret\u00e1rio de Obras, Renato Junior, reafirmou o compromisso da gest\u00e3o com as iniciativas de recupera\u00e7\u00e3o dos sistemas de drenagem.<\/p>\n\n\n\n<p>\u201cConforme a determina\u00e7\u00e3o do nosso prefeito David Almeida, estamos com a Seminf no bairro Santo Ant\u00f4nio, seguindo com o nosso compromisso em melhorar a infraestrutura da cidade e garantir a seguran\u00e7a e o bem-estar dos cidad\u00e3os. Seguimos em atividades trabalhando para melhorar a qualidade de vida dos moradores e garantir que a cidade seja mais segura e firme em seus sistemas de escoamento de \u00e1guas das chuvas&#8221;, destacou Renato Junior.<\/p>\n\n\n\n<p>A Prefeitura de Manaus relembra a import\u00e2ncia da conscientiza\u00e7\u00e3o da popula\u00e7\u00e3o e do cuidado com os sistemas de drenagem para evitar transtornos de alagamentos, e segue avan\u00e7ando para atender as demandas dos cidad\u00e3os.<\/p>\n\n\n\n<p><strong>\u2014- \u2014- \u2014-\u00a0<\/strong><br><strong>Texto &#8211; <\/strong>Maria Amed\/ Seminf<br><strong>Fotos &#8211; <\/strong>Divulga\u00e7\u00e3o\/ Seminf<\/p>\n","protected":false},"excerpt":{"rendered":"","protected":false},"author":68,"featured_media":7711,"comment_status":"closed","ping_status":"closed","sticky":false,"template":"","format":"standard","meta":{"footnotes":""},"categories":[8],"tags":[2811,43,2812,26,2813],"acf":[],"yoast_head":"<!-- This site is optimized with the Yoast SEO plugin v23.0 - https:\/\/yoast.com\/wordpress\/plugins\/seo\/ -->\n<title>Prefeitura garante melhorias na infraestrutura do Santo Ant\u00f4nio<\/title>\n<meta name=\"description\" content=\"As drenagens profunda e superficial da rua Padre Francisco, no bairro Santo Ant\u00f4nio, zona Oeste da capital, receberam servi\u00e7os de manuten\u00e7\u00e3o.\" \/>\n<meta name=\"robots\" content=\"index, follow, max-snippet:-1, max-image-preview:large, max-video-preview:-1\" \/>\n<link rel=\"canonical\" href=\"https:\/\/www.manaus.am.gov.br\/seminf\/recuperacao-de-drenagens-2\/\" \/>\n<meta property=\"og:locale\" content=\"pt_BR\" \/>\n<meta property=\"og:type\" content=\"article\" \/>\n<meta property=\"og:title\" content=\"Prefeitura garante melhorias na infraestrutura do Santo Ant\u00f4nio\" \/>\n<meta property=\"og:description\" content=\"As drenagens profunda e superficial da rua Padre Francisco, no bairro Santo Ant\u00f4nio, zona Oeste da capital, receberam servi\u00e7os de manuten\u00e7\u00e3o.\" \/>\n<meta property=\"og:url\" content=\"https:\/\/www.manaus.am.gov.br\/seminf\/recuperacao-de-drenagens-2\/\" \/>\n<meta property=\"og:site_name\" content=\"SEMINF\" \/>\n<meta property=\"article:published_time\" content=\"2025-11-24T23:21:11+00:00\" \/>\n<meta property=\"article:modified_time\" content=\"2025-11-24T23:21:13+00:00\" \/>\n<meta property=\"og:image\" content=\"https:\/\/www.manaus.am.gov.br\/seminf\/wp-content\/uploads\/sites\/6\/2025\/11\/Prefeitura-de-Manaus-garante-melhorias-na-infraestrutura-do-bairro-Santo-Antonio-com-recuperacao-de-drenagens-3.jpeg\" \/>\n\t<meta property=\"og:image:width\" content=\"1341\" \/>\n\t<meta property=\"og:image:height\" content=\"1006\" \/>\n\t<meta property=\"og:image:type\" content=\"image\/jpeg\" \/>\n<meta name=\"author\" content=\"bvalente\" \/>\n<meta name=\"twitter:card\" content=\"summary_large_image\" \/>\n<meta name=\"twitter:label1\" content=\"Written by\" \/>\n\t<meta name=\"twitter:data1\" content=\"bvalente\" \/>\n\t<meta name=\"twitter:label2\" content=\"Est. reading time\" \/>\n\t<meta name=\"twitter:data2\" content=\"2 minutos\" \/>\n<script type=\"application\/ld+json\" class=\"yoast-schema-graph\">{\"@context\":\"https:\/\/schema.org\",\"@graph\":[{\"@type\":\"WebPage\",\"@id\":\"https:\/\/www.manaus.am.gov.br\/seminf\/recuperacao-de-drenagens-2\/\",\"url\":\"https:\/\/www.manaus.am.gov.br\/seminf\/recuperacao-de-drenagens-2\/\",\"name\":\"Prefeitura garante melhorias na infraestrutura do Santo Ant\u00f4nio\",\"isPartOf\":{\"@id\":\"https:\/\/www.manaus.am.gov.br\/seminf\/#website\"},\"primaryImageOfPage\":{\"@id\":\"https:\/\/www.manaus.am.gov.br\/seminf\/recuperacao-de-drenagens-2\/#primaryimage\"},\"image\":{\"@id\":\"https:\/\/www.manaus.am.gov.br\/seminf\/recuperacao-de-drenagens-2\/#primaryimage\"},\"thumbnailUrl\":\"https:\/\/www.manaus.am.gov.br\/seminf\/wp-content\/uploads\/sites\/6\/2025\/11\/Prefeitura-de-Manaus-garante-melhorias-na-infraestrutura-do-bairro-Santo-Antonio-com-recuperacao-de-drenagens-3.jpeg\",\"datePublished\":\"2025-11-24T23:21:11+00:00\",\"dateModified\":\"2025-11-24T23:21:13+00:00\",\"author\":{\"@id\":\"https:\/\/www.manaus.am.gov.br\/seminf\/#\/schema\/person\/466a0e03ae4b6062809046bd560ac955\"},\"description\":\"As drenagens profunda e superficial da rua Padre Francisco, no bairro Santo Ant\u00f4nio, zona Oeste da capital, receberam servi\u00e7os de manuten\u00e7\u00e3o.\",\"inLanguage\":\"pt-BR\",\"potentialAction\":[{\"@type\":\"ReadAction\",\"target\":[\"https:\/\/www.manaus.am.gov.br\/seminf\/recuperacao-de-drenagens-2\/\"]}]},{\"@type\":\"ImageObject\",\"inLanguage\":\"pt-BR\",\"@id\":\"https:\/\/www.manaus.am.gov.br\/seminf\/recuperacao-de-drenagens-2\/#primaryimage\",\"url\":\"https:\/\/www.manaus.am.gov.br\/seminf\/wp-content\/uploads\/sites\/6\/2025\/11\/Prefeitura-de-Manaus-garante-melhorias-na-infraestrutura-do-bairro-Santo-Antonio-com-recuperacao-de-drenagens-3.jpeg\",\"contentUrl\":\"https:\/\/www.manaus.am.gov.br\/seminf\/wp-content\/uploads\/sites\/6\/2025\/11\/Prefeitura-de-Manaus-garante-melhorias-na-infraestrutura-do-bairro-Santo-Antonio-com-recuperacao-de-drenagens-3.jpeg\",\"width\":1341,\"height\":1006,\"caption\":\"#paratodosverem \u2013 Equipe da Seminf realizando a recupera\u00e7\u00e3o de drenagem\"},{\"@type\":\"WebSite\",\"@id\":\"https:\/\/www.manaus.am.gov.br\/seminf\/#website\",\"url\":\"https:\/\/www.manaus.am.gov.br\/seminf\/\",\"name\":\"Secretaria de Infraestrutura\",\"description\":\"Secretaria Municipal de Infraestrutura\",\"potentialAction\":[{\"@type\":\"SearchAction\",\"target\":{\"@type\":\"EntryPoint\",\"urlTemplate\":\"https:\/\/www.manaus.am.gov.br\/seminf\/?s={search_term_string}\"},\"query-input\":\"required name=search_term_string\"}],\"inLanguage\":\"pt-BR\"},{\"@type\":\"Person\",\"@id\":\"https:\/\/www.manaus.am.gov.br\/seminf\/#\/schema\/person\/466a0e03ae4b6062809046bd560ac955\",\"name\":\"bvalente\",\"image\":{\"@type\":\"ImageObject\",\"inLanguage\":\"pt-BR\",\"@id\":\"https:\/\/www.manaus.am.gov.br\/seminf\/#\/schema\/person\/image\/\",\"url\":\"https:\/\/secure.gravatar.com\/avatar\/3e69bc2b014bdad41adfec3a39de07d2?s=96&d=mm&r=g\",\"contentUrl\":\"https:\/\/secure.gravatar.com\/avatar\/3e69bc2b014bdad41adfec3a39de07d2?s=96&d=mm&r=g\",\"caption\":\"bvalente\"}}]}<\/script>\n<!-- \/ Yoast SEO plugin. -->","yoast_head_json":{"title":"Prefeitura garante melhorias na infraestrutura do Santo Ant\u00f4nio","description":"As drenagens profunda e superficial da rua Padre Francisco, no bairro Santo Ant\u00f4nio, zona Oeste da capital, receberam servi\u00e7os de manuten\u00e7\u00e3o.","robots":{"index":"index","follow":"follow","max-snippet":"max-snippet:-1","max-image-preview":"max-image-preview:large","max-video-preview":"max-video-preview:-1"},"canonical":"https:\/\/www.manaus.am.gov.br\/seminf\/recuperacao-de-drenagens-2\/","og_locale":"pt_BR","og_type":"article","og_title":"Prefeitura garante melhorias na infraestrutura do Santo Ant\u00f4nio","og_description":"As drenagens profunda e superficial da rua Padre Francisco, no bairro Santo Ant\u00f4nio, zona Oeste da capital, receberam servi\u00e7os de manuten\u00e7\u00e3o.","og_url":"https:\/\/www.manaus.am.gov.br\/seminf\/recuperacao-de-drenagens-2\/","og_site_name":"SEMINF","article_published_time":"2025-11-24T23:21:11+00:00","article_modified_time":"2025-11-24T23:21:13+00:00","og_image":[{"width":1341,"height":1006,"url":"https:\/\/www.manaus.am.gov.br\/seminf\/wp-content\/uploads\/sites\/6\/2025\/11\/Prefeitura-de-Manaus-garante-melhorias-na-infraestrutura-do-bairro-Santo-Antonio-com-recuperacao-de-drenagens-3.jpeg","type":"image\/jpeg"}],"author":"bvalente","twitter_card":"summary_large_image","twitter_misc":{"Written by":"bvalente","Est. reading time":"2 minutos"},"schema":{"@context":"https:\/\/schema.org","@graph":[{"@type":"WebPage","@id":"https:\/\/www.manaus.am.gov.br\/seminf\/recuperacao-de-drenagens-2\/","url":"https:\/\/www.manaus.am.gov.br\/seminf\/recuperacao-de-drenagens-2\/","name":"Prefeitura garante melhorias na infraestrutura do Santo Ant\u00f4nio","isPartOf":{"@id":"https:\/\/www.manaus.am.gov.br\/seminf\/#website"},"primaryImageOfPage":{"@id":"https:\/\/www.manaus.am.gov.br\/seminf\/recuperacao-de-drenagens-2\/#primaryimage"},"image":{"@id":"https:\/\/www.manaus.am.gov.br\/seminf\/recuperacao-de-drenagens-2\/#primaryimage"},"thumbnailUrl":"https:\/\/www.manaus.am.gov.br\/seminf\/wp-content\/uploads\/sites\/6\/2025\/11\/Prefeitura-de-Manaus-garante-melhorias-na-infraestrutura-do-bairro-Santo-Antonio-com-recuperacao-de-drenagens-3.jpeg","datePublished":"2025-11-24T23:21:11+00:00","dateModified":"2025-11-24T23:21:13+00:00","author":{"@id":"https:\/\/www.manaus.am.gov.br\/seminf\/#\/schema\/person\/466a0e03ae4b6062809046bd560ac955"},"description":"As drenagens profunda e superficial da rua Padre Francisco, no bairro Santo Ant\u00f4nio, zona Oeste da capital, receberam servi\u00e7os de manuten\u00e7\u00e3o.","inLanguage":"pt-BR","potentialAction":[{"@type":"ReadAction","target":["https:\/\/www.manaus.am.gov.br\/seminf\/recuperacao-de-drenagens-2\/"]}]},{"@type":"ImageObject","inLanguage":"pt-BR","@id":"https:\/\/www.manaus.am.gov.br\/seminf\/recuperacao-de-drenagens-2\/#primaryimage","url":"https:\/\/www.manaus.am.gov.br\/seminf\/wp-content\/uploads\/sites\/6\/2025\/11\/Prefeitura-de-Manaus-garante-melhorias-na-infraestrutura-do-bairro-Santo-Antonio-com-recuperacao-de-drenagens-3.jpeg","contentUrl":"https:\/\/www.manaus.am.gov.br\/seminf\/wp-content\/uploads\/sites\/6\/2025\/11\/Prefeitura-de-Manaus-garante-melhorias-na-infraestrutura-do-bairro-Santo-Antonio-com-recuperacao-de-drenagens-3.jpeg","width":1341,"height":1006,"caption":"#paratodosverem \u2013 Equipe da Seminf realizando a recupera\u00e7\u00e3o de drenagem"},{"@type":"WebSite","@id":"https:\/\/www.manaus.am.gov.br\/seminf\/#website","url":"https:\/\/www.manaus.am.gov.br\/seminf\/","name":"Secretaria de Infraestrutura","description":"Secretaria Municipal de Infraestrutura","potentialAction":[{"@type":"SearchAction","target":{"@type":"EntryPoint","urlTemplate":"https:\/\/www.manaus.am.gov.br\/seminf\/?s={search_term_string}"},"query-input":"required name=search_term_string"}],"inLanguage":"pt-BR"},{"@type":"Person","@id":"https:\/\/www.manaus.am.gov.br\/seminf\/#\/schema\/person\/466a0e03ae4b6062809046bd560ac955","name":"bvalente","image":{"@type":"ImageObject","inLanguage":"pt-BR","@id":"https:\/\/www.manaus.am.gov.br\/seminf\/#\/schema\/person\/image\/","url":"https:\/\/secure.gravatar.com\/avatar\/3e69bc2b014bdad41adfec3a39de07d2?s=96&d=mm&r=g","contentUrl":"https:\/\/secure.gravatar.com\/avatar\/3e69bc2b014bdad41adfec3a39de07d2?s=96&d=mm&r=g","caption":"bvalente"}}]}},"_links":{"self":[{"href":"https:\/\/www.manaus.am.gov.br\/seminf\/wp-json\/wp\/v2\/posts\/7710"}],"collection":[{"href":"https:\/\/www.manaus.am.gov.br\/seminf\/wp-json\/wp\/v2\/posts"}],"about":[{"href":"https:\/\/www.manaus.am.gov.br\/seminf\/wp-json\/wp\/v2\/types\/post"}],"author":[{"embeddable":true,"href":"https:\/\/www.manaus.am.gov.br\/seminf\/wp-json\/wp\/v2\/users\/68"}],"replies":[{"embeddable":true,"href":"https:\/\/www.manaus.am.gov.br\/seminf\/wp-json\/wp\/v2\/comments?post=7710"}],"version-history":[{"count":0,"href":"https:\/\/www.manaus.am.gov.br\/seminf\/wp-json\/wp\/v2\/posts\/7710\/revisions"}],"wp:featuredmedia":[{"embeddable":true,"href":"https:\/\/www.manaus.am.gov.br\/seminf\/wp-json\/wp\/v2\/media\/7711"}],"wp:attachment":[{"href":"https:\/\/www.manaus.am.gov.br\/seminf\/wp-json\/wp\/v2\/media?parent=7710"}],"wp:term":[{"taxonomy":"category","embeddable":true,"href":"https:\/\/www.manaus.am.gov.br\/seminf\/wp-json\/wp\/v2\/categories?post=7710"},{"taxonomy":"post_tag","embeddable":true,"href":"https:\/\/www.manaus.am.gov.br\/seminf\/wp-json\/wp\/v2\/tags?post=7710"}],"curies":[{"name":"wp","href":"https:\/\/api.w.org\/{rel}","templated":true}]}}