{"id":7650,"date":"2025-11-17T19:53:51","date_gmt":"2025-11-17T23:53:51","guid":{"rendered":"https:\/\/www.manaus.am.gov.br\/seminf\/revitalizacao-do-campo-11-de-maio\/"},"modified":"2025-11-17T19:53:53","modified_gmt":"2025-11-17T23:53:53","slug":"revitalizacao-do-campo-11-de-maio","status":"publish","type":"post","link":"https:\/\/www.manaus.am.gov.br\/seminf\/revitalizacao-do-campo-11-de-maio\/","title":{"rendered":"Prefeitura de Manaus avan\u00e7a com obras de revitaliza\u00e7\u00e3o do campo 11 de Maio"},"content":{"rendered":"\n<p>A Prefeitura de Manaus, por meio da Secretaria Municipal de Infraestrutura (Seminf), avan\u00e7ou, nesta segunda-feira, 17\/11, nas obras de revitaliza\u00e7\u00e3o do campo 11 de Maio, localizado entre as ruas Padre M\u00e1rio e Raul Ribeiro, no bairro Col\u00f4nia Ant\u00f4nio Aleixo, zona Leste da capital.<\/p>\n\n\n\n<p>O novo espa\u00e7o vai fortalecer o esporte na comunidade e proporcionar mais qualidade de vida para todos que utilizam o campo diariamente, garantindo mais conforto e seguran\u00e7a para a pr\u00e1tica esportiva.<\/p>\n\n\n\n<p>De acordo com o vice-prefeito e secret\u00e1rio de Obras, Renato Junior, a gest\u00e3o municipal tem voltado cada vez mais o seu olhar e comprometimento para o esporte.\u00a0<\/p>\n\n\n\n<p>\u201cO prefeito David Almeida vem fazendo hist\u00f3ria nos espa\u00e7os esportivos, com reformas completas. A gest\u00e3o municipal se preocupa com os jovens, em ativar a vida saud\u00e1vel e criar oportunidades no esporte, mas tamb\u00e9m valorizamos aquele bairro, a vizinhan\u00e7a por completo, em oferecer um espa\u00e7o de conv\u00edvio digno, e com isso, estamos alcan\u00e7ando todas as \u00e1reas com essas reformas\u201d, afirma Renato Junior.\u00a0\u00a0<\/p>\n\n\n\n<p>A reforma geral do campo principal inclui a constru\u00e7\u00e3o de mureta, instala\u00e7\u00e3o de alambrado, reforma da arquibancada com cobertura e novos bancos de reserva. A quadra poliesportiva tamb\u00e9m segue em ritmo acelerado.<\/p>\n\n\n\n<p>Al\u00e9m disso, est\u00e3o em constru\u00e7\u00e3o os banheiros masculino, feminino e o adaptado para Pessoas com Defici\u00eancia (PcDs), al\u00e9m dos vesti\u00e1rios. O complexo ainda receber\u00e1 uma academia ao ar livre e um playground na \u00e1rea livre.<\/p>\n\n\n\n<p>Essa a\u00e7\u00e3o refor\u00e7a o compromisso da Prefeitura de Manaus em incentivar o esporte e o lazer, mesmo nos bairros mais distantes, levando infraestrutura de qualidade para atender crian\u00e7as, jovens e adultos da comunidade.<\/p>\n\n\n\n<p>\u2014- \u2014- \u2014-<br><strong>Texto &#8211; <\/strong>Rayana Coutinho\/ Seminf\u00a0<br><strong>Fotos &#8211;<\/strong> Gincarlo Silva\/ Seminf\u00a0<\/p>\n","protected":false},"excerpt":{"rendered":"","protected":false},"author":68,"featured_media":7651,"comment_status":"closed","ping_status":"closed","sticky":false,"template":"","format":"standard","meta":{"footnotes":""},"categories":[6],"tags":[2786,2787,43,2788,26],"acf":[],"yoast_head":"<!-- This site is optimized with the Yoast SEO plugin v23.0 - https:\/\/yoast.com\/wordpress\/plugins\/seo\/ -->\n<title>Prefeitura avan\u00e7a com obras de revitaliza\u00e7\u00e3o do campo 11 de Maio<\/title>\n<meta name=\"description\" content=\"A Prefeitura de Manaus avan\u00e7ou, nesta segunda-feira, 17\/11, nas obras de revitaliza\u00e7\u00e3o do campo 11 de Maio, no bairro Col\u00f4nia Ant\u00f4nio Aleixo.\" \/>\n<meta name=\"robots\" content=\"index, follow, max-snippet:-1, max-image-preview:large, max-video-preview:-1\" \/>\n<link rel=\"canonical\" href=\"https:\/\/www.manaus.am.gov.br\/seminf\/revitalizacao-do-campo-11-de-maio\/\" \/>\n<meta property=\"og:locale\" content=\"pt_BR\" \/>\n<meta property=\"og:type\" content=\"article\" \/>\n<meta property=\"og:title\" content=\"Prefeitura avan\u00e7a com obras de revitaliza\u00e7\u00e3o do campo 11 de Maio\" \/>\n<meta property=\"og:description\" content=\"A Prefeitura de Manaus avan\u00e7ou, nesta segunda-feira, 17\/11, nas obras de revitaliza\u00e7\u00e3o do campo 11 de Maio, no bairro Col\u00f4nia Ant\u00f4nio Aleixo.\" \/>\n<meta property=\"og:url\" content=\"https:\/\/www.manaus.am.gov.br\/seminf\/revitalizacao-do-campo-11-de-maio\/\" \/>\n<meta property=\"og:site_name\" content=\"SEMINF\" \/>\n<meta property=\"article:published_time\" content=\"2025-11-17T23:53:51+00:00\" \/>\n<meta property=\"article:modified_time\" content=\"2025-11-17T23:53:53+00:00\" \/>\n<meta property=\"og:image\" content=\"https:\/\/www.manaus.am.gov.br\/seminf\/wp-content\/uploads\/sites\/6\/2025\/11\/IMG_8641-1024x683.jpg\" \/>\n\t<meta property=\"og:image:width\" content=\"1024\" \/>\n\t<meta property=\"og:image:height\" content=\"683\" \/>\n\t<meta property=\"og:image:type\" content=\"image\/jpeg\" \/>\n<meta name=\"author\" content=\"bvalente\" \/>\n<meta name=\"twitter:card\" content=\"summary_large_image\" \/>\n<meta name=\"twitter:label1\" content=\"Written by\" \/>\n\t<meta name=\"twitter:data1\" content=\"bvalente\" \/>\n\t<meta name=\"twitter:label2\" content=\"Est. reading time\" \/>\n\t<meta name=\"twitter:data2\" content=\"2 minutos\" \/>\n<script type=\"application\/ld+json\" class=\"yoast-schema-graph\">{\"@context\":\"https:\/\/schema.org\",\"@graph\":[{\"@type\":\"WebPage\",\"@id\":\"https:\/\/www.manaus.am.gov.br\/seminf\/revitalizacao-do-campo-11-de-maio\/\",\"url\":\"https:\/\/www.manaus.am.gov.br\/seminf\/revitalizacao-do-campo-11-de-maio\/\",\"name\":\"Prefeitura avan\u00e7a com obras de revitaliza\u00e7\u00e3o do campo 11 de Maio\",\"isPartOf\":{\"@id\":\"https:\/\/www.manaus.am.gov.br\/seminf\/#website\"},\"primaryImageOfPage\":{\"@id\":\"https:\/\/www.manaus.am.gov.br\/seminf\/revitalizacao-do-campo-11-de-maio\/#primaryimage\"},\"image\":{\"@id\":\"https:\/\/www.manaus.am.gov.br\/seminf\/revitalizacao-do-campo-11-de-maio\/#primaryimage\"},\"thumbnailUrl\":\"https:\/\/www.manaus.am.gov.br\/seminf\/wp-content\/uploads\/sites\/6\/2025\/11\/IMG_8641.jpg\",\"datePublished\":\"2025-11-17T23:53:51+00:00\",\"dateModified\":\"2025-11-17T23:53:53+00:00\",\"author\":{\"@id\":\"https:\/\/www.manaus.am.gov.br\/seminf\/#\/schema\/person\/466a0e03ae4b6062809046bd560ac955\"},\"description\":\"A Prefeitura de Manaus avan\u00e7ou, nesta segunda-feira, 17\/11, nas obras de revitaliza\u00e7\u00e3o do campo 11 de Maio, no bairro Col\u00f4nia Ant\u00f4nio Aleixo.\",\"inLanguage\":\"pt-BR\",\"potentialAction\":[{\"@type\":\"ReadAction\",\"target\":[\"https:\/\/www.manaus.am.gov.br\/seminf\/revitalizacao-do-campo-11-de-maio\/\"]}]},{\"@type\":\"ImageObject\",\"inLanguage\":\"pt-BR\",\"@id\":\"https:\/\/www.manaus.am.gov.br\/seminf\/revitalizacao-do-campo-11-de-maio\/#primaryimage\",\"url\":\"https:\/\/www.manaus.am.gov.br\/seminf\/wp-content\/uploads\/sites\/6\/2025\/11\/IMG_8641.jpg\",\"contentUrl\":\"https:\/\/www.manaus.am.gov.br\/seminf\/wp-content\/uploads\/sites\/6\/2025\/11\/IMG_8641.jpg\",\"width\":6240,\"height\":4160,\"caption\":\"#paratodosverem \u2013 Equipes da Seminf realizando a revitaliza\u00e7\u00e3o do campo 11 de Maio\"},{\"@type\":\"WebSite\",\"@id\":\"https:\/\/www.manaus.am.gov.br\/seminf\/#website\",\"url\":\"https:\/\/www.manaus.am.gov.br\/seminf\/\",\"name\":\"Secretaria de Infraestrutura\",\"description\":\"Secretaria Municipal de Infraestrutura\",\"potentialAction\":[{\"@type\":\"SearchAction\",\"target\":{\"@type\":\"EntryPoint\",\"urlTemplate\":\"https:\/\/www.manaus.am.gov.br\/seminf\/?s={search_term_string}\"},\"query-input\":\"required name=search_term_string\"}],\"inLanguage\":\"pt-BR\"},{\"@type\":\"Person\",\"@id\":\"https:\/\/www.manaus.am.gov.br\/seminf\/#\/schema\/person\/466a0e03ae4b6062809046bd560ac955\",\"name\":\"bvalente\",\"image\":{\"@type\":\"ImageObject\",\"inLanguage\":\"pt-BR\",\"@id\":\"https:\/\/www.manaus.am.gov.br\/seminf\/#\/schema\/person\/image\/\",\"url\":\"https:\/\/secure.gravatar.com\/avatar\/3e69bc2b014bdad41adfec3a39de07d2?s=96&d=mm&r=g\",\"contentUrl\":\"https:\/\/secure.gravatar.com\/avatar\/3e69bc2b014bdad41adfec3a39de07d2?s=96&d=mm&r=g\",\"caption\":\"bvalente\"}}]}<\/script>\n<!-- \/ Yoast SEO plugin. -->","yoast_head_json":{"title":"Prefeitura avan\u00e7a com obras de revitaliza\u00e7\u00e3o do campo 11 de Maio","description":"A Prefeitura de Manaus avan\u00e7ou, nesta segunda-feira, 17\/11, nas obras de revitaliza\u00e7\u00e3o do campo 11 de Maio, no bairro Col\u00f4nia Ant\u00f4nio Aleixo.","robots":{"index":"index","follow":"follow","max-snippet":"max-snippet:-1","max-image-preview":"max-image-preview:large","max-video-preview":"max-video-preview:-1"},"canonical":"https:\/\/www.manaus.am.gov.br\/seminf\/revitalizacao-do-campo-11-de-maio\/","og_locale":"pt_BR","og_type":"article","og_title":"Prefeitura avan\u00e7a com obras de revitaliza\u00e7\u00e3o do campo 11 de Maio","og_description":"A Prefeitura de Manaus avan\u00e7ou, nesta segunda-feira, 17\/11, nas obras de revitaliza\u00e7\u00e3o do campo 11 de Maio, no bairro Col\u00f4nia Ant\u00f4nio Aleixo.","og_url":"https:\/\/www.manaus.am.gov.br\/seminf\/revitalizacao-do-campo-11-de-maio\/","og_site_name":"SEMINF","article_published_time":"2025-11-17T23:53:51+00:00","article_modified_time":"2025-11-17T23:53:53+00:00","og_image":[{"width":1024,"height":683,"url":"https:\/\/www.manaus.am.gov.br\/seminf\/wp-content\/uploads\/sites\/6\/2025\/11\/IMG_8641-1024x683.jpg","type":"image\/jpeg"}],"author":"bvalente","twitter_card":"summary_large_image","twitter_misc":{"Written by":"bvalente","Est. reading time":"2 minutos"},"schema":{"@context":"https:\/\/schema.org","@graph":[{"@type":"WebPage","@id":"https:\/\/www.manaus.am.gov.br\/seminf\/revitalizacao-do-campo-11-de-maio\/","url":"https:\/\/www.manaus.am.gov.br\/seminf\/revitalizacao-do-campo-11-de-maio\/","name":"Prefeitura avan\u00e7a com obras de revitaliza\u00e7\u00e3o do campo 11 de Maio","isPartOf":{"@id":"https:\/\/www.manaus.am.gov.br\/seminf\/#website"},"primaryImageOfPage":{"@id":"https:\/\/www.manaus.am.gov.br\/seminf\/revitalizacao-do-campo-11-de-maio\/#primaryimage"},"image":{"@id":"https:\/\/www.manaus.am.gov.br\/seminf\/revitalizacao-do-campo-11-de-maio\/#primaryimage"},"thumbnailUrl":"https:\/\/www.manaus.am.gov.br\/seminf\/wp-content\/uploads\/sites\/6\/2025\/11\/IMG_8641.jpg","datePublished":"2025-11-17T23:53:51+00:00","dateModified":"2025-11-17T23:53:53+00:00","author":{"@id":"https:\/\/www.manaus.am.gov.br\/seminf\/#\/schema\/person\/466a0e03ae4b6062809046bd560ac955"},"description":"A Prefeitura de Manaus avan\u00e7ou, nesta segunda-feira, 17\/11, nas obras de revitaliza\u00e7\u00e3o do campo 11 de Maio, no bairro Col\u00f4nia Ant\u00f4nio Aleixo.","inLanguage":"pt-BR","potentialAction":[{"@type":"ReadAction","target":["https:\/\/www.manaus.am.gov.br\/seminf\/revitalizacao-do-campo-11-de-maio\/"]}]},{"@type":"ImageObject","inLanguage":"pt-BR","@id":"https:\/\/www.manaus.am.gov.br\/seminf\/revitalizacao-do-campo-11-de-maio\/#primaryimage","url":"https:\/\/www.manaus.am.gov.br\/seminf\/wp-content\/uploads\/sites\/6\/2025\/11\/IMG_8641.jpg","contentUrl":"https:\/\/www.manaus.am.gov.br\/seminf\/wp-content\/uploads\/sites\/6\/2025\/11\/IMG_8641.jpg","width":6240,"height":4160,"caption":"#paratodosverem \u2013 Equipes da Seminf realizando a revitaliza\u00e7\u00e3o do campo 11 de Maio"},{"@type":"WebSite","@id":"https:\/\/www.manaus.am.gov.br\/seminf\/#website","url":"https:\/\/www.manaus.am.gov.br\/seminf\/","name":"Secretaria de Infraestrutura","description":"Secretaria Municipal de Infraestrutura","potentialAction":[{"@type":"SearchAction","target":{"@type":"EntryPoint","urlTemplate":"https:\/\/www.manaus.am.gov.br\/seminf\/?s={search_term_string}"},"query-input":"required name=search_term_string"}],"inLanguage":"pt-BR"},{"@type":"Person","@id":"https:\/\/www.manaus.am.gov.br\/seminf\/#\/schema\/person\/466a0e03ae4b6062809046bd560ac955","name":"bvalente","image":{"@type":"ImageObject","inLanguage":"pt-BR","@id":"https:\/\/www.manaus.am.gov.br\/seminf\/#\/schema\/person\/image\/","url":"https:\/\/secure.gravatar.com\/avatar\/3e69bc2b014bdad41adfec3a39de07d2?s=96&d=mm&r=g","contentUrl":"https:\/\/secure.gravatar.com\/avatar\/3e69bc2b014bdad41adfec3a39de07d2?s=96&d=mm&r=g","caption":"bvalente"}}]}},"_links":{"self":[{"href":"https:\/\/www.manaus.am.gov.br\/seminf\/wp-json\/wp\/v2\/posts\/7650"}],"collection":[{"href":"https:\/\/www.manaus.am.gov.br\/seminf\/wp-json\/wp\/v2\/posts"}],"about":[{"href":"https:\/\/www.manaus.am.gov.br\/seminf\/wp-json\/wp\/v2\/types\/post"}],"author":[{"embeddable":true,"href":"https:\/\/www.manaus.am.gov.br\/seminf\/wp-json\/wp\/v2\/users\/68"}],"replies":[{"embeddable":true,"href":"https:\/\/www.manaus.am.gov.br\/seminf\/wp-json\/wp\/v2\/comments?post=7650"}],"version-history":[{"count":0,"href":"https:\/\/www.manaus.am.gov.br\/seminf\/wp-json\/wp\/v2\/posts\/7650\/revisions"}],"wp:featuredmedia":[{"embeddable":true,"href":"https:\/\/www.manaus.am.gov.br\/seminf\/wp-json\/wp\/v2\/media\/7651"}],"wp:attachment":[{"href":"https:\/\/www.manaus.am.gov.br\/seminf\/wp-json\/wp\/v2\/media?parent=7650"}],"wp:term":[{"taxonomy":"category","embeddable":true,"href":"https:\/\/www.manaus.am.gov.br\/seminf\/wp-json\/wp\/v2\/categories?post=7650"},{"taxonomy":"post_tag","embeddable":true,"href":"https:\/\/www.manaus.am.gov.br\/seminf\/wp-json\/wp\/v2\/tags?post=7650"}],"curies":[{"name":"wp","href":"https:\/\/api.w.org\/{rel}","templated":true}]}}