{"id":7616,"date":"2025-11-13T14:50:58","date_gmt":"2025-11-13T18:50:58","guid":{"rendered":"https:\/\/www.manaus.am.gov.br\/seminf\/limpeza-desobstrucao-caixas-coletoras-centro\/"},"modified":"2025-11-13T14:50:58","modified_gmt":"2025-11-13T18:50:58","slug":"limpeza-desobstrucao-caixas-coletoras-centro","status":"publish","type":"post","link":"https:\/\/www.manaus.am.gov.br\/seminf\/limpeza-desobstrucao-caixas-coletoras-centro\/","title":{"rendered":"Prefeitura de Manaus intensifica limpeza e desobstru\u00e7\u00e3o de caixas coletoras no centro da cidade"},"content":{"rendered":"\n<p>A Prefeitura de Manaus, por meio da Secretaria Municipal de Infraestrutura (Seminf), atua, nesta quinta-feira, 13\/11, de forma intensiva, na rua Marechal Deodoro e na avenida Floriano Peixoto, no Centro, zona Sul, com servi\u00e7os de limpeza e desobstru\u00e7\u00e3o das caixas coletoras. As equipes realizam a remo\u00e7\u00e3o de grande quantidade de res\u00edduos descartados irregularmente, que comprometem o escoamento adequado das \u00e1guas pluviais e podem causar alagamentos durante o per\u00edodo chuvoso.<\/p>\n\n\n\n<p>O vice-prefeito e secret\u00e1rio de Obras, Renato Junior, enfatiza que os servi\u00e7os s\u00e3o refor\u00e7ados diariamente na \u00e1rea central da cidade.&nbsp;<\/p>\n\n\n\n<p>\u201cO centro da cidade \u00e9 o cora\u00e7\u00e3o de Manaus. A gest\u00e3o do prefeito David Almeida direciona o olhar atencioso para levar as obras de infraestrutura todos os dias para o Centro e, de forma comprometida, avan\u00e7ar todos os dias na melhoria e seguran\u00e7a de todos\u201d, afirma Renato Junior.&nbsp;<\/p>\n\n\n\n<p>Durante as a\u00e7\u00f5es, foram retirados materiais como garrafas e sacolas pl\u00e1sticas, embalagens de marmitas e outros utens\u00edlios, lan\u00e7ados nas vias p\u00fablicas. Esse descarte irregular prejudica o sistema de drenagem e exige interven\u00e7\u00f5es constantes das equipes da Seminf para garantir o bom funcionamento das redes e a seguran\u00e7a da popula\u00e7\u00e3o que circula pela \u00e1rea central da cidade.<\/p>\n\n\n\n<p>O comerciante Juliano Souza, de 25 anos, elogia a interven\u00e7\u00e3o da prefeitura no centro da cidade. &nbsp;<\/p>\n\n\n\n<p>\u201cO servi\u00e7o que a Prefeitura de Manaus vem fazendo est\u00e1 ajudando muito a gente que trabalha aqui no Centro, principalmente neste m\u00eas, que antecede dezembro que \u00e9 o m\u00eas da chuva. Essa a\u00e7\u00e3o faz toda a diferen\u00e7a, a equipe do prefeito David Almeida e o vice-prefeito Renato Junior est\u00e3o de parab\u00e9ns\u201d, disse o comerciante.<\/p>\n\n\n\n<p>Com a proximidade do fim do ano, per\u00edodo em que h\u00e1 aumento da movimenta\u00e7\u00e3o de pessoas e ve\u00edculos nas principais vias comerciais de Manaus, os servi\u00e7os s\u00e3o redobrados. A a\u00e7\u00e3o preventiva tem o objetivo de evitar transtornos e manter o fluxo de pedestres e ve\u00edculos com mais seguran\u00e7a e conforto, especialmente diante de dias chuvosos.<\/p>\n\n\n\n<figure class=\"wp-block-image size-large\"><img loading=\"lazy\" decoding=\"async\" width=\"1024\" height=\"683\" src=\"https:\/\/www.manaus.am.gov.br\/seminf\/wp-content\/uploads\/sites\/6\/2025\/11\/IMG_8477-1024x683.jpg\" alt=\"\" class=\"wp-image-7618\" srcset=\"https:\/\/www.manaus.am.gov.br\/seminf\/wp-content\/uploads\/sites\/6\/2025\/11\/IMG_8477-1024x683.jpg 1024w, https:\/\/www.manaus.am.gov.br\/seminf\/wp-content\/uploads\/sites\/6\/2025\/11\/IMG_8477-300x200.jpg 300w, https:\/\/www.manaus.am.gov.br\/seminf\/wp-content\/uploads\/sites\/6\/2025\/11\/IMG_8477-768x512.jpg 768w, https:\/\/www.manaus.am.gov.br\/seminf\/wp-content\/uploads\/sites\/6\/2025\/11\/IMG_8477-1536x1024.jpg 1536w, https:\/\/www.manaus.am.gov.br\/seminf\/wp-content\/uploads\/sites\/6\/2025\/11\/IMG_8477-2048x1365.jpg 2048w\" sizes=\"(max-width: 1024px) 100vw, 1024px\" \/><\/figure>\n\n\n\n<p>&#8212; &#8212; &#8212;<\/p>\n\n\n\n<p><strong>Texto <\/strong>&#8211; Rayana Coutinho\/Seminf&nbsp;<\/p>\n\n\n\n<p><strong>Fotos &#8211;<\/strong> Giancarlo Silva\/Seminf&nbsp;<\/p>\n","protected":false},"excerpt":{"rendered":"","protected":false},"author":39,"featured_media":7617,"comment_status":"closed","ping_status":"closed","sticky":false,"template":"","format":"standard","meta":{"footnotes":""},"categories":[6],"tags":[1577,2766,43,2767,26],"acf":[],"yoast_head":"<!-- This site is optimized with the Yoast SEO plugin v23.0 - https:\/\/yoast.com\/wordpress\/plugins\/seo\/ -->\n<title>Limpeza e desobstru\u00e7\u00e3o de caixas coletoras no centro da cidade<\/title>\n<meta name=\"description\" content=\"Prefeitura de Manaus, por meio da Seminf, intensifica limpeza e desobstru\u00e7\u00e3o de caixas coletoras no centro da cidade.\" \/>\n<meta name=\"robots\" content=\"index, follow, max-snippet:-1, max-image-preview:large, max-video-preview:-1\" \/>\n<link rel=\"canonical\" href=\"https:\/\/www.manaus.am.gov.br\/seminf\/limpeza-desobstrucao-caixas-coletoras-centro\/\" \/>\n<meta property=\"og:locale\" content=\"pt_BR\" \/>\n<meta property=\"og:type\" content=\"article\" \/>\n<meta property=\"og:title\" content=\"Limpeza e desobstru\u00e7\u00e3o de caixas coletoras no centro da cidade\" \/>\n<meta property=\"og:description\" content=\"Prefeitura de Manaus, por meio da Seminf, intensifica limpeza e desobstru\u00e7\u00e3o de caixas coletoras no centro da cidade.\" \/>\n<meta property=\"og:url\" content=\"https:\/\/www.manaus.am.gov.br\/seminf\/limpeza-desobstrucao-caixas-coletoras-centro\/\" \/>\n<meta property=\"og:site_name\" content=\"SEMINF\" \/>\n<meta property=\"article:published_time\" content=\"2025-11-13T18:50:58+00:00\" \/>\n<meta property=\"og:image\" content=\"https:\/\/www.manaus.am.gov.br\/seminf\/wp-content\/uploads\/sites\/6\/2025\/11\/WhatsApp-Image-2025-11-13-at-14.49.07-4.jpeg\" \/>\n\t<meta property=\"og:image:width\" content=\"1600\" \/>\n\t<meta property=\"og:image:height\" content=\"1066\" \/>\n\t<meta property=\"og:image:type\" content=\"image\/jpeg\" \/>\n<meta name=\"author\" content=\"Bruna Greco\" \/>\n<meta name=\"twitter:card\" content=\"summary_large_image\" \/>\n<meta name=\"twitter:label1\" content=\"Written by\" \/>\n\t<meta name=\"twitter:data1\" content=\"Bruna Greco\" \/>\n\t<meta name=\"twitter:label2\" content=\"Est. reading time\" \/>\n\t<meta name=\"twitter:data2\" content=\"3 minutos\" \/>\n<script type=\"application\/ld+json\" class=\"yoast-schema-graph\">{\"@context\":\"https:\/\/schema.org\",\"@graph\":[{\"@type\":\"WebPage\",\"@id\":\"https:\/\/www.manaus.am.gov.br\/seminf\/limpeza-desobstrucao-caixas-coletoras-centro\/\",\"url\":\"https:\/\/www.manaus.am.gov.br\/seminf\/limpeza-desobstrucao-caixas-coletoras-centro\/\",\"name\":\"Limpeza e desobstru\u00e7\u00e3o de caixas coletoras no centro da cidade\",\"isPartOf\":{\"@id\":\"https:\/\/www.manaus.am.gov.br\/seminf\/#website\"},\"primaryImageOfPage\":{\"@id\":\"https:\/\/www.manaus.am.gov.br\/seminf\/limpeza-desobstrucao-caixas-coletoras-centro\/#primaryimage\"},\"image\":{\"@id\":\"https:\/\/www.manaus.am.gov.br\/seminf\/limpeza-desobstrucao-caixas-coletoras-centro\/#primaryimage\"},\"thumbnailUrl\":\"https:\/\/www.manaus.am.gov.br\/seminf\/wp-content\/uploads\/sites\/6\/2025\/11\/WhatsApp-Image-2025-11-13-at-14.49.07-4.jpeg\",\"datePublished\":\"2025-11-13T18:50:58+00:00\",\"dateModified\":\"2025-11-13T18:50:58+00:00\",\"author\":{\"@id\":\"https:\/\/www.manaus.am.gov.br\/seminf\/#\/schema\/person\/05d223aea2bf115f9883a6ff3683d81b\"},\"description\":\"Prefeitura de Manaus, por meio da Seminf, intensifica limpeza e desobstru\u00e7\u00e3o de caixas coletoras no centro da cidade.\",\"inLanguage\":\"pt-BR\",\"potentialAction\":[{\"@type\":\"ReadAction\",\"target\":[\"https:\/\/www.manaus.am.gov.br\/seminf\/limpeza-desobstrucao-caixas-coletoras-centro\/\"]}]},{\"@type\":\"ImageObject\",\"inLanguage\":\"pt-BR\",\"@id\":\"https:\/\/www.manaus.am.gov.br\/seminf\/limpeza-desobstrucao-caixas-coletoras-centro\/#primaryimage\",\"url\":\"https:\/\/www.manaus.am.gov.br\/seminf\/wp-content\/uploads\/sites\/6\/2025\/11\/WhatsApp-Image-2025-11-13-at-14.49.07-4.jpeg\",\"contentUrl\":\"https:\/\/www.manaus.am.gov.br\/seminf\/wp-content\/uploads\/sites\/6\/2025\/11\/WhatsApp-Image-2025-11-13-at-14.49.07-4.jpeg\",\"width\":1600,\"height\":1066,\"caption\":\"#paratodosverem - Servidor da Seminf realizando a coleta de lixo irregular durante limpeza e desobstru\u00e7\u00e3o de caixa coletora em via do Centro de Manaus\"},{\"@type\":\"WebSite\",\"@id\":\"https:\/\/www.manaus.am.gov.br\/seminf\/#website\",\"url\":\"https:\/\/www.manaus.am.gov.br\/seminf\/\",\"name\":\"Secretaria de Infraestrutura\",\"description\":\"Secretaria Municipal de Infraestrutura\",\"potentialAction\":[{\"@type\":\"SearchAction\",\"target\":{\"@type\":\"EntryPoint\",\"urlTemplate\":\"https:\/\/www.manaus.am.gov.br\/seminf\/?s={search_term_string}\"},\"query-input\":\"required name=search_term_string\"}],\"inLanguage\":\"pt-BR\"},{\"@type\":\"Person\",\"@id\":\"https:\/\/www.manaus.am.gov.br\/seminf\/#\/schema\/person\/05d223aea2bf115f9883a6ff3683d81b\",\"name\":\"Bruna Greco\",\"image\":{\"@type\":\"ImageObject\",\"inLanguage\":\"pt-BR\",\"@id\":\"https:\/\/www.manaus.am.gov.br\/seminf\/#\/schema\/person\/image\/\",\"url\":\"https:\/\/secure.gravatar.com\/avatar\/9c877d1a6adc2a055330e5c09a8653ce?s=96&d=mm&r=g\",\"contentUrl\":\"https:\/\/secure.gravatar.com\/avatar\/9c877d1a6adc2a055330e5c09a8653ce?s=96&d=mm&r=g\",\"caption\":\"Bruna Greco\"}}]}<\/script>\n<!-- \/ Yoast SEO plugin. -->","yoast_head_json":{"title":"Limpeza e desobstru\u00e7\u00e3o de caixas coletoras no centro da cidade","description":"Prefeitura de Manaus, por meio da Seminf, intensifica limpeza e desobstru\u00e7\u00e3o de caixas coletoras no centro da cidade.","robots":{"index":"index","follow":"follow","max-snippet":"max-snippet:-1","max-image-preview":"max-image-preview:large","max-video-preview":"max-video-preview:-1"},"canonical":"https:\/\/www.manaus.am.gov.br\/seminf\/limpeza-desobstrucao-caixas-coletoras-centro\/","og_locale":"pt_BR","og_type":"article","og_title":"Limpeza e desobstru\u00e7\u00e3o de caixas coletoras no centro da cidade","og_description":"Prefeitura de Manaus, por meio da Seminf, intensifica limpeza e desobstru\u00e7\u00e3o de caixas coletoras no centro da cidade.","og_url":"https:\/\/www.manaus.am.gov.br\/seminf\/limpeza-desobstrucao-caixas-coletoras-centro\/","og_site_name":"SEMINF","article_published_time":"2025-11-13T18:50:58+00:00","og_image":[{"width":1600,"height":1066,"url":"https:\/\/www.manaus.am.gov.br\/seminf\/wp-content\/uploads\/sites\/6\/2025\/11\/WhatsApp-Image-2025-11-13-at-14.49.07-4.jpeg","type":"image\/jpeg"}],"author":"Bruna Greco","twitter_card":"summary_large_image","twitter_misc":{"Written by":"Bruna Greco","Est. reading time":"3 minutos"},"schema":{"@context":"https:\/\/schema.org","@graph":[{"@type":"WebPage","@id":"https:\/\/www.manaus.am.gov.br\/seminf\/limpeza-desobstrucao-caixas-coletoras-centro\/","url":"https:\/\/www.manaus.am.gov.br\/seminf\/limpeza-desobstrucao-caixas-coletoras-centro\/","name":"Limpeza e desobstru\u00e7\u00e3o de caixas coletoras no centro da cidade","isPartOf":{"@id":"https:\/\/www.manaus.am.gov.br\/seminf\/#website"},"primaryImageOfPage":{"@id":"https:\/\/www.manaus.am.gov.br\/seminf\/limpeza-desobstrucao-caixas-coletoras-centro\/#primaryimage"},"image":{"@id":"https:\/\/www.manaus.am.gov.br\/seminf\/limpeza-desobstrucao-caixas-coletoras-centro\/#primaryimage"},"thumbnailUrl":"https:\/\/www.manaus.am.gov.br\/seminf\/wp-content\/uploads\/sites\/6\/2025\/11\/WhatsApp-Image-2025-11-13-at-14.49.07-4.jpeg","datePublished":"2025-11-13T18:50:58+00:00","dateModified":"2025-11-13T18:50:58+00:00","author":{"@id":"https:\/\/www.manaus.am.gov.br\/seminf\/#\/schema\/person\/05d223aea2bf115f9883a6ff3683d81b"},"description":"Prefeitura de Manaus, por meio da Seminf, intensifica limpeza e desobstru\u00e7\u00e3o de caixas coletoras no centro da cidade.","inLanguage":"pt-BR","potentialAction":[{"@type":"ReadAction","target":["https:\/\/www.manaus.am.gov.br\/seminf\/limpeza-desobstrucao-caixas-coletoras-centro\/"]}]},{"@type":"ImageObject","inLanguage":"pt-BR","@id":"https:\/\/www.manaus.am.gov.br\/seminf\/limpeza-desobstrucao-caixas-coletoras-centro\/#primaryimage","url":"https:\/\/www.manaus.am.gov.br\/seminf\/wp-content\/uploads\/sites\/6\/2025\/11\/WhatsApp-Image-2025-11-13-at-14.49.07-4.jpeg","contentUrl":"https:\/\/www.manaus.am.gov.br\/seminf\/wp-content\/uploads\/sites\/6\/2025\/11\/WhatsApp-Image-2025-11-13-at-14.49.07-4.jpeg","width":1600,"height":1066,"caption":"#paratodosverem - Servidor da Seminf realizando a coleta de lixo irregular durante limpeza e desobstru\u00e7\u00e3o de caixa coletora em via do Centro de Manaus"},{"@type":"WebSite","@id":"https:\/\/www.manaus.am.gov.br\/seminf\/#website","url":"https:\/\/www.manaus.am.gov.br\/seminf\/","name":"Secretaria de Infraestrutura","description":"Secretaria Municipal de Infraestrutura","potentialAction":[{"@type":"SearchAction","target":{"@type":"EntryPoint","urlTemplate":"https:\/\/www.manaus.am.gov.br\/seminf\/?s={search_term_string}"},"query-input":"required name=search_term_string"}],"inLanguage":"pt-BR"},{"@type":"Person","@id":"https:\/\/www.manaus.am.gov.br\/seminf\/#\/schema\/person\/05d223aea2bf115f9883a6ff3683d81b","name":"Bruna Greco","image":{"@type":"ImageObject","inLanguage":"pt-BR","@id":"https:\/\/www.manaus.am.gov.br\/seminf\/#\/schema\/person\/image\/","url":"https:\/\/secure.gravatar.com\/avatar\/9c877d1a6adc2a055330e5c09a8653ce?s=96&d=mm&r=g","contentUrl":"https:\/\/secure.gravatar.com\/avatar\/9c877d1a6adc2a055330e5c09a8653ce?s=96&d=mm&r=g","caption":"Bruna Greco"}}]}},"_links":{"self":[{"href":"https:\/\/www.manaus.am.gov.br\/seminf\/wp-json\/wp\/v2\/posts\/7616"}],"collection":[{"href":"https:\/\/www.manaus.am.gov.br\/seminf\/wp-json\/wp\/v2\/posts"}],"about":[{"href":"https:\/\/www.manaus.am.gov.br\/seminf\/wp-json\/wp\/v2\/types\/post"}],"author":[{"embeddable":true,"href":"https:\/\/www.manaus.am.gov.br\/seminf\/wp-json\/wp\/v2\/users\/39"}],"replies":[{"embeddable":true,"href":"https:\/\/www.manaus.am.gov.br\/seminf\/wp-json\/wp\/v2\/comments?post=7616"}],"version-history":[{"count":1,"href":"https:\/\/www.manaus.am.gov.br\/seminf\/wp-json\/wp\/v2\/posts\/7616\/revisions"}],"predecessor-version":[{"id":7619,"href":"https:\/\/www.manaus.am.gov.br\/seminf\/wp-json\/wp\/v2\/posts\/7616\/revisions\/7619"}],"wp:featuredmedia":[{"embeddable":true,"href":"https:\/\/www.manaus.am.gov.br\/seminf\/wp-json\/wp\/v2\/media\/7617"}],"wp:attachment":[{"href":"https:\/\/www.manaus.am.gov.br\/seminf\/wp-json\/wp\/v2\/media?parent=7616"}],"wp:term":[{"taxonomy":"category","embeddable":true,"href":"https:\/\/www.manaus.am.gov.br\/seminf\/wp-json\/wp\/v2\/categories?post=7616"},{"taxonomy":"post_tag","embeddable":true,"href":"https:\/\/www.manaus.am.gov.br\/seminf\/wp-json\/wp\/v2\/tags?post=7616"}],"curies":[{"name":"wp","href":"https:\/\/api.w.org\/{rel}","templated":true}]}}