{"id":7605,"date":"2025-11-12T17:11:11","date_gmt":"2025-11-12T21:11:11","guid":{"rendered":"https:\/\/www.manaus.am.gov.br\/seminf\/recuperacao-drenagem-sao-francisco\/"},"modified":"2025-11-12T17:11:11","modified_gmt":"2025-11-12T21:11:11","slug":"recuperacao-drenagem-sao-francisco","status":"publish","type":"post","link":"https:\/\/www.manaus.am.gov.br\/seminf\/recuperacao-drenagem-sao-francisco\/","title":{"rendered":"Prefeitura de Manaus recupera estrutura de drenagem comprometida por tubula\u00e7\u00e3o irregular no S\u00e3o Francisco"},"content":{"rendered":"\n<p>A Prefeitura de Manaus, por meio da Secretaria Municipal de Infraestrutura (Seminf), entrou em a\u00e7\u00e3o, nesta quarta-feira, 12\/11, com uma frente de trabalho para a recupera\u00e7\u00e3o da rede de drenagem profunda da rua Coronel Manoel Corr\u00eaa, no bairro S\u00e3o Francisco, zona Sul da capital, em um trecho onde o sistema estava comprometido pela instala\u00e7\u00e3o de uma tubula\u00e7\u00e3o irregular.&nbsp;<\/p>\n\n\n\n<p>A rede de esgoto ligada \u00e0 drenagem de \u00e1guas pluviais sobrecarregou o sistema da Prefeitura de Manaus, o que causou o rompimento da tubula\u00e7\u00e3o, em decorr\u00eancia das \u00e1guas das chuvas associadas aos res\u00edduos org\u00e2nicos na passagem pela drenagem.<\/p>\n\n\n\n<p>Ap\u00f3s a identifica\u00e7\u00e3o da tubula\u00e7\u00e3o clandestina, as equipes da Seminf se mobilizaram para que a frente de obra fosse realizada com agilidade e efici\u00eancia, isolando o cano irregular dom\u00e9stico e garantindo o pleno funcionamento da galeria subterr\u00e2nea.<\/p>\n\n\n\n<p>O vice-prefeito e secret\u00e1rio de Obras, Renato Junior, explicou a respeito do crime ambiental executado por meio da implanta\u00e7\u00e3o das tubula\u00e7\u00f5es irregulares nas galerias subterr\u00e2neas, que conduzem as \u00e1guas at\u00e9 os rios e igarap\u00e9s, e reafirmou o compromisso da gest\u00e3o municipal entrando em a\u00e7\u00e3o para solucionar o problema.<\/p>\n\n\n\n<p>\u201cConforme a determina\u00e7\u00e3o do nosso prefeito David Almeida, atuamos de forma eficiente para garantir a seguran\u00e7a de todos os moradores da nossa cidade. A implanta\u00e7\u00e3o de tubula\u00e7\u00f5es dom\u00e9sticas em nossos sistemas de drenagem de \u00e1guas das chuvas \u00e9 extremamente comprometedora, porque essa \u00e1gua \u00e9 conduzida at\u00e9 os rios e igarap\u00e9s, e os contaminam pela presen\u00e7a de dejetos e res\u00edduos org\u00e2nicos, al\u00e9m&nbsp;de diminuir a vida \u00fatil da galeria subterr\u00e2nea que comporta apenas as \u00e1guas&nbsp;das chuvas\u201d, explicou.<\/p>\n\n\n\n<p>A Prefeitura de Manaus segue com obras distribu\u00eddas pela capital, garantindo melhorias que aprimoram a infraestrutura da cidade, e refor\u00e7ando as estruturas de drenagem para manter a seguran\u00e7a e qualidade de vida dos moradores.<\/p>\n\n\n\n<p>\u201cNossas equipes est\u00e3o na ativa para garantir que a infraestrutura na cidade siga funcionando corretamente, cumprindo com o compromisso da nossa gest\u00e3o e realizando as corre\u00e7\u00f5es necess\u00e1rias\u201d, concluiu Renato Junior.<\/p>\n\n\n\n<figure class=\"wp-block-image size-large\"><img loading=\"lazy\" decoding=\"async\" width=\"1024\" height=\"681\" src=\"https:\/\/www.manaus.am.gov.br\/seminf\/wp-content\/uploads\/sites\/6\/2025\/11\/Servico-4-1-1024x681.jpeg\" alt=\"\" class=\"wp-image-7607\" srcset=\"https:\/\/www.manaus.am.gov.br\/seminf\/wp-content\/uploads\/sites\/6\/2025\/11\/Servico-4-1-1024x681.jpeg 1024w, https:\/\/www.manaus.am.gov.br\/seminf\/wp-content\/uploads\/sites\/6\/2025\/11\/Servico-4-1-300x200.jpeg 300w, https:\/\/www.manaus.am.gov.br\/seminf\/wp-content\/uploads\/sites\/6\/2025\/11\/Servico-4-1-768x511.jpeg 768w, https:\/\/www.manaus.am.gov.br\/seminf\/wp-content\/uploads\/sites\/6\/2025\/11\/Servico-4-1.jpeg 1290w\" sizes=\"(max-width: 1024px) 100vw, 1024px\" \/><\/figure>\n\n\n\n<p>&#8212; &#8212; &#8212;<\/p>\n\n\n\n<p><strong>Texto<\/strong>&nbsp;&#8211; Maria Amed\/Seminf<\/p>\n\n\n\n<p><strong>Fotos <\/strong>&#8211; M\u00e1rcio Melo\/Seminf<\/p>\n","protected":false},"excerpt":{"rendered":"","protected":false},"author":39,"featured_media":7606,"comment_status":"closed","ping_status":"closed","sticky":false,"template":"","format":"standard","meta":{"footnotes":""},"categories":[6],"tags":[358,43,212,26,2761],"acf":[],"yoast_head":"<!-- This site is optimized with the Yoast SEO plugin v23.0 - https:\/\/yoast.com\/wordpress\/plugins\/seo\/ -->\n<title>Prefeitura recupera drenagem comprometida por tubula\u00e7\u00e3o irregular no S\u00e3o Francisco<\/title>\n<meta name=\"description\" content=\"Prefeitura de Manaus recupera estrutura de drenagem comprometida por tubula\u00e7\u00e3o irregular no S\u00e3o Francisco.\" \/>\n<meta name=\"robots\" content=\"index, follow, max-snippet:-1, max-image-preview:large, max-video-preview:-1\" \/>\n<link rel=\"canonical\" href=\"https:\/\/www.manaus.am.gov.br\/seminf\/recuperacao-drenagem-sao-francisco\/\" \/>\n<meta property=\"og:locale\" content=\"pt_BR\" \/>\n<meta property=\"og:type\" content=\"article\" \/>\n<meta property=\"og:title\" content=\"Prefeitura recupera drenagem comprometida por tubula\u00e7\u00e3o irregular no S\u00e3o Francisco\" \/>\n<meta property=\"og:description\" content=\"Prefeitura de Manaus recupera estrutura de drenagem comprometida por tubula\u00e7\u00e3o irregular no S\u00e3o Francisco.\" \/>\n<meta property=\"og:url\" content=\"https:\/\/www.manaus.am.gov.br\/seminf\/recuperacao-drenagem-sao-francisco\/\" \/>\n<meta property=\"og:site_name\" content=\"SEMINF\" \/>\n<meta property=\"article:published_time\" content=\"2025-11-12T21:11:11+00:00\" \/>\n<meta property=\"og:image\" content=\"https:\/\/www.manaus.am.gov.br\/seminf\/wp-content\/uploads\/sites\/6\/2025\/11\/Servico-2.jpeg\" \/>\n\t<meta property=\"og:image:width\" content=\"1290\" \/>\n\t<meta property=\"og:image:height\" content=\"862\" \/>\n\t<meta property=\"og:image:type\" content=\"image\/jpeg\" \/>\n<meta name=\"author\" content=\"Bruna Greco\" \/>\n<meta name=\"twitter:card\" content=\"summary_large_image\" \/>\n<meta name=\"twitter:label1\" content=\"Written by\" \/>\n\t<meta name=\"twitter:data1\" content=\"Bruna Greco\" \/>\n\t<meta name=\"twitter:label2\" content=\"Est. reading time\" \/>\n\t<meta name=\"twitter:data2\" content=\"3 minutos\" \/>\n<script type=\"application\/ld+json\" class=\"yoast-schema-graph\">{\"@context\":\"https:\/\/schema.org\",\"@graph\":[{\"@type\":\"WebPage\",\"@id\":\"https:\/\/www.manaus.am.gov.br\/seminf\/recuperacao-drenagem-sao-francisco\/\",\"url\":\"https:\/\/www.manaus.am.gov.br\/seminf\/recuperacao-drenagem-sao-francisco\/\",\"name\":\"Prefeitura recupera drenagem comprometida por tubula\u00e7\u00e3o irregular no S\u00e3o Francisco\",\"isPartOf\":{\"@id\":\"https:\/\/www.manaus.am.gov.br\/seminf\/#website\"},\"primaryImageOfPage\":{\"@id\":\"https:\/\/www.manaus.am.gov.br\/seminf\/recuperacao-drenagem-sao-francisco\/#primaryimage\"},\"image\":{\"@id\":\"https:\/\/www.manaus.am.gov.br\/seminf\/recuperacao-drenagem-sao-francisco\/#primaryimage\"},\"thumbnailUrl\":\"https:\/\/www.manaus.am.gov.br\/seminf\/wp-content\/uploads\/sites\/6\/2025\/11\/Servico-2.jpeg\",\"datePublished\":\"2025-11-12T21:11:11+00:00\",\"dateModified\":\"2025-11-12T21:11:11+00:00\",\"author\":{\"@id\":\"https:\/\/www.manaus.am.gov.br\/seminf\/#\/schema\/person\/05d223aea2bf115f9883a6ff3683d81b\"},\"description\":\"Prefeitura de Manaus recupera estrutura de drenagem comprometida por tubula\u00e7\u00e3o irregular no S\u00e3o Francisco.\",\"inLanguage\":\"pt-BR\",\"potentialAction\":[{\"@type\":\"ReadAction\",\"target\":[\"https:\/\/www.manaus.am.gov.br\/seminf\/recuperacao-drenagem-sao-francisco\/\"]}]},{\"@type\":\"ImageObject\",\"inLanguage\":\"pt-BR\",\"@id\":\"https:\/\/www.manaus.am.gov.br\/seminf\/recuperacao-drenagem-sao-francisco\/#primaryimage\",\"url\":\"https:\/\/www.manaus.am.gov.br\/seminf\/wp-content\/uploads\/sites\/6\/2025\/11\/Servico-2.jpeg\",\"contentUrl\":\"https:\/\/www.manaus.am.gov.br\/seminf\/wp-content\/uploads\/sites\/6\/2025\/11\/Servico-2.jpeg\",\"width\":1290,\"height\":862,\"caption\":\"#paratodosverem - Equipe da Seminf realizando a recupera\u00e7\u00e3o da rede de drenagem profunda da rua Coronel Manoel Corr\u00eaa, no bairro S\u00e3o Francisco\"},{\"@type\":\"WebSite\",\"@id\":\"https:\/\/www.manaus.am.gov.br\/seminf\/#website\",\"url\":\"https:\/\/www.manaus.am.gov.br\/seminf\/\",\"name\":\"Secretaria de Infraestrutura\",\"description\":\"Secretaria Municipal de Infraestrutura\",\"potentialAction\":[{\"@type\":\"SearchAction\",\"target\":{\"@type\":\"EntryPoint\",\"urlTemplate\":\"https:\/\/www.manaus.am.gov.br\/seminf\/?s={search_term_string}\"},\"query-input\":\"required name=search_term_string\"}],\"inLanguage\":\"pt-BR\"},{\"@type\":\"Person\",\"@id\":\"https:\/\/www.manaus.am.gov.br\/seminf\/#\/schema\/person\/05d223aea2bf115f9883a6ff3683d81b\",\"name\":\"Bruna Greco\",\"image\":{\"@type\":\"ImageObject\",\"inLanguage\":\"pt-BR\",\"@id\":\"https:\/\/www.manaus.am.gov.br\/seminf\/#\/schema\/person\/image\/\",\"url\":\"https:\/\/secure.gravatar.com\/avatar\/9c877d1a6adc2a055330e5c09a8653ce?s=96&d=mm&r=g\",\"contentUrl\":\"https:\/\/secure.gravatar.com\/avatar\/9c877d1a6adc2a055330e5c09a8653ce?s=96&d=mm&r=g\",\"caption\":\"Bruna Greco\"}}]}<\/script>\n<!-- \/ Yoast SEO plugin. -->","yoast_head_json":{"title":"Prefeitura recupera drenagem comprometida por tubula\u00e7\u00e3o irregular no S\u00e3o Francisco","description":"Prefeitura de Manaus recupera estrutura de drenagem comprometida por tubula\u00e7\u00e3o irregular no S\u00e3o Francisco.","robots":{"index":"index","follow":"follow","max-snippet":"max-snippet:-1","max-image-preview":"max-image-preview:large","max-video-preview":"max-video-preview:-1"},"canonical":"https:\/\/www.manaus.am.gov.br\/seminf\/recuperacao-drenagem-sao-francisco\/","og_locale":"pt_BR","og_type":"article","og_title":"Prefeitura recupera drenagem comprometida por tubula\u00e7\u00e3o irregular no S\u00e3o Francisco","og_description":"Prefeitura de Manaus recupera estrutura de drenagem comprometida por tubula\u00e7\u00e3o irregular no S\u00e3o Francisco.","og_url":"https:\/\/www.manaus.am.gov.br\/seminf\/recuperacao-drenagem-sao-francisco\/","og_site_name":"SEMINF","article_published_time":"2025-11-12T21:11:11+00:00","og_image":[{"width":1290,"height":862,"url":"https:\/\/www.manaus.am.gov.br\/seminf\/wp-content\/uploads\/sites\/6\/2025\/11\/Servico-2.jpeg","type":"image\/jpeg"}],"author":"Bruna Greco","twitter_card":"summary_large_image","twitter_misc":{"Written by":"Bruna Greco","Est. reading time":"3 minutos"},"schema":{"@context":"https:\/\/schema.org","@graph":[{"@type":"WebPage","@id":"https:\/\/www.manaus.am.gov.br\/seminf\/recuperacao-drenagem-sao-francisco\/","url":"https:\/\/www.manaus.am.gov.br\/seminf\/recuperacao-drenagem-sao-francisco\/","name":"Prefeitura recupera drenagem comprometida por tubula\u00e7\u00e3o irregular no S\u00e3o Francisco","isPartOf":{"@id":"https:\/\/www.manaus.am.gov.br\/seminf\/#website"},"primaryImageOfPage":{"@id":"https:\/\/www.manaus.am.gov.br\/seminf\/recuperacao-drenagem-sao-francisco\/#primaryimage"},"image":{"@id":"https:\/\/www.manaus.am.gov.br\/seminf\/recuperacao-drenagem-sao-francisco\/#primaryimage"},"thumbnailUrl":"https:\/\/www.manaus.am.gov.br\/seminf\/wp-content\/uploads\/sites\/6\/2025\/11\/Servico-2.jpeg","datePublished":"2025-11-12T21:11:11+00:00","dateModified":"2025-11-12T21:11:11+00:00","author":{"@id":"https:\/\/www.manaus.am.gov.br\/seminf\/#\/schema\/person\/05d223aea2bf115f9883a6ff3683d81b"},"description":"Prefeitura de Manaus recupera estrutura de drenagem comprometida por tubula\u00e7\u00e3o irregular no S\u00e3o Francisco.","inLanguage":"pt-BR","potentialAction":[{"@type":"ReadAction","target":["https:\/\/www.manaus.am.gov.br\/seminf\/recuperacao-drenagem-sao-francisco\/"]}]},{"@type":"ImageObject","inLanguage":"pt-BR","@id":"https:\/\/www.manaus.am.gov.br\/seminf\/recuperacao-drenagem-sao-francisco\/#primaryimage","url":"https:\/\/www.manaus.am.gov.br\/seminf\/wp-content\/uploads\/sites\/6\/2025\/11\/Servico-2.jpeg","contentUrl":"https:\/\/www.manaus.am.gov.br\/seminf\/wp-content\/uploads\/sites\/6\/2025\/11\/Servico-2.jpeg","width":1290,"height":862,"caption":"#paratodosverem - Equipe da Seminf realizando a recupera\u00e7\u00e3o da rede de drenagem profunda da rua Coronel Manoel Corr\u00eaa, no bairro S\u00e3o Francisco"},{"@type":"WebSite","@id":"https:\/\/www.manaus.am.gov.br\/seminf\/#website","url":"https:\/\/www.manaus.am.gov.br\/seminf\/","name":"Secretaria de Infraestrutura","description":"Secretaria Municipal de Infraestrutura","potentialAction":[{"@type":"SearchAction","target":{"@type":"EntryPoint","urlTemplate":"https:\/\/www.manaus.am.gov.br\/seminf\/?s={search_term_string}"},"query-input":"required name=search_term_string"}],"inLanguage":"pt-BR"},{"@type":"Person","@id":"https:\/\/www.manaus.am.gov.br\/seminf\/#\/schema\/person\/05d223aea2bf115f9883a6ff3683d81b","name":"Bruna Greco","image":{"@type":"ImageObject","inLanguage":"pt-BR","@id":"https:\/\/www.manaus.am.gov.br\/seminf\/#\/schema\/person\/image\/","url":"https:\/\/secure.gravatar.com\/avatar\/9c877d1a6adc2a055330e5c09a8653ce?s=96&d=mm&r=g","contentUrl":"https:\/\/secure.gravatar.com\/avatar\/9c877d1a6adc2a055330e5c09a8653ce?s=96&d=mm&r=g","caption":"Bruna Greco"}}]}},"_links":{"self":[{"href":"https:\/\/www.manaus.am.gov.br\/seminf\/wp-json\/wp\/v2\/posts\/7605"}],"collection":[{"href":"https:\/\/www.manaus.am.gov.br\/seminf\/wp-json\/wp\/v2\/posts"}],"about":[{"href":"https:\/\/www.manaus.am.gov.br\/seminf\/wp-json\/wp\/v2\/types\/post"}],"author":[{"embeddable":true,"href":"https:\/\/www.manaus.am.gov.br\/seminf\/wp-json\/wp\/v2\/users\/39"}],"replies":[{"embeddable":true,"href":"https:\/\/www.manaus.am.gov.br\/seminf\/wp-json\/wp\/v2\/comments?post=7605"}],"version-history":[{"count":1,"href":"https:\/\/www.manaus.am.gov.br\/seminf\/wp-json\/wp\/v2\/posts\/7605\/revisions"}],"predecessor-version":[{"id":7608,"href":"https:\/\/www.manaus.am.gov.br\/seminf\/wp-json\/wp\/v2\/posts\/7605\/revisions\/7608"}],"wp:featuredmedia":[{"embeddable":true,"href":"https:\/\/www.manaus.am.gov.br\/seminf\/wp-json\/wp\/v2\/media\/7606"}],"wp:attachment":[{"href":"https:\/\/www.manaus.am.gov.br\/seminf\/wp-json\/wp\/v2\/media?parent=7605"}],"wp:term":[{"taxonomy":"category","embeddable":true,"href":"https:\/\/www.manaus.am.gov.br\/seminf\/wp-json\/wp\/v2\/categories?post=7605"},{"taxonomy":"post_tag","embeddable":true,"href":"https:\/\/www.manaus.am.gov.br\/seminf\/wp-json\/wp\/v2\/tags?post=7605"}],"curies":[{"name":"wp","href":"https:\/\/api.w.org\/{rel}","templated":true}]}}