{"id":7600,"date":"2025-11-12T15:46:23","date_gmt":"2025-11-12T19:46:23","guid":{"rendered":"https:\/\/www.manaus.am.gov.br\/seminf\/limpeza-rede-de-drenagem-profunda\/"},"modified":"2025-11-12T15:49:15","modified_gmt":"2025-11-12T19:49:15","slug":"limpeza-rede-de-drenagem-profunda","status":"publish","type":"post","link":"https:\/\/www.manaus.am.gov.br\/seminf\/limpeza-rede-de-drenagem-profunda\/","title":{"rendered":"Prefeitura atende solicita\u00e7\u00e3o dos moradores do conjunto Castanheiras e trabalha na limpeza da rede de drenagem profunda da via"},"content":{"rendered":"\n<p>A Prefeitura de Manaus, por meio da Secretaria Municipal de Infraestrutura (Seminf), atendeu, nesta quarta-feira, 12\/11, a solicita\u00e7\u00e3o dos moradores da rua Itaperoa, no conjunto Castanheiras, bairro Gilberto Mestrinho, e realiza a limpeza e recupera\u00e7\u00e3o da rede de drenagem profunda da via.&nbsp;<\/p>\n\n\n\n<p>No local, os moradores enfrentavam dificuldades em dias de chuva, e ficaram contentes em ver o poder p\u00fablico presente atendendo a solicita\u00e7\u00e3o, como destacou o gestor comercial e morador Altevir Braga, 37 anos.<\/p>\n\n\n\n<p>\u201cEu estou muito feliz e agora tranquilo em ver a equipe da Prefeitura de Manaus atuando na minha rua, eu fui um dos moradores que fez a solicita\u00e7\u00e3o, pois est\u00e1vamos sofrendo com alagamentos na rua. S\u00f3 temos a agradecer ao nosso prefeito David Almeida e ao vice-prefeito Renato Junior, por estarem realizando as melhorias por Manaus\u201d, comemora o morador.&nbsp;<\/p>\n\n\n\n<p>A equipe da \u00e1rea distrital da zona Leste trabalha com o apoio de uma retroescavadeira, abrindo pontos para identificar a obstru\u00e7\u00e3o, e em seguida, executar a limpeza e a manuten\u00e7\u00e3o da rede de drenagem se estiver danificada.&nbsp;<\/p>\n\n\n\n<p>Durante o in\u00edcio dos trabalhos foram retiradas garrafas e sacolas pl\u00e1sticas, al\u00e9m de um assento do vaso sanit\u00e1rio descartado de forma irregular. O vice-prefeito e secret\u00e1rio de Obras, Renato Junior, enfatiza a import\u00e2ncia de descartar os res\u00edduos de forma correta.&nbsp;<\/p>\n\n\n\n<p>\u201cLutamos todos os dias nas ruas de Manaus retirando os lixos jogados de forma incorreta, quando chove, esses res\u00edduos s\u00e3o arrastados para dentro das galerias subterr\u00e2neas e caixas coletoras e provocam os alagamentos nas ruas, afetando a pr\u00f3pria casa dos moradores, por isso \u00e9 necess\u00e1rio o trabalho em conjunto, a conscientiza\u00e7\u00e3o e a preserva\u00e7\u00e3o da nossa cidade, vamos todos cuidar juntos de Manaus. A gest\u00e3o do prefeito David Almeida faz a sua parte e n\u00f3s tamb\u00e9m contamos com a ajuda de todos para jogar lixo no lugar correto\u201d, afirma Renato Junior.<\/p>\n\n\n\n<p>\u2014- \u2014 \u2014<br><strong>Texto &#8211;<\/strong> Rayana Coutinho\/ Seminf<br><strong>Fotos &#8211;<\/strong> Giancarlo Silva\/ Seminf\u00a0<\/p>\n","protected":false},"excerpt":{"rendered":"","protected":false},"author":68,"featured_media":7601,"comment_status":"closed","ping_status":"closed","sticky":false,"template":"","format":"standard","meta":{"footnotes":""},"categories":[6],"tags":[2758,1535,2759,43,26,1926],"acf":[],"yoast_head":"<!-- This site is optimized with the Yoast SEO plugin v23.0 - https:\/\/yoast.com\/wordpress\/plugins\/seo\/ -->\n<title>Prefeitura trabalha na limpeza da rede de drenagem profunda<\/title>\n<meta name=\"description\" content=\"A Prefeitura de Manaus atendeu, nesta quarta-feira, 12\/11, a solicita\u00e7\u00e3o dos moradores da rua Itaperoa, no conjunto Castanheiras.\" \/>\n<meta name=\"robots\" content=\"index, follow, max-snippet:-1, max-image-preview:large, max-video-preview:-1\" \/>\n<link rel=\"canonical\" href=\"https:\/\/www.manaus.am.gov.br\/seminf\/limpeza-rede-de-drenagem-profunda\/\" \/>\n<meta property=\"og:locale\" content=\"pt_BR\" \/>\n<meta property=\"og:type\" content=\"article\" \/>\n<meta property=\"og:title\" content=\"Prefeitura trabalha na limpeza da rede de drenagem profunda\" \/>\n<meta property=\"og:description\" content=\"A Prefeitura de Manaus atendeu, nesta quarta-feira, 12\/11, a solicita\u00e7\u00e3o dos moradores da rua Itaperoa, no conjunto Castanheiras.\" \/>\n<meta property=\"og:url\" content=\"https:\/\/www.manaus.am.gov.br\/seminf\/limpeza-rede-de-drenagem-profunda\/\" \/>\n<meta property=\"og:site_name\" content=\"SEMINF\" \/>\n<meta property=\"article:published_time\" content=\"2025-11-12T19:46:23+00:00\" \/>\n<meta property=\"article:modified_time\" content=\"2025-11-12T19:49:15+00:00\" \/>\n<meta property=\"og:image\" content=\"https:\/\/www.manaus.am.gov.br\/seminf\/wp-content\/uploads\/sites\/6\/2025\/11\/Prefeitura-atende-solicitacao-dos-moradores-do-conjunto-Castanheiras-e-trabalha-na-limpeza-da-rede-de-drenagem-profunda-da-via-4.jpg\" \/>\n\t<meta property=\"og:image:width\" content=\"1600\" \/>\n\t<meta property=\"og:image:height\" content=\"1067\" \/>\n\t<meta property=\"og:image:type\" content=\"image\/jpeg\" \/>\n<meta name=\"author\" content=\"bvalente\" \/>\n<meta name=\"twitter:card\" content=\"summary_large_image\" \/>\n<meta name=\"twitter:label1\" content=\"Written by\" \/>\n\t<meta name=\"twitter:data1\" content=\"bvalente\" \/>\n\t<meta name=\"twitter:label2\" content=\"Est. reading time\" \/>\n\t<meta name=\"twitter:data2\" content=\"2 minutos\" \/>\n<script type=\"application\/ld+json\" class=\"yoast-schema-graph\">{\"@context\":\"https:\/\/schema.org\",\"@graph\":[{\"@type\":\"WebPage\",\"@id\":\"https:\/\/www.manaus.am.gov.br\/seminf\/limpeza-rede-de-drenagem-profunda\/\",\"url\":\"https:\/\/www.manaus.am.gov.br\/seminf\/limpeza-rede-de-drenagem-profunda\/\",\"name\":\"Prefeitura trabalha na limpeza da rede de drenagem profunda\",\"isPartOf\":{\"@id\":\"https:\/\/www.manaus.am.gov.br\/seminf\/#website\"},\"primaryImageOfPage\":{\"@id\":\"https:\/\/www.manaus.am.gov.br\/seminf\/limpeza-rede-de-drenagem-profunda\/#primaryimage\"},\"image\":{\"@id\":\"https:\/\/www.manaus.am.gov.br\/seminf\/limpeza-rede-de-drenagem-profunda\/#primaryimage\"},\"thumbnailUrl\":\"https:\/\/www.manaus.am.gov.br\/seminf\/wp-content\/uploads\/sites\/6\/2025\/11\/Prefeitura-atende-solicitacao-dos-moradores-do-conjunto-Castanheiras-e-trabalha-na-limpeza-da-rede-de-drenagem-profunda-da-via-4.jpg\",\"datePublished\":\"2025-11-12T19:46:23+00:00\",\"dateModified\":\"2025-11-12T19:49:15+00:00\",\"author\":{\"@id\":\"https:\/\/www.manaus.am.gov.br\/seminf\/#\/schema\/person\/466a0e03ae4b6062809046bd560ac955\"},\"description\":\"A Prefeitura de Manaus atendeu, nesta quarta-feira, 12\/11, a solicita\u00e7\u00e3o dos moradores da rua Itaperoa, no conjunto Castanheiras.\",\"inLanguage\":\"pt-BR\",\"potentialAction\":[{\"@type\":\"ReadAction\",\"target\":[\"https:\/\/www.manaus.am.gov.br\/seminf\/limpeza-rede-de-drenagem-profunda\/\"]}]},{\"@type\":\"ImageObject\",\"inLanguage\":\"pt-BR\",\"@id\":\"https:\/\/www.manaus.am.gov.br\/seminf\/limpeza-rede-de-drenagem-profunda\/#primaryimage\",\"url\":\"https:\/\/www.manaus.am.gov.br\/seminf\/wp-content\/uploads\/sites\/6\/2025\/11\/Prefeitura-atende-solicitacao-dos-moradores-do-conjunto-Castanheiras-e-trabalha-na-limpeza-da-rede-de-drenagem-profunda-da-via-4.jpg\",\"contentUrl\":\"https:\/\/www.manaus.am.gov.br\/seminf\/wp-content\/uploads\/sites\/6\/2025\/11\/Prefeitura-atende-solicitacao-dos-moradores-do-conjunto-Castanheiras-e-trabalha-na-limpeza-da-rede-de-drenagem-profunda-da-via-4.jpg\",\"width\":1600,\"height\":1067,\"caption\":\"#paratodosverem \u2013 Servidor e maquin\u00e1rio da Seminf realizando a\"},{\"@type\":\"WebSite\",\"@id\":\"https:\/\/www.manaus.am.gov.br\/seminf\/#website\",\"url\":\"https:\/\/www.manaus.am.gov.br\/seminf\/\",\"name\":\"Secretaria de Infraestrutura\",\"description\":\"Secretaria Municipal de Infraestrutura\",\"potentialAction\":[{\"@type\":\"SearchAction\",\"target\":{\"@type\":\"EntryPoint\",\"urlTemplate\":\"https:\/\/www.manaus.am.gov.br\/seminf\/?s={search_term_string}\"},\"query-input\":\"required name=search_term_string\"}],\"inLanguage\":\"pt-BR\"},{\"@type\":\"Person\",\"@id\":\"https:\/\/www.manaus.am.gov.br\/seminf\/#\/schema\/person\/466a0e03ae4b6062809046bd560ac955\",\"name\":\"bvalente\",\"image\":{\"@type\":\"ImageObject\",\"inLanguage\":\"pt-BR\",\"@id\":\"https:\/\/www.manaus.am.gov.br\/seminf\/#\/schema\/person\/image\/\",\"url\":\"https:\/\/secure.gravatar.com\/avatar\/3e69bc2b014bdad41adfec3a39de07d2?s=96&d=mm&r=g\",\"contentUrl\":\"https:\/\/secure.gravatar.com\/avatar\/3e69bc2b014bdad41adfec3a39de07d2?s=96&d=mm&r=g\",\"caption\":\"bvalente\"}}]}<\/script>\n<!-- \/ Yoast SEO plugin. -->","yoast_head_json":{"title":"Prefeitura trabalha na limpeza da rede de drenagem profunda","description":"A Prefeitura de Manaus atendeu, nesta quarta-feira, 12\/11, a solicita\u00e7\u00e3o dos moradores da rua Itaperoa, no conjunto Castanheiras.","robots":{"index":"index","follow":"follow","max-snippet":"max-snippet:-1","max-image-preview":"max-image-preview:large","max-video-preview":"max-video-preview:-1"},"canonical":"https:\/\/www.manaus.am.gov.br\/seminf\/limpeza-rede-de-drenagem-profunda\/","og_locale":"pt_BR","og_type":"article","og_title":"Prefeitura trabalha na limpeza da rede de drenagem profunda","og_description":"A Prefeitura de Manaus atendeu, nesta quarta-feira, 12\/11, a solicita\u00e7\u00e3o dos moradores da rua Itaperoa, no conjunto Castanheiras.","og_url":"https:\/\/www.manaus.am.gov.br\/seminf\/limpeza-rede-de-drenagem-profunda\/","og_site_name":"SEMINF","article_published_time":"2025-11-12T19:46:23+00:00","article_modified_time":"2025-11-12T19:49:15+00:00","og_image":[{"width":1600,"height":1067,"url":"https:\/\/www.manaus.am.gov.br\/seminf\/wp-content\/uploads\/sites\/6\/2025\/11\/Prefeitura-atende-solicitacao-dos-moradores-do-conjunto-Castanheiras-e-trabalha-na-limpeza-da-rede-de-drenagem-profunda-da-via-4.jpg","type":"image\/jpeg"}],"author":"bvalente","twitter_card":"summary_large_image","twitter_misc":{"Written by":"bvalente","Est. reading time":"2 minutos"},"schema":{"@context":"https:\/\/schema.org","@graph":[{"@type":"WebPage","@id":"https:\/\/www.manaus.am.gov.br\/seminf\/limpeza-rede-de-drenagem-profunda\/","url":"https:\/\/www.manaus.am.gov.br\/seminf\/limpeza-rede-de-drenagem-profunda\/","name":"Prefeitura trabalha na limpeza da rede de drenagem profunda","isPartOf":{"@id":"https:\/\/www.manaus.am.gov.br\/seminf\/#website"},"primaryImageOfPage":{"@id":"https:\/\/www.manaus.am.gov.br\/seminf\/limpeza-rede-de-drenagem-profunda\/#primaryimage"},"image":{"@id":"https:\/\/www.manaus.am.gov.br\/seminf\/limpeza-rede-de-drenagem-profunda\/#primaryimage"},"thumbnailUrl":"https:\/\/www.manaus.am.gov.br\/seminf\/wp-content\/uploads\/sites\/6\/2025\/11\/Prefeitura-atende-solicitacao-dos-moradores-do-conjunto-Castanheiras-e-trabalha-na-limpeza-da-rede-de-drenagem-profunda-da-via-4.jpg","datePublished":"2025-11-12T19:46:23+00:00","dateModified":"2025-11-12T19:49:15+00:00","author":{"@id":"https:\/\/www.manaus.am.gov.br\/seminf\/#\/schema\/person\/466a0e03ae4b6062809046bd560ac955"},"description":"A Prefeitura de Manaus atendeu, nesta quarta-feira, 12\/11, a solicita\u00e7\u00e3o dos moradores da rua Itaperoa, no conjunto Castanheiras.","inLanguage":"pt-BR","potentialAction":[{"@type":"ReadAction","target":["https:\/\/www.manaus.am.gov.br\/seminf\/limpeza-rede-de-drenagem-profunda\/"]}]},{"@type":"ImageObject","inLanguage":"pt-BR","@id":"https:\/\/www.manaus.am.gov.br\/seminf\/limpeza-rede-de-drenagem-profunda\/#primaryimage","url":"https:\/\/www.manaus.am.gov.br\/seminf\/wp-content\/uploads\/sites\/6\/2025\/11\/Prefeitura-atende-solicitacao-dos-moradores-do-conjunto-Castanheiras-e-trabalha-na-limpeza-da-rede-de-drenagem-profunda-da-via-4.jpg","contentUrl":"https:\/\/www.manaus.am.gov.br\/seminf\/wp-content\/uploads\/sites\/6\/2025\/11\/Prefeitura-atende-solicitacao-dos-moradores-do-conjunto-Castanheiras-e-trabalha-na-limpeza-da-rede-de-drenagem-profunda-da-via-4.jpg","width":1600,"height":1067,"caption":"#paratodosverem \u2013 Servidor e maquin\u00e1rio da Seminf realizando a"},{"@type":"WebSite","@id":"https:\/\/www.manaus.am.gov.br\/seminf\/#website","url":"https:\/\/www.manaus.am.gov.br\/seminf\/","name":"Secretaria de Infraestrutura","description":"Secretaria Municipal de Infraestrutura","potentialAction":[{"@type":"SearchAction","target":{"@type":"EntryPoint","urlTemplate":"https:\/\/www.manaus.am.gov.br\/seminf\/?s={search_term_string}"},"query-input":"required name=search_term_string"}],"inLanguage":"pt-BR"},{"@type":"Person","@id":"https:\/\/www.manaus.am.gov.br\/seminf\/#\/schema\/person\/466a0e03ae4b6062809046bd560ac955","name":"bvalente","image":{"@type":"ImageObject","inLanguage":"pt-BR","@id":"https:\/\/www.manaus.am.gov.br\/seminf\/#\/schema\/person\/image\/","url":"https:\/\/secure.gravatar.com\/avatar\/3e69bc2b014bdad41adfec3a39de07d2?s=96&d=mm&r=g","contentUrl":"https:\/\/secure.gravatar.com\/avatar\/3e69bc2b014bdad41adfec3a39de07d2?s=96&d=mm&r=g","caption":"bvalente"}}]}},"_links":{"self":[{"href":"https:\/\/www.manaus.am.gov.br\/seminf\/wp-json\/wp\/v2\/posts\/7600"}],"collection":[{"href":"https:\/\/www.manaus.am.gov.br\/seminf\/wp-json\/wp\/v2\/posts"}],"about":[{"href":"https:\/\/www.manaus.am.gov.br\/seminf\/wp-json\/wp\/v2\/types\/post"}],"author":[{"embeddable":true,"href":"https:\/\/www.manaus.am.gov.br\/seminf\/wp-json\/wp\/v2\/users\/68"}],"replies":[{"embeddable":true,"href":"https:\/\/www.manaus.am.gov.br\/seminf\/wp-json\/wp\/v2\/comments?post=7600"}],"version-history":[{"count":1,"href":"https:\/\/www.manaus.am.gov.br\/seminf\/wp-json\/wp\/v2\/posts\/7600\/revisions"}],"predecessor-version":[{"id":7602,"href":"https:\/\/www.manaus.am.gov.br\/seminf\/wp-json\/wp\/v2\/posts\/7600\/revisions\/7602"}],"wp:featuredmedia":[{"embeddable":true,"href":"https:\/\/www.manaus.am.gov.br\/seminf\/wp-json\/wp\/v2\/media\/7601"}],"wp:attachment":[{"href":"https:\/\/www.manaus.am.gov.br\/seminf\/wp-json\/wp\/v2\/media?parent=7600"}],"wp:term":[{"taxonomy":"category","embeddable":true,"href":"https:\/\/www.manaus.am.gov.br\/seminf\/wp-json\/wp\/v2\/categories?post=7600"},{"taxonomy":"post_tag","embeddable":true,"href":"https:\/\/www.manaus.am.gov.br\/seminf\/wp-json\/wp\/v2\/tags?post=7600"}],"curies":[{"name":"wp","href":"https:\/\/api.w.org\/{rel}","templated":true}]}}