{"id":7598,"date":"2025-11-11T21:52:51","date_gmt":"2025-11-12T01:52:51","guid":{"rendered":"https:\/\/www.manaus.am.gov.br\/seminf\/desobstrucao-de-galeria-subterranea\/"},"modified":"2025-11-11T21:52:53","modified_gmt":"2025-11-12T01:52:53","slug":"desobstrucao-de-galeria-subterranea","status":"publish","type":"post","link":"https:\/\/www.manaus.am.gov.br\/seminf\/desobstrucao-de-galeria-subterranea\/","title":{"rendered":"Prefeitura de Manaus realiza desobstru\u00e7\u00e3o de galeria subterr\u00e2nea na avenida 7 de Setembro\u00a0"},"content":{"rendered":"\n<p><br>A Prefeitura de Manaus, por meio da Secretaria Municipal de Infraestrutura (Seminf), executou, nesta ter\u00e7a-feira, 11\/11, a manuten\u00e7\u00e3o de um trecho do sistema de drenagem profunda da avenida 7 de Setembro, localizada no centro hist\u00f3rico da cidade, na zona Sul, melhorando o escoamento das \u00e1guas pluviais.&nbsp;<\/p>\n\n\n\n<p>O vice-prefeito e secret\u00e1rio de Obras, Renato Junior, afirma que equipes da Seminf vem realizando servi\u00e7os de manuten\u00e7\u00e3o e limpeza em galerias subterr\u00e2neas de forma peri\u00f3dica.<\/p>\n\n\n\n<p>\u201cNossas equipes trabalham em pontos cr\u00edticos da \u00e1rea central da cidade para evitar alagamentos na regi\u00e3o, com manuten\u00e7\u00e3o de drenagem profunda e desobstru\u00e7\u00e3o de caixas coletoras. A gest\u00e3o do prefeito David Almeida tem trabalhado periodicamente no centro hist\u00f3rico com diversos servi\u00e7os, de infraestrutura a a\u00e7\u00f5es sociais, para devolver o Centro \u00e0 popula\u00e7\u00e3o, trazendo os manauaras de volta para o nosso principal cart\u00e3o-postal\u201d, afirma Renato Junior.<\/p>\n\n\n\n<p>O time de oper\u00e1rios contou com o suporte de um caminh\u00e3o hidrojato para realizar a desobstru\u00e7\u00e3o do sistema de drenagem, que se encontrava entupido, causando transtornos \u00e0 \u00e1rea. Al\u00e9m da desobstru\u00e7\u00e3o, a equipe executa o anelamento da tubula\u00e7\u00e3o, evitando a fuga de material e, consequentemente, a abertura de crateras na via.<\/p>\n\n\n\n<p>Obras como esta da avenida 7 de Setembro, refor\u00e7am o compromisso da Prefeitura de Manaus em evitar alagamentos em pontos espec\u00edficos da cidade, garantindo seguran\u00e7a para todos.<\/p>\n\n\n\n<p>\u2014- \u2014 \u2014<br><strong>Texto &#8211;<\/strong> Eduarda Lira\/Seminf<br><strong>Fotos &#8211; <\/strong>Divulga\u00e7\u00e3o\/Seminf<\/p>\n","protected":false},"excerpt":{"rendered":"","protected":false},"author":68,"featured_media":7599,"comment_status":"closed","ping_status":"closed","sticky":false,"template":"","format":"standard","meta":{"footnotes":""},"categories":[3],"tags":[2756,2757,43,26],"acf":[],"yoast_head":"<!-- This site is optimized with the Yoast SEO plugin v23.0 - https:\/\/yoast.com\/wordpress\/plugins\/seo\/ -->\n<title>Prefeitura de Manaus realiza desobstru\u00e7\u00e3o de galeria subterr\u00e2nea<\/title>\n<meta name=\"description\" content=\"A Prefeitura executou, nesta ter\u00e7a-feira, 11\/11, a manuten\u00e7\u00e3o de um trecho do sistema de drenagem profunda da avenida 7 de Setembro.\" \/>\n<meta name=\"robots\" content=\"index, follow, max-snippet:-1, max-image-preview:large, max-video-preview:-1\" \/>\n<link rel=\"canonical\" href=\"https:\/\/www.manaus.am.gov.br\/seminf\/desobstrucao-de-galeria-subterranea\/\" \/>\n<meta property=\"og:locale\" content=\"pt_BR\" \/>\n<meta property=\"og:type\" content=\"article\" \/>\n<meta property=\"og:title\" content=\"Prefeitura de Manaus realiza desobstru\u00e7\u00e3o de galeria subterr\u00e2nea\" \/>\n<meta property=\"og:description\" content=\"A Prefeitura executou, nesta ter\u00e7a-feira, 11\/11, a manuten\u00e7\u00e3o de um trecho do sistema de drenagem profunda da avenida 7 de Setembro.\" \/>\n<meta property=\"og:url\" content=\"https:\/\/www.manaus.am.gov.br\/seminf\/desobstrucao-de-galeria-subterranea\/\" \/>\n<meta property=\"og:site_name\" content=\"SEMINF\" \/>\n<meta property=\"article:published_time\" content=\"2025-11-12T01:52:51+00:00\" \/>\n<meta property=\"article:modified_time\" content=\"2025-11-12T01:52:53+00:00\" \/>\n<meta property=\"og:image\" content=\"https:\/\/www.manaus.am.gov.br\/seminf\/wp-content\/uploads\/sites\/6\/2025\/11\/2e.png\" \/>\n\t<meta property=\"og:image:width\" content=\"1280\" \/>\n\t<meta property=\"og:image:height\" content=\"720\" \/>\n\t<meta property=\"og:image:type\" content=\"image\/png\" \/>\n<meta name=\"author\" content=\"bvalente\" \/>\n<meta name=\"twitter:card\" content=\"summary_large_image\" \/>\n<meta name=\"twitter:label1\" content=\"Written by\" \/>\n\t<meta name=\"twitter:data1\" content=\"bvalente\" \/>\n\t<meta name=\"twitter:label2\" content=\"Est. reading time\" \/>\n\t<meta name=\"twitter:data2\" content=\"2 minutos\" \/>\n<script type=\"application\/ld+json\" class=\"yoast-schema-graph\">{\"@context\":\"https:\/\/schema.org\",\"@graph\":[{\"@type\":\"WebPage\",\"@id\":\"https:\/\/www.manaus.am.gov.br\/seminf\/desobstrucao-de-galeria-subterranea\/\",\"url\":\"https:\/\/www.manaus.am.gov.br\/seminf\/desobstrucao-de-galeria-subterranea\/\",\"name\":\"Prefeitura de Manaus realiza desobstru\u00e7\u00e3o de galeria subterr\u00e2nea\",\"isPartOf\":{\"@id\":\"https:\/\/www.manaus.am.gov.br\/seminf\/#website\"},\"primaryImageOfPage\":{\"@id\":\"https:\/\/www.manaus.am.gov.br\/seminf\/desobstrucao-de-galeria-subterranea\/#primaryimage\"},\"image\":{\"@id\":\"https:\/\/www.manaus.am.gov.br\/seminf\/desobstrucao-de-galeria-subterranea\/#primaryimage\"},\"thumbnailUrl\":\"https:\/\/www.manaus.am.gov.br\/seminf\/wp-content\/uploads\/sites\/6\/2025\/11\/2e.png\",\"datePublished\":\"2025-11-12T01:52:51+00:00\",\"dateModified\":\"2025-11-12T01:52:53+00:00\",\"author\":{\"@id\":\"https:\/\/www.manaus.am.gov.br\/seminf\/#\/schema\/person\/466a0e03ae4b6062809046bd560ac955\"},\"description\":\"A Prefeitura executou, nesta ter\u00e7a-feira, 11\/11, a manuten\u00e7\u00e3o de um trecho do sistema de drenagem profunda da avenida 7 de Setembro.\",\"inLanguage\":\"pt-BR\",\"potentialAction\":[{\"@type\":\"ReadAction\",\"target\":[\"https:\/\/www.manaus.am.gov.br\/seminf\/desobstrucao-de-galeria-subterranea\/\"]}]},{\"@type\":\"ImageObject\",\"inLanguage\":\"pt-BR\",\"@id\":\"https:\/\/www.manaus.am.gov.br\/seminf\/desobstrucao-de-galeria-subterranea\/#primaryimage\",\"url\":\"https:\/\/www.manaus.am.gov.br\/seminf\/wp-content\/uploads\/sites\/6\/2025\/11\/2e.png\",\"contentUrl\":\"https:\/\/www.manaus.am.gov.br\/seminf\/wp-content\/uploads\/sites\/6\/2025\/11\/2e.png\",\"width\":1280,\"height\":720,\"caption\":\"#paratodosverem \u2013 Servidores da Seminf realizando a manuten\u00e7\u00e3o de rede de drenagem\"},{\"@type\":\"WebSite\",\"@id\":\"https:\/\/www.manaus.am.gov.br\/seminf\/#website\",\"url\":\"https:\/\/www.manaus.am.gov.br\/seminf\/\",\"name\":\"Secretaria de Infraestrutura\",\"description\":\"Secretaria Municipal de Infraestrutura\",\"potentialAction\":[{\"@type\":\"SearchAction\",\"target\":{\"@type\":\"EntryPoint\",\"urlTemplate\":\"https:\/\/www.manaus.am.gov.br\/seminf\/?s={search_term_string}\"},\"query-input\":\"required name=search_term_string\"}],\"inLanguage\":\"pt-BR\"},{\"@type\":\"Person\",\"@id\":\"https:\/\/www.manaus.am.gov.br\/seminf\/#\/schema\/person\/466a0e03ae4b6062809046bd560ac955\",\"name\":\"bvalente\",\"image\":{\"@type\":\"ImageObject\",\"inLanguage\":\"pt-BR\",\"@id\":\"https:\/\/www.manaus.am.gov.br\/seminf\/#\/schema\/person\/image\/\",\"url\":\"https:\/\/secure.gravatar.com\/avatar\/3e69bc2b014bdad41adfec3a39de07d2?s=96&d=mm&r=g\",\"contentUrl\":\"https:\/\/secure.gravatar.com\/avatar\/3e69bc2b014bdad41adfec3a39de07d2?s=96&d=mm&r=g\",\"caption\":\"bvalente\"}}]}<\/script>\n<!-- \/ Yoast SEO plugin. -->","yoast_head_json":{"title":"Prefeitura de Manaus realiza desobstru\u00e7\u00e3o de galeria subterr\u00e2nea","description":"A Prefeitura executou, nesta ter\u00e7a-feira, 11\/11, a manuten\u00e7\u00e3o de um trecho do sistema de drenagem profunda da avenida 7 de Setembro.","robots":{"index":"index","follow":"follow","max-snippet":"max-snippet:-1","max-image-preview":"max-image-preview:large","max-video-preview":"max-video-preview:-1"},"canonical":"https:\/\/www.manaus.am.gov.br\/seminf\/desobstrucao-de-galeria-subterranea\/","og_locale":"pt_BR","og_type":"article","og_title":"Prefeitura de Manaus realiza desobstru\u00e7\u00e3o de galeria subterr\u00e2nea","og_description":"A Prefeitura executou, nesta ter\u00e7a-feira, 11\/11, a manuten\u00e7\u00e3o de um trecho do sistema de drenagem profunda da avenida 7 de Setembro.","og_url":"https:\/\/www.manaus.am.gov.br\/seminf\/desobstrucao-de-galeria-subterranea\/","og_site_name":"SEMINF","article_published_time":"2025-11-12T01:52:51+00:00","article_modified_time":"2025-11-12T01:52:53+00:00","og_image":[{"width":1280,"height":720,"url":"https:\/\/www.manaus.am.gov.br\/seminf\/wp-content\/uploads\/sites\/6\/2025\/11\/2e.png","type":"image\/png"}],"author":"bvalente","twitter_card":"summary_large_image","twitter_misc":{"Written by":"bvalente","Est. reading time":"2 minutos"},"schema":{"@context":"https:\/\/schema.org","@graph":[{"@type":"WebPage","@id":"https:\/\/www.manaus.am.gov.br\/seminf\/desobstrucao-de-galeria-subterranea\/","url":"https:\/\/www.manaus.am.gov.br\/seminf\/desobstrucao-de-galeria-subterranea\/","name":"Prefeitura de Manaus realiza desobstru\u00e7\u00e3o de galeria subterr\u00e2nea","isPartOf":{"@id":"https:\/\/www.manaus.am.gov.br\/seminf\/#website"},"primaryImageOfPage":{"@id":"https:\/\/www.manaus.am.gov.br\/seminf\/desobstrucao-de-galeria-subterranea\/#primaryimage"},"image":{"@id":"https:\/\/www.manaus.am.gov.br\/seminf\/desobstrucao-de-galeria-subterranea\/#primaryimage"},"thumbnailUrl":"https:\/\/www.manaus.am.gov.br\/seminf\/wp-content\/uploads\/sites\/6\/2025\/11\/2e.png","datePublished":"2025-11-12T01:52:51+00:00","dateModified":"2025-11-12T01:52:53+00:00","author":{"@id":"https:\/\/www.manaus.am.gov.br\/seminf\/#\/schema\/person\/466a0e03ae4b6062809046bd560ac955"},"description":"A Prefeitura executou, nesta ter\u00e7a-feira, 11\/11, a manuten\u00e7\u00e3o de um trecho do sistema de drenagem profunda da avenida 7 de Setembro.","inLanguage":"pt-BR","potentialAction":[{"@type":"ReadAction","target":["https:\/\/www.manaus.am.gov.br\/seminf\/desobstrucao-de-galeria-subterranea\/"]}]},{"@type":"ImageObject","inLanguage":"pt-BR","@id":"https:\/\/www.manaus.am.gov.br\/seminf\/desobstrucao-de-galeria-subterranea\/#primaryimage","url":"https:\/\/www.manaus.am.gov.br\/seminf\/wp-content\/uploads\/sites\/6\/2025\/11\/2e.png","contentUrl":"https:\/\/www.manaus.am.gov.br\/seminf\/wp-content\/uploads\/sites\/6\/2025\/11\/2e.png","width":1280,"height":720,"caption":"#paratodosverem \u2013 Servidores da Seminf realizando a manuten\u00e7\u00e3o de rede de drenagem"},{"@type":"WebSite","@id":"https:\/\/www.manaus.am.gov.br\/seminf\/#website","url":"https:\/\/www.manaus.am.gov.br\/seminf\/","name":"Secretaria de Infraestrutura","description":"Secretaria Municipal de Infraestrutura","potentialAction":[{"@type":"SearchAction","target":{"@type":"EntryPoint","urlTemplate":"https:\/\/www.manaus.am.gov.br\/seminf\/?s={search_term_string}"},"query-input":"required name=search_term_string"}],"inLanguage":"pt-BR"},{"@type":"Person","@id":"https:\/\/www.manaus.am.gov.br\/seminf\/#\/schema\/person\/466a0e03ae4b6062809046bd560ac955","name":"bvalente","image":{"@type":"ImageObject","inLanguage":"pt-BR","@id":"https:\/\/www.manaus.am.gov.br\/seminf\/#\/schema\/person\/image\/","url":"https:\/\/secure.gravatar.com\/avatar\/3e69bc2b014bdad41adfec3a39de07d2?s=96&d=mm&r=g","contentUrl":"https:\/\/secure.gravatar.com\/avatar\/3e69bc2b014bdad41adfec3a39de07d2?s=96&d=mm&r=g","caption":"bvalente"}}]}},"_links":{"self":[{"href":"https:\/\/www.manaus.am.gov.br\/seminf\/wp-json\/wp\/v2\/posts\/7598"}],"collection":[{"href":"https:\/\/www.manaus.am.gov.br\/seminf\/wp-json\/wp\/v2\/posts"}],"about":[{"href":"https:\/\/www.manaus.am.gov.br\/seminf\/wp-json\/wp\/v2\/types\/post"}],"author":[{"embeddable":true,"href":"https:\/\/www.manaus.am.gov.br\/seminf\/wp-json\/wp\/v2\/users\/68"}],"replies":[{"embeddable":true,"href":"https:\/\/www.manaus.am.gov.br\/seminf\/wp-json\/wp\/v2\/comments?post=7598"}],"version-history":[{"count":0,"href":"https:\/\/www.manaus.am.gov.br\/seminf\/wp-json\/wp\/v2\/posts\/7598\/revisions"}],"wp:featuredmedia":[{"embeddable":true,"href":"https:\/\/www.manaus.am.gov.br\/seminf\/wp-json\/wp\/v2\/media\/7599"}],"wp:attachment":[{"href":"https:\/\/www.manaus.am.gov.br\/seminf\/wp-json\/wp\/v2\/media?parent=7598"}],"wp:term":[{"taxonomy":"category","embeddable":true,"href":"https:\/\/www.manaus.am.gov.br\/seminf\/wp-json\/wp\/v2\/categories?post=7598"},{"taxonomy":"post_tag","embeddable":true,"href":"https:\/\/www.manaus.am.gov.br\/seminf\/wp-json\/wp\/v2\/tags?post=7598"}],"curies":[{"name":"wp","href":"https:\/\/api.w.org\/{rel}","templated":true}]}}