{"id":7588,"date":"2025-11-10T15:39:10","date_gmt":"2025-11-10T19:39:10","guid":{"rendered":"https:\/\/www.manaus.am.gov.br\/seminf\/recuperacao-rede-de-drenagem-profunda-4\/"},"modified":"2025-11-10T15:39:12","modified_gmt":"2025-11-10T19:39:12","slug":"recuperacao-rede-de-drenagem-profunda-4","status":"publish","type":"post","link":"https:\/\/www.manaus.am.gov.br\/seminf\/recuperacao-rede-de-drenagem-profunda-4\/","title":{"rendered":"Prefeitura de Manaus recupera rede de drenagem profunda no bairro S\u00e3o Francisco\u00a0"},"content":{"rendered":"\n<p>A Prefeitura de Manaus, por meio da Secretaria Municipal de Infraestrutura (Seminf), atende, nesta segunda-feira, 10\/11, a solicita\u00e7\u00e3o dos moradores da rua Coronel Manoel Corr\u00eaa, no bairro S\u00e3o Francisco, zona Sul, e realizam a recupera\u00e7\u00e3o da rede de drenagem profunda no local.\u00a0<\/p>\n\n\n\n<p>\u201cNa gest\u00e3o do prefeito David Almeida a solicita\u00e7\u00e3o dos moradores tem voz e vez, de Norte a Sul, os distritos respons\u00e1veis seguem atendendo \u00e0s solicita\u00e7\u00f5es das comunidades e executam as obras necess\u00e1rias de forma estrat\u00e9gica e planejada, conforme determina o prefeito. Essa \u00e9 nossa miss\u00e3o e aqui n\u00e3o tem dia e nem hora, estamos a todo vapor pelas ruas\u201d, afirma o vice-prefeito e secret\u00e1rio de Obras, Renato Junior.\u00a0<\/p>\n\n\n\n<p>Ap\u00f3s as equipes chegarem no local e executarem a vistoria, foi identificado por meio da escava\u00e7\u00e3o, o desanelamento dos tubos. Os trabalhadores realizam a recupera\u00e7\u00e3o para que o sistema de drenagem volte a funcionar de forma eficiente, e na sequ\u00eancia ser\u00e1 feita a recupera\u00e7\u00e3o da cal\u00e7ada.\u00a0<\/p>\n\n\n\n<p>O t\u00e9cnico ambiental Heraldo Sena, 76 anos, fez a solicita\u00e7\u00e3o e relata a surpresa em ver as equipes atuando na sua rua.\u00a0<\/p>\n\n\n\n<p>\u201cA equipe da Seminf est\u00e1 aqui presente na minha rua, eu que fiz a solicita\u00e7\u00e3o deste servi\u00e7o e estou sendo atendido. Foi uma surpresa receber a liga\u00e7\u00e3o da equipe t\u00e9cnica e estou acompanhando o in\u00edcio da obra\u201d, relata o morador.<br><br>\u2014- \u2014- \u2014-<br><strong>Texto <\/strong>&#8211; Rayana Coutinho\/ Seminf\u00a0<br><strong>Fotos &#8211; <\/strong>Alessandro Ara\u00fajo\/ Seminf\u00a0<\/p>\n\n\n\n<p><\/p>\n","protected":false},"excerpt":{"rendered":"","protected":false},"author":68,"featured_media":7589,"comment_status":"closed","ping_status":"closed","sticky":false,"template":"","format":"standard","meta":{"footnotes":""},"categories":[3],"tags":[43,2538,26,2564],"acf":[],"yoast_head":"<!-- This site is optimized with the Yoast SEO plugin v23.0 - https:\/\/yoast.com\/wordpress\/plugins\/seo\/ -->\n<title>Prefeitura de Manaus recupera rede de drenagem profunda<\/title>\n<meta name=\"description\" content=\"A Prefeitura de Manaus, atende, nesta segunda-feira, 10, a solicita\u00e7\u00e3o dos moradores da rua Coronel Manoel Corr\u00eaa, no bairro S\u00e3o Francisco.\" \/>\n<meta name=\"robots\" content=\"index, follow, max-snippet:-1, max-image-preview:large, max-video-preview:-1\" \/>\n<link rel=\"canonical\" href=\"https:\/\/www.manaus.am.gov.br\/seminf\/recuperacao-rede-de-drenagem-profunda-4\/\" \/>\n<meta property=\"og:locale\" content=\"pt_BR\" \/>\n<meta property=\"og:type\" content=\"article\" \/>\n<meta property=\"og:title\" content=\"Prefeitura de Manaus recupera rede de drenagem profunda\" \/>\n<meta property=\"og:description\" content=\"A Prefeitura de Manaus, atende, nesta segunda-feira, 10, a solicita\u00e7\u00e3o dos moradores da rua Coronel Manoel Corr\u00eaa, no bairro S\u00e3o Francisco.\" \/>\n<meta property=\"og:url\" content=\"https:\/\/www.manaus.am.gov.br\/seminf\/recuperacao-rede-de-drenagem-profunda-4\/\" \/>\n<meta property=\"og:site_name\" content=\"SEMINF\" \/>\n<meta property=\"article:published_time\" content=\"2025-11-10T19:39:10+00:00\" \/>\n<meta property=\"article:modified_time\" content=\"2025-11-10T19:39:12+00:00\" \/>\n<meta property=\"og:image\" content=\"https:\/\/www.manaus.am.gov.br\/seminf\/wp-content\/uploads\/sites\/6\/2025\/11\/IMG_2388-1024x576.jpg\" \/>\n\t<meta property=\"og:image:width\" content=\"1024\" \/>\n\t<meta property=\"og:image:height\" content=\"576\" \/>\n\t<meta property=\"og:image:type\" content=\"image\/jpeg\" \/>\n<meta name=\"author\" content=\"bvalente\" \/>\n<meta name=\"twitter:card\" content=\"summary_large_image\" \/>\n<meta name=\"twitter:label1\" content=\"Written by\" \/>\n\t<meta name=\"twitter:data1\" content=\"bvalente\" \/>\n\t<meta name=\"twitter:label2\" content=\"Est. reading time\" \/>\n\t<meta name=\"twitter:data2\" content=\"2 minutos\" \/>\n<script type=\"application\/ld+json\" class=\"yoast-schema-graph\">{\"@context\":\"https:\/\/schema.org\",\"@graph\":[{\"@type\":\"WebPage\",\"@id\":\"https:\/\/www.manaus.am.gov.br\/seminf\/recuperacao-rede-de-drenagem-profunda-4\/\",\"url\":\"https:\/\/www.manaus.am.gov.br\/seminf\/recuperacao-rede-de-drenagem-profunda-4\/\",\"name\":\"Prefeitura de Manaus recupera rede de drenagem profunda\",\"isPartOf\":{\"@id\":\"https:\/\/www.manaus.am.gov.br\/seminf\/#website\"},\"primaryImageOfPage\":{\"@id\":\"https:\/\/www.manaus.am.gov.br\/seminf\/recuperacao-rede-de-drenagem-profunda-4\/#primaryimage\"},\"image\":{\"@id\":\"https:\/\/www.manaus.am.gov.br\/seminf\/recuperacao-rede-de-drenagem-profunda-4\/#primaryimage\"},\"thumbnailUrl\":\"https:\/\/www.manaus.am.gov.br\/seminf\/wp-content\/uploads\/sites\/6\/2025\/11\/IMG_2388.jpg\",\"datePublished\":\"2025-11-10T19:39:10+00:00\",\"dateModified\":\"2025-11-10T19:39:12+00:00\",\"author\":{\"@id\":\"https:\/\/www.manaus.am.gov.br\/seminf\/#\/schema\/person\/466a0e03ae4b6062809046bd560ac955\"},\"description\":\"A Prefeitura de Manaus, atende, nesta segunda-feira, 10, a solicita\u00e7\u00e3o dos moradores da rua Coronel Manoel Corr\u00eaa, no bairro S\u00e3o Francisco.\",\"inLanguage\":\"pt-BR\",\"potentialAction\":[{\"@type\":\"ReadAction\",\"target\":[\"https:\/\/www.manaus.am.gov.br\/seminf\/recuperacao-rede-de-drenagem-profunda-4\/\"]}]},{\"@type\":\"ImageObject\",\"inLanguage\":\"pt-BR\",\"@id\":\"https:\/\/www.manaus.am.gov.br\/seminf\/recuperacao-rede-de-drenagem-profunda-4\/#primaryimage\",\"url\":\"https:\/\/www.manaus.am.gov.br\/seminf\/wp-content\/uploads\/sites\/6\/2025\/11\/IMG_2388.jpg\",\"contentUrl\":\"https:\/\/www.manaus.am.gov.br\/seminf\/wp-content\/uploads\/sites\/6\/2025\/11\/IMG_2388.jpg\",\"width\":3520,\"height\":1980,\"caption\":\"#paratodosverem \u2013 Equipe da Seminf realizando recupera\u00e7\u00e3o de rede de drenagem em via\"},{\"@type\":\"WebSite\",\"@id\":\"https:\/\/www.manaus.am.gov.br\/seminf\/#website\",\"url\":\"https:\/\/www.manaus.am.gov.br\/seminf\/\",\"name\":\"Secretaria de Infraestrutura\",\"description\":\"Secretaria Municipal de Infraestrutura\",\"potentialAction\":[{\"@type\":\"SearchAction\",\"target\":{\"@type\":\"EntryPoint\",\"urlTemplate\":\"https:\/\/www.manaus.am.gov.br\/seminf\/?s={search_term_string}\"},\"query-input\":\"required name=search_term_string\"}],\"inLanguage\":\"pt-BR\"},{\"@type\":\"Person\",\"@id\":\"https:\/\/www.manaus.am.gov.br\/seminf\/#\/schema\/person\/466a0e03ae4b6062809046bd560ac955\",\"name\":\"bvalente\",\"image\":{\"@type\":\"ImageObject\",\"inLanguage\":\"pt-BR\",\"@id\":\"https:\/\/www.manaus.am.gov.br\/seminf\/#\/schema\/person\/image\/\",\"url\":\"https:\/\/secure.gravatar.com\/avatar\/3e69bc2b014bdad41adfec3a39de07d2?s=96&d=mm&r=g\",\"contentUrl\":\"https:\/\/secure.gravatar.com\/avatar\/3e69bc2b014bdad41adfec3a39de07d2?s=96&d=mm&r=g\",\"caption\":\"bvalente\"}}]}<\/script>\n<!-- \/ Yoast SEO plugin. -->","yoast_head_json":{"title":"Prefeitura de Manaus recupera rede de drenagem profunda","description":"A Prefeitura de Manaus, atende, nesta segunda-feira, 10, a solicita\u00e7\u00e3o dos moradores da rua Coronel Manoel Corr\u00eaa, no bairro S\u00e3o Francisco.","robots":{"index":"index","follow":"follow","max-snippet":"max-snippet:-1","max-image-preview":"max-image-preview:large","max-video-preview":"max-video-preview:-1"},"canonical":"https:\/\/www.manaus.am.gov.br\/seminf\/recuperacao-rede-de-drenagem-profunda-4\/","og_locale":"pt_BR","og_type":"article","og_title":"Prefeitura de Manaus recupera rede de drenagem profunda","og_description":"A Prefeitura de Manaus, atende, nesta segunda-feira, 10, a solicita\u00e7\u00e3o dos moradores da rua Coronel Manoel Corr\u00eaa, no bairro S\u00e3o Francisco.","og_url":"https:\/\/www.manaus.am.gov.br\/seminf\/recuperacao-rede-de-drenagem-profunda-4\/","og_site_name":"SEMINF","article_published_time":"2025-11-10T19:39:10+00:00","article_modified_time":"2025-11-10T19:39:12+00:00","og_image":[{"width":1024,"height":576,"url":"https:\/\/www.manaus.am.gov.br\/seminf\/wp-content\/uploads\/sites\/6\/2025\/11\/IMG_2388-1024x576.jpg","type":"image\/jpeg"}],"author":"bvalente","twitter_card":"summary_large_image","twitter_misc":{"Written by":"bvalente","Est. reading time":"2 minutos"},"schema":{"@context":"https:\/\/schema.org","@graph":[{"@type":"WebPage","@id":"https:\/\/www.manaus.am.gov.br\/seminf\/recuperacao-rede-de-drenagem-profunda-4\/","url":"https:\/\/www.manaus.am.gov.br\/seminf\/recuperacao-rede-de-drenagem-profunda-4\/","name":"Prefeitura de Manaus recupera rede de drenagem profunda","isPartOf":{"@id":"https:\/\/www.manaus.am.gov.br\/seminf\/#website"},"primaryImageOfPage":{"@id":"https:\/\/www.manaus.am.gov.br\/seminf\/recuperacao-rede-de-drenagem-profunda-4\/#primaryimage"},"image":{"@id":"https:\/\/www.manaus.am.gov.br\/seminf\/recuperacao-rede-de-drenagem-profunda-4\/#primaryimage"},"thumbnailUrl":"https:\/\/www.manaus.am.gov.br\/seminf\/wp-content\/uploads\/sites\/6\/2025\/11\/IMG_2388.jpg","datePublished":"2025-11-10T19:39:10+00:00","dateModified":"2025-11-10T19:39:12+00:00","author":{"@id":"https:\/\/www.manaus.am.gov.br\/seminf\/#\/schema\/person\/466a0e03ae4b6062809046bd560ac955"},"description":"A Prefeitura de Manaus, atende, nesta segunda-feira, 10, a solicita\u00e7\u00e3o dos moradores da rua Coronel Manoel Corr\u00eaa, no bairro S\u00e3o Francisco.","inLanguage":"pt-BR","potentialAction":[{"@type":"ReadAction","target":["https:\/\/www.manaus.am.gov.br\/seminf\/recuperacao-rede-de-drenagem-profunda-4\/"]}]},{"@type":"ImageObject","inLanguage":"pt-BR","@id":"https:\/\/www.manaus.am.gov.br\/seminf\/recuperacao-rede-de-drenagem-profunda-4\/#primaryimage","url":"https:\/\/www.manaus.am.gov.br\/seminf\/wp-content\/uploads\/sites\/6\/2025\/11\/IMG_2388.jpg","contentUrl":"https:\/\/www.manaus.am.gov.br\/seminf\/wp-content\/uploads\/sites\/6\/2025\/11\/IMG_2388.jpg","width":3520,"height":1980,"caption":"#paratodosverem \u2013 Equipe da Seminf realizando recupera\u00e7\u00e3o de rede de drenagem em via"},{"@type":"WebSite","@id":"https:\/\/www.manaus.am.gov.br\/seminf\/#website","url":"https:\/\/www.manaus.am.gov.br\/seminf\/","name":"Secretaria de Infraestrutura","description":"Secretaria Municipal de Infraestrutura","potentialAction":[{"@type":"SearchAction","target":{"@type":"EntryPoint","urlTemplate":"https:\/\/www.manaus.am.gov.br\/seminf\/?s={search_term_string}"},"query-input":"required name=search_term_string"}],"inLanguage":"pt-BR"},{"@type":"Person","@id":"https:\/\/www.manaus.am.gov.br\/seminf\/#\/schema\/person\/466a0e03ae4b6062809046bd560ac955","name":"bvalente","image":{"@type":"ImageObject","inLanguage":"pt-BR","@id":"https:\/\/www.manaus.am.gov.br\/seminf\/#\/schema\/person\/image\/","url":"https:\/\/secure.gravatar.com\/avatar\/3e69bc2b014bdad41adfec3a39de07d2?s=96&d=mm&r=g","contentUrl":"https:\/\/secure.gravatar.com\/avatar\/3e69bc2b014bdad41adfec3a39de07d2?s=96&d=mm&r=g","caption":"bvalente"}}]}},"_links":{"self":[{"href":"https:\/\/www.manaus.am.gov.br\/seminf\/wp-json\/wp\/v2\/posts\/7588"}],"collection":[{"href":"https:\/\/www.manaus.am.gov.br\/seminf\/wp-json\/wp\/v2\/posts"}],"about":[{"href":"https:\/\/www.manaus.am.gov.br\/seminf\/wp-json\/wp\/v2\/types\/post"}],"author":[{"embeddable":true,"href":"https:\/\/www.manaus.am.gov.br\/seminf\/wp-json\/wp\/v2\/users\/68"}],"replies":[{"embeddable":true,"href":"https:\/\/www.manaus.am.gov.br\/seminf\/wp-json\/wp\/v2\/comments?post=7588"}],"version-history":[{"count":0,"href":"https:\/\/www.manaus.am.gov.br\/seminf\/wp-json\/wp\/v2\/posts\/7588\/revisions"}],"wp:featuredmedia":[{"embeddable":true,"href":"https:\/\/www.manaus.am.gov.br\/seminf\/wp-json\/wp\/v2\/media\/7589"}],"wp:attachment":[{"href":"https:\/\/www.manaus.am.gov.br\/seminf\/wp-json\/wp\/v2\/media?parent=7588"}],"wp:term":[{"taxonomy":"category","embeddable":true,"href":"https:\/\/www.manaus.am.gov.br\/seminf\/wp-json\/wp\/v2\/categories?post=7588"},{"taxonomy":"post_tag","embeddable":true,"href":"https:\/\/www.manaus.am.gov.br\/seminf\/wp-json\/wp\/v2\/tags?post=7588"}],"curies":[{"name":"wp","href":"https:\/\/api.w.org\/{rel}","templated":true}]}}