{"id":7575,"date":"2025-11-07T18:03:54","date_gmt":"2025-11-07T22:03:54","guid":{"rendered":"https:\/\/www.manaus.am.gov.br\/seminf\/via-do-bairro-jorge-teixeira-e-contemplada-com-as-obras-do-plano-de-verao-da-prefeitura\/"},"modified":"2025-11-07T18:04:40","modified_gmt":"2025-11-07T22:04:40","slug":"via-jorge-teixeira-plano-de-verao","status":"publish","type":"post","link":"https:\/\/www.manaus.am.gov.br\/seminf\/via-jorge-teixeira-plano-de-verao\/","title":{"rendered":"Via do bairro Jorge Teixeira \u00e9 contemplada com as obras do \u2018Plano de Ver\u00e3o\u2019 da prefeitura"},"content":{"rendered":"\n<p>A rua Alfazema, localizada no bairro Jorge Teixeira, zona Leste, recebeu, nesta sexta-feira, 7\/11, os servi\u00e7os do \u201cPlano de Ver\u00e3o\u201d, realizado pela Prefeitura de Manaus, por meio da Secretaria Municipal de Infraestrutura (Seminf). As equipes atuaram de forma coordenada, garantindo que cada etapa do trabalho fosse executada com qualidade.&nbsp;<\/p>\n\n\n\n<p>\u201cO \u2018Plano de Ver\u00e3o\u2019 \u00e9 marcado pelo dinamismo e pela efici\u00eancia das equipes da Secretaria de Obras, que executam os servi\u00e7os de forma simult\u00e2nea em diversas zonas da capital. Essa organiza\u00e7\u00e3o permite atender diferentes frentes de trabalho ao mesmo tempo, proporcionando resultados mais r\u00e1pidos para a popula\u00e7\u00e3o\u201d, afirma o vice-prefeito e secret\u00e1rio de Obras, Renato Junior.&nbsp;<\/p>\n\n\n\n<p>Na rua Alfazema, o servi\u00e7o foi planejado para garantir mais seguran\u00e7a e conforto aos moradores, al\u00e9m de melhorar a trafegabilidade da via. A atua\u00e7\u00e3o das equipes envolveu limpeza, imprima\u00e7\u00e3o e a recupera\u00e7\u00e3o da pavimenta\u00e7\u00e3o, com a meta de devolver \u00e0 comunidade uma via reestruturada.&nbsp;<\/p>\n\n\n\n<p>Com a execu\u00e7\u00e3o desses servi\u00e7os, a prefeitura busca assegurar benef\u00edcios diretos \u00e0 popula\u00e7\u00e3o, que passa a contar com ruas mais limpas, seguras e acess\u00edveis, o que impacta positivamente na rotina e na qualidade de vida de todos.<\/p>\n\n\n\n<p>Essas a\u00e7\u00f5es demonstram o comprometimento da administra\u00e7\u00e3o municipal em cuidar dos bairros de Manaus com aten\u00e7\u00e3o e planejamento.<\/p>\n\n\n\n<figure class=\"wp-block-image size-large\"><img loading=\"lazy\" decoding=\"async\" width=\"1024\" height=\"770\" src=\"https:\/\/www.manaus.am.gov.br\/seminf\/wp-content\/uploads\/sites\/6\/2025\/11\/i-1024x770.jpeg\" alt=\"\" class=\"wp-image-7577\" srcset=\"https:\/\/www.manaus.am.gov.br\/seminf\/wp-content\/uploads\/sites\/6\/2025\/11\/i-1024x770.jpeg 1024w, https:\/\/www.manaus.am.gov.br\/seminf\/wp-content\/uploads\/sites\/6\/2025\/11\/i-300x226.jpeg 300w, https:\/\/www.manaus.am.gov.br\/seminf\/wp-content\/uploads\/sites\/6\/2025\/11\/i-768x578.jpeg 768w, https:\/\/www.manaus.am.gov.br\/seminf\/wp-content\/uploads\/sites\/6\/2025\/11\/i.jpeg 1280w\" sizes=\"(max-width: 1024px) 100vw, 1024px\" \/><\/figure>\n\n\n\n<p>&#8212; &#8212; &#8212;<\/p>\n\n\n\n<p><strong>Texto&nbsp;<\/strong>&#8211; Rayana Coutinho\/Seminf&nbsp;<\/p>\n\n\n\n<p><strong>Fotos<\/strong> &#8211; Divulga\u00e7\u00e3o\/Seminf&nbsp;<\/p>\n","protected":false},"excerpt":{"rendered":"","protected":false},"author":39,"featured_media":7576,"comment_status":"closed","ping_status":"closed","sticky":false,"template":"","format":"standard","meta":{"footnotes":""},"categories":[6],"tags":[426,2324,43,1740,26],"acf":[],"yoast_head":"<!-- This site is optimized with the Yoast SEO plugin v23.0 - https:\/\/yoast.com\/wordpress\/plugins\/seo\/ -->\n<title>Via do Jorge Teixeira \u00e9 contemplada com o \u2018Plano de Ver\u00e3o\u2019<\/title>\n<meta name=\"description\" content=\"Via do bairro Jorge Teixeira \u00e9 contemplada com as obras do \u2018Plano de Ver\u00e3o\u2019 da Prefeitura de Manaus, por meio da Seminf.\" \/>\n<meta name=\"robots\" content=\"index, follow, max-snippet:-1, max-image-preview:large, max-video-preview:-1\" \/>\n<link rel=\"canonical\" href=\"https:\/\/www.manaus.am.gov.br\/seminf\/via-jorge-teixeira-plano-de-verao\/\" \/>\n<meta property=\"og:locale\" content=\"pt_BR\" \/>\n<meta property=\"og:type\" content=\"article\" \/>\n<meta property=\"og:title\" content=\"Via do Jorge Teixeira \u00e9 contemplada com o \u2018Plano de Ver\u00e3o\u2019\" \/>\n<meta property=\"og:description\" content=\"Via do bairro Jorge Teixeira \u00e9 contemplada com as obras do \u2018Plano de Ver\u00e3o\u2019 da Prefeitura de Manaus, por meio da Seminf.\" \/>\n<meta property=\"og:url\" content=\"https:\/\/www.manaus.am.gov.br\/seminf\/via-jorge-teixeira-plano-de-verao\/\" \/>\n<meta property=\"og:site_name\" content=\"SEMINF\" \/>\n<meta property=\"article:published_time\" content=\"2025-11-07T22:03:54+00:00\" \/>\n<meta property=\"article:modified_time\" content=\"2025-11-07T22:04:40+00:00\" \/>\n<meta property=\"og:image\" content=\"https:\/\/www.manaus.am.gov.br\/seminf\/wp-content\/uploads\/sites\/6\/2025\/11\/l.jpeg\" \/>\n\t<meta property=\"og:image:width\" content=\"1280\" \/>\n\t<meta property=\"og:image:height\" content=\"963\" \/>\n\t<meta property=\"og:image:type\" content=\"image\/jpeg\" \/>\n<meta name=\"author\" content=\"Bruna Greco\" \/>\n<meta name=\"twitter:card\" content=\"summary_large_image\" \/>\n<meta name=\"twitter:label1\" content=\"Written by\" \/>\n\t<meta name=\"twitter:data1\" content=\"Bruna Greco\" \/>\n\t<meta name=\"twitter:label2\" content=\"Est. reading time\" \/>\n\t<meta name=\"twitter:data2\" content=\"2 minutos\" \/>\n<script type=\"application\/ld+json\" class=\"yoast-schema-graph\">{\"@context\":\"https:\/\/schema.org\",\"@graph\":[{\"@type\":\"WebPage\",\"@id\":\"https:\/\/www.manaus.am.gov.br\/seminf\/via-jorge-teixeira-plano-de-verao\/\",\"url\":\"https:\/\/www.manaus.am.gov.br\/seminf\/via-jorge-teixeira-plano-de-verao\/\",\"name\":\"Via do Jorge Teixeira \u00e9 contemplada com o \u2018Plano de Ver\u00e3o\u2019\",\"isPartOf\":{\"@id\":\"https:\/\/www.manaus.am.gov.br\/seminf\/#website\"},\"primaryImageOfPage\":{\"@id\":\"https:\/\/www.manaus.am.gov.br\/seminf\/via-jorge-teixeira-plano-de-verao\/#primaryimage\"},\"image\":{\"@id\":\"https:\/\/www.manaus.am.gov.br\/seminf\/via-jorge-teixeira-plano-de-verao\/#primaryimage\"},\"thumbnailUrl\":\"https:\/\/www.manaus.am.gov.br\/seminf\/wp-content\/uploads\/sites\/6\/2025\/11\/l.jpeg\",\"datePublished\":\"2025-11-07T22:03:54+00:00\",\"dateModified\":\"2025-11-07T22:04:40+00:00\",\"author\":{\"@id\":\"https:\/\/www.manaus.am.gov.br\/seminf\/#\/schema\/person\/05d223aea2bf115f9883a6ff3683d81b\"},\"description\":\"Via do bairro Jorge Teixeira \u00e9 contemplada com as obras do \u2018Plano de Ver\u00e3o\u2019 da Prefeitura de Manaus, por meio da Seminf.\",\"inLanguage\":\"pt-BR\",\"potentialAction\":[{\"@type\":\"ReadAction\",\"target\":[\"https:\/\/www.manaus.am.gov.br\/seminf\/via-jorge-teixeira-plano-de-verao\/\"]}]},{\"@type\":\"ImageObject\",\"inLanguage\":\"pt-BR\",\"@id\":\"https:\/\/www.manaus.am.gov.br\/seminf\/via-jorge-teixeira-plano-de-verao\/#primaryimage\",\"url\":\"https:\/\/www.manaus.am.gov.br\/seminf\/wp-content\/uploads\/sites\/6\/2025\/11\/l.jpeg\",\"contentUrl\":\"https:\/\/www.manaus.am.gov.br\/seminf\/wp-content\/uploads\/sites\/6\/2025\/11\/l.jpeg\",\"width\":1280,\"height\":963,\"caption\":\"#paratodosverem - Equipe da Seminf realizando o servi\u00e7o de manuten\u00e7\u00e3o asf\u00e1ltica na rua Alfazema, no bairro Jorge Teixeira\"},{\"@type\":\"WebSite\",\"@id\":\"https:\/\/www.manaus.am.gov.br\/seminf\/#website\",\"url\":\"https:\/\/www.manaus.am.gov.br\/seminf\/\",\"name\":\"Secretaria de Infraestrutura\",\"description\":\"Secretaria Municipal de Infraestrutura\",\"potentialAction\":[{\"@type\":\"SearchAction\",\"target\":{\"@type\":\"EntryPoint\",\"urlTemplate\":\"https:\/\/www.manaus.am.gov.br\/seminf\/?s={search_term_string}\"},\"query-input\":\"required name=search_term_string\"}],\"inLanguage\":\"pt-BR\"},{\"@type\":\"Person\",\"@id\":\"https:\/\/www.manaus.am.gov.br\/seminf\/#\/schema\/person\/05d223aea2bf115f9883a6ff3683d81b\",\"name\":\"Bruna Greco\",\"image\":{\"@type\":\"ImageObject\",\"inLanguage\":\"pt-BR\",\"@id\":\"https:\/\/www.manaus.am.gov.br\/seminf\/#\/schema\/person\/image\/\",\"url\":\"https:\/\/secure.gravatar.com\/avatar\/9c877d1a6adc2a055330e5c09a8653ce?s=96&d=mm&r=g\",\"contentUrl\":\"https:\/\/secure.gravatar.com\/avatar\/9c877d1a6adc2a055330e5c09a8653ce?s=96&d=mm&r=g\",\"caption\":\"Bruna Greco\"}}]}<\/script>\n<!-- \/ Yoast SEO plugin. -->","yoast_head_json":{"title":"Via do Jorge Teixeira \u00e9 contemplada com o \u2018Plano de Ver\u00e3o\u2019","description":"Via do bairro Jorge Teixeira \u00e9 contemplada com as obras do \u2018Plano de Ver\u00e3o\u2019 da Prefeitura de Manaus, por meio da Seminf.","robots":{"index":"index","follow":"follow","max-snippet":"max-snippet:-1","max-image-preview":"max-image-preview:large","max-video-preview":"max-video-preview:-1"},"canonical":"https:\/\/www.manaus.am.gov.br\/seminf\/via-jorge-teixeira-plano-de-verao\/","og_locale":"pt_BR","og_type":"article","og_title":"Via do Jorge Teixeira \u00e9 contemplada com o \u2018Plano de Ver\u00e3o\u2019","og_description":"Via do bairro Jorge Teixeira \u00e9 contemplada com as obras do \u2018Plano de Ver\u00e3o\u2019 da Prefeitura de Manaus, por meio da Seminf.","og_url":"https:\/\/www.manaus.am.gov.br\/seminf\/via-jorge-teixeira-plano-de-verao\/","og_site_name":"SEMINF","article_published_time":"2025-11-07T22:03:54+00:00","article_modified_time":"2025-11-07T22:04:40+00:00","og_image":[{"width":1280,"height":963,"url":"https:\/\/www.manaus.am.gov.br\/seminf\/wp-content\/uploads\/sites\/6\/2025\/11\/l.jpeg","type":"image\/jpeg"}],"author":"Bruna Greco","twitter_card":"summary_large_image","twitter_misc":{"Written by":"Bruna Greco","Est. reading time":"2 minutos"},"schema":{"@context":"https:\/\/schema.org","@graph":[{"@type":"WebPage","@id":"https:\/\/www.manaus.am.gov.br\/seminf\/via-jorge-teixeira-plano-de-verao\/","url":"https:\/\/www.manaus.am.gov.br\/seminf\/via-jorge-teixeira-plano-de-verao\/","name":"Via do Jorge Teixeira \u00e9 contemplada com o \u2018Plano de Ver\u00e3o\u2019","isPartOf":{"@id":"https:\/\/www.manaus.am.gov.br\/seminf\/#website"},"primaryImageOfPage":{"@id":"https:\/\/www.manaus.am.gov.br\/seminf\/via-jorge-teixeira-plano-de-verao\/#primaryimage"},"image":{"@id":"https:\/\/www.manaus.am.gov.br\/seminf\/via-jorge-teixeira-plano-de-verao\/#primaryimage"},"thumbnailUrl":"https:\/\/www.manaus.am.gov.br\/seminf\/wp-content\/uploads\/sites\/6\/2025\/11\/l.jpeg","datePublished":"2025-11-07T22:03:54+00:00","dateModified":"2025-11-07T22:04:40+00:00","author":{"@id":"https:\/\/www.manaus.am.gov.br\/seminf\/#\/schema\/person\/05d223aea2bf115f9883a6ff3683d81b"},"description":"Via do bairro Jorge Teixeira \u00e9 contemplada com as obras do \u2018Plano de Ver\u00e3o\u2019 da Prefeitura de Manaus, por meio da Seminf.","inLanguage":"pt-BR","potentialAction":[{"@type":"ReadAction","target":["https:\/\/www.manaus.am.gov.br\/seminf\/via-jorge-teixeira-plano-de-verao\/"]}]},{"@type":"ImageObject","inLanguage":"pt-BR","@id":"https:\/\/www.manaus.am.gov.br\/seminf\/via-jorge-teixeira-plano-de-verao\/#primaryimage","url":"https:\/\/www.manaus.am.gov.br\/seminf\/wp-content\/uploads\/sites\/6\/2025\/11\/l.jpeg","contentUrl":"https:\/\/www.manaus.am.gov.br\/seminf\/wp-content\/uploads\/sites\/6\/2025\/11\/l.jpeg","width":1280,"height":963,"caption":"#paratodosverem - Equipe da Seminf realizando o servi\u00e7o de manuten\u00e7\u00e3o asf\u00e1ltica na rua Alfazema, no bairro Jorge Teixeira"},{"@type":"WebSite","@id":"https:\/\/www.manaus.am.gov.br\/seminf\/#website","url":"https:\/\/www.manaus.am.gov.br\/seminf\/","name":"Secretaria de Infraestrutura","description":"Secretaria Municipal de Infraestrutura","potentialAction":[{"@type":"SearchAction","target":{"@type":"EntryPoint","urlTemplate":"https:\/\/www.manaus.am.gov.br\/seminf\/?s={search_term_string}"},"query-input":"required name=search_term_string"}],"inLanguage":"pt-BR"},{"@type":"Person","@id":"https:\/\/www.manaus.am.gov.br\/seminf\/#\/schema\/person\/05d223aea2bf115f9883a6ff3683d81b","name":"Bruna Greco","image":{"@type":"ImageObject","inLanguage":"pt-BR","@id":"https:\/\/www.manaus.am.gov.br\/seminf\/#\/schema\/person\/image\/","url":"https:\/\/secure.gravatar.com\/avatar\/9c877d1a6adc2a055330e5c09a8653ce?s=96&d=mm&r=g","contentUrl":"https:\/\/secure.gravatar.com\/avatar\/9c877d1a6adc2a055330e5c09a8653ce?s=96&d=mm&r=g","caption":"Bruna Greco"}}]}},"_links":{"self":[{"href":"https:\/\/www.manaus.am.gov.br\/seminf\/wp-json\/wp\/v2\/posts\/7575"}],"collection":[{"href":"https:\/\/www.manaus.am.gov.br\/seminf\/wp-json\/wp\/v2\/posts"}],"about":[{"href":"https:\/\/www.manaus.am.gov.br\/seminf\/wp-json\/wp\/v2\/types\/post"}],"author":[{"embeddable":true,"href":"https:\/\/www.manaus.am.gov.br\/seminf\/wp-json\/wp\/v2\/users\/39"}],"replies":[{"embeddable":true,"href":"https:\/\/www.manaus.am.gov.br\/seminf\/wp-json\/wp\/v2\/comments?post=7575"}],"version-history":[{"count":3,"href":"https:\/\/www.manaus.am.gov.br\/seminf\/wp-json\/wp\/v2\/posts\/7575\/revisions"}],"predecessor-version":[{"id":7580,"href":"https:\/\/www.manaus.am.gov.br\/seminf\/wp-json\/wp\/v2\/posts\/7575\/revisions\/7580"}],"wp:featuredmedia":[{"embeddable":true,"href":"https:\/\/www.manaus.am.gov.br\/seminf\/wp-json\/wp\/v2\/media\/7576"}],"wp:attachment":[{"href":"https:\/\/www.manaus.am.gov.br\/seminf\/wp-json\/wp\/v2\/media?parent=7575"}],"wp:term":[{"taxonomy":"category","embeddable":true,"href":"https:\/\/www.manaus.am.gov.br\/seminf\/wp-json\/wp\/v2\/categories?post=7575"},{"taxonomy":"post_tag","embeddable":true,"href":"https:\/\/www.manaus.am.gov.br\/seminf\/wp-json\/wp\/v2\/tags?post=7575"}],"curies":[{"name":"wp","href":"https:\/\/api.w.org\/{rel}","templated":true}]}}